{"id":7081,"date":"2018-10-17T13:51:22","date_gmt":"2018-10-17T13:51:22","guid":{"rendered":"http:\/\/quehacerpolitico.mx\/carmen-aristegui-regreso-hoy-a-la-radio-despues-de-su-despido-por-difundir-la-casa-blanca-de-pena\/"},"modified":"2018-10-17T13:51:22","modified_gmt":"2018-10-17T13:51:22","slug":"carmen-aristegui-regreso-hoy-a-la-radio-despues-de-su-despido-por-difundir-la-casa-blanca-de-pena","status":"publish","type":"post","link":"https:\/\/quehacerpolitico.mx\/?p=7081","title":{"rendered":"Carmen Aristegui regres\u00f3 hoy a la radio, despu\u00e9s de su despido por difundir la \u201ccasa blanca\u201d de Pe\u00f1a"},"content":{"rendered":"<p>La <strong>periodista<\/strong> mexicana <strong>Carmen Aristegui<\/strong> regres\u00f3 esta ma\u00f1ana a la <strong>radio<\/strong>, luego de permanecer s\u00f3lo con plataformas propias en <strong>internet<\/strong> por su despido de <em>MVS Radio<\/em>.<\/p>\n<p>Aristegui puede ser escuchada en la CDMX en el 97.7 FM; en Guadalajara, en 107.5 FM y en Monterrey, en 104.5 FM.<\/p>\n<p>Aristegui, quien ha recibido innumerables premios en M\u00e9xico y en el extranjero, fue despedida despu\u00e9s de publicar un reportaje sobre la \u201ccasa blanca\u201d de Enrique Pe\u00f1a Nieto, una propiedad que el Presidente de M\u00e9xico y su esposa, Ang\u00e9lica Rivera, hab\u00edan adquirido de un constructor ampliamente beneficiado por sus gobiernos: Armando Hinojosa.<\/p>\n<p>Hinojosa es cercano a la familia Pe\u00f1a Nieto y ha sido, durante a\u00f1os, uno de los grandes beneficiarios de contratos de obra p\u00fablica desde que el mandatario del Partido Revolucionario Institucional (PRI) era Gobernador del Estado de M\u00e9xico.<\/p>\n<p>La historia de censura contra Carmen Aristegui empez\u00f3 cuando sus periodistas notaron una publicaci\u00f3n en \u00a1Hola!, en mayo de 2013. Aparec\u00eda Ang\u00e9lica Rivera, esposa del Presidente Pe\u00f1a, presumiendo una lujosa mansi\u00f3n.<\/p>\n<p>El equipo de Aristegui investig\u00f3 m\u00e1s. Result\u00f3 que la casa estaba entonces valuada en 7 millones de d\u00f3lares y que era de Hinojosa.<\/p>\n<p>Aristegui y su equipo fueron despedidos de <em>MVS Noticias<\/em>. \u201cEste pa\u00eds est\u00e1 viviendo un vendaval autoritario\u201d, dijo luego de su despido, en una conferencia a la que la acompa\u00f1aron activistas y periodistas afuera de <em>MVS<\/em>, en marzo de 2015.<\/p>\n<p>Aristegui denuncia que hasta la actualidad es v\u00edctima del acoso judicial de <em>MVS<\/em>. Pero a\u00fan as\u00ed ha alcanzado un acuerdo que le permite mayor difusi\u00f3n. Ella insiste, hasta hoy, que el Presidente Pe\u00f1a Nieto presion\u00f3 a la familia Vargas, due\u00f1a de MVS, para que la despidieran.<\/p>\n<p>El pasado 28 de septiembre, la periodista anunci\u00f3 su regreso a la radio comercial en M\u00e9xico, luego de tres a\u00f1os de ausencia, y lo har\u00e1 a trav\u00e9s de una alianza entre Aristegui Noticias y Grupo Radio Centro a partir del pr\u00f3ximo mi\u00e9rcoles 17 de octubre. El programa se transmitir\u00e1 de lunes a viernes, de 7:00 a 10:00 horas, en la frecuencia 97.7 fm para la Ciudad de M\u00e9xico y diversas partes de la Rep\u00fablica Mexicana.<\/p>\n<p>\u201cEsta alianza que damos es un paso m\u00e1s en contra de la censura, a favor de la libertad de expresi\u00f3n\u201d, coment\u00f3 la periodista en conferencia de prensa.<\/p>\n<p>Juan Aguirre, representante de Grupo Radio Centro, dijo que con la salida de Carmen se quedaron millones de personas sin informaci\u00f3n, por lo que ahora se emprender\u00e1 una conexi\u00f3n entre las instalaciones del portal con la empresa radiof\u00f3nica para arrancar con un espacio en donde \u201cest\u00e1n garantizados los m\u00e1rgenes de la libertad de expresi\u00f3n, ya que s\u00f3lo se tomar\u00e1 la se se\u00f1al de Aristegui Noticias\u201c.<\/p>\n","protected":false},"excerpt":{"rendered":"<p>Carmen Aristegui regres\u00f3 hoy a la radio, despu\u00e9s de su despido por difundir la \u201ccasa blanca\u201d de Pe\u00f1a<br \/>\nPor Redacci\u00f3n QP<\/p>\n","protected":false},"author":2,"featured_media":7080,"comment_status":"open","ping_status":"open","sticky":false,"template":"","format":"standard","meta":{"_monsterinsights_skip_tracking":false,"_monsterinsights_sitenote_active":false,"_monsterinsights_sitenote_note":"","_monsterinsights_sitenote_category":0,"footnotes":""},"categories":[2],"tags":[],"class_list":["post-7081","post","type-post","status-publish","format-standard","has-post-thumbnail","hentry","category-noticias"],"yoast_head":"<!-- This site is optimized with the Yoast SEO plugin v27.3 - https:\/\/yoast.com\/product\/yoast-seo-wordpress\/ -->\n<title>Carmen Aristegui regres\u00f3 hoy a la radio, despu\u00e9s de su despido por difundir la \u201ccasa blanca\u201d de Pe\u00f1a -<\/title>\n<meta name=\"robots\" content=\"index, follow, max-snippet:-1, max-image-preview:large, max-video-preview:-1\" \/>\n<link rel=\"canonical\" href=\"https:\/\/quehacerpolitico.mx\/?p=7081\" \/>\n<meta property=\"og:locale\" content=\"es_MX\" \/>\n<meta property=\"og:type\" content=\"article\" \/>\n<meta property=\"og:title\" content=\"Carmen Aristegui regres\u00f3 hoy a la radio, despu\u00e9s de su despido por difundir la \u201ccasa blanca\u201d de Pe\u00f1a -\" \/>\n<meta property=\"og:description\" content=\"Carmen Aristegui regres\u00f3 hoy a la radio, despu\u00e9s de su despido por difundir la \u201ccasa blanca\u201d de Pe\u00f1a Por Redacci\u00f3n QP\" \/>\n<meta property=\"og:url\" content=\"https:\/\/quehacerpolitico.mx\/?p=7081\" \/>\n<meta property=\"article:published_time\" content=\"2018-10-17T13:51:22+00:00\" \/>\n<meta name=\"author\" content=\"Redacci\u00f3n QP\" \/>\n<meta name=\"twitter:card\" content=\"summary_large_image\" \/>\n<meta name=\"twitter:label1\" content=\"Escrito por\" \/>\n\t<meta name=\"twitter:data1\" content=\"Redacci\u00f3n QP\" \/>\n\t<meta name=\"twitter:label2\" content=\"Tiempo de lectura\" \/>\n\t<meta name=\"twitter:data2\" content=\"2 minutos\" \/>\n<script type=\"application\/ld+json\" class=\"yoast-schema-graph\">{\"@context\":\"https:\\\/\\\/schema.org\",\"@graph\":[{\"@type\":\"Article\",\"@id\":\"https:\\\/\\\/quehacerpolitico.mx\\\/?p=7081#article\",\"isPartOf\":{\"@id\":\"https:\\\/\\\/quehacerpolitico.mx\\\/?p=7081\"},\"author\":{\"name\":\"Redacci\u00f3n QP\",\"@id\":\"https:\\\/\\\/quehacerpolitico.mx\\\/#\\\/schema\\\/person\\\/496d8ad2d1d3f8036101dca7ee39e585\"},\"headline\":\"Carmen Aristegui regres\u00f3 hoy a la radio, despu\u00e9s de su despido por difundir la \u201ccasa blanca\u201d de Pe\u00f1a\",\"datePublished\":\"2018-10-17T13:51:22+00:00\",\"mainEntityOfPage\":{\"@id\":\"https:\\\/\\\/quehacerpolitico.mx\\\/?p=7081\"},\"wordCount\":495,\"commentCount\":0,\"image\":{\"@id\":\"https:\\\/\\\/quehacerpolitico.mx\\\/?p=7081#primaryimage\"},\"thumbnailUrl\":\"\",\"articleSection\":[\"Noticias\"],\"inLanguage\":\"es\",\"potentialAction\":[{\"@type\":\"CommentAction\",\"name\":\"Comment\",\"target\":[\"https:\\\/\\\/quehacerpolitico.mx\\\/?p=7081#respond\"]}]},{\"@type\":\"WebPage\",\"@id\":\"https:\\\/\\\/quehacerpolitico.mx\\\/?p=7081\",\"url\":\"https:\\\/\\\/quehacerpolitico.mx\\\/?p=7081\",\"name\":\"Carmen Aristegui regres\u00f3 hoy a la radio, despu\u00e9s de su despido por difundir la \u201ccasa blanca\u201d de Pe\u00f1a -\",\"isPartOf\":{\"@id\":\"https:\\\/\\\/quehacerpolitico.mx\\\/#website\"},\"primaryImageOfPage\":{\"@id\":\"https:\\\/\\\/quehacerpolitico.mx\\\/?p=7081#primaryimage\"},\"image\":{\"@id\":\"https:\\\/\\\/quehacerpolitico.mx\\\/?p=7081#primaryimage\"},\"thumbnailUrl\":\"\",\"datePublished\":\"2018-10-17T13:51:22+00:00\",\"author\":{\"@id\":\"https:\\\/\\\/quehacerpolitico.mx\\\/#\\\/schema\\\/person\\\/496d8ad2d1d3f8036101dca7ee39e585\"},\"breadcrumb\":{\"@id\":\"https:\\\/\\\/quehacerpolitico.mx\\\/?p=7081#breadcrumb\"},\"inLanguage\":\"es\",\"potentialAction\":[{\"@type\":\"ReadAction\",\"target\":[\"https:\\\/\\\/quehacerpolitico.mx\\\/?p=7081\"]}]},{\"@type\":\"ImageObject\",\"inLanguage\":\"es\",\"@id\":\"https:\\\/\\\/quehacerpolitico.mx\\\/?p=7081#primaryimage\",\"url\":\"\",\"contentUrl\":\"\"},{\"@type\":\"BreadcrumbList\",\"@id\":\"https:\\\/\\\/quehacerpolitico.mx\\\/?p=7081#breadcrumb\",\"itemListElement\":[{\"@type\":\"ListItem\",\"position\":1,\"name\":\"Inicio\",\"item\":\"https:\\\/\\\/quehacerpolitico.mx\\\/\"},{\"@type\":\"ListItem\",\"position\":2,\"name\":\"Carmen Aristegui regres\u00f3 hoy a la radio, despu\u00e9s de su despido por difundir la \u201ccasa blanca\u201d de Pe\u00f1a\"}]},{\"@type\":\"WebSite\",\"@id\":\"https:\\\/\\\/quehacerpolitico.mx\\\/#website\",\"url\":\"https:\\\/\\\/quehacerpolitico.mx\\\/\",\"name\":\"\",\"description\":\"\",\"potentialAction\":[{\"@type\":\"SearchAction\",\"target\":{\"@type\":\"EntryPoint\",\"urlTemplate\":\"https:\\\/\\\/quehacerpolitico.mx\\\/?s={search_term_string}\"},\"query-input\":{\"@type\":\"PropertyValueSpecification\",\"valueRequired\":true,\"valueName\":\"search_term_string\"}}],\"inLanguage\":\"es\"},{\"@type\":\"Person\",\"@id\":\"https:\\\/\\\/quehacerpolitico.mx\\\/#\\\/schema\\\/person\\\/496d8ad2d1d3f8036101dca7ee39e585\",\"name\":\"Redacci\u00f3n QP\",\"image\":{\"@type\":\"ImageObject\",\"inLanguage\":\"es\",\"@id\":\"https:\\\/\\\/secure.gravatar.com\\\/avatar\\\/c7164ed6fdec453195284ad24a5ae5b6e1eed2b848477fa2a4787ba9adf39a41?s=96&d=mm&r=g\",\"url\":\"https:\\\/\\\/secure.gravatar.com\\\/avatar\\\/c7164ed6fdec453195284ad24a5ae5b6e1eed2b848477fa2a4787ba9adf39a41?s=96&d=mm&r=g\",\"contentUrl\":\"https:\\\/\\\/secure.gravatar.com\\\/avatar\\\/c7164ed6fdec453195284ad24a5ae5b6e1eed2b848477fa2a4787ba9adf39a41?s=96&d=mm&r=g\",\"caption\":\"Redacci\u00f3n QP\"},\"url\":\"https:\\\/\\\/quehacerpolitico.mx\\\/?author=2\"}]}<\/script>\n<!-- \/ Yoast SEO plugin. -->","yoast_head_json":{"title":"Carmen Aristegui regres\u00f3 hoy a la radio, despu\u00e9s de su despido por difundir la \u201ccasa blanca\u201d de Pe\u00f1a -","robots":{"index":"index","follow":"follow","max-snippet":"max-snippet:-1","max-image-preview":"max-image-preview:large","max-video-preview":"max-video-preview:-1"},"canonical":"https:\/\/quehacerpolitico.mx\/?p=7081","og_locale":"es_MX","og_type":"article","og_title":"Carmen Aristegui regres\u00f3 hoy a la radio, despu\u00e9s de su despido por difundir la \u201ccasa blanca\u201d de Pe\u00f1a -","og_description":"Carmen Aristegui regres\u00f3 hoy a la radio, despu\u00e9s de su despido por difundir la \u201ccasa blanca\u201d de Pe\u00f1a Por Redacci\u00f3n QP","og_url":"https:\/\/quehacerpolitico.mx\/?p=7081","article_published_time":"2018-10-17T13:51:22+00:00","author":"Redacci\u00f3n QP","twitter_card":"summary_large_image","twitter_misc":{"Escrito por":"Redacci\u00f3n QP","Tiempo de lectura":"2 minutos"},"schema":{"@context":"https:\/\/schema.org","@graph":[{"@type":"Article","@id":"https:\/\/quehacerpolitico.mx\/?p=7081#article","isPartOf":{"@id":"https:\/\/quehacerpolitico.mx\/?p=7081"},"author":{"name":"Redacci\u00f3n QP","@id":"https:\/\/quehacerpolitico.mx\/#\/schema\/person\/496d8ad2d1d3f8036101dca7ee39e585"},"headline":"Carmen Aristegui regres\u00f3 hoy a la radio, despu\u00e9s de su despido por difundir la \u201ccasa blanca\u201d de Pe\u00f1a","datePublished":"2018-10-17T13:51:22+00:00","mainEntityOfPage":{"@id":"https:\/\/quehacerpolitico.mx\/?p=7081"},"wordCount":495,"commentCount":0,"image":{"@id":"https:\/\/quehacerpolitico.mx\/?p=7081#primaryimage"},"thumbnailUrl":"","articleSection":["Noticias"],"inLanguage":"es","potentialAction":[{"@type":"CommentAction","name":"Comment","target":["https:\/\/quehacerpolitico.mx\/?p=7081#respond"]}]},{"@type":"WebPage","@id":"https:\/\/quehacerpolitico.mx\/?p=7081","url":"https:\/\/quehacerpolitico.mx\/?p=7081","name":"Carmen Aristegui regres\u00f3 hoy a la radio, despu\u00e9s de su despido por difundir la \u201ccasa blanca\u201d de Pe\u00f1a -","isPartOf":{"@id":"https:\/\/quehacerpolitico.mx\/#website"},"primaryImageOfPage":{"@id":"https:\/\/quehacerpolitico.mx\/?p=7081#primaryimage"},"image":{"@id":"https:\/\/quehacerpolitico.mx\/?p=7081#primaryimage"},"thumbnailUrl":"","datePublished":"2018-10-17T13:51:22+00:00","author":{"@id":"https:\/\/quehacerpolitico.mx\/#\/schema\/person\/496d8ad2d1d3f8036101dca7ee39e585"},"breadcrumb":{"@id":"https:\/\/quehacerpolitico.mx\/?p=7081#breadcrumb"},"inLanguage":"es","potentialAction":[{"@type":"ReadAction","target":["https:\/\/quehacerpolitico.mx\/?p=7081"]}]},{"@type":"ImageObject","inLanguage":"es","@id":"https:\/\/quehacerpolitico.mx\/?p=7081#primaryimage","url":"","contentUrl":""},{"@type":"BreadcrumbList","@id":"https:\/\/quehacerpolitico.mx\/?p=7081#breadcrumb","itemListElement":[{"@type":"ListItem","position":1,"name":"Inicio","item":"https:\/\/quehacerpolitico.mx\/"},{"@type":"ListItem","position":2,"name":"Carmen Aristegui regres\u00f3 hoy a la radio, despu\u00e9s de su despido por difundir la \u201ccasa blanca\u201d de Pe\u00f1a"}]},{"@type":"WebSite","@id":"https:\/\/quehacerpolitico.mx\/#website","url":"https:\/\/quehacerpolitico.mx\/","name":"","description":"","potentialAction":[{"@type":"SearchAction","target":{"@type":"EntryPoint","urlTemplate":"https:\/\/quehacerpolitico.mx\/?s={search_term_string}"},"query-input":{"@type":"PropertyValueSpecification","valueRequired":true,"valueName":"search_term_string"}}],"inLanguage":"es"},{"@type":"Person","@id":"https:\/\/quehacerpolitico.mx\/#\/schema\/person\/496d8ad2d1d3f8036101dca7ee39e585","name":"Redacci\u00f3n QP","image":{"@type":"ImageObject","inLanguage":"es","@id":"https:\/\/secure.gravatar.com\/avatar\/c7164ed6fdec453195284ad24a5ae5b6e1eed2b848477fa2a4787ba9adf39a41?s=96&d=mm&r=g","url":"https:\/\/secure.gravatar.com\/avatar\/c7164ed6fdec453195284ad24a5ae5b6e1eed2b848477fa2a4787ba9adf39a41?s=96&d=mm&r=g","contentUrl":"https:\/\/secure.gravatar.com\/avatar\/c7164ed6fdec453195284ad24a5ae5b6e1eed2b848477fa2a4787ba9adf39a41?s=96&d=mm&r=g","caption":"Redacci\u00f3n QP"},"url":"https:\/\/quehacerpolitico.mx\/?author=2"}]}},"featured_image_urls":{"full":"","thumbnail":"","medium":"","medium_large":"","large":"","1536x1536":"","2048x2048":"","covernews-featured":"","covernews-medium":""},"author_info":{"display_name":"Redacci\u00f3n QP","author_link":"https:\/\/quehacerpolitico.mx\/?author=2"},"category_info":"<a href=\"https:\/\/quehacerpolitico.mx\/?cat=2\" rel=\"category\">Noticias<\/a>","tag_info":"Noticias","comment_count":"0","_links":{"self":[{"href":"https:\/\/quehacerpolitico.mx\/index.php?rest_route=\/wp\/v2\/posts\/7081","targetHints":{"allow":["GET"]}}],"collection":[{"href":"https:\/\/quehacerpolitico.mx\/index.php?rest_route=\/wp\/v2\/posts"}],"about":[{"href":"https:\/\/quehacerpolitico.mx\/index.php?rest_route=\/wp\/v2\/types\/post"}],"author":[{"embeddable":true,"href":"https:\/\/quehacerpolitico.mx\/index.php?rest_route=\/wp\/v2\/users\/2"}],"replies":[{"embeddable":true,"href":"https:\/\/quehacerpolitico.mx\/index.php?rest_route=%2Fwp%2Fv2%2Fcomments&post=7081"}],"version-history":[{"count":0,"href":"https:\/\/quehacerpolitico.mx\/index.php?rest_route=\/wp\/v2\/posts\/7081\/revisions"}],"wp:featuredmedia":[{"embeddable":true,"href":"https:\/\/quehacerpolitico.mx\/index.php?rest_route=\/"}],"wp:attachment":[{"href":"https:\/\/quehacerpolitico.mx\/index.php?rest_route=%2Fwp%2Fv2%2Fmedia&parent=7081"}],"wp:term":[{"taxonomy":"category","embeddable":true,"href":"https:\/\/quehacerpolitico.mx\/index.php?rest_route=%2Fwp%2Fv2%2Fcategories&post=7081"},{"taxonomy":"post_tag","embeddable":true,"href":"https:\/\/quehacerpolitico.mx\/index.php?rest_route=%2Fwp%2Fv2%2Ftags&post=7081"}],"curies":[{"name":"wp","href":"https:\/\/api.w.org\/{rel}","templated":true}]}}