{"id":7079,"date":"2018-10-17T13:44:39","date_gmt":"2018-10-17T13:44:39","guid":{"rendered":"http:\/\/quehacerpolitico.mx\/reforma-pena-y-su-gabinete-buscan-el-amparo-de-la-scjn-para-no-ser-detenidos-por-el-caso-cesar-duarte\/"},"modified":"2018-10-17T13:44:39","modified_gmt":"2018-10-17T13:44:39","slug":"reforma-pena-y-su-gabinete-buscan-el-amparo-de-la-scjn-para-no-ser-detenidos-por-el-caso-cesar-duarte","status":"publish","type":"post","link":"https:\/\/quehacerpolitico.mx\/?p=7079","title":{"rendered":"Reforma: Pe\u00f1a y su gabinete buscan el amparo de la SCJN para no ser detenidos por el caso C\u00e9sar Duarte"},"content":{"rendered":"<p>El <strong>Presidente Enrique Pe\u00f1a Nieto<\/strong> y su Gabinete presentaron ante la Suprema Corte de Justicia de la naci\u00f3n (<strong>SCJN<\/strong>) un recurso para intentar blindarse ante las investigaciones del <strong>Gobierno de Chihuahua<\/strong>, encabezado por el Gobernador <strong>Javier Corral Jurado<\/strong>, en su contra.<\/p>\n<p>El peri\u00f3dico <em>Reforma<\/em> publica esta ma\u00f1ana que fue la Consejer\u00eda Jur\u00eddica de la Presidencia quien el pasado 11 de octubre present\u00f3 una controversia Constitucional para reclamar posibles \u00f3rdenes de aprehensi\u00f3n, arraigo, citatorios, averiguaciones o carpetas de investigaci\u00f3n abiertas contra funcionarios federales por parte de las autoridades de esa entidad.<\/p>\n<p>\u201cLa solicitud y emisi\u00f3n de \u00f3rdenes de aprehensi\u00f3n existentes o inminentes respecto de actuales o anteriores funcionarios p\u00fablicos federales, que se relacionen directa o indirectamente con el ejercicio de sus funciones\u201d, es uno de los actos reclamados, de acuerdo con <em>Reforma<\/em>.<\/p>\n<p>Se trata de la primera demanda que el Ejecutivo Federal presenta de este tipo, agrega el medio, y detalla que los actos reclamados se imputan al Gobernador Corral, a la Fiscal\u00eda General de Chihuahua y al Poder Judicial local.<\/p>\n<p>El pasado 28 de septiembre Corral Jurado, amenaz\u00f3 al Gobierno federal y al ex Secretario general del Partido Revolucionarios Institucional (PRI), Alejandro Guti\u00e9rrez, acusado por la Fiscal\u00eda de Chihuahua de peculado de 250 millones de pesos de recursos federales.<\/p>\n<p>El d\u00eda de ayer, Javier Corral expres\u00f3 su confianza porque el el Presidente electo Andr\u00e9s Manuel L\u00f3pez Obrador logre la extradici\u00f3n de C\u00e9sar Duarte y adelant\u00f3 que en diciembre, cuando AMLO haya iniciado funciones, presentar\u00e1 un paquete de denuncias en contra del ex Gobernador quien se encuentra pr\u00f3fugo.<\/p>\n<p>\u201c[AMLO] tendr\u00e1 toda la posibilidad de hacerlo [de extraditarlo]. Lo \u00fanico que requerimos es que cambie la actitud omisa, abiertamente protectora, por una en la que se aplique la ley. El Presidente electo ha dicho que habr\u00e1 Estado de Derecho, que se aplicar\u00e1 la ley, que nadie estar\u00e1 por encima de la ley ni fuera de ella\u201d, indic\u00f3 Corral Jurado.<\/p>\n<p>El pr\u00f3ximo s\u00e1bado, Andr\u00e9s Manuel L\u00f3pez Obrador visitar\u00e1 el estado de Chihuahua y mantendr\u00e1 una reuni\u00f3n con Javier Corral.<\/p>\n<p>El 21 de septiembre, la Secretar\u00eda de Relaciones Exteriores (SRE) ya notific\u00f3 a autoridades estadounidenses sobre 11 \u00f3rdenes de aprehensi\u00f3n contra C\u00e9sar Duarte J\u00e1quez, ex Gobernador de Chihuahua, con fines de extracci\u00f3n.<\/p>\n","protected":false},"excerpt":{"rendered":"<p>Reforma: Pe\u00f1a y su gabinete buscan el amparo de la SCJN para no ser detenidos por el caso C\u00e9sar Duarte<br \/>\nPor Redacci\u00f3n QP<\/p>\n","protected":false},"author":2,"featured_media":7078,"comment_status":"open","ping_status":"open","sticky":false,"template":"","format":"standard","meta":{"_monsterinsights_skip_tracking":false,"_monsterinsights_sitenote_active":false,"_monsterinsights_sitenote_note":"","_monsterinsights_sitenote_category":0,"footnotes":""},"categories":[2],"tags":[],"class_list":["post-7079","post","type-post","status-publish","format-standard","has-post-thumbnail","hentry","category-noticias"],"yoast_head":"<!-- This site is optimized with the Yoast SEO plugin v27.3 - https:\/\/yoast.com\/product\/yoast-seo-wordpress\/ -->\n<title>Reforma: Pe\u00f1a y su gabinete buscan el amparo de la SCJN para no ser detenidos por el caso C\u00e9sar Duarte -<\/title>\n<meta name=\"robots\" content=\"index, follow, max-snippet:-1, max-image-preview:large, max-video-preview:-1\" \/>\n<link rel=\"canonical\" href=\"https:\/\/quehacerpolitico.mx\/?p=7079\" \/>\n<meta property=\"og:locale\" content=\"es_MX\" \/>\n<meta property=\"og:type\" content=\"article\" \/>\n<meta property=\"og:title\" content=\"Reforma: Pe\u00f1a y su gabinete buscan el amparo de la SCJN para no ser detenidos por el caso C\u00e9sar Duarte -\" \/>\n<meta property=\"og:description\" content=\"Reforma: Pe\u00f1a y su gabinete buscan el amparo de la SCJN para no ser detenidos por el caso C\u00e9sar Duarte Por Redacci\u00f3n QP\" \/>\n<meta property=\"og:url\" content=\"https:\/\/quehacerpolitico.mx\/?p=7079\" \/>\n<meta property=\"article:published_time\" content=\"2018-10-17T13:44:39+00:00\" \/>\n<meta name=\"author\" content=\"Redacci\u00f3n QP\" \/>\n<meta name=\"twitter:card\" content=\"summary_large_image\" \/>\n<meta name=\"twitter:label1\" content=\"Escrito por\" \/>\n\t<meta name=\"twitter:data1\" content=\"Redacci\u00f3n QP\" \/>\n\t<meta name=\"twitter:label2\" content=\"Tiempo de lectura\" \/>\n\t<meta name=\"twitter:data2\" content=\"2 minutos\" \/>\n<script type=\"application\/ld+json\" class=\"yoast-schema-graph\">{\"@context\":\"https:\\\/\\\/schema.org\",\"@graph\":[{\"@type\":\"Article\",\"@id\":\"https:\\\/\\\/quehacerpolitico.mx\\\/?p=7079#article\",\"isPartOf\":{\"@id\":\"https:\\\/\\\/quehacerpolitico.mx\\\/?p=7079\"},\"author\":{\"name\":\"Redacci\u00f3n QP\",\"@id\":\"https:\\\/\\\/quehacerpolitico.mx\\\/#\\\/schema\\\/person\\\/496d8ad2d1d3f8036101dca7ee39e585\"},\"headline\":\"Reforma: Pe\u00f1a y su gabinete buscan el amparo de la SCJN para no ser detenidos por el caso C\u00e9sar Duarte\",\"datePublished\":\"2018-10-17T13:44:39+00:00\",\"mainEntityOfPage\":{\"@id\":\"https:\\\/\\\/quehacerpolitico.mx\\\/?p=7079\"},\"wordCount\":415,\"commentCount\":0,\"image\":{\"@id\":\"https:\\\/\\\/quehacerpolitico.mx\\\/?p=7079#primaryimage\"},\"thumbnailUrl\":\"\",\"articleSection\":[\"Noticias\"],\"inLanguage\":\"es\",\"potentialAction\":[{\"@type\":\"CommentAction\",\"name\":\"Comment\",\"target\":[\"https:\\\/\\\/quehacerpolitico.mx\\\/?p=7079#respond\"]}]},{\"@type\":\"WebPage\",\"@id\":\"https:\\\/\\\/quehacerpolitico.mx\\\/?p=7079\",\"url\":\"https:\\\/\\\/quehacerpolitico.mx\\\/?p=7079\",\"name\":\"Reforma: Pe\u00f1a y su gabinete buscan el amparo de la SCJN para no ser detenidos por el caso C\u00e9sar Duarte -\",\"isPartOf\":{\"@id\":\"https:\\\/\\\/quehacerpolitico.mx\\\/#website\"},\"primaryImageOfPage\":{\"@id\":\"https:\\\/\\\/quehacerpolitico.mx\\\/?p=7079#primaryimage\"},\"image\":{\"@id\":\"https:\\\/\\\/quehacerpolitico.mx\\\/?p=7079#primaryimage\"},\"thumbnailUrl\":\"\",\"datePublished\":\"2018-10-17T13:44:39+00:00\",\"author\":{\"@id\":\"https:\\\/\\\/quehacerpolitico.mx\\\/#\\\/schema\\\/person\\\/496d8ad2d1d3f8036101dca7ee39e585\"},\"breadcrumb\":{\"@id\":\"https:\\\/\\\/quehacerpolitico.mx\\\/?p=7079#breadcrumb\"},\"inLanguage\":\"es\",\"potentialAction\":[{\"@type\":\"ReadAction\",\"target\":[\"https:\\\/\\\/quehacerpolitico.mx\\\/?p=7079\"]}]},{\"@type\":\"ImageObject\",\"inLanguage\":\"es\",\"@id\":\"https:\\\/\\\/quehacerpolitico.mx\\\/?p=7079#primaryimage\",\"url\":\"\",\"contentUrl\":\"\"},{\"@type\":\"BreadcrumbList\",\"@id\":\"https:\\\/\\\/quehacerpolitico.mx\\\/?p=7079#breadcrumb\",\"itemListElement\":[{\"@type\":\"ListItem\",\"position\":1,\"name\":\"Inicio\",\"item\":\"https:\\\/\\\/quehacerpolitico.mx\\\/\"},{\"@type\":\"ListItem\",\"position\":2,\"name\":\"Reforma: Pe\u00f1a y su gabinete buscan el amparo de la SCJN para no ser detenidos por el caso C\u00e9sar Duarte\"}]},{\"@type\":\"WebSite\",\"@id\":\"https:\\\/\\\/quehacerpolitico.mx\\\/#website\",\"url\":\"https:\\\/\\\/quehacerpolitico.mx\\\/\",\"name\":\"\",\"description\":\"\",\"potentialAction\":[{\"@type\":\"SearchAction\",\"target\":{\"@type\":\"EntryPoint\",\"urlTemplate\":\"https:\\\/\\\/quehacerpolitico.mx\\\/?s={search_term_string}\"},\"query-input\":{\"@type\":\"PropertyValueSpecification\",\"valueRequired\":true,\"valueName\":\"search_term_string\"}}],\"inLanguage\":\"es\"},{\"@type\":\"Person\",\"@id\":\"https:\\\/\\\/quehacerpolitico.mx\\\/#\\\/schema\\\/person\\\/496d8ad2d1d3f8036101dca7ee39e585\",\"name\":\"Redacci\u00f3n QP\",\"image\":{\"@type\":\"ImageObject\",\"inLanguage\":\"es\",\"@id\":\"https:\\\/\\\/secure.gravatar.com\\\/avatar\\\/c7164ed6fdec453195284ad24a5ae5b6e1eed2b848477fa2a4787ba9adf39a41?s=96&d=mm&r=g\",\"url\":\"https:\\\/\\\/secure.gravatar.com\\\/avatar\\\/c7164ed6fdec453195284ad24a5ae5b6e1eed2b848477fa2a4787ba9adf39a41?s=96&d=mm&r=g\",\"contentUrl\":\"https:\\\/\\\/secure.gravatar.com\\\/avatar\\\/c7164ed6fdec453195284ad24a5ae5b6e1eed2b848477fa2a4787ba9adf39a41?s=96&d=mm&r=g\",\"caption\":\"Redacci\u00f3n QP\"},\"url\":\"https:\\\/\\\/quehacerpolitico.mx\\\/?author=2\"}]}<\/script>\n<!-- \/ Yoast SEO plugin. -->","yoast_head_json":{"title":"Reforma: Pe\u00f1a y su gabinete buscan el amparo de la SCJN para no ser detenidos por el caso C\u00e9sar Duarte -","robots":{"index":"index","follow":"follow","max-snippet":"max-snippet:-1","max-image-preview":"max-image-preview:large","max-video-preview":"max-video-preview:-1"},"canonical":"https:\/\/quehacerpolitico.mx\/?p=7079","og_locale":"es_MX","og_type":"article","og_title":"Reforma: Pe\u00f1a y su gabinete buscan el amparo de la SCJN para no ser detenidos por el caso C\u00e9sar Duarte -","og_description":"Reforma: Pe\u00f1a y su gabinete buscan el amparo de la SCJN para no ser detenidos por el caso C\u00e9sar Duarte Por Redacci\u00f3n QP","og_url":"https:\/\/quehacerpolitico.mx\/?p=7079","article_published_time":"2018-10-17T13:44:39+00:00","author":"Redacci\u00f3n QP","twitter_card":"summary_large_image","twitter_misc":{"Escrito por":"Redacci\u00f3n QP","Tiempo de lectura":"2 minutos"},"schema":{"@context":"https:\/\/schema.org","@graph":[{"@type":"Article","@id":"https:\/\/quehacerpolitico.mx\/?p=7079#article","isPartOf":{"@id":"https:\/\/quehacerpolitico.mx\/?p=7079"},"author":{"name":"Redacci\u00f3n QP","@id":"https:\/\/quehacerpolitico.mx\/#\/schema\/person\/496d8ad2d1d3f8036101dca7ee39e585"},"headline":"Reforma: Pe\u00f1a y su gabinete buscan el amparo de la SCJN para no ser detenidos por el caso C\u00e9sar Duarte","datePublished":"2018-10-17T13:44:39+00:00","mainEntityOfPage":{"@id":"https:\/\/quehacerpolitico.mx\/?p=7079"},"wordCount":415,"commentCount":0,"image":{"@id":"https:\/\/quehacerpolitico.mx\/?p=7079#primaryimage"},"thumbnailUrl":"","articleSection":["Noticias"],"inLanguage":"es","potentialAction":[{"@type":"CommentAction","name":"Comment","target":["https:\/\/quehacerpolitico.mx\/?p=7079#respond"]}]},{"@type":"WebPage","@id":"https:\/\/quehacerpolitico.mx\/?p=7079","url":"https:\/\/quehacerpolitico.mx\/?p=7079","name":"Reforma: Pe\u00f1a y su gabinete buscan el amparo de la SCJN para no ser detenidos por el caso C\u00e9sar Duarte -","isPartOf":{"@id":"https:\/\/quehacerpolitico.mx\/#website"},"primaryImageOfPage":{"@id":"https:\/\/quehacerpolitico.mx\/?p=7079#primaryimage"},"image":{"@id":"https:\/\/quehacerpolitico.mx\/?p=7079#primaryimage"},"thumbnailUrl":"","datePublished":"2018-10-17T13:44:39+00:00","author":{"@id":"https:\/\/quehacerpolitico.mx\/#\/schema\/person\/496d8ad2d1d3f8036101dca7ee39e585"},"breadcrumb":{"@id":"https:\/\/quehacerpolitico.mx\/?p=7079#breadcrumb"},"inLanguage":"es","potentialAction":[{"@type":"ReadAction","target":["https:\/\/quehacerpolitico.mx\/?p=7079"]}]},{"@type":"ImageObject","inLanguage":"es","@id":"https:\/\/quehacerpolitico.mx\/?p=7079#primaryimage","url":"","contentUrl":""},{"@type":"BreadcrumbList","@id":"https:\/\/quehacerpolitico.mx\/?p=7079#breadcrumb","itemListElement":[{"@type":"ListItem","position":1,"name":"Inicio","item":"https:\/\/quehacerpolitico.mx\/"},{"@type":"ListItem","position":2,"name":"Reforma: Pe\u00f1a y su gabinete buscan el amparo de la SCJN para no ser detenidos por el caso C\u00e9sar Duarte"}]},{"@type":"WebSite","@id":"https:\/\/quehacerpolitico.mx\/#website","url":"https:\/\/quehacerpolitico.mx\/","name":"","description":"","potentialAction":[{"@type":"SearchAction","target":{"@type":"EntryPoint","urlTemplate":"https:\/\/quehacerpolitico.mx\/?s={search_term_string}"},"query-input":{"@type":"PropertyValueSpecification","valueRequired":true,"valueName":"search_term_string"}}],"inLanguage":"es"},{"@type":"Person","@id":"https:\/\/quehacerpolitico.mx\/#\/schema\/person\/496d8ad2d1d3f8036101dca7ee39e585","name":"Redacci\u00f3n QP","image":{"@type":"ImageObject","inLanguage":"es","@id":"https:\/\/secure.gravatar.com\/avatar\/c7164ed6fdec453195284ad24a5ae5b6e1eed2b848477fa2a4787ba9adf39a41?s=96&d=mm&r=g","url":"https:\/\/secure.gravatar.com\/avatar\/c7164ed6fdec453195284ad24a5ae5b6e1eed2b848477fa2a4787ba9adf39a41?s=96&d=mm&r=g","contentUrl":"https:\/\/secure.gravatar.com\/avatar\/c7164ed6fdec453195284ad24a5ae5b6e1eed2b848477fa2a4787ba9adf39a41?s=96&d=mm&r=g","caption":"Redacci\u00f3n QP"},"url":"https:\/\/quehacerpolitico.mx\/?author=2"}]}},"featured_image_urls":{"full":"","thumbnail":"","medium":"","medium_large":"","large":"","1536x1536":"","2048x2048":"","covernews-featured":"","covernews-medium":""},"author_info":{"display_name":"Redacci\u00f3n QP","author_link":"https:\/\/quehacerpolitico.mx\/?author=2"},"category_info":"<a href=\"https:\/\/quehacerpolitico.mx\/?cat=2\" rel=\"category\">Noticias<\/a>","tag_info":"Noticias","comment_count":"0","_links":{"self":[{"href":"https:\/\/quehacerpolitico.mx\/index.php?rest_route=\/wp\/v2\/posts\/7079","targetHints":{"allow":["GET"]}}],"collection":[{"href":"https:\/\/quehacerpolitico.mx\/index.php?rest_route=\/wp\/v2\/posts"}],"about":[{"href":"https:\/\/quehacerpolitico.mx\/index.php?rest_route=\/wp\/v2\/types\/post"}],"author":[{"embeddable":true,"href":"https:\/\/quehacerpolitico.mx\/index.php?rest_route=\/wp\/v2\/users\/2"}],"replies":[{"embeddable":true,"href":"https:\/\/quehacerpolitico.mx\/index.php?rest_route=%2Fwp%2Fv2%2Fcomments&post=7079"}],"version-history":[{"count":0,"href":"https:\/\/quehacerpolitico.mx\/index.php?rest_route=\/wp\/v2\/posts\/7079\/revisions"}],"wp:featuredmedia":[{"embeddable":true,"href":"https:\/\/quehacerpolitico.mx\/index.php?rest_route=\/"}],"wp:attachment":[{"href":"https:\/\/quehacerpolitico.mx\/index.php?rest_route=%2Fwp%2Fv2%2Fmedia&parent=7079"}],"wp:term":[{"taxonomy":"category","embeddable":true,"href":"https:\/\/quehacerpolitico.mx\/index.php?rest_route=%2Fwp%2Fv2%2Fcategories&post=7079"},{"taxonomy":"post_tag","embeddable":true,"href":"https:\/\/quehacerpolitico.mx\/index.php?rest_route=%2Fwp%2Fv2%2Ftags&post=7079"}],"curies":[{"name":"wp","href":"https:\/\/api.w.org\/{rel}","templated":true}]}}