{"id":7077,"date":"2018-10-17T13:38:37","date_gmt":"2018-10-17T13:38:37","guid":{"rendered":"http:\/\/quehacerpolitico.mx\/eu-pide-a-mexico-la-extradicion-de-el-piolin-lider-de-cartel-jalisco-nueva-generacion\/"},"modified":"2018-10-17T13:38:37","modified_gmt":"2018-10-17T13:38:37","slug":"eu-pide-a-mexico-la-extradicion-de-el-piolin-lider-de-cartel-jalisco-nueva-generacion","status":"publish","type":"post","link":"https:\/\/quehacerpolitico.mx\/?p=7077","title":{"rendered":"EU pide a M\u00e9xico la extradici\u00f3n de \u201cEl Piol\u00edn\u201d, l\u00edder de Cartel Jalisco Nueva Generaci\u00f3n"},"content":{"rendered":"<p>El <strong>Gobierno de Estados Unidos<\/strong> solicit\u00f3 formalmente la<strong> extradici\u00f3n<\/strong> del mexicano <strong>Juan P\u00e9rez Vargas \u201cEl Piol\u00edn\u201d,<\/strong> antiguo <strong>l\u00edder del Cartel Jalisco Nueva Generaci\u00f3n<\/strong>(<strong>CJNG<\/strong>), anunci\u00f3 hoy la fiscal\u00eda federal del distrito sur de California.<\/p>\n<p>Un gran jurado present\u00f3 cargos en enero de 2017 en contra de <strong>\u201cEl Piol\u00edn\u201d<\/strong>, de 37 a\u00f1os, por los delitos de conspiraci\u00f3n para distribuir e <strong>importar sustancias controladas<\/strong>, por los que podr\u00eda alcanzar una sentencia que va desde los diez a\u00f1os en prisi\u00f3n hasta la cadena perpetua.<\/p>\n<p>Posteriormente, <strong>P\u00e9rez Vargas fue detenido<\/strong>por autoridades mexicanas en Guadalajara (Jalisco) el 20 de septiembre de 2017 en respuesta a las acusaciones hechas en <strong>Estados Unidos<\/strong>, que ahora han pedido su traslado a la corte federal de San Diego, California.<\/p>\n<p>\u201cCon el anuncio de hoy, el fiscal general (Jeff Sessions) ha dejado en claro el enfoque del Departamento (de Justicia) para desmantelar organizaciones criminales transnacionales\u201d, se\u00f1al\u00f3 el fiscal de distrito, Adam Braverman.<\/p>\n<p>\u201cEsta acusaci\u00f3n demuestra de nuevo que el distrito sur de California tomar\u00e1 la iniciativa de atacar implacablemente y llevar a justicia a los c<strong>apos de droga<\/strong> m\u00e1s importantes sin importar en d\u00f3nde operen\u201d, agreg\u00f3 el funcionario.<\/p>\n<p>Karen Flowers, agente especial de la Agencia Federal Antidrogas (<strong>DEA<\/strong>) en San Diego, a\u00f1adi\u00f3 que tienen en la \u201cmira\u201d al <strong>CJNG<\/strong> y que los<strong> traficantes de droga<\/strong> \u201cpagar\u00e1n muy alto por sus delitos\u201d.<\/p>\n<p>El Departamento de Justicia considera que dicha agrupaci\u00f3n forma parte de las cinco m\u00e1s peligrosas a nivel internacional, debido a su incidencia en el tr\u00e1fico de toneladas de <strong>coca\u00edna, metanfetaminas y fentanilo<\/strong> hacia Estados Unidos.<\/p>\n<p>La <strong>DEA<\/strong> estima que dicho cartel ejerce influencia en 23 de los 31 estados de M\u00e9xico, incluyendo los principales corredores para el tr\u00e1fico de narc\u00f3ticos y les responsabiliza adem\u00e1s de la violencia que ha cobrado numerosas vidas en el pa\u00eds.<\/p>\n<blockquote>\n<p>\u201c<strong>El cartel<\/strong> se ha expandido a nivel global, con una presencia significativa y negocios il\u00edcitos no solo en Estados Unidos y M\u00e9xico, sino tambi\u00e9n en Europa, Asia y Australia\u201d, resalt\u00f3 la fiscal\u00eda.<\/p>\n<\/blockquote>\n<p>El anuncio de los cargos criminales en contra del que fuera l\u00edder del <strong>CJNG<\/strong> marca el final de la primera etapa de una investigaci\u00f3n que se extendi\u00f3 por a\u00f1os, en la que tambi\u00e9n se logr\u00f3 detener a l\u00edderes y asociados vinculados a las organizaciones delictivas de Rafael Caro Quintero y los Beltr\u00e1n Leyva, precisaron autoridades estadounidenses.<\/p>\n<p>Con Informaci\u00f3n de EFE<\/p>\n","protected":false},"excerpt":{"rendered":"<p>EU pide a M\u00e9xico la extradici\u00f3n de \u201cEl Piol\u00edn\u201d, l\u00edder de Cartel Jalisco Nueva Generaci\u00f3n<br \/>\nPor Redacci\u00f3n QP<\/p>\n","protected":false},"author":2,"featured_media":7076,"comment_status":"open","ping_status":"open","sticky":false,"template":"","format":"standard","meta":{"_monsterinsights_skip_tracking":false,"_monsterinsights_sitenote_active":false,"_monsterinsights_sitenote_note":"","_monsterinsights_sitenote_category":0,"footnotes":""},"categories":[2],"tags":[],"class_list":["post-7077","post","type-post","status-publish","format-standard","has-post-thumbnail","hentry","category-noticias"],"yoast_head":"<!-- This site is optimized with the Yoast SEO plugin v27.3 - https:\/\/yoast.com\/product\/yoast-seo-wordpress\/ -->\n<title>EU pide a M\u00e9xico la extradici\u00f3n de \u201cEl Piol\u00edn\u201d, l\u00edder de Cartel Jalisco Nueva Generaci\u00f3n -<\/title>\n<meta name=\"robots\" content=\"index, follow, max-snippet:-1, max-image-preview:large, max-video-preview:-1\" \/>\n<link rel=\"canonical\" href=\"https:\/\/quehacerpolitico.mx\/?p=7077\" \/>\n<meta property=\"og:locale\" content=\"es_MX\" \/>\n<meta property=\"og:type\" content=\"article\" \/>\n<meta property=\"og:title\" content=\"EU pide a M\u00e9xico la extradici\u00f3n de \u201cEl Piol\u00edn\u201d, l\u00edder de Cartel Jalisco Nueva Generaci\u00f3n -\" \/>\n<meta property=\"og:description\" content=\"EU pide a M\u00e9xico la extradici\u00f3n de \u201cEl Piol\u00edn\u201d, l\u00edder de Cartel Jalisco Nueva Generaci\u00f3n Por Redacci\u00f3n QP\" \/>\n<meta property=\"og:url\" content=\"https:\/\/quehacerpolitico.mx\/?p=7077\" \/>\n<meta property=\"article:published_time\" content=\"2018-10-17T13:38:37+00:00\" \/>\n<meta name=\"author\" content=\"Redacci\u00f3n QP\" \/>\n<meta name=\"twitter:card\" content=\"summary_large_image\" \/>\n<meta name=\"twitter:label1\" content=\"Escrito por\" \/>\n\t<meta name=\"twitter:data1\" content=\"Redacci\u00f3n QP\" \/>\n\t<meta name=\"twitter:label2\" content=\"Tiempo de lectura\" \/>\n\t<meta name=\"twitter:data2\" content=\"2 minutos\" \/>\n<script type=\"application\/ld+json\" class=\"yoast-schema-graph\">{\"@context\":\"https:\\\/\\\/schema.org\",\"@graph\":[{\"@type\":\"Article\",\"@id\":\"https:\\\/\\\/quehacerpolitico.mx\\\/?p=7077#article\",\"isPartOf\":{\"@id\":\"https:\\\/\\\/quehacerpolitico.mx\\\/?p=7077\"},\"author\":{\"name\":\"Redacci\u00f3n QP\",\"@id\":\"https:\\\/\\\/quehacerpolitico.mx\\\/#\\\/schema\\\/person\\\/496d8ad2d1d3f8036101dca7ee39e585\"},\"headline\":\"EU pide a M\u00e9xico la extradici\u00f3n de \u201cEl Piol\u00edn\u201d, l\u00edder de Cartel Jalisco Nueva Generaci\u00f3n\",\"datePublished\":\"2018-10-17T13:38:37+00:00\",\"mainEntityOfPage\":{\"@id\":\"https:\\\/\\\/quehacerpolitico.mx\\\/?p=7077\"},\"wordCount\":441,\"commentCount\":0,\"image\":{\"@id\":\"https:\\\/\\\/quehacerpolitico.mx\\\/?p=7077#primaryimage\"},\"thumbnailUrl\":\"\",\"articleSection\":[\"Noticias\"],\"inLanguage\":\"es\",\"potentialAction\":[{\"@type\":\"CommentAction\",\"name\":\"Comment\",\"target\":[\"https:\\\/\\\/quehacerpolitico.mx\\\/?p=7077#respond\"]}]},{\"@type\":\"WebPage\",\"@id\":\"https:\\\/\\\/quehacerpolitico.mx\\\/?p=7077\",\"url\":\"https:\\\/\\\/quehacerpolitico.mx\\\/?p=7077\",\"name\":\"EU pide a M\u00e9xico la extradici\u00f3n de \u201cEl Piol\u00edn\u201d, l\u00edder de Cartel Jalisco Nueva Generaci\u00f3n -\",\"isPartOf\":{\"@id\":\"https:\\\/\\\/quehacerpolitico.mx\\\/#website\"},\"primaryImageOfPage\":{\"@id\":\"https:\\\/\\\/quehacerpolitico.mx\\\/?p=7077#primaryimage\"},\"image\":{\"@id\":\"https:\\\/\\\/quehacerpolitico.mx\\\/?p=7077#primaryimage\"},\"thumbnailUrl\":\"\",\"datePublished\":\"2018-10-17T13:38:37+00:00\",\"author\":{\"@id\":\"https:\\\/\\\/quehacerpolitico.mx\\\/#\\\/schema\\\/person\\\/496d8ad2d1d3f8036101dca7ee39e585\"},\"breadcrumb\":{\"@id\":\"https:\\\/\\\/quehacerpolitico.mx\\\/?p=7077#breadcrumb\"},\"inLanguage\":\"es\",\"potentialAction\":[{\"@type\":\"ReadAction\",\"target\":[\"https:\\\/\\\/quehacerpolitico.mx\\\/?p=7077\"]}]},{\"@type\":\"ImageObject\",\"inLanguage\":\"es\",\"@id\":\"https:\\\/\\\/quehacerpolitico.mx\\\/?p=7077#primaryimage\",\"url\":\"\",\"contentUrl\":\"\"},{\"@type\":\"BreadcrumbList\",\"@id\":\"https:\\\/\\\/quehacerpolitico.mx\\\/?p=7077#breadcrumb\",\"itemListElement\":[{\"@type\":\"ListItem\",\"position\":1,\"name\":\"Inicio\",\"item\":\"https:\\\/\\\/quehacerpolitico.mx\\\/\"},{\"@type\":\"ListItem\",\"position\":2,\"name\":\"EU pide a M\u00e9xico la extradici\u00f3n de \u201cEl Piol\u00edn\u201d, l\u00edder de Cartel Jalisco Nueva Generaci\u00f3n\"}]},{\"@type\":\"WebSite\",\"@id\":\"https:\\\/\\\/quehacerpolitico.mx\\\/#website\",\"url\":\"https:\\\/\\\/quehacerpolitico.mx\\\/\",\"name\":\"\",\"description\":\"\",\"potentialAction\":[{\"@type\":\"SearchAction\",\"target\":{\"@type\":\"EntryPoint\",\"urlTemplate\":\"https:\\\/\\\/quehacerpolitico.mx\\\/?s={search_term_string}\"},\"query-input\":{\"@type\":\"PropertyValueSpecification\",\"valueRequired\":true,\"valueName\":\"search_term_string\"}}],\"inLanguage\":\"es\"},{\"@type\":\"Person\",\"@id\":\"https:\\\/\\\/quehacerpolitico.mx\\\/#\\\/schema\\\/person\\\/496d8ad2d1d3f8036101dca7ee39e585\",\"name\":\"Redacci\u00f3n QP\",\"image\":{\"@type\":\"ImageObject\",\"inLanguage\":\"es\",\"@id\":\"https:\\\/\\\/secure.gravatar.com\\\/avatar\\\/c7164ed6fdec453195284ad24a5ae5b6e1eed2b848477fa2a4787ba9adf39a41?s=96&d=mm&r=g\",\"url\":\"https:\\\/\\\/secure.gravatar.com\\\/avatar\\\/c7164ed6fdec453195284ad24a5ae5b6e1eed2b848477fa2a4787ba9adf39a41?s=96&d=mm&r=g\",\"contentUrl\":\"https:\\\/\\\/secure.gravatar.com\\\/avatar\\\/c7164ed6fdec453195284ad24a5ae5b6e1eed2b848477fa2a4787ba9adf39a41?s=96&d=mm&r=g\",\"caption\":\"Redacci\u00f3n QP\"},\"url\":\"https:\\\/\\\/quehacerpolitico.mx\\\/?author=2\"}]}<\/script>\n<!-- \/ Yoast SEO plugin. -->","yoast_head_json":{"title":"EU pide a M\u00e9xico la extradici\u00f3n de \u201cEl Piol\u00edn\u201d, l\u00edder de Cartel Jalisco Nueva Generaci\u00f3n -","robots":{"index":"index","follow":"follow","max-snippet":"max-snippet:-1","max-image-preview":"max-image-preview:large","max-video-preview":"max-video-preview:-1"},"canonical":"https:\/\/quehacerpolitico.mx\/?p=7077","og_locale":"es_MX","og_type":"article","og_title":"EU pide a M\u00e9xico la extradici\u00f3n de \u201cEl Piol\u00edn\u201d, l\u00edder de Cartel Jalisco Nueva Generaci\u00f3n -","og_description":"EU pide a M\u00e9xico la extradici\u00f3n de \u201cEl Piol\u00edn\u201d, l\u00edder de Cartel Jalisco Nueva Generaci\u00f3n Por Redacci\u00f3n QP","og_url":"https:\/\/quehacerpolitico.mx\/?p=7077","article_published_time":"2018-10-17T13:38:37+00:00","author":"Redacci\u00f3n QP","twitter_card":"summary_large_image","twitter_misc":{"Escrito por":"Redacci\u00f3n QP","Tiempo de lectura":"2 minutos"},"schema":{"@context":"https:\/\/schema.org","@graph":[{"@type":"Article","@id":"https:\/\/quehacerpolitico.mx\/?p=7077#article","isPartOf":{"@id":"https:\/\/quehacerpolitico.mx\/?p=7077"},"author":{"name":"Redacci\u00f3n QP","@id":"https:\/\/quehacerpolitico.mx\/#\/schema\/person\/496d8ad2d1d3f8036101dca7ee39e585"},"headline":"EU pide a M\u00e9xico la extradici\u00f3n de \u201cEl Piol\u00edn\u201d, l\u00edder de Cartel Jalisco Nueva Generaci\u00f3n","datePublished":"2018-10-17T13:38:37+00:00","mainEntityOfPage":{"@id":"https:\/\/quehacerpolitico.mx\/?p=7077"},"wordCount":441,"commentCount":0,"image":{"@id":"https:\/\/quehacerpolitico.mx\/?p=7077#primaryimage"},"thumbnailUrl":"","articleSection":["Noticias"],"inLanguage":"es","potentialAction":[{"@type":"CommentAction","name":"Comment","target":["https:\/\/quehacerpolitico.mx\/?p=7077#respond"]}]},{"@type":"WebPage","@id":"https:\/\/quehacerpolitico.mx\/?p=7077","url":"https:\/\/quehacerpolitico.mx\/?p=7077","name":"EU pide a M\u00e9xico la extradici\u00f3n de \u201cEl Piol\u00edn\u201d, l\u00edder de Cartel Jalisco Nueva Generaci\u00f3n -","isPartOf":{"@id":"https:\/\/quehacerpolitico.mx\/#website"},"primaryImageOfPage":{"@id":"https:\/\/quehacerpolitico.mx\/?p=7077#primaryimage"},"image":{"@id":"https:\/\/quehacerpolitico.mx\/?p=7077#primaryimage"},"thumbnailUrl":"","datePublished":"2018-10-17T13:38:37+00:00","author":{"@id":"https:\/\/quehacerpolitico.mx\/#\/schema\/person\/496d8ad2d1d3f8036101dca7ee39e585"},"breadcrumb":{"@id":"https:\/\/quehacerpolitico.mx\/?p=7077#breadcrumb"},"inLanguage":"es","potentialAction":[{"@type":"ReadAction","target":["https:\/\/quehacerpolitico.mx\/?p=7077"]}]},{"@type":"ImageObject","inLanguage":"es","@id":"https:\/\/quehacerpolitico.mx\/?p=7077#primaryimage","url":"","contentUrl":""},{"@type":"BreadcrumbList","@id":"https:\/\/quehacerpolitico.mx\/?p=7077#breadcrumb","itemListElement":[{"@type":"ListItem","position":1,"name":"Inicio","item":"https:\/\/quehacerpolitico.mx\/"},{"@type":"ListItem","position":2,"name":"EU pide a M\u00e9xico la extradici\u00f3n de \u201cEl Piol\u00edn\u201d, l\u00edder de Cartel Jalisco Nueva Generaci\u00f3n"}]},{"@type":"WebSite","@id":"https:\/\/quehacerpolitico.mx\/#website","url":"https:\/\/quehacerpolitico.mx\/","name":"","description":"","potentialAction":[{"@type":"SearchAction","target":{"@type":"EntryPoint","urlTemplate":"https:\/\/quehacerpolitico.mx\/?s={search_term_string}"},"query-input":{"@type":"PropertyValueSpecification","valueRequired":true,"valueName":"search_term_string"}}],"inLanguage":"es"},{"@type":"Person","@id":"https:\/\/quehacerpolitico.mx\/#\/schema\/person\/496d8ad2d1d3f8036101dca7ee39e585","name":"Redacci\u00f3n QP","image":{"@type":"ImageObject","inLanguage":"es","@id":"https:\/\/secure.gravatar.com\/avatar\/c7164ed6fdec453195284ad24a5ae5b6e1eed2b848477fa2a4787ba9adf39a41?s=96&d=mm&r=g","url":"https:\/\/secure.gravatar.com\/avatar\/c7164ed6fdec453195284ad24a5ae5b6e1eed2b848477fa2a4787ba9adf39a41?s=96&d=mm&r=g","contentUrl":"https:\/\/secure.gravatar.com\/avatar\/c7164ed6fdec453195284ad24a5ae5b6e1eed2b848477fa2a4787ba9adf39a41?s=96&d=mm&r=g","caption":"Redacci\u00f3n QP"},"url":"https:\/\/quehacerpolitico.mx\/?author=2"}]}},"featured_image_urls":{"full":"","thumbnail":"","medium":"","medium_large":"","large":"","1536x1536":"","2048x2048":"","covernews-featured":"","covernews-medium":""},"author_info":{"display_name":"Redacci\u00f3n QP","author_link":"https:\/\/quehacerpolitico.mx\/?author=2"},"category_info":"<a href=\"https:\/\/quehacerpolitico.mx\/?cat=2\" rel=\"category\">Noticias<\/a>","tag_info":"Noticias","comment_count":"0","_links":{"self":[{"href":"https:\/\/quehacerpolitico.mx\/index.php?rest_route=\/wp\/v2\/posts\/7077","targetHints":{"allow":["GET"]}}],"collection":[{"href":"https:\/\/quehacerpolitico.mx\/index.php?rest_route=\/wp\/v2\/posts"}],"about":[{"href":"https:\/\/quehacerpolitico.mx\/index.php?rest_route=\/wp\/v2\/types\/post"}],"author":[{"embeddable":true,"href":"https:\/\/quehacerpolitico.mx\/index.php?rest_route=\/wp\/v2\/users\/2"}],"replies":[{"embeddable":true,"href":"https:\/\/quehacerpolitico.mx\/index.php?rest_route=%2Fwp%2Fv2%2Fcomments&post=7077"}],"version-history":[{"count":0,"href":"https:\/\/quehacerpolitico.mx\/index.php?rest_route=\/wp\/v2\/posts\/7077\/revisions"}],"wp:featuredmedia":[{"embeddable":true,"href":"https:\/\/quehacerpolitico.mx\/index.php?rest_route=\/"}],"wp:attachment":[{"href":"https:\/\/quehacerpolitico.mx\/index.php?rest_route=%2Fwp%2Fv2%2Fmedia&parent=7077"}],"wp:term":[{"taxonomy":"category","embeddable":true,"href":"https:\/\/quehacerpolitico.mx\/index.php?rest_route=%2Fwp%2Fv2%2Fcategories&post=7077"},{"taxonomy":"post_tag","embeddable":true,"href":"https:\/\/quehacerpolitico.mx\/index.php?rest_route=%2Fwp%2Fv2%2Ftags&post=7077"}],"curies":[{"name":"wp","href":"https:\/\/api.w.org\/{rel}","templated":true}]}}