{"id":7069,"date":"2018-10-17T03:54:58","date_gmt":"2018-10-17T03:54:58","guid":{"rendered":"http:\/\/quehacerpolitico.mx\/solo-seran-tres-dias-de-corte-en-el-suministro-de-agua-en-cdmx\/"},"modified":"2018-10-17T03:54:58","modified_gmt":"2018-10-17T03:54:58","slug":"solo-seran-tres-dias-de-corte-en-el-suministro-de-agua-en-cdmx","status":"publish","type":"post","link":"https:\/\/quehacerpolitico.mx\/?p=7069","title":{"rendered":"S\u00f3lo ser\u00e1n tres d\u00edas de corte en el suministro de agua en CDMX"},"content":{"rendered":"<p><strong>Ram\u00f3n Aguirre D\u00edaz<\/strong>, titular de<strong>l Sistema de Aguas de la Ciudad de M\u00e9xico <\/strong>(Sacmex) afirm\u00f3 que el n\u00fameros de d\u00edas en lo que cortar\u00e1 el suministro de agua se reducir\u00e1 a tres, mas no se modificar\u00e1 el operativo del<strong>gobierno capitalino.<\/strong><\/p>\n<p>La C<strong>omisi\u00f3n Nacional del Agua (Conagua)<\/strong> inform\u00f3 que para el mantenimiento del sistema <strong>Cutzamala<\/strong>\u00a0que se llevar\u00e1 acabo a finales de mes, del 31 de octubre al 3 de noviembre, se realizar\u00eda un corte del 100% en el suministro de agua en 4 <strong>alcald\u00edas<\/strong> y no ser\u00e1 hasta el domingo 4 como se hab\u00eda dicho.<\/p>\n<blockquote>\n<p>\u201cEsto baja mucho la presi\u00f3n sobre el problema, no quiere decir que la gente deje de cuidar el agua, no quiero que las personas no almacenen, simplemente esperemos que se restablezca el servicio m\u00e1s r\u00e1pido\u201d Declar\u00f3 D\u00edaz<\/p>\n<\/blockquote>\n<p>El titular del <strong>Sacmex<\/strong> exclam\u00f3 que, espera esta reducci\u00f3n en el tiempo ayude a normalizar el servicio a m\u00e1s tardar el jueves 8 de noviembre en toda la ciudad, siguiendo la consigna de cuidar el <strong>agua.<\/strong><\/p>\n<blockquote>\n<p>\u201cNos \u00edbamos a ir a jueves o viernes, ahora nos vamos a ir a mi\u00e9rcoles o jueves, yo creo que vamos a comenzar a distribuir agua, si es que todo sale bien, unas horas el domingo y ya el lunes en forma [\u2026] la buena noticia es que un d\u00eda menos es mucho tiempo menos\u201d asegur\u00f3 Aguirre.<\/p>\n<\/blockquote>\n<h2>Medidas a tomar<\/h2>\n<p>El <strong>Gobierno de la CDMX<\/strong> record\u00f3 que habr\u00e1 930 pipas disponibles, se rehabilitar\u00e1n 88 garzas, 70 grandes tinacos, y 450 pozos de emergencia en\u00a0<strong>Miguel Hidalgo, Cuauht\u00e9moc, Cuajimalpa<\/strong> y <strong>\u00c1lvaro Obreg\u00f3n<\/strong>, alcald\u00edas que estar\u00e1n totalmente afectadas por la falta de l\u00edquido.<\/p>\n<p>A\u00fan as\u00ed <strong>Conagua<\/strong> solicit\u00f3 a los ciudadanos seguir las recomendaciones para estos 3 d\u00edas sin agua, como revisar que no existan fugas que impidan que se llenen los tinacos, lavar toda la ropa posible, usar lo menos posible el agua en m\u00e1quinas como la lavadora y lavaplatos.<\/p>\n<p>Recolectar el \u2018agua fr\u00eda\u2019 que sale de la regadera para reutilizarla, usar un vaso al cepillarse los dientes y principalmente almacenar agua para la higiene personal durante esos d\u00edas, tambi\u00e9n de ser posible descargar el inodoro la menor cantidad de veces.<\/p>\n","protected":false},"excerpt":{"rendered":"<p>S\u00f3lo ser\u00e1n tres d\u00edas de corte en el suministro de agua en CDMX<br \/>\nPor Redacci\u00f3n QP<\/p>\n","protected":false},"author":2,"featured_media":7068,"comment_status":"open","ping_status":"open","sticky":false,"template":"","format":"standard","meta":{"_monsterinsights_skip_tracking":false,"_monsterinsights_sitenote_active":false,"_monsterinsights_sitenote_note":"","_monsterinsights_sitenote_category":0,"footnotes":""},"categories":[55],"tags":[],"class_list":["post-7069","post","type-post","status-publish","format-standard","has-post-thumbnail","hentry","category-cdmx"],"yoast_head":"<!-- This site is optimized with the Yoast SEO plugin v27.3 - https:\/\/yoast.com\/product\/yoast-seo-wordpress\/ -->\n<title>S\u00f3lo ser\u00e1n tres d\u00edas de corte en el suministro de agua en CDMX -<\/title>\n<meta name=\"robots\" content=\"index, follow, max-snippet:-1, max-image-preview:large, max-video-preview:-1\" \/>\n<link rel=\"canonical\" href=\"https:\/\/quehacerpolitico.mx\/?p=7069\" \/>\n<meta property=\"og:locale\" content=\"es_MX\" \/>\n<meta property=\"og:type\" content=\"article\" \/>\n<meta property=\"og:title\" content=\"S\u00f3lo ser\u00e1n tres d\u00edas de corte en el suministro de agua en CDMX -\" \/>\n<meta property=\"og:description\" content=\"S\u00f3lo ser\u00e1n tres d\u00edas de corte en el suministro de agua en CDMX Por Redacci\u00f3n QP\" \/>\n<meta property=\"og:url\" content=\"https:\/\/quehacerpolitico.mx\/?p=7069\" \/>\n<meta property=\"article:published_time\" content=\"2018-10-17T03:54:58+00:00\" \/>\n<meta name=\"author\" content=\"Redacci\u00f3n QP\" \/>\n<meta name=\"twitter:card\" content=\"summary_large_image\" \/>\n<meta name=\"twitter:label1\" content=\"Escrito por\" \/>\n\t<meta name=\"twitter:data1\" content=\"Redacci\u00f3n QP\" \/>\n\t<meta name=\"twitter:label2\" content=\"Tiempo de lectura\" \/>\n\t<meta name=\"twitter:data2\" content=\"2 minutos\" \/>\n<script type=\"application\/ld+json\" class=\"yoast-schema-graph\">{\"@context\":\"https:\\\/\\\/schema.org\",\"@graph\":[{\"@type\":\"Article\",\"@id\":\"https:\\\/\\\/quehacerpolitico.mx\\\/?p=7069#article\",\"isPartOf\":{\"@id\":\"https:\\\/\\\/quehacerpolitico.mx\\\/?p=7069\"},\"author\":{\"name\":\"Redacci\u00f3n QP\",\"@id\":\"https:\\\/\\\/quehacerpolitico.mx\\\/#\\\/schema\\\/person\\\/496d8ad2d1d3f8036101dca7ee39e585\"},\"headline\":\"S\u00f3lo ser\u00e1n tres d\u00edas de corte en el suministro de agua en CDMX\",\"datePublished\":\"2018-10-17T03:54:58+00:00\",\"mainEntityOfPage\":{\"@id\":\"https:\\\/\\\/quehacerpolitico.mx\\\/?p=7069\"},\"wordCount\":390,\"commentCount\":0,\"image\":{\"@id\":\"https:\\\/\\\/quehacerpolitico.mx\\\/?p=7069#primaryimage\"},\"thumbnailUrl\":\"\",\"articleSection\":[\"CDMX\"],\"inLanguage\":\"es\",\"potentialAction\":[{\"@type\":\"CommentAction\",\"name\":\"Comment\",\"target\":[\"https:\\\/\\\/quehacerpolitico.mx\\\/?p=7069#respond\"]}]},{\"@type\":\"WebPage\",\"@id\":\"https:\\\/\\\/quehacerpolitico.mx\\\/?p=7069\",\"url\":\"https:\\\/\\\/quehacerpolitico.mx\\\/?p=7069\",\"name\":\"S\u00f3lo ser\u00e1n tres d\u00edas de corte en el suministro de agua en CDMX -\",\"isPartOf\":{\"@id\":\"https:\\\/\\\/quehacerpolitico.mx\\\/#website\"},\"primaryImageOfPage\":{\"@id\":\"https:\\\/\\\/quehacerpolitico.mx\\\/?p=7069#primaryimage\"},\"image\":{\"@id\":\"https:\\\/\\\/quehacerpolitico.mx\\\/?p=7069#primaryimage\"},\"thumbnailUrl\":\"\",\"datePublished\":\"2018-10-17T03:54:58+00:00\",\"author\":{\"@id\":\"https:\\\/\\\/quehacerpolitico.mx\\\/#\\\/schema\\\/person\\\/496d8ad2d1d3f8036101dca7ee39e585\"},\"breadcrumb\":{\"@id\":\"https:\\\/\\\/quehacerpolitico.mx\\\/?p=7069#breadcrumb\"},\"inLanguage\":\"es\",\"potentialAction\":[{\"@type\":\"ReadAction\",\"target\":[\"https:\\\/\\\/quehacerpolitico.mx\\\/?p=7069\"]}]},{\"@type\":\"ImageObject\",\"inLanguage\":\"es\",\"@id\":\"https:\\\/\\\/quehacerpolitico.mx\\\/?p=7069#primaryimage\",\"url\":\"\",\"contentUrl\":\"\"},{\"@type\":\"BreadcrumbList\",\"@id\":\"https:\\\/\\\/quehacerpolitico.mx\\\/?p=7069#breadcrumb\",\"itemListElement\":[{\"@type\":\"ListItem\",\"position\":1,\"name\":\"Inicio\",\"item\":\"https:\\\/\\\/quehacerpolitico.mx\\\/\"},{\"@type\":\"ListItem\",\"position\":2,\"name\":\"S\u00f3lo ser\u00e1n tres d\u00edas de corte en el suministro de agua en CDMX\"}]},{\"@type\":\"WebSite\",\"@id\":\"https:\\\/\\\/quehacerpolitico.mx\\\/#website\",\"url\":\"https:\\\/\\\/quehacerpolitico.mx\\\/\",\"name\":\"\",\"description\":\"\",\"potentialAction\":[{\"@type\":\"SearchAction\",\"target\":{\"@type\":\"EntryPoint\",\"urlTemplate\":\"https:\\\/\\\/quehacerpolitico.mx\\\/?s={search_term_string}\"},\"query-input\":{\"@type\":\"PropertyValueSpecification\",\"valueRequired\":true,\"valueName\":\"search_term_string\"}}],\"inLanguage\":\"es\"},{\"@type\":\"Person\",\"@id\":\"https:\\\/\\\/quehacerpolitico.mx\\\/#\\\/schema\\\/person\\\/496d8ad2d1d3f8036101dca7ee39e585\",\"name\":\"Redacci\u00f3n QP\",\"image\":{\"@type\":\"ImageObject\",\"inLanguage\":\"es\",\"@id\":\"https:\\\/\\\/secure.gravatar.com\\\/avatar\\\/c7164ed6fdec453195284ad24a5ae5b6e1eed2b848477fa2a4787ba9adf39a41?s=96&d=mm&r=g\",\"url\":\"https:\\\/\\\/secure.gravatar.com\\\/avatar\\\/c7164ed6fdec453195284ad24a5ae5b6e1eed2b848477fa2a4787ba9adf39a41?s=96&d=mm&r=g\",\"contentUrl\":\"https:\\\/\\\/secure.gravatar.com\\\/avatar\\\/c7164ed6fdec453195284ad24a5ae5b6e1eed2b848477fa2a4787ba9adf39a41?s=96&d=mm&r=g\",\"caption\":\"Redacci\u00f3n QP\"},\"url\":\"https:\\\/\\\/quehacerpolitico.mx\\\/?author=2\"}]}<\/script>\n<!-- \/ Yoast SEO plugin. -->","yoast_head_json":{"title":"S\u00f3lo ser\u00e1n tres d\u00edas de corte en el suministro de agua en CDMX -","robots":{"index":"index","follow":"follow","max-snippet":"max-snippet:-1","max-image-preview":"max-image-preview:large","max-video-preview":"max-video-preview:-1"},"canonical":"https:\/\/quehacerpolitico.mx\/?p=7069","og_locale":"es_MX","og_type":"article","og_title":"S\u00f3lo ser\u00e1n tres d\u00edas de corte en el suministro de agua en CDMX -","og_description":"S\u00f3lo ser\u00e1n tres d\u00edas de corte en el suministro de agua en CDMX Por Redacci\u00f3n QP","og_url":"https:\/\/quehacerpolitico.mx\/?p=7069","article_published_time":"2018-10-17T03:54:58+00:00","author":"Redacci\u00f3n QP","twitter_card":"summary_large_image","twitter_misc":{"Escrito por":"Redacci\u00f3n QP","Tiempo de lectura":"2 minutos"},"schema":{"@context":"https:\/\/schema.org","@graph":[{"@type":"Article","@id":"https:\/\/quehacerpolitico.mx\/?p=7069#article","isPartOf":{"@id":"https:\/\/quehacerpolitico.mx\/?p=7069"},"author":{"name":"Redacci\u00f3n QP","@id":"https:\/\/quehacerpolitico.mx\/#\/schema\/person\/496d8ad2d1d3f8036101dca7ee39e585"},"headline":"S\u00f3lo ser\u00e1n tres d\u00edas de corte en el suministro de agua en CDMX","datePublished":"2018-10-17T03:54:58+00:00","mainEntityOfPage":{"@id":"https:\/\/quehacerpolitico.mx\/?p=7069"},"wordCount":390,"commentCount":0,"image":{"@id":"https:\/\/quehacerpolitico.mx\/?p=7069#primaryimage"},"thumbnailUrl":"","articleSection":["CDMX"],"inLanguage":"es","potentialAction":[{"@type":"CommentAction","name":"Comment","target":["https:\/\/quehacerpolitico.mx\/?p=7069#respond"]}]},{"@type":"WebPage","@id":"https:\/\/quehacerpolitico.mx\/?p=7069","url":"https:\/\/quehacerpolitico.mx\/?p=7069","name":"S\u00f3lo ser\u00e1n tres d\u00edas de corte en el suministro de agua en CDMX -","isPartOf":{"@id":"https:\/\/quehacerpolitico.mx\/#website"},"primaryImageOfPage":{"@id":"https:\/\/quehacerpolitico.mx\/?p=7069#primaryimage"},"image":{"@id":"https:\/\/quehacerpolitico.mx\/?p=7069#primaryimage"},"thumbnailUrl":"","datePublished":"2018-10-17T03:54:58+00:00","author":{"@id":"https:\/\/quehacerpolitico.mx\/#\/schema\/person\/496d8ad2d1d3f8036101dca7ee39e585"},"breadcrumb":{"@id":"https:\/\/quehacerpolitico.mx\/?p=7069#breadcrumb"},"inLanguage":"es","potentialAction":[{"@type":"ReadAction","target":["https:\/\/quehacerpolitico.mx\/?p=7069"]}]},{"@type":"ImageObject","inLanguage":"es","@id":"https:\/\/quehacerpolitico.mx\/?p=7069#primaryimage","url":"","contentUrl":""},{"@type":"BreadcrumbList","@id":"https:\/\/quehacerpolitico.mx\/?p=7069#breadcrumb","itemListElement":[{"@type":"ListItem","position":1,"name":"Inicio","item":"https:\/\/quehacerpolitico.mx\/"},{"@type":"ListItem","position":2,"name":"S\u00f3lo ser\u00e1n tres d\u00edas de corte en el suministro de agua en CDMX"}]},{"@type":"WebSite","@id":"https:\/\/quehacerpolitico.mx\/#website","url":"https:\/\/quehacerpolitico.mx\/","name":"","description":"","potentialAction":[{"@type":"SearchAction","target":{"@type":"EntryPoint","urlTemplate":"https:\/\/quehacerpolitico.mx\/?s={search_term_string}"},"query-input":{"@type":"PropertyValueSpecification","valueRequired":true,"valueName":"search_term_string"}}],"inLanguage":"es"},{"@type":"Person","@id":"https:\/\/quehacerpolitico.mx\/#\/schema\/person\/496d8ad2d1d3f8036101dca7ee39e585","name":"Redacci\u00f3n QP","image":{"@type":"ImageObject","inLanguage":"es","@id":"https:\/\/secure.gravatar.com\/avatar\/c7164ed6fdec453195284ad24a5ae5b6e1eed2b848477fa2a4787ba9adf39a41?s=96&d=mm&r=g","url":"https:\/\/secure.gravatar.com\/avatar\/c7164ed6fdec453195284ad24a5ae5b6e1eed2b848477fa2a4787ba9adf39a41?s=96&d=mm&r=g","contentUrl":"https:\/\/secure.gravatar.com\/avatar\/c7164ed6fdec453195284ad24a5ae5b6e1eed2b848477fa2a4787ba9adf39a41?s=96&d=mm&r=g","caption":"Redacci\u00f3n QP"},"url":"https:\/\/quehacerpolitico.mx\/?author=2"}]}},"featured_image_urls":{"full":"","thumbnail":"","medium":"","medium_large":"","large":"","1536x1536":"","2048x2048":"","covernews-featured":"","covernews-medium":""},"author_info":{"display_name":"Redacci\u00f3n QP","author_link":"https:\/\/quehacerpolitico.mx\/?author=2"},"category_info":"<a href=\"https:\/\/quehacerpolitico.mx\/?cat=55\" rel=\"category\">CDMX<\/a>","tag_info":"CDMX","comment_count":"0","_links":{"self":[{"href":"https:\/\/quehacerpolitico.mx\/index.php?rest_route=\/wp\/v2\/posts\/7069","targetHints":{"allow":["GET"]}}],"collection":[{"href":"https:\/\/quehacerpolitico.mx\/index.php?rest_route=\/wp\/v2\/posts"}],"about":[{"href":"https:\/\/quehacerpolitico.mx\/index.php?rest_route=\/wp\/v2\/types\/post"}],"author":[{"embeddable":true,"href":"https:\/\/quehacerpolitico.mx\/index.php?rest_route=\/wp\/v2\/users\/2"}],"replies":[{"embeddable":true,"href":"https:\/\/quehacerpolitico.mx\/index.php?rest_route=%2Fwp%2Fv2%2Fcomments&post=7069"}],"version-history":[{"count":0,"href":"https:\/\/quehacerpolitico.mx\/index.php?rest_route=\/wp\/v2\/posts\/7069\/revisions"}],"wp:featuredmedia":[{"embeddable":true,"href":"https:\/\/quehacerpolitico.mx\/index.php?rest_route=\/"}],"wp:attachment":[{"href":"https:\/\/quehacerpolitico.mx\/index.php?rest_route=%2Fwp%2Fv2%2Fmedia&parent=7069"}],"wp:term":[{"taxonomy":"category","embeddable":true,"href":"https:\/\/quehacerpolitico.mx\/index.php?rest_route=%2Fwp%2Fv2%2Fcategories&post=7069"},{"taxonomy":"post_tag","embeddable":true,"href":"https:\/\/quehacerpolitico.mx\/index.php?rest_route=%2Fwp%2Fv2%2Ftags&post=7069"}],"curies":[{"name":"wp","href":"https:\/\/api.w.org\/{rel}","templated":true}]}}