{"id":7067,"date":"2018-10-17T03:47:05","date_gmt":"2018-10-17T03:47:05","guid":{"rendered":"http:\/\/quehacerpolitico.mx\/confusion-relacionar-a-el-sureno-en-caso-de-mi-hija-nelson-vargas\/"},"modified":"2018-10-17T03:47:05","modified_gmt":"2018-10-17T03:47:05","slug":"confusion-relacionar-a-el-sureno-en-caso-de-mi-hija-nelson-vargas","status":"publish","type":"post","link":"https:\/\/quehacerpolitico.mx\/?p=7067","title":{"rendered":"Confusi\u00f3n, relacionar a &#8220;El Sure\u00f1o&#8221; en caso de mi hija: Nelson Vargas"},"content":{"rendered":"<p>El empresario Nelson Vargas\u00a0calific\u00f3 como una confusi\u00f3n que se relacione a Felipe P\u00e9rez Landa, &#8220;El Sure\u00f1o&#8221;, como presunto implicado en el secuestro\u00a0de su hija Silvia Vargas Escalera, ocurrido en 2007.<\/p>\n<p>&#8220;Yo creo que el nombre de Felipe, &#8216;El Sure\u00f1o&#8217;, es la primera vez que lo escucho. <strong>Estoy seguro que hay una confusi\u00f3n, sin embargo es bueno que capturaron a un delincuente&#8221;, coment\u00f3<\/strong>.<\/p>\n<p>En entrevista <strong>explic\u00f3 que \u00e9l cuenta con documentos proporcionados por las autoridades en los que no se menciona relaci\u00f3n alguna entre el detenido y el caso de su hija<\/strong>, quien fue secuestrada por integrantes del grupo criminal de &#8220;Los Rojos&#8221;.<\/p>\n<p>Ante esta situaci\u00f3n, Nelson Vargas expres\u00f3 estar confundido, sin embargo, urgi\u00f3 a investigar al detenido para saber si \u00e9ste tiene alguna relaci\u00f3n en el caso de su hija.<\/p>\n<p><strong>&#8220;Que se investigue y se aclare qu\u00e9 es lo que est\u00e1 pasando para saber si existe relaci\u00f3n con el caso de mi hija&#8221;<\/strong>, indic\u00f3.<\/p>\n<p>La Procuradur\u00eda General de la Rep\u00fablica (PGR) indic\u00f3 que P\u00e9rez Landa cuenta con otra orden de aprehensi\u00f3n librada por el Juez de Control de Juicio Oral y Ejecuciones de Sanciones del Segundo Distrito Judicial del estado de Morelos, dentro de la Causa Penal JCJ\/155\/2012, por su probable responsabilidad en la comisi\u00f3n de los delitos de homicidio\u00a0calificado y homicidio calificado en grado de tentativa.<\/p>\n","protected":false},"excerpt":{"rendered":"<p>El empresario dice que \u00e9l cuenta con documentos en los que no se menciona relaci\u00f3n alguna entre el detenido y el caso de su hija<br \/>\nPor Redacci\u00f3n QP<\/p>\n","protected":false},"author":2,"featured_media":7066,"comment_status":"open","ping_status":"open","sticky":false,"template":"","format":"standard","meta":{"_monsterinsights_skip_tracking":false,"_monsterinsights_sitenote_active":false,"_monsterinsights_sitenote_note":"","_monsterinsights_sitenote_category":0,"footnotes":""},"categories":[2],"tags":[],"class_list":["post-7067","post","type-post","status-publish","format-standard","has-post-thumbnail","hentry","category-noticias"],"yoast_head":"<!-- This site is optimized with the Yoast SEO plugin v27.3 - https:\/\/yoast.com\/product\/yoast-seo-wordpress\/ -->\n<title>Confusi\u00f3n, relacionar a &quot;El Sure\u00f1o&quot; en caso de mi hija: Nelson Vargas -<\/title>\n<meta name=\"robots\" content=\"index, follow, max-snippet:-1, max-image-preview:large, max-video-preview:-1\" \/>\n<link rel=\"canonical\" href=\"https:\/\/quehacerpolitico.mx\/?p=7067\" \/>\n<meta property=\"og:locale\" content=\"es_MX\" \/>\n<meta property=\"og:type\" content=\"article\" \/>\n<meta property=\"og:title\" content=\"Confusi\u00f3n, relacionar a &quot;El Sure\u00f1o&quot; en caso de mi hija: Nelson Vargas -\" \/>\n<meta property=\"og:description\" content=\"El empresario dice que \u00e9l cuenta con documentos en los que no se menciona relaci\u00f3n alguna entre el detenido y el caso de su hija Por Redacci\u00f3n QP\" \/>\n<meta property=\"og:url\" content=\"https:\/\/quehacerpolitico.mx\/?p=7067\" \/>\n<meta property=\"article:published_time\" content=\"2018-10-17T03:47:05+00:00\" \/>\n<meta name=\"author\" content=\"Redacci\u00f3n QP\" \/>\n<meta name=\"twitter:card\" content=\"summary_large_image\" \/>\n<meta name=\"twitter:label1\" content=\"Escrito por\" \/>\n\t<meta name=\"twitter:data1\" content=\"Redacci\u00f3n QP\" \/>\n\t<meta name=\"twitter:label2\" content=\"Tiempo de lectura\" \/>\n\t<meta name=\"twitter:data2\" content=\"1 minuto\" \/>\n<script type=\"application\/ld+json\" class=\"yoast-schema-graph\">{\"@context\":\"https:\\\/\\\/schema.org\",\"@graph\":[{\"@type\":\"Article\",\"@id\":\"https:\\\/\\\/quehacerpolitico.mx\\\/?p=7067#article\",\"isPartOf\":{\"@id\":\"https:\\\/\\\/quehacerpolitico.mx\\\/?p=7067\"},\"author\":{\"name\":\"Redacci\u00f3n QP\",\"@id\":\"https:\\\/\\\/quehacerpolitico.mx\\\/#\\\/schema\\\/person\\\/496d8ad2d1d3f8036101dca7ee39e585\"},\"headline\":\"Confusi\u00f3n, relacionar a &#8220;El Sure\u00f1o&#8221; en caso de mi hija: Nelson Vargas\",\"datePublished\":\"2018-10-17T03:47:05+00:00\",\"mainEntityOfPage\":{\"@id\":\"https:\\\/\\\/quehacerpolitico.mx\\\/?p=7067\"},\"wordCount\":247,\"commentCount\":0,\"image\":{\"@id\":\"https:\\\/\\\/quehacerpolitico.mx\\\/?p=7067#primaryimage\"},\"thumbnailUrl\":\"\",\"articleSection\":[\"Noticias\"],\"inLanguage\":\"es\",\"potentialAction\":[{\"@type\":\"CommentAction\",\"name\":\"Comment\",\"target\":[\"https:\\\/\\\/quehacerpolitico.mx\\\/?p=7067#respond\"]}]},{\"@type\":\"WebPage\",\"@id\":\"https:\\\/\\\/quehacerpolitico.mx\\\/?p=7067\",\"url\":\"https:\\\/\\\/quehacerpolitico.mx\\\/?p=7067\",\"name\":\"Confusi\u00f3n, relacionar a \\\"El Sure\u00f1o\\\" en caso de mi hija: Nelson Vargas -\",\"isPartOf\":{\"@id\":\"https:\\\/\\\/quehacerpolitico.mx\\\/#website\"},\"primaryImageOfPage\":{\"@id\":\"https:\\\/\\\/quehacerpolitico.mx\\\/?p=7067#primaryimage\"},\"image\":{\"@id\":\"https:\\\/\\\/quehacerpolitico.mx\\\/?p=7067#primaryimage\"},\"thumbnailUrl\":\"\",\"datePublished\":\"2018-10-17T03:47:05+00:00\",\"author\":{\"@id\":\"https:\\\/\\\/quehacerpolitico.mx\\\/#\\\/schema\\\/person\\\/496d8ad2d1d3f8036101dca7ee39e585\"},\"breadcrumb\":{\"@id\":\"https:\\\/\\\/quehacerpolitico.mx\\\/?p=7067#breadcrumb\"},\"inLanguage\":\"es\",\"potentialAction\":[{\"@type\":\"ReadAction\",\"target\":[\"https:\\\/\\\/quehacerpolitico.mx\\\/?p=7067\"]}]},{\"@type\":\"ImageObject\",\"inLanguage\":\"es\",\"@id\":\"https:\\\/\\\/quehacerpolitico.mx\\\/?p=7067#primaryimage\",\"url\":\"\",\"contentUrl\":\"\"},{\"@type\":\"BreadcrumbList\",\"@id\":\"https:\\\/\\\/quehacerpolitico.mx\\\/?p=7067#breadcrumb\",\"itemListElement\":[{\"@type\":\"ListItem\",\"position\":1,\"name\":\"Inicio\",\"item\":\"https:\\\/\\\/quehacerpolitico.mx\\\/\"},{\"@type\":\"ListItem\",\"position\":2,\"name\":\"Confusi\u00f3n, relacionar a &#8220;El Sure\u00f1o&#8221; en caso de mi hija: Nelson Vargas\"}]},{\"@type\":\"WebSite\",\"@id\":\"https:\\\/\\\/quehacerpolitico.mx\\\/#website\",\"url\":\"https:\\\/\\\/quehacerpolitico.mx\\\/\",\"name\":\"\",\"description\":\"\",\"potentialAction\":[{\"@type\":\"SearchAction\",\"target\":{\"@type\":\"EntryPoint\",\"urlTemplate\":\"https:\\\/\\\/quehacerpolitico.mx\\\/?s={search_term_string}\"},\"query-input\":{\"@type\":\"PropertyValueSpecification\",\"valueRequired\":true,\"valueName\":\"search_term_string\"}}],\"inLanguage\":\"es\"},{\"@type\":\"Person\",\"@id\":\"https:\\\/\\\/quehacerpolitico.mx\\\/#\\\/schema\\\/person\\\/496d8ad2d1d3f8036101dca7ee39e585\",\"name\":\"Redacci\u00f3n QP\",\"image\":{\"@type\":\"ImageObject\",\"inLanguage\":\"es\",\"@id\":\"https:\\\/\\\/secure.gravatar.com\\\/avatar\\\/c7164ed6fdec453195284ad24a5ae5b6e1eed2b848477fa2a4787ba9adf39a41?s=96&d=mm&r=g\",\"url\":\"https:\\\/\\\/secure.gravatar.com\\\/avatar\\\/c7164ed6fdec453195284ad24a5ae5b6e1eed2b848477fa2a4787ba9adf39a41?s=96&d=mm&r=g\",\"contentUrl\":\"https:\\\/\\\/secure.gravatar.com\\\/avatar\\\/c7164ed6fdec453195284ad24a5ae5b6e1eed2b848477fa2a4787ba9adf39a41?s=96&d=mm&r=g\",\"caption\":\"Redacci\u00f3n QP\"},\"url\":\"https:\\\/\\\/quehacerpolitico.mx\\\/?author=2\"}]}<\/script>\n<!-- \/ Yoast SEO plugin. -->","yoast_head_json":{"title":"Confusi\u00f3n, relacionar a \"El Sure\u00f1o\" en caso de mi hija: Nelson Vargas -","robots":{"index":"index","follow":"follow","max-snippet":"max-snippet:-1","max-image-preview":"max-image-preview:large","max-video-preview":"max-video-preview:-1"},"canonical":"https:\/\/quehacerpolitico.mx\/?p=7067","og_locale":"es_MX","og_type":"article","og_title":"Confusi\u00f3n, relacionar a \"El Sure\u00f1o\" en caso de mi hija: Nelson Vargas -","og_description":"El empresario dice que \u00e9l cuenta con documentos en los que no se menciona relaci\u00f3n alguna entre el detenido y el caso de su hija Por Redacci\u00f3n QP","og_url":"https:\/\/quehacerpolitico.mx\/?p=7067","article_published_time":"2018-10-17T03:47:05+00:00","author":"Redacci\u00f3n QP","twitter_card":"summary_large_image","twitter_misc":{"Escrito por":"Redacci\u00f3n QP","Tiempo de lectura":"1 minuto"},"schema":{"@context":"https:\/\/schema.org","@graph":[{"@type":"Article","@id":"https:\/\/quehacerpolitico.mx\/?p=7067#article","isPartOf":{"@id":"https:\/\/quehacerpolitico.mx\/?p=7067"},"author":{"name":"Redacci\u00f3n QP","@id":"https:\/\/quehacerpolitico.mx\/#\/schema\/person\/496d8ad2d1d3f8036101dca7ee39e585"},"headline":"Confusi\u00f3n, relacionar a &#8220;El Sure\u00f1o&#8221; en caso de mi hija: Nelson Vargas","datePublished":"2018-10-17T03:47:05+00:00","mainEntityOfPage":{"@id":"https:\/\/quehacerpolitico.mx\/?p=7067"},"wordCount":247,"commentCount":0,"image":{"@id":"https:\/\/quehacerpolitico.mx\/?p=7067#primaryimage"},"thumbnailUrl":"","articleSection":["Noticias"],"inLanguage":"es","potentialAction":[{"@type":"CommentAction","name":"Comment","target":["https:\/\/quehacerpolitico.mx\/?p=7067#respond"]}]},{"@type":"WebPage","@id":"https:\/\/quehacerpolitico.mx\/?p=7067","url":"https:\/\/quehacerpolitico.mx\/?p=7067","name":"Confusi\u00f3n, relacionar a \"El Sure\u00f1o\" en caso de mi hija: Nelson Vargas -","isPartOf":{"@id":"https:\/\/quehacerpolitico.mx\/#website"},"primaryImageOfPage":{"@id":"https:\/\/quehacerpolitico.mx\/?p=7067#primaryimage"},"image":{"@id":"https:\/\/quehacerpolitico.mx\/?p=7067#primaryimage"},"thumbnailUrl":"","datePublished":"2018-10-17T03:47:05+00:00","author":{"@id":"https:\/\/quehacerpolitico.mx\/#\/schema\/person\/496d8ad2d1d3f8036101dca7ee39e585"},"breadcrumb":{"@id":"https:\/\/quehacerpolitico.mx\/?p=7067#breadcrumb"},"inLanguage":"es","potentialAction":[{"@type":"ReadAction","target":["https:\/\/quehacerpolitico.mx\/?p=7067"]}]},{"@type":"ImageObject","inLanguage":"es","@id":"https:\/\/quehacerpolitico.mx\/?p=7067#primaryimage","url":"","contentUrl":""},{"@type":"BreadcrumbList","@id":"https:\/\/quehacerpolitico.mx\/?p=7067#breadcrumb","itemListElement":[{"@type":"ListItem","position":1,"name":"Inicio","item":"https:\/\/quehacerpolitico.mx\/"},{"@type":"ListItem","position":2,"name":"Confusi\u00f3n, relacionar a &#8220;El Sure\u00f1o&#8221; en caso de mi hija: Nelson Vargas"}]},{"@type":"WebSite","@id":"https:\/\/quehacerpolitico.mx\/#website","url":"https:\/\/quehacerpolitico.mx\/","name":"","description":"","potentialAction":[{"@type":"SearchAction","target":{"@type":"EntryPoint","urlTemplate":"https:\/\/quehacerpolitico.mx\/?s={search_term_string}"},"query-input":{"@type":"PropertyValueSpecification","valueRequired":true,"valueName":"search_term_string"}}],"inLanguage":"es"},{"@type":"Person","@id":"https:\/\/quehacerpolitico.mx\/#\/schema\/person\/496d8ad2d1d3f8036101dca7ee39e585","name":"Redacci\u00f3n QP","image":{"@type":"ImageObject","inLanguage":"es","@id":"https:\/\/secure.gravatar.com\/avatar\/c7164ed6fdec453195284ad24a5ae5b6e1eed2b848477fa2a4787ba9adf39a41?s=96&d=mm&r=g","url":"https:\/\/secure.gravatar.com\/avatar\/c7164ed6fdec453195284ad24a5ae5b6e1eed2b848477fa2a4787ba9adf39a41?s=96&d=mm&r=g","contentUrl":"https:\/\/secure.gravatar.com\/avatar\/c7164ed6fdec453195284ad24a5ae5b6e1eed2b848477fa2a4787ba9adf39a41?s=96&d=mm&r=g","caption":"Redacci\u00f3n QP"},"url":"https:\/\/quehacerpolitico.mx\/?author=2"}]}},"featured_image_urls":{"full":"","thumbnail":"","medium":"","medium_large":"","large":"","1536x1536":"","2048x2048":"","covernews-featured":"","covernews-medium":""},"author_info":{"display_name":"Redacci\u00f3n QP","author_link":"https:\/\/quehacerpolitico.mx\/?author=2"},"category_info":"<a href=\"https:\/\/quehacerpolitico.mx\/?cat=2\" rel=\"category\">Noticias<\/a>","tag_info":"Noticias","comment_count":"0","_links":{"self":[{"href":"https:\/\/quehacerpolitico.mx\/index.php?rest_route=\/wp\/v2\/posts\/7067","targetHints":{"allow":["GET"]}}],"collection":[{"href":"https:\/\/quehacerpolitico.mx\/index.php?rest_route=\/wp\/v2\/posts"}],"about":[{"href":"https:\/\/quehacerpolitico.mx\/index.php?rest_route=\/wp\/v2\/types\/post"}],"author":[{"embeddable":true,"href":"https:\/\/quehacerpolitico.mx\/index.php?rest_route=\/wp\/v2\/users\/2"}],"replies":[{"embeddable":true,"href":"https:\/\/quehacerpolitico.mx\/index.php?rest_route=%2Fwp%2Fv2%2Fcomments&post=7067"}],"version-history":[{"count":0,"href":"https:\/\/quehacerpolitico.mx\/index.php?rest_route=\/wp\/v2\/posts\/7067\/revisions"}],"wp:featuredmedia":[{"embeddable":true,"href":"https:\/\/quehacerpolitico.mx\/index.php?rest_route=\/"}],"wp:attachment":[{"href":"https:\/\/quehacerpolitico.mx\/index.php?rest_route=%2Fwp%2Fv2%2Fmedia&parent=7067"}],"wp:term":[{"taxonomy":"category","embeddable":true,"href":"https:\/\/quehacerpolitico.mx\/index.php?rest_route=%2Fwp%2Fv2%2Fcategories&post=7067"},{"taxonomy":"post_tag","embeddable":true,"href":"https:\/\/quehacerpolitico.mx\/index.php?rest_route=%2Fwp%2Fv2%2Ftags&post=7067"}],"curies":[{"name":"wp","href":"https:\/\/api.w.org\/{rel}","templated":true}]}}