{"id":7065,"date":"2018-10-17T03:41:46","date_gmt":"2018-10-17T03:41:46","guid":{"rendered":"http:\/\/quehacerpolitico.mx\/denuncian-abuso-sexual-de-37-ninos-en-kinder-de-cdmx\/"},"modified":"2018-10-17T03:41:46","modified_gmt":"2018-10-17T03:41:46","slug":"denuncian-abuso-sexual-de-37-ninos-en-kinder-de-cdmx","status":"publish","type":"post","link":"https:\/\/quehacerpolitico.mx\/?p=7065","title":{"rendered":"Denuncian abuso sexual de 37 ni\u00f1os en k\u00ednder de CDMX"},"content":{"rendered":"<p>Un grupo de padres se manifest\u00f3 este martes afuera del k\u00ednder &#8220;Marcelino de Champangat&#8221;, en San Juan de Arag\u00f3n, <strong>para denunciar el supuesto abuso sexual a m\u00e1s de 30 ni\u00f1os por parte de un empleado.<\/strong><\/p>\n<p>Primero, los padres cerraron la avenida 608 pero fueron replegados por un grupo de polic\u00edas, <strong>por lo que se instalaron con pancartas afuera del Jard\u00edn de Ni\u00f1os ubicado en la avenida 1513<\/strong>, colonia San Juan de Arag\u00f3n, alcald\u00eda Gustavo A. Madero (GAM).<\/p>\n<div id=\"div-pos-2\">De acuerdo con los padres son 37 ni\u00f1os\u00a0los que fueron abusados sexualmente por parte de un hombre identificado como Ram\u00f3n &#8220;N&#8221;, quien los atacaba en los sanitarios.<\/div>\n<p>Ayer lunes, los denunciantes acudieron a la Fiscal\u00eda Central de Investigaci\u00f3n para la Atenci\u00f3n de Delitos Sexuales.<\/p>\n<blockquote class=\"twitter-tweet\" data-width=\"550\" data-dnt=\"true\">\n<p lang=\"es\" dir=\"ltr\">En la colonia San Juan de Arag\u00f3n de <a href=\"https:\/\/twitter.com\/TuAlcaldiaGAM?ref_src=twsrc%5Etfw\">@TuAlcaldiaGAM<\/a>, padres de familia del k\u00ednder &quot;Marcelino De Champagnat&quot; bloquean la Av. 412 y Loreto Fabela para denunciar a un profesor, quien aseguran, abus\u00f3 de menores. <a href=\"https:\/\/t.co\/ZkP43T2N2I\">pic.twitter.com\/ZkP43T2N2I<\/a><\/p>\n<p>&mdash; MVS Noticias (@MVSNoticias) <a href=\"https:\/\/twitter.com\/MVSNoticias\/status\/1052252088049299456?ref_src=twsrc%5Etfw\">October 16, 2018<\/a><\/p><\/blockquote>\n<p><script async src=\"https:\/\/platform.twitter.com\/widgets.js\" charset=\"utf-8\"><\/script><\/p>\n<h4>ACCIONES<br \/>Remitir\u00e1n a la PGR el caso<\/h4>\n<p>La Procuradur\u00eda General de Justicia de la Ciudad de M\u00e9xico remitir\u00e1 a la Procuradur\u00eda General de la Rep\u00fablica (PGR) la carpeta de investigaci\u00f3n por el delito de abuso sexual cometido en contra alumnos del k\u00ednder &#8220;Marcelino de Champagnat&#8221;, pues es una instituci\u00f3n que pertenece al \u00e1mbito federal.<\/p>\n<p><strong>La Procuradur\u00eda General de Justicia capitalina coadyuvar\u00e1 en las indagatorias a trav\u00e9s de &#8220;Bosty&#8221;<\/strong>, un personaje virtual mediante el cual se busca obtener las declaraciones ministeriales de ni\u00f1os v\u00edctimas de delitos sexuales.<\/p>\n<p>As\u00ed lo inform\u00f3 la dependencia local en un comunicado de prensa en el que adem\u00e1s detall\u00f3 que esta tarde una comitiva de padres de familia tuvo una reuni\u00f3n, donde participaron su asesora jur\u00eddica y la fiscal Central de Investigaci\u00f3n para la Atenci\u00f3n de Delitos Sexuales.<\/p>\n","protected":false},"excerpt":{"rendered":"<p>Padres de familia se manifestaron afuera del centro educativo, y aseguraron que un empleado atacaba a los peque\u00f1os en los sanitarios<br \/>\nPor Redacci\u00f3n QP<\/p>\n","protected":false},"author":2,"featured_media":7064,"comment_status":"open","ping_status":"open","sticky":false,"template":"","format":"standard","meta":{"_monsterinsights_skip_tracking":false,"_monsterinsights_sitenote_active":false,"_monsterinsights_sitenote_note":"","_monsterinsights_sitenote_category":0,"footnotes":""},"categories":[55],"tags":[],"class_list":["post-7065","post","type-post","status-publish","format-standard","has-post-thumbnail","hentry","category-cdmx"],"yoast_head":"<!-- This site is optimized with the Yoast SEO plugin v27.3 - https:\/\/yoast.com\/product\/yoast-seo-wordpress\/ -->\n<title>Denuncian abuso sexual de 37 ni\u00f1os en k\u00ednder de CDMX -<\/title>\n<meta name=\"robots\" content=\"index, follow, max-snippet:-1, max-image-preview:large, max-video-preview:-1\" \/>\n<link rel=\"canonical\" href=\"https:\/\/quehacerpolitico.mx\/?p=7065\" \/>\n<meta property=\"og:locale\" content=\"es_MX\" \/>\n<meta property=\"og:type\" content=\"article\" \/>\n<meta property=\"og:title\" content=\"Denuncian abuso sexual de 37 ni\u00f1os en k\u00ednder de CDMX -\" \/>\n<meta property=\"og:description\" content=\"Padres de familia se manifestaron afuera del centro educativo, y aseguraron que un empleado atacaba a los peque\u00f1os en los sanitarios Por Redacci\u00f3n QP\" \/>\n<meta property=\"og:url\" content=\"https:\/\/quehacerpolitico.mx\/?p=7065\" \/>\n<meta property=\"article:published_time\" content=\"2018-10-17T03:41:46+00:00\" \/>\n<meta name=\"author\" content=\"Redacci\u00f3n QP\" \/>\n<meta name=\"twitter:card\" content=\"summary_large_image\" \/>\n<meta name=\"twitter:label1\" content=\"Escrito por\" \/>\n\t<meta name=\"twitter:data1\" content=\"Redacci\u00f3n QP\" \/>\n\t<meta name=\"twitter:label2\" content=\"Tiempo de lectura\" \/>\n\t<meta name=\"twitter:data2\" content=\"1 minuto\" \/>\n<script type=\"application\/ld+json\" class=\"yoast-schema-graph\">{\"@context\":\"https:\\\/\\\/schema.org\",\"@graph\":[{\"@type\":\"Article\",\"@id\":\"https:\\\/\\\/quehacerpolitico.mx\\\/?p=7065#article\",\"isPartOf\":{\"@id\":\"https:\\\/\\\/quehacerpolitico.mx\\\/?p=7065\"},\"author\":{\"name\":\"Redacci\u00f3n QP\",\"@id\":\"https:\\\/\\\/quehacerpolitico.mx\\\/#\\\/schema\\\/person\\\/496d8ad2d1d3f8036101dca7ee39e585\"},\"headline\":\"Denuncian abuso sexual de 37 ni\u00f1os en k\u00ednder de CDMX\",\"datePublished\":\"2018-10-17T03:41:46+00:00\",\"mainEntityOfPage\":{\"@id\":\"https:\\\/\\\/quehacerpolitico.mx\\\/?p=7065\"},\"wordCount\":296,\"commentCount\":0,\"image\":{\"@id\":\"https:\\\/\\\/quehacerpolitico.mx\\\/?p=7065#primaryimage\"},\"thumbnailUrl\":\"\",\"articleSection\":[\"CDMX\"],\"inLanguage\":\"es\",\"potentialAction\":[{\"@type\":\"CommentAction\",\"name\":\"Comment\",\"target\":[\"https:\\\/\\\/quehacerpolitico.mx\\\/?p=7065#respond\"]}]},{\"@type\":\"WebPage\",\"@id\":\"https:\\\/\\\/quehacerpolitico.mx\\\/?p=7065\",\"url\":\"https:\\\/\\\/quehacerpolitico.mx\\\/?p=7065\",\"name\":\"Denuncian abuso sexual de 37 ni\u00f1os en k\u00ednder de CDMX -\",\"isPartOf\":{\"@id\":\"https:\\\/\\\/quehacerpolitico.mx\\\/#website\"},\"primaryImageOfPage\":{\"@id\":\"https:\\\/\\\/quehacerpolitico.mx\\\/?p=7065#primaryimage\"},\"image\":{\"@id\":\"https:\\\/\\\/quehacerpolitico.mx\\\/?p=7065#primaryimage\"},\"thumbnailUrl\":\"\",\"datePublished\":\"2018-10-17T03:41:46+00:00\",\"author\":{\"@id\":\"https:\\\/\\\/quehacerpolitico.mx\\\/#\\\/schema\\\/person\\\/496d8ad2d1d3f8036101dca7ee39e585\"},\"breadcrumb\":{\"@id\":\"https:\\\/\\\/quehacerpolitico.mx\\\/?p=7065#breadcrumb\"},\"inLanguage\":\"es\",\"potentialAction\":[{\"@type\":\"ReadAction\",\"target\":[\"https:\\\/\\\/quehacerpolitico.mx\\\/?p=7065\"]}]},{\"@type\":\"ImageObject\",\"inLanguage\":\"es\",\"@id\":\"https:\\\/\\\/quehacerpolitico.mx\\\/?p=7065#primaryimage\",\"url\":\"\",\"contentUrl\":\"\"},{\"@type\":\"BreadcrumbList\",\"@id\":\"https:\\\/\\\/quehacerpolitico.mx\\\/?p=7065#breadcrumb\",\"itemListElement\":[{\"@type\":\"ListItem\",\"position\":1,\"name\":\"Inicio\",\"item\":\"https:\\\/\\\/quehacerpolitico.mx\\\/\"},{\"@type\":\"ListItem\",\"position\":2,\"name\":\"Denuncian abuso sexual de 37 ni\u00f1os en k\u00ednder de CDMX\"}]},{\"@type\":\"WebSite\",\"@id\":\"https:\\\/\\\/quehacerpolitico.mx\\\/#website\",\"url\":\"https:\\\/\\\/quehacerpolitico.mx\\\/\",\"name\":\"\",\"description\":\"\",\"potentialAction\":[{\"@type\":\"SearchAction\",\"target\":{\"@type\":\"EntryPoint\",\"urlTemplate\":\"https:\\\/\\\/quehacerpolitico.mx\\\/?s={search_term_string}\"},\"query-input\":{\"@type\":\"PropertyValueSpecification\",\"valueRequired\":true,\"valueName\":\"search_term_string\"}}],\"inLanguage\":\"es\"},{\"@type\":\"Person\",\"@id\":\"https:\\\/\\\/quehacerpolitico.mx\\\/#\\\/schema\\\/person\\\/496d8ad2d1d3f8036101dca7ee39e585\",\"name\":\"Redacci\u00f3n QP\",\"image\":{\"@type\":\"ImageObject\",\"inLanguage\":\"es\",\"@id\":\"https:\\\/\\\/secure.gravatar.com\\\/avatar\\\/c7164ed6fdec453195284ad24a5ae5b6e1eed2b848477fa2a4787ba9adf39a41?s=96&d=mm&r=g\",\"url\":\"https:\\\/\\\/secure.gravatar.com\\\/avatar\\\/c7164ed6fdec453195284ad24a5ae5b6e1eed2b848477fa2a4787ba9adf39a41?s=96&d=mm&r=g\",\"contentUrl\":\"https:\\\/\\\/secure.gravatar.com\\\/avatar\\\/c7164ed6fdec453195284ad24a5ae5b6e1eed2b848477fa2a4787ba9adf39a41?s=96&d=mm&r=g\",\"caption\":\"Redacci\u00f3n QP\"},\"url\":\"https:\\\/\\\/quehacerpolitico.mx\\\/?author=2\"}]}<\/script>\n<!-- \/ Yoast SEO plugin. -->","yoast_head_json":{"title":"Denuncian abuso sexual de 37 ni\u00f1os en k\u00ednder de CDMX -","robots":{"index":"index","follow":"follow","max-snippet":"max-snippet:-1","max-image-preview":"max-image-preview:large","max-video-preview":"max-video-preview:-1"},"canonical":"https:\/\/quehacerpolitico.mx\/?p=7065","og_locale":"es_MX","og_type":"article","og_title":"Denuncian abuso sexual de 37 ni\u00f1os en k\u00ednder de CDMX -","og_description":"Padres de familia se manifestaron afuera del centro educativo, y aseguraron que un empleado atacaba a los peque\u00f1os en los sanitarios Por Redacci\u00f3n QP","og_url":"https:\/\/quehacerpolitico.mx\/?p=7065","article_published_time":"2018-10-17T03:41:46+00:00","author":"Redacci\u00f3n QP","twitter_card":"summary_large_image","twitter_misc":{"Escrito por":"Redacci\u00f3n QP","Tiempo de lectura":"1 minuto"},"schema":{"@context":"https:\/\/schema.org","@graph":[{"@type":"Article","@id":"https:\/\/quehacerpolitico.mx\/?p=7065#article","isPartOf":{"@id":"https:\/\/quehacerpolitico.mx\/?p=7065"},"author":{"name":"Redacci\u00f3n QP","@id":"https:\/\/quehacerpolitico.mx\/#\/schema\/person\/496d8ad2d1d3f8036101dca7ee39e585"},"headline":"Denuncian abuso sexual de 37 ni\u00f1os en k\u00ednder de CDMX","datePublished":"2018-10-17T03:41:46+00:00","mainEntityOfPage":{"@id":"https:\/\/quehacerpolitico.mx\/?p=7065"},"wordCount":296,"commentCount":0,"image":{"@id":"https:\/\/quehacerpolitico.mx\/?p=7065#primaryimage"},"thumbnailUrl":"","articleSection":["CDMX"],"inLanguage":"es","potentialAction":[{"@type":"CommentAction","name":"Comment","target":["https:\/\/quehacerpolitico.mx\/?p=7065#respond"]}]},{"@type":"WebPage","@id":"https:\/\/quehacerpolitico.mx\/?p=7065","url":"https:\/\/quehacerpolitico.mx\/?p=7065","name":"Denuncian abuso sexual de 37 ni\u00f1os en k\u00ednder de CDMX -","isPartOf":{"@id":"https:\/\/quehacerpolitico.mx\/#website"},"primaryImageOfPage":{"@id":"https:\/\/quehacerpolitico.mx\/?p=7065#primaryimage"},"image":{"@id":"https:\/\/quehacerpolitico.mx\/?p=7065#primaryimage"},"thumbnailUrl":"","datePublished":"2018-10-17T03:41:46+00:00","author":{"@id":"https:\/\/quehacerpolitico.mx\/#\/schema\/person\/496d8ad2d1d3f8036101dca7ee39e585"},"breadcrumb":{"@id":"https:\/\/quehacerpolitico.mx\/?p=7065#breadcrumb"},"inLanguage":"es","potentialAction":[{"@type":"ReadAction","target":["https:\/\/quehacerpolitico.mx\/?p=7065"]}]},{"@type":"ImageObject","inLanguage":"es","@id":"https:\/\/quehacerpolitico.mx\/?p=7065#primaryimage","url":"","contentUrl":""},{"@type":"BreadcrumbList","@id":"https:\/\/quehacerpolitico.mx\/?p=7065#breadcrumb","itemListElement":[{"@type":"ListItem","position":1,"name":"Inicio","item":"https:\/\/quehacerpolitico.mx\/"},{"@type":"ListItem","position":2,"name":"Denuncian abuso sexual de 37 ni\u00f1os en k\u00ednder de CDMX"}]},{"@type":"WebSite","@id":"https:\/\/quehacerpolitico.mx\/#website","url":"https:\/\/quehacerpolitico.mx\/","name":"","description":"","potentialAction":[{"@type":"SearchAction","target":{"@type":"EntryPoint","urlTemplate":"https:\/\/quehacerpolitico.mx\/?s={search_term_string}"},"query-input":{"@type":"PropertyValueSpecification","valueRequired":true,"valueName":"search_term_string"}}],"inLanguage":"es"},{"@type":"Person","@id":"https:\/\/quehacerpolitico.mx\/#\/schema\/person\/496d8ad2d1d3f8036101dca7ee39e585","name":"Redacci\u00f3n QP","image":{"@type":"ImageObject","inLanguage":"es","@id":"https:\/\/secure.gravatar.com\/avatar\/c7164ed6fdec453195284ad24a5ae5b6e1eed2b848477fa2a4787ba9adf39a41?s=96&d=mm&r=g","url":"https:\/\/secure.gravatar.com\/avatar\/c7164ed6fdec453195284ad24a5ae5b6e1eed2b848477fa2a4787ba9adf39a41?s=96&d=mm&r=g","contentUrl":"https:\/\/secure.gravatar.com\/avatar\/c7164ed6fdec453195284ad24a5ae5b6e1eed2b848477fa2a4787ba9adf39a41?s=96&d=mm&r=g","caption":"Redacci\u00f3n QP"},"url":"https:\/\/quehacerpolitico.mx\/?author=2"}]}},"featured_image_urls":{"full":"","thumbnail":"","medium":"","medium_large":"","large":"","1536x1536":"","2048x2048":"","covernews-featured":"","covernews-medium":""},"author_info":{"display_name":"Redacci\u00f3n QP","author_link":"https:\/\/quehacerpolitico.mx\/?author=2"},"category_info":"<a href=\"https:\/\/quehacerpolitico.mx\/?cat=55\" rel=\"category\">CDMX<\/a>","tag_info":"CDMX","comment_count":"0","_links":{"self":[{"href":"https:\/\/quehacerpolitico.mx\/index.php?rest_route=\/wp\/v2\/posts\/7065","targetHints":{"allow":["GET"]}}],"collection":[{"href":"https:\/\/quehacerpolitico.mx\/index.php?rest_route=\/wp\/v2\/posts"}],"about":[{"href":"https:\/\/quehacerpolitico.mx\/index.php?rest_route=\/wp\/v2\/types\/post"}],"author":[{"embeddable":true,"href":"https:\/\/quehacerpolitico.mx\/index.php?rest_route=\/wp\/v2\/users\/2"}],"replies":[{"embeddable":true,"href":"https:\/\/quehacerpolitico.mx\/index.php?rest_route=%2Fwp%2Fv2%2Fcomments&post=7065"}],"version-history":[{"count":0,"href":"https:\/\/quehacerpolitico.mx\/index.php?rest_route=\/wp\/v2\/posts\/7065\/revisions"}],"wp:featuredmedia":[{"embeddable":true,"href":"https:\/\/quehacerpolitico.mx\/index.php?rest_route=\/"}],"wp:attachment":[{"href":"https:\/\/quehacerpolitico.mx\/index.php?rest_route=%2Fwp%2Fv2%2Fmedia&parent=7065"}],"wp:term":[{"taxonomy":"category","embeddable":true,"href":"https:\/\/quehacerpolitico.mx\/index.php?rest_route=%2Fwp%2Fv2%2Fcategories&post=7065"},{"taxonomy":"post_tag","embeddable":true,"href":"https:\/\/quehacerpolitico.mx\/index.php?rest_route=%2Fwp%2Fv2%2Ftags&post=7065"}],"curies":[{"name":"wp","href":"https:\/\/api.w.org\/{rel}","templated":true}]}}