{"id":7061,"date":"2018-10-17T03:29:44","date_gmt":"2018-10-17T03:29:44","guid":{"rendered":"http:\/\/quehacerpolitico.mx\/otra-vez-ecatepec-otra-vez-en-jardines-de-morelos-hallan-a-una-mujer-mutilada-y-asesinada\/"},"modified":"2018-10-17T03:29:44","modified_gmt":"2018-10-17T03:29:44","slug":"otra-vez-ecatepec-otra-vez-en-jardines-de-morelos-hallan-a-una-mujer-mutilada-y-asesinada","status":"publish","type":"post","link":"https:\/\/quehacerpolitico.mx\/?p=7061","title":{"rendered":"Otra vez Ecatepec, otra vez en Jardines de Morelos: hallan a una mujer mutilada y asesinada"},"content":{"rendered":"<p><strong>Una mujer fue asesinada<\/strong>, mutilada y lanzada hoy a la calle en Jardines de Morelos, en Ecatepec, Estado de M\u00e9xico, en donde fueron detenidos <strong>Juan Carlos \u201cN\u201d y Patricia \u201cN\u201d<\/strong> por el presunto asesinato de al menos diez mujeres. La colonia ha tenido una fuerte presencia de medios nacionales e internacionales, as\u00ed como de agentes de la polic\u00eda. Y a\u00fan as\u00ed, el o los criminales pudieron acabar con su vida y adem\u00e1s lanzarla en una bolsa de pl\u00e1stico.<\/p>\n<blockquote>\n<p>Ecatepec es uno de los municipios en donde m\u00e1s creci\u00f3 la criminalidad en los \u00faltimos 10 a\u00f1os. Los homicidios, los secuestros, el robo, los asaltos y los feminicidios alcanzaron niveles hist\u00f3ricos mientras estuvo en la gubernatura Eruviel \u00c1vila, del Partido Revolucionario Institucional (PRI), un pol\u00edtico que naci\u00f3 all\u00ed y que, en teor\u00eda, all\u00ed sigue radicando. \u00c1vila es en la actualidad Senador de la Rep\u00fablica por el mismo partido del Presidente Enrique Pe\u00f1a Nieto, otro ex Mandatario de esa entidad.<\/p>\n<\/blockquote>\n<p>Embolsado fue hallado el cuerpo sin vida y en estado de descomposici\u00f3n de una mujer, en calles de la colonia Jardines de Morelos Quinta Secci\u00f3n.\u00a0Fue cerca de las 10:00 horas cuando vecinos de la calle Tlalnepantla dieron parte a las autoridades luego de ver que escurr\u00eda sangre del bulto abandonado.<\/p>\n<p>Polic\u00edas llegaron al lugar y ratificaron el hallazgo de partes humanas dentro una bolsa de pl\u00e1stico color negro, frente al domicilio marcado con la manzana 39 lote 51, casi esquina con avenida Morelia Sur, y procedieron acordonar el \u00e1rea.<\/p>\n<p>Personal de la fiscal\u00eda se present\u00f3 a la zona y tras realizar los peritajes, verific\u00f3 que se trataba del cuerpo de una mujer, que ya ten\u00eda varios d\u00edas de haber sido privada de la vida y cuyo cad\u00e1ver fue trasladado al Servicio M\u00e9dico Forense (Semefo) de San Crist\u00f3bal centro.<\/p>\n<blockquote>\n<p>Hoy, un Juez del Distrito Judicial de Ecatepec vincul\u00f3 a proceso a\u00a0<strong>Juan Carlos \u201cN\u201d<\/strong>\u00a0y a\u00a0<strong>Patricia \u201cN\u201d<\/strong>, por el delito de feminicidio de\u00a0<strong>Nancy<\/strong>, una mujer de 28 a\u00f1os quien fue reportada como desaparecida en la colonia\u00a0<strong>Jardines de Morelos<\/strong>, en\u00a0<strong>Ecatepec<\/strong>, el pasado 6 de septiembre.<\/p>\n<\/blockquote>\n<p>En una audiencia realizada esta tarde, \u200bel Juez determin\u00f3 que los elementos de prueba recabados y aportados por el Agente del Ministerio P\u00fablico fueron determinantes para iniciar un proceso legal en contra de los sospechosos y confirm\u00f3 la medida cautelar de prisi\u00f3n preventiva.<\/p>\n<p>Los presuntos feminicidas dijeron que, despu\u00e9s de matar y desmembrar a Nancy Noem\u00ed, joven reportada como desaparecida el 6 de septiembre, cocinaron los restos.<\/p>\n<p>Adem\u00e1s, Juan Carlos declar\u00f3 que su objetivo era matar a m\u00e1s de cien mujeres, pero \u201cllevaba muy poquitas\u201d.\u00a0Medios nacionales consignan que la pareja utilizaba un cuchillo para degollar a sus v\u00edctimas.<\/p>\n<p>Se espera que la pareja de Juan Carlos y Patricia reciban imputaciones por cada uno de los delitos presuntamente cometidos, incluidos los feminicidios.<\/p>\n<p>Los sospechosos fueron detenidos el pasado 4 de octubre en la colonia Jardines de Morelos, municipio de Ecatepec, cuando llevaban una carriola en la que transportaban restos humanos.<\/p>\n<p>A ra\u00edz de su detenci\u00f3n se registraron dos domicilios en Ecatepec, donde hallaron 8 cubetas de pl\u00e1stico de 20 litros cada una en cuyo interior hab\u00eda restos humanos cubiertos con cemento y un frigor\u00edfico con restos congelados envueltos en bolsas pl\u00e1sticas.<\/p>\n<p>Adem\u00e1s, la Fiscal\u00eda rescat\u00f3 al beb\u00e9 de dos meses de una mujer que presuntamente fue asesinada por la pareja y que hab\u00eda sido vendida a otras personas, que han sido detenidas y que este viernes fue acusada formalmente del delito de trata de personas en la modalidad de adopci\u00f3n ilegal.<\/p>\n<p>Un juez mexicano determin\u00f3 iniciar el proceso legal en contra de esta pareja y fij\u00f3 un plazo de dos meses para el cierre de investigaci\u00f3n, durante los cuales ellos permanecer\u00e1n en prisi\u00f3n, indic\u00f3 la Fiscal\u00eda.<\/p>\n<p>Con Informaci\u00f3n de A Fondo EdoMex\u00a0<\/p>\n","protected":false},"excerpt":{"rendered":"<p>Otra vez Ecatepec, otra vez en Jardines de Morelos: hallan a una mujer mutilada y asesinada<br \/>\nPor Redacci\u00f3n QP<\/p>\n","protected":false},"author":2,"featured_media":7060,"comment_status":"open","ping_status":"open","sticky":false,"template":"","format":"standard","meta":{"_monsterinsights_skip_tracking":false,"_monsterinsights_sitenote_active":false,"_monsterinsights_sitenote_note":"","_monsterinsights_sitenote_category":0,"footnotes":""},"categories":[2],"tags":[],"class_list":["post-7061","post","type-post","status-publish","format-standard","has-post-thumbnail","hentry","category-noticias"],"yoast_head":"<!-- This site is optimized with the Yoast SEO plugin v27.3 - https:\/\/yoast.com\/product\/yoast-seo-wordpress\/ -->\n<title>Otra vez Ecatepec, otra vez en Jardines de Morelos: hallan a una mujer mutilada y asesinada -<\/title>\n<meta name=\"robots\" content=\"index, follow, max-snippet:-1, max-image-preview:large, max-video-preview:-1\" \/>\n<link rel=\"canonical\" href=\"https:\/\/quehacerpolitico.mx\/?p=7061\" \/>\n<meta property=\"og:locale\" content=\"es_MX\" \/>\n<meta property=\"og:type\" content=\"article\" \/>\n<meta property=\"og:title\" content=\"Otra vez Ecatepec, otra vez en Jardines de Morelos: hallan a una mujer mutilada y asesinada -\" \/>\n<meta property=\"og:description\" content=\"Otra vez Ecatepec, otra vez en Jardines de Morelos: hallan a una mujer mutilada y asesinada Por Redacci\u00f3n QP\" \/>\n<meta property=\"og:url\" content=\"https:\/\/quehacerpolitico.mx\/?p=7061\" \/>\n<meta property=\"article:published_time\" content=\"2018-10-17T03:29:44+00:00\" \/>\n<meta name=\"author\" content=\"Redacci\u00f3n QP\" \/>\n<meta name=\"twitter:card\" content=\"summary_large_image\" \/>\n<meta name=\"twitter:label1\" content=\"Escrito por\" \/>\n\t<meta name=\"twitter:data1\" content=\"Redacci\u00f3n QP\" \/>\n\t<meta name=\"twitter:label2\" content=\"Tiempo de lectura\" \/>\n\t<meta name=\"twitter:data2\" content=\"3 minutos\" \/>\n<script type=\"application\/ld+json\" class=\"yoast-schema-graph\">{\"@context\":\"https:\\\/\\\/schema.org\",\"@graph\":[{\"@type\":\"Article\",\"@id\":\"https:\\\/\\\/quehacerpolitico.mx\\\/?p=7061#article\",\"isPartOf\":{\"@id\":\"https:\\\/\\\/quehacerpolitico.mx\\\/?p=7061\"},\"author\":{\"name\":\"Redacci\u00f3n QP\",\"@id\":\"https:\\\/\\\/quehacerpolitico.mx\\\/#\\\/schema\\\/person\\\/496d8ad2d1d3f8036101dca7ee39e585\"},\"headline\":\"Otra vez Ecatepec, otra vez en Jardines de Morelos: hallan a una mujer mutilada y asesinada\",\"datePublished\":\"2018-10-17T03:29:44+00:00\",\"mainEntityOfPage\":{\"@id\":\"https:\\\/\\\/quehacerpolitico.mx\\\/?p=7061\"},\"wordCount\":678,\"commentCount\":0,\"image\":{\"@id\":\"https:\\\/\\\/quehacerpolitico.mx\\\/?p=7061#primaryimage\"},\"thumbnailUrl\":\"\",\"articleSection\":[\"Noticias\"],\"inLanguage\":\"es\",\"potentialAction\":[{\"@type\":\"CommentAction\",\"name\":\"Comment\",\"target\":[\"https:\\\/\\\/quehacerpolitico.mx\\\/?p=7061#respond\"]}]},{\"@type\":\"WebPage\",\"@id\":\"https:\\\/\\\/quehacerpolitico.mx\\\/?p=7061\",\"url\":\"https:\\\/\\\/quehacerpolitico.mx\\\/?p=7061\",\"name\":\"Otra vez Ecatepec, otra vez en Jardines de Morelos: hallan a una mujer mutilada y asesinada -\",\"isPartOf\":{\"@id\":\"https:\\\/\\\/quehacerpolitico.mx\\\/#website\"},\"primaryImageOfPage\":{\"@id\":\"https:\\\/\\\/quehacerpolitico.mx\\\/?p=7061#primaryimage\"},\"image\":{\"@id\":\"https:\\\/\\\/quehacerpolitico.mx\\\/?p=7061#primaryimage\"},\"thumbnailUrl\":\"\",\"datePublished\":\"2018-10-17T03:29:44+00:00\",\"author\":{\"@id\":\"https:\\\/\\\/quehacerpolitico.mx\\\/#\\\/schema\\\/person\\\/496d8ad2d1d3f8036101dca7ee39e585\"},\"breadcrumb\":{\"@id\":\"https:\\\/\\\/quehacerpolitico.mx\\\/?p=7061#breadcrumb\"},\"inLanguage\":\"es\",\"potentialAction\":[{\"@type\":\"ReadAction\",\"target\":[\"https:\\\/\\\/quehacerpolitico.mx\\\/?p=7061\"]}]},{\"@type\":\"ImageObject\",\"inLanguage\":\"es\",\"@id\":\"https:\\\/\\\/quehacerpolitico.mx\\\/?p=7061#primaryimage\",\"url\":\"\",\"contentUrl\":\"\"},{\"@type\":\"BreadcrumbList\",\"@id\":\"https:\\\/\\\/quehacerpolitico.mx\\\/?p=7061#breadcrumb\",\"itemListElement\":[{\"@type\":\"ListItem\",\"position\":1,\"name\":\"Inicio\",\"item\":\"https:\\\/\\\/quehacerpolitico.mx\\\/\"},{\"@type\":\"ListItem\",\"position\":2,\"name\":\"Otra vez Ecatepec, otra vez en Jardines de Morelos: hallan a una mujer mutilada y asesinada\"}]},{\"@type\":\"WebSite\",\"@id\":\"https:\\\/\\\/quehacerpolitico.mx\\\/#website\",\"url\":\"https:\\\/\\\/quehacerpolitico.mx\\\/\",\"name\":\"\",\"description\":\"\",\"potentialAction\":[{\"@type\":\"SearchAction\",\"target\":{\"@type\":\"EntryPoint\",\"urlTemplate\":\"https:\\\/\\\/quehacerpolitico.mx\\\/?s={search_term_string}\"},\"query-input\":{\"@type\":\"PropertyValueSpecification\",\"valueRequired\":true,\"valueName\":\"search_term_string\"}}],\"inLanguage\":\"es\"},{\"@type\":\"Person\",\"@id\":\"https:\\\/\\\/quehacerpolitico.mx\\\/#\\\/schema\\\/person\\\/496d8ad2d1d3f8036101dca7ee39e585\",\"name\":\"Redacci\u00f3n QP\",\"image\":{\"@type\":\"ImageObject\",\"inLanguage\":\"es\",\"@id\":\"https:\\\/\\\/secure.gravatar.com\\\/avatar\\\/c7164ed6fdec453195284ad24a5ae5b6e1eed2b848477fa2a4787ba9adf39a41?s=96&d=mm&r=g\",\"url\":\"https:\\\/\\\/secure.gravatar.com\\\/avatar\\\/c7164ed6fdec453195284ad24a5ae5b6e1eed2b848477fa2a4787ba9adf39a41?s=96&d=mm&r=g\",\"contentUrl\":\"https:\\\/\\\/secure.gravatar.com\\\/avatar\\\/c7164ed6fdec453195284ad24a5ae5b6e1eed2b848477fa2a4787ba9adf39a41?s=96&d=mm&r=g\",\"caption\":\"Redacci\u00f3n QP\"},\"url\":\"https:\\\/\\\/quehacerpolitico.mx\\\/?author=2\"}]}<\/script>\n<!-- \/ Yoast SEO plugin. -->","yoast_head_json":{"title":"Otra vez Ecatepec, otra vez en Jardines de Morelos: hallan a una mujer mutilada y asesinada -","robots":{"index":"index","follow":"follow","max-snippet":"max-snippet:-1","max-image-preview":"max-image-preview:large","max-video-preview":"max-video-preview:-1"},"canonical":"https:\/\/quehacerpolitico.mx\/?p=7061","og_locale":"es_MX","og_type":"article","og_title":"Otra vez Ecatepec, otra vez en Jardines de Morelos: hallan a una mujer mutilada y asesinada -","og_description":"Otra vez Ecatepec, otra vez en Jardines de Morelos: hallan a una mujer mutilada y asesinada Por Redacci\u00f3n QP","og_url":"https:\/\/quehacerpolitico.mx\/?p=7061","article_published_time":"2018-10-17T03:29:44+00:00","author":"Redacci\u00f3n QP","twitter_card":"summary_large_image","twitter_misc":{"Escrito por":"Redacci\u00f3n QP","Tiempo de lectura":"3 minutos"},"schema":{"@context":"https:\/\/schema.org","@graph":[{"@type":"Article","@id":"https:\/\/quehacerpolitico.mx\/?p=7061#article","isPartOf":{"@id":"https:\/\/quehacerpolitico.mx\/?p=7061"},"author":{"name":"Redacci\u00f3n QP","@id":"https:\/\/quehacerpolitico.mx\/#\/schema\/person\/496d8ad2d1d3f8036101dca7ee39e585"},"headline":"Otra vez Ecatepec, otra vez en Jardines de Morelos: hallan a una mujer mutilada y asesinada","datePublished":"2018-10-17T03:29:44+00:00","mainEntityOfPage":{"@id":"https:\/\/quehacerpolitico.mx\/?p=7061"},"wordCount":678,"commentCount":0,"image":{"@id":"https:\/\/quehacerpolitico.mx\/?p=7061#primaryimage"},"thumbnailUrl":"","articleSection":["Noticias"],"inLanguage":"es","potentialAction":[{"@type":"CommentAction","name":"Comment","target":["https:\/\/quehacerpolitico.mx\/?p=7061#respond"]}]},{"@type":"WebPage","@id":"https:\/\/quehacerpolitico.mx\/?p=7061","url":"https:\/\/quehacerpolitico.mx\/?p=7061","name":"Otra vez Ecatepec, otra vez en Jardines de Morelos: hallan a una mujer mutilada y asesinada -","isPartOf":{"@id":"https:\/\/quehacerpolitico.mx\/#website"},"primaryImageOfPage":{"@id":"https:\/\/quehacerpolitico.mx\/?p=7061#primaryimage"},"image":{"@id":"https:\/\/quehacerpolitico.mx\/?p=7061#primaryimage"},"thumbnailUrl":"","datePublished":"2018-10-17T03:29:44+00:00","author":{"@id":"https:\/\/quehacerpolitico.mx\/#\/schema\/person\/496d8ad2d1d3f8036101dca7ee39e585"},"breadcrumb":{"@id":"https:\/\/quehacerpolitico.mx\/?p=7061#breadcrumb"},"inLanguage":"es","potentialAction":[{"@type":"ReadAction","target":["https:\/\/quehacerpolitico.mx\/?p=7061"]}]},{"@type":"ImageObject","inLanguage":"es","@id":"https:\/\/quehacerpolitico.mx\/?p=7061#primaryimage","url":"","contentUrl":""},{"@type":"BreadcrumbList","@id":"https:\/\/quehacerpolitico.mx\/?p=7061#breadcrumb","itemListElement":[{"@type":"ListItem","position":1,"name":"Inicio","item":"https:\/\/quehacerpolitico.mx\/"},{"@type":"ListItem","position":2,"name":"Otra vez Ecatepec, otra vez en Jardines de Morelos: hallan a una mujer mutilada y asesinada"}]},{"@type":"WebSite","@id":"https:\/\/quehacerpolitico.mx\/#website","url":"https:\/\/quehacerpolitico.mx\/","name":"","description":"","potentialAction":[{"@type":"SearchAction","target":{"@type":"EntryPoint","urlTemplate":"https:\/\/quehacerpolitico.mx\/?s={search_term_string}"},"query-input":{"@type":"PropertyValueSpecification","valueRequired":true,"valueName":"search_term_string"}}],"inLanguage":"es"},{"@type":"Person","@id":"https:\/\/quehacerpolitico.mx\/#\/schema\/person\/496d8ad2d1d3f8036101dca7ee39e585","name":"Redacci\u00f3n QP","image":{"@type":"ImageObject","inLanguage":"es","@id":"https:\/\/secure.gravatar.com\/avatar\/c7164ed6fdec453195284ad24a5ae5b6e1eed2b848477fa2a4787ba9adf39a41?s=96&d=mm&r=g","url":"https:\/\/secure.gravatar.com\/avatar\/c7164ed6fdec453195284ad24a5ae5b6e1eed2b848477fa2a4787ba9adf39a41?s=96&d=mm&r=g","contentUrl":"https:\/\/secure.gravatar.com\/avatar\/c7164ed6fdec453195284ad24a5ae5b6e1eed2b848477fa2a4787ba9adf39a41?s=96&d=mm&r=g","caption":"Redacci\u00f3n QP"},"url":"https:\/\/quehacerpolitico.mx\/?author=2"}]}},"featured_image_urls":{"full":"","thumbnail":"","medium":"","medium_large":"","large":"","1536x1536":"","2048x2048":"","covernews-featured":"","covernews-medium":""},"author_info":{"display_name":"Redacci\u00f3n QP","author_link":"https:\/\/quehacerpolitico.mx\/?author=2"},"category_info":"<a href=\"https:\/\/quehacerpolitico.mx\/?cat=2\" rel=\"category\">Noticias<\/a>","tag_info":"Noticias","comment_count":"0","_links":{"self":[{"href":"https:\/\/quehacerpolitico.mx\/index.php?rest_route=\/wp\/v2\/posts\/7061","targetHints":{"allow":["GET"]}}],"collection":[{"href":"https:\/\/quehacerpolitico.mx\/index.php?rest_route=\/wp\/v2\/posts"}],"about":[{"href":"https:\/\/quehacerpolitico.mx\/index.php?rest_route=\/wp\/v2\/types\/post"}],"author":[{"embeddable":true,"href":"https:\/\/quehacerpolitico.mx\/index.php?rest_route=\/wp\/v2\/users\/2"}],"replies":[{"embeddable":true,"href":"https:\/\/quehacerpolitico.mx\/index.php?rest_route=%2Fwp%2Fv2%2Fcomments&post=7061"}],"version-history":[{"count":0,"href":"https:\/\/quehacerpolitico.mx\/index.php?rest_route=\/wp\/v2\/posts\/7061\/revisions"}],"wp:featuredmedia":[{"embeddable":true,"href":"https:\/\/quehacerpolitico.mx\/index.php?rest_route=\/"}],"wp:attachment":[{"href":"https:\/\/quehacerpolitico.mx\/index.php?rest_route=%2Fwp%2Fv2%2Fmedia&parent=7061"}],"wp:term":[{"taxonomy":"category","embeddable":true,"href":"https:\/\/quehacerpolitico.mx\/index.php?rest_route=%2Fwp%2Fv2%2Fcategories&post=7061"},{"taxonomy":"post_tag","embeddable":true,"href":"https:\/\/quehacerpolitico.mx\/index.php?rest_route=%2Fwp%2Fv2%2Ftags&post=7061"}],"curies":[{"name":"wp","href":"https:\/\/api.w.org\/{rel}","templated":true}]}}