{"id":7059,"date":"2018-10-17T03:23:48","date_gmt":"2018-10-17T03:23:48","guid":{"rendered":"http:\/\/quehacerpolitico.mx\/eu-sube-a-10-millones-de-dolares-la-recompensa-por-el-mencho-y-ya-es-el-doble-que-por-el-chapo\/"},"modified":"2018-10-17T03:23:48","modified_gmt":"2018-10-17T03:23:48","slug":"eu-sube-a-10-millones-de-dolares-la-recompensa-por-el-mencho-y-ya-es-el-doble-que-por-el-chapo","status":"publish","type":"post","link":"https:\/\/quehacerpolitico.mx\/?p=7059","title":{"rendered":"EU sube a 10 millones de d\u00f3lares la recompensa por \u201cEl Mencho\u201d y ya es el doble que por \u201cEl Chapo\u201d"},"content":{"rendered":"<p>El Gobierno de Estados Unidos ha elevado la recompensa por\u00a0<strong>Nemesio Rub\u00e9n \u201cEl Mencho\u201d Oseguera Cervantes<\/strong>, l\u00edder del <strong>C\u00e1rtel Jalisco Nueva Generaci\u00f3n (CJNG)<\/strong>, de 5 millones a 10 millones de d\u00f3lares, una de las m\u00e1s altas en este momento y adem\u00e1s, el doble de lo que ofrec\u00eda por la tercera captura de Joaqu\u00edn \u201cEl Chapo\u201d Guzm\u00e1n Loera.<\/p>\n<p>La cifra que se ofrece por \u201cEl Mencho\u201d, considerado uno de los capos m\u00e1s violentos en la historia criminal de M\u00e9xico, todav\u00eda est\u00e1 lejos de la que ofrec\u00eda Washington por Osama bin Laden, l\u00edder de Al Qaeda y adem\u00e1s inculpado por el ataque a las Torres Gemelas de Nueva York, realizado el 11 de septiembre de 2001.<\/p>\n<p>Oseguera Cervantes aprendi\u00f3 de los capos del C\u00e1rtel de Sinaloa -fundando por Joaqu\u00edn \u201cEl Chapo\u201d Guzm\u00e1n Loera-. Logr\u00f3 separarse y fundar su organizaci\u00f3n que perfeccion\u00f3 las t\u00e9cnicas usadas por el a\u00fan poderoso grupo criminal.\u00a0Su historia se asemeja a la de millones de mexicanos: naci\u00f3 en el estado de Michoac\u00e1n (Occidente), creci\u00f3 en la pobreza dentro de una huerta de aguacates, algunos dicen que en el municipio de Uruapan y otros que en Aguililla \u2013los dos con marcada presencia de los c\u00e1rteles-. Ya m\u00e1s grande emigr\u00f3 ilegalmente a Estados Unidos, donde fue detenido y deportado a M\u00e9xico.<\/p>\n<blockquote>\n<p>Entre los pocos datos que se tienen de \u00e9l est\u00e1 su fecha de nacimiento, el 17 de julio de 1966. A los 25 a\u00f1os, junto con su hermano Abraham, fue detenido en Sacramento, California, en EEUU, por tr\u00e1fico de hero\u00edna, a los tres fue dejado en libertad condicional, pero deportado a M\u00e9xico, donde se desempe\u00f1\u00f3 como agente de polic\u00eda en Cabo Corrientes y Tomatl\u00e1n, en el estado de Jalisco. Sin embargo, finalmente abandon\u00f3 la polic\u00eda para unirse al llamado Cartel del Milenio, un viejo aliado del de Sinaloa.<\/p>\n<\/blockquote>\n<p>Desde entonces, \u201cEl Mencho\u201d ha venido construyendo una leyenda de sangre. Tambi\u00e9n M\u00e9xico ofrece por \u00e9l una recompensa de las m\u00e1s grandes: 30 millones de pesos.<\/p>\n<p>La administraci\u00f3n de Donald Trump se\u00f1al\u00f3 hoy que existen 15 nuevas acusaciones contra la organizaci\u00f3n criminal que comanda \u201cEl Mencho\u201d, un hombre relativamente joven que empez\u00f3 a vincularse con el tr\u00e1fico de drogas en Estados Unidos y que luego migr\u00f3 a M\u00e9xico, en donde, a partir del asesinato de Ignacio \u201cNacho\u201d Coronel en Guadalajara, Jalisco, inici\u00f3 una carrera ascendente en el crimen organizado hasta fundar un c\u00e1rtel propio.<\/p>\n<p>El C\u00e1rtel Jalisco Nueva Generaci\u00f3n es considerado en este momento el m\u00e1s poderoso de todos los existentes tras la fragmentaci\u00f3n que provoc\u00f3 Felipe Calder\u00f3n Hinojosa al lanzar la \u201cguerra contra las drogas\u201d en diciembre de 2006.<\/p>\n<blockquote class=\"twitter-tweet\" data-width=\"550\" data-dnt=\"true\">\n<p lang=\"en\" dir=\"ltr\">CAPTURE REWARD INCREASE TO $10 MILLION!! Have you seen El Mencho? <a href=\"https:\/\/twitter.com\/DEALOSANGELES?ref_src=twsrc%5Etfw\">@DEALOSANGELES<\/a> and <a href=\"https:\/\/twitter.com\/StateDept?ref_src=twsrc%5Etfw\">@StateDept<\/a> are offering up to $10 million for info leading to the capture of El Mencho. If you know this person use contact info below and speak with an agent from <a href=\"https:\/\/twitter.com\/DEALOSANGELES?ref_src=twsrc%5Etfw\">@DEALOSANGELES<\/a>! <a href=\"https:\/\/twitter.com\/hashtag\/cjng?src=hash&amp;ref_src=twsrc%5Etfw\">#cjng<\/a> <a href=\"https:\/\/twitter.com\/StateINL?ref_src=twsrc%5Etfw\">@StateINL<\/a> <a href=\"https:\/\/t.co\/fHqZHXaRDq\">pic.twitter.com\/fHqZHXaRDq<\/a><\/p>\n<p>&mdash; DEALosAngeles (@DEALOSANGELES) <a href=\"https:\/\/twitter.com\/DEALOSANGELES\/status\/1052277521293762560?ref_src=twsrc%5Etfw\">October 16, 2018<\/a><\/p><\/blockquote>\n<p><script async src=\"https:\/\/platform.twitter.com\/widgets.js\" charset=\"utf-8\"><\/script><\/p>\n<p>\u201cEsta es una de las m\u00e1s altas que tenemos. Esperamos que esta recompensa al final juegue un papel vital en traer a \u2018El Mencho\u2019 ante la justicia\u201d, dijo Kirsten Madison, la Subsecretaria de Estado para Asuntos de Aplicaci\u00f3n de la Ley del Departamento de Estado de Estados Unidos.<\/p>\n<p>Tambi\u00e9n se anunci\u00f3 que por informaci\u00f3n que lleve a la captura de\u00a0\u00c9rick Valencia Salazar, \u201cEl 85\u201d, otro de los presuntos l\u00edderes del CJNG, se dar\u00e1n 5 millones de d\u00f3lares.<\/p>\n<p>La guardia personal del poderoso narcotraficante Rub\u00e9n Nemesio Oseguera Cervantes, conocido como\u00a0<strong>\u201cEl Mencho\u201d<\/strong>, habr\u00eda<strong>\u00a0impedido su arresto<\/strong>durante un enfrentamiento fortuito con polic\u00edas y miembros del Ej\u00e9rcito mexicano, inform\u00f3 en agosto el sitio estadounidenses de noticias\u00a0<em>Breitbart<\/em>. El medio se ha especializado en cubrir temas del crimen organizado en los \u00faltimos pocos a\u00f1os.<\/p>\n<blockquote>\n<p>\u201cUn aparente encuentro fortuito entre el Ej\u00e9rcito mexicano y el destacamento de seguridad del l\u00edder de uno de los c\u00e1rteles m\u00e1s peligrosos del pa\u00eds fue recibido con extrema violencia. Mientras ambos lados se enfrentaron,\u00a0<strong>el l\u00edder escap\u00f3<\/strong>. El enfrentamiento llega poco despu\u00e9s de que las autoridades aumentaran la recompensa ofrecida por su captura\u201d, dijo\u00a0<em>Breitbart<\/em>.<\/p>\n<\/blockquote>\n<p>El C\u00e1rtel Jalisco se ha apoderado de una gran parte del territorio nacional, sobre todo de las serran\u00edas. De ser un grupo marginal se transform\u00f3, en el sexenio de Enrique Pena Nieto, en una peligrosa fuerza criminal.<\/p>\n","protected":false},"excerpt":{"rendered":"<p>EU sube a 10 millones de d\u00f3lares la recompensa por \u201cEl Mencho\u201d y ya es el doble que por \u201cEl Chapo\u201d<br \/>\nPor Redacci\u00f3n QP<\/p>\n","protected":false},"author":2,"featured_media":7058,"comment_status":"open","ping_status":"open","sticky":false,"template":"","format":"standard","meta":{"_monsterinsights_skip_tracking":false,"_monsterinsights_sitenote_active":false,"_monsterinsights_sitenote_note":"","_monsterinsights_sitenote_category":0,"footnotes":""},"categories":[2],"tags":[],"class_list":["post-7059","post","type-post","status-publish","format-standard","has-post-thumbnail","hentry","category-noticias"],"yoast_head":"<!-- This site is optimized with the Yoast SEO plugin v27.3 - https:\/\/yoast.com\/product\/yoast-seo-wordpress\/ -->\n<title>EU sube a 10 millones de d\u00f3lares la recompensa por \u201cEl Mencho\u201d y ya es el doble que por \u201cEl Chapo\u201d -<\/title>\n<meta name=\"robots\" content=\"index, follow, max-snippet:-1, max-image-preview:large, max-video-preview:-1\" \/>\n<link rel=\"canonical\" href=\"https:\/\/quehacerpolitico.mx\/?p=7059\" \/>\n<meta property=\"og:locale\" content=\"es_MX\" \/>\n<meta property=\"og:type\" content=\"article\" \/>\n<meta property=\"og:title\" content=\"EU sube a 10 millones de d\u00f3lares la recompensa por \u201cEl Mencho\u201d y ya es el doble que por \u201cEl Chapo\u201d -\" \/>\n<meta property=\"og:description\" content=\"EU sube a 10 millones de d\u00f3lares la recompensa por \u201cEl Mencho\u201d y ya es el doble que por \u201cEl Chapo\u201d Por Redacci\u00f3n QP\" \/>\n<meta property=\"og:url\" content=\"https:\/\/quehacerpolitico.mx\/?p=7059\" \/>\n<meta property=\"article:published_time\" content=\"2018-10-17T03:23:48+00:00\" \/>\n<meta name=\"author\" content=\"Redacci\u00f3n QP\" \/>\n<meta name=\"twitter:card\" content=\"summary_large_image\" \/>\n<meta name=\"twitter:label1\" content=\"Escrito por\" \/>\n\t<meta name=\"twitter:data1\" content=\"Redacci\u00f3n QP\" \/>\n\t<meta name=\"twitter:label2\" content=\"Tiempo de lectura\" \/>\n\t<meta name=\"twitter:data2\" content=\"4 minutos\" \/>\n<script type=\"application\/ld+json\" class=\"yoast-schema-graph\">{\"@context\":\"https:\\\/\\\/schema.org\",\"@graph\":[{\"@type\":\"Article\",\"@id\":\"https:\\\/\\\/quehacerpolitico.mx\\\/?p=7059#article\",\"isPartOf\":{\"@id\":\"https:\\\/\\\/quehacerpolitico.mx\\\/?p=7059\"},\"author\":{\"name\":\"Redacci\u00f3n QP\",\"@id\":\"https:\\\/\\\/quehacerpolitico.mx\\\/#\\\/schema\\\/person\\\/496d8ad2d1d3f8036101dca7ee39e585\"},\"headline\":\"EU sube a 10 millones de d\u00f3lares la recompensa por \u201cEl Mencho\u201d y ya es el doble que por \u201cEl Chapo\u201d\",\"datePublished\":\"2018-10-17T03:23:48+00:00\",\"mainEntityOfPage\":{\"@id\":\"https:\\\/\\\/quehacerpolitico.mx\\\/?p=7059\"},\"wordCount\":735,\"commentCount\":0,\"image\":{\"@id\":\"https:\\\/\\\/quehacerpolitico.mx\\\/?p=7059#primaryimage\"},\"thumbnailUrl\":\"\",\"articleSection\":[\"Noticias\"],\"inLanguage\":\"es\",\"potentialAction\":[{\"@type\":\"CommentAction\",\"name\":\"Comment\",\"target\":[\"https:\\\/\\\/quehacerpolitico.mx\\\/?p=7059#respond\"]}]},{\"@type\":\"WebPage\",\"@id\":\"https:\\\/\\\/quehacerpolitico.mx\\\/?p=7059\",\"url\":\"https:\\\/\\\/quehacerpolitico.mx\\\/?p=7059\",\"name\":\"EU sube a 10 millones de d\u00f3lares la recompensa por \u201cEl Mencho\u201d y ya es el doble que por \u201cEl Chapo\u201d -\",\"isPartOf\":{\"@id\":\"https:\\\/\\\/quehacerpolitico.mx\\\/#website\"},\"primaryImageOfPage\":{\"@id\":\"https:\\\/\\\/quehacerpolitico.mx\\\/?p=7059#primaryimage\"},\"image\":{\"@id\":\"https:\\\/\\\/quehacerpolitico.mx\\\/?p=7059#primaryimage\"},\"thumbnailUrl\":\"\",\"datePublished\":\"2018-10-17T03:23:48+00:00\",\"author\":{\"@id\":\"https:\\\/\\\/quehacerpolitico.mx\\\/#\\\/schema\\\/person\\\/496d8ad2d1d3f8036101dca7ee39e585\"},\"breadcrumb\":{\"@id\":\"https:\\\/\\\/quehacerpolitico.mx\\\/?p=7059#breadcrumb\"},\"inLanguage\":\"es\",\"potentialAction\":[{\"@type\":\"ReadAction\",\"target\":[\"https:\\\/\\\/quehacerpolitico.mx\\\/?p=7059\"]}]},{\"@type\":\"ImageObject\",\"inLanguage\":\"es\",\"@id\":\"https:\\\/\\\/quehacerpolitico.mx\\\/?p=7059#primaryimage\",\"url\":\"\",\"contentUrl\":\"\"},{\"@type\":\"BreadcrumbList\",\"@id\":\"https:\\\/\\\/quehacerpolitico.mx\\\/?p=7059#breadcrumb\",\"itemListElement\":[{\"@type\":\"ListItem\",\"position\":1,\"name\":\"Inicio\",\"item\":\"https:\\\/\\\/quehacerpolitico.mx\\\/\"},{\"@type\":\"ListItem\",\"position\":2,\"name\":\"EU sube a 10 millones de d\u00f3lares la recompensa por \u201cEl Mencho\u201d y ya es el doble que por \u201cEl Chapo\u201d\"}]},{\"@type\":\"WebSite\",\"@id\":\"https:\\\/\\\/quehacerpolitico.mx\\\/#website\",\"url\":\"https:\\\/\\\/quehacerpolitico.mx\\\/\",\"name\":\"\",\"description\":\"\",\"potentialAction\":[{\"@type\":\"SearchAction\",\"target\":{\"@type\":\"EntryPoint\",\"urlTemplate\":\"https:\\\/\\\/quehacerpolitico.mx\\\/?s={search_term_string}\"},\"query-input\":{\"@type\":\"PropertyValueSpecification\",\"valueRequired\":true,\"valueName\":\"search_term_string\"}}],\"inLanguage\":\"es\"},{\"@type\":\"Person\",\"@id\":\"https:\\\/\\\/quehacerpolitico.mx\\\/#\\\/schema\\\/person\\\/496d8ad2d1d3f8036101dca7ee39e585\",\"name\":\"Redacci\u00f3n QP\",\"image\":{\"@type\":\"ImageObject\",\"inLanguage\":\"es\",\"@id\":\"https:\\\/\\\/secure.gravatar.com\\\/avatar\\\/c7164ed6fdec453195284ad24a5ae5b6e1eed2b848477fa2a4787ba9adf39a41?s=96&d=mm&r=g\",\"url\":\"https:\\\/\\\/secure.gravatar.com\\\/avatar\\\/c7164ed6fdec453195284ad24a5ae5b6e1eed2b848477fa2a4787ba9adf39a41?s=96&d=mm&r=g\",\"contentUrl\":\"https:\\\/\\\/secure.gravatar.com\\\/avatar\\\/c7164ed6fdec453195284ad24a5ae5b6e1eed2b848477fa2a4787ba9adf39a41?s=96&d=mm&r=g\",\"caption\":\"Redacci\u00f3n QP\"},\"url\":\"https:\\\/\\\/quehacerpolitico.mx\\\/?author=2\"}]}<\/script>\n<!-- \/ Yoast SEO plugin. -->","yoast_head_json":{"title":"EU sube a 10 millones de d\u00f3lares la recompensa por \u201cEl Mencho\u201d y ya es el doble que por \u201cEl Chapo\u201d -","robots":{"index":"index","follow":"follow","max-snippet":"max-snippet:-1","max-image-preview":"max-image-preview:large","max-video-preview":"max-video-preview:-1"},"canonical":"https:\/\/quehacerpolitico.mx\/?p=7059","og_locale":"es_MX","og_type":"article","og_title":"EU sube a 10 millones de d\u00f3lares la recompensa por \u201cEl Mencho\u201d y ya es el doble que por \u201cEl Chapo\u201d -","og_description":"EU sube a 10 millones de d\u00f3lares la recompensa por \u201cEl Mencho\u201d y ya es el doble que por \u201cEl Chapo\u201d Por Redacci\u00f3n QP","og_url":"https:\/\/quehacerpolitico.mx\/?p=7059","article_published_time":"2018-10-17T03:23:48+00:00","author":"Redacci\u00f3n QP","twitter_card":"summary_large_image","twitter_misc":{"Escrito por":"Redacci\u00f3n QP","Tiempo de lectura":"4 minutos"},"schema":{"@context":"https:\/\/schema.org","@graph":[{"@type":"Article","@id":"https:\/\/quehacerpolitico.mx\/?p=7059#article","isPartOf":{"@id":"https:\/\/quehacerpolitico.mx\/?p=7059"},"author":{"name":"Redacci\u00f3n QP","@id":"https:\/\/quehacerpolitico.mx\/#\/schema\/person\/496d8ad2d1d3f8036101dca7ee39e585"},"headline":"EU sube a 10 millones de d\u00f3lares la recompensa por \u201cEl Mencho\u201d y ya es el doble que por \u201cEl Chapo\u201d","datePublished":"2018-10-17T03:23:48+00:00","mainEntityOfPage":{"@id":"https:\/\/quehacerpolitico.mx\/?p=7059"},"wordCount":735,"commentCount":0,"image":{"@id":"https:\/\/quehacerpolitico.mx\/?p=7059#primaryimage"},"thumbnailUrl":"","articleSection":["Noticias"],"inLanguage":"es","potentialAction":[{"@type":"CommentAction","name":"Comment","target":["https:\/\/quehacerpolitico.mx\/?p=7059#respond"]}]},{"@type":"WebPage","@id":"https:\/\/quehacerpolitico.mx\/?p=7059","url":"https:\/\/quehacerpolitico.mx\/?p=7059","name":"EU sube a 10 millones de d\u00f3lares la recompensa por \u201cEl Mencho\u201d y ya es el doble que por \u201cEl Chapo\u201d -","isPartOf":{"@id":"https:\/\/quehacerpolitico.mx\/#website"},"primaryImageOfPage":{"@id":"https:\/\/quehacerpolitico.mx\/?p=7059#primaryimage"},"image":{"@id":"https:\/\/quehacerpolitico.mx\/?p=7059#primaryimage"},"thumbnailUrl":"","datePublished":"2018-10-17T03:23:48+00:00","author":{"@id":"https:\/\/quehacerpolitico.mx\/#\/schema\/person\/496d8ad2d1d3f8036101dca7ee39e585"},"breadcrumb":{"@id":"https:\/\/quehacerpolitico.mx\/?p=7059#breadcrumb"},"inLanguage":"es","potentialAction":[{"@type":"ReadAction","target":["https:\/\/quehacerpolitico.mx\/?p=7059"]}]},{"@type":"ImageObject","inLanguage":"es","@id":"https:\/\/quehacerpolitico.mx\/?p=7059#primaryimage","url":"","contentUrl":""},{"@type":"BreadcrumbList","@id":"https:\/\/quehacerpolitico.mx\/?p=7059#breadcrumb","itemListElement":[{"@type":"ListItem","position":1,"name":"Inicio","item":"https:\/\/quehacerpolitico.mx\/"},{"@type":"ListItem","position":2,"name":"EU sube a 10 millones de d\u00f3lares la recompensa por \u201cEl Mencho\u201d y ya es el doble que por \u201cEl Chapo\u201d"}]},{"@type":"WebSite","@id":"https:\/\/quehacerpolitico.mx\/#website","url":"https:\/\/quehacerpolitico.mx\/","name":"","description":"","potentialAction":[{"@type":"SearchAction","target":{"@type":"EntryPoint","urlTemplate":"https:\/\/quehacerpolitico.mx\/?s={search_term_string}"},"query-input":{"@type":"PropertyValueSpecification","valueRequired":true,"valueName":"search_term_string"}}],"inLanguage":"es"},{"@type":"Person","@id":"https:\/\/quehacerpolitico.mx\/#\/schema\/person\/496d8ad2d1d3f8036101dca7ee39e585","name":"Redacci\u00f3n QP","image":{"@type":"ImageObject","inLanguage":"es","@id":"https:\/\/secure.gravatar.com\/avatar\/c7164ed6fdec453195284ad24a5ae5b6e1eed2b848477fa2a4787ba9adf39a41?s=96&d=mm&r=g","url":"https:\/\/secure.gravatar.com\/avatar\/c7164ed6fdec453195284ad24a5ae5b6e1eed2b848477fa2a4787ba9adf39a41?s=96&d=mm&r=g","contentUrl":"https:\/\/secure.gravatar.com\/avatar\/c7164ed6fdec453195284ad24a5ae5b6e1eed2b848477fa2a4787ba9adf39a41?s=96&d=mm&r=g","caption":"Redacci\u00f3n QP"},"url":"https:\/\/quehacerpolitico.mx\/?author=2"}]}},"featured_image_urls":{"full":"","thumbnail":"","medium":"","medium_large":"","large":"","1536x1536":"","2048x2048":"","covernews-featured":"","covernews-medium":""},"author_info":{"display_name":"Redacci\u00f3n QP","author_link":"https:\/\/quehacerpolitico.mx\/?author=2"},"category_info":"<a href=\"https:\/\/quehacerpolitico.mx\/?cat=2\" rel=\"category\">Noticias<\/a>","tag_info":"Noticias","comment_count":"0","_links":{"self":[{"href":"https:\/\/quehacerpolitico.mx\/index.php?rest_route=\/wp\/v2\/posts\/7059","targetHints":{"allow":["GET"]}}],"collection":[{"href":"https:\/\/quehacerpolitico.mx\/index.php?rest_route=\/wp\/v2\/posts"}],"about":[{"href":"https:\/\/quehacerpolitico.mx\/index.php?rest_route=\/wp\/v2\/types\/post"}],"author":[{"embeddable":true,"href":"https:\/\/quehacerpolitico.mx\/index.php?rest_route=\/wp\/v2\/users\/2"}],"replies":[{"embeddable":true,"href":"https:\/\/quehacerpolitico.mx\/index.php?rest_route=%2Fwp%2Fv2%2Fcomments&post=7059"}],"version-history":[{"count":0,"href":"https:\/\/quehacerpolitico.mx\/index.php?rest_route=\/wp\/v2\/posts\/7059\/revisions"}],"wp:featuredmedia":[{"embeddable":true,"href":"https:\/\/quehacerpolitico.mx\/index.php?rest_route=\/"}],"wp:attachment":[{"href":"https:\/\/quehacerpolitico.mx\/index.php?rest_route=%2Fwp%2Fv2%2Fmedia&parent=7059"}],"wp:term":[{"taxonomy":"category","embeddable":true,"href":"https:\/\/quehacerpolitico.mx\/index.php?rest_route=%2Fwp%2Fv2%2Fcategories&post=7059"},{"taxonomy":"post_tag","embeddable":true,"href":"https:\/\/quehacerpolitico.mx\/index.php?rest_route=%2Fwp%2Fv2%2Ftags&post=7059"}],"curies":[{"name":"wp","href":"https:\/\/api.w.org\/{rel}","templated":true}]}}