{"id":7055,"date":"2018-10-17T03:08:36","date_gmt":"2018-10-17T03:08:36","guid":{"rendered":"http:\/\/quehacerpolitico.mx\/el-colectivo-solecito-recibe-el-premio-notre-dame-de-2018-otorgado-por-universidad-de-eu\/"},"modified":"2018-10-17T03:08:36","modified_gmt":"2018-10-17T03:08:36","slug":"el-colectivo-solecito-recibe-el-premio-notre-dame-de-2018-otorgado-por-universidad-de-eu","status":"publish","type":"post","link":"https:\/\/quehacerpolitico.mx\/?p=7055","title":{"rendered":"El \u201cColectivo Solecito\u201d recibe el premio Notre Dame de 2018, otorgado por Universidad de EU"},"content":{"rendered":"<p>Un grupo de <strong>madres mexicanas<\/strong> que durante a\u00f1os han conducido una <strong>b\u00fasqueda incesante de sus seres queridos<\/strong> desaparecidos recibi\u00f3 el premio Notre Dame de 2018, otorgado por la Universidad de Notre Dame.<\/p>\n<p>El grupo voluntario conocido como <strong>\u201cColectivo Solecito\u201d<\/strong> ha hallado fosas clandestinas con los restos de cientos de v\u00edctimas en el estado mexicano de Veracruz, ubicado en la costa del Golfo de M\u00e9xico.<\/p>\n<p>El presidente de la universidad, el reverendo John I. Jenkins, particip\u00f3 en una misa realizada el lunes en uno de los sitios donde encontraron las fosas.<\/p>\n<blockquote>\n<p>El religioso entreg\u00f3 el premio tambi\u00e9n el lunes a las integrantes del grupo por hacer todo lo necesario _desde recaudar fondos hasta recorrer el campo en busca de fosas clandestinas_ para encontrar a sus seres queridos, y dijo que destacaron por \u201cnegarse a guardar silencio\u2026 por su tenacidad y por su fe\u201d.<\/p>\n<\/blockquote>\n<p>Luc\u00eda D\u00edaz, una de las dirigentes del grupo, se uni\u00f3 a las labores de b\u00fasqueda luego de que su hijo, Guillermo Lagunes, fue secuestrado en su casa en 2013. Nunca hallaron rastros de \u00e9l. Pero adem\u00e1s de su p\u00e9rdida, D\u00edaz relat\u00f3 el trabajo desgastante de acudir a las oficinas gubernamentales a cargo de investigar las desapariciones sin ver progreso alguno.<\/p>\n<blockquote>\n<p>\u201cPronto nos damos cuenta de que las autoridades no los van a buscar\u201d, dijo D\u00edaz. \u201cEllos no los van a encontrar e incluso podr\u00edan estar involucrados con los que se los llevaron\u201d.<\/p>\n<\/blockquote>\n<p>Las organizaciones de narcotraficantes y secuestradores en M\u00e9xico han utilizado las fosas para esconder los cuerpos de sus v\u00edctimas. Cerca de 37 mil personas est\u00e1n reportadas como desaparecidas en el pa\u00eds. Debido a la falta de procedimientos policiales modernos, pocos cuerpos que fueron encontrados se han identificado.<\/p>\n<p>Aunque \u201cColectivo Solecito\u201d contin\u00faa buscando sitios donde pueda haber fosas, el grupo tambi\u00e9n se est\u00e1 enfocando en presionar a las autoridades para identificar los cuerpos que se han encontrado hasta la fecha.<\/p>\n<p>\u201cActualmente, existe la oportunidad de saber la verdad detr\u00e1s de tantas muertes\u201d, coment\u00f3 Jenkins. \u201cIncluso hay una oportunidad de hacer justicia y sanar\u201d.<\/p>\n<p>El premio Notre Dame reconoce las labores humanitarias a nivel internacional. La Madre Teresa de Calcuta fue una de las galardonadas.<\/p>\n<p>Con Informaci\u00f3n de AP<\/p>\n","protected":false},"excerpt":{"rendered":"<p>El \u201cColectivo Solecito\u201d recibe el premio Notre Dame de 2018, otorgado por Universidad de EU<br \/>\nPor Redacci\u00f3n QP<\/p>\n","protected":false},"author":2,"featured_media":7054,"comment_status":"open","ping_status":"open","sticky":false,"template":"","format":"standard","meta":{"_monsterinsights_skip_tracking":false,"_monsterinsights_sitenote_active":false,"_monsterinsights_sitenote_note":"","_monsterinsights_sitenote_category":0,"footnotes":""},"categories":[2],"tags":[],"class_list":["post-7055","post","type-post","status-publish","format-standard","has-post-thumbnail","hentry","category-noticias"],"yoast_head":"<!-- This site is optimized with the Yoast SEO plugin v27.3 - https:\/\/yoast.com\/product\/yoast-seo-wordpress\/ -->\n<title>El \u201cColectivo Solecito\u201d recibe el premio Notre Dame de 2018, otorgado por Universidad de EU -<\/title>\n<meta name=\"robots\" content=\"index, follow, max-snippet:-1, max-image-preview:large, max-video-preview:-1\" \/>\n<link rel=\"canonical\" href=\"https:\/\/quehacerpolitico.mx\/?p=7055\" \/>\n<meta property=\"og:locale\" content=\"es_MX\" \/>\n<meta property=\"og:type\" content=\"article\" \/>\n<meta property=\"og:title\" content=\"El \u201cColectivo Solecito\u201d recibe el premio Notre Dame de 2018, otorgado por Universidad de EU -\" \/>\n<meta property=\"og:description\" content=\"El \u201cColectivo Solecito\u201d recibe el premio Notre Dame de 2018, otorgado por Universidad de EU Por Redacci\u00f3n QP\" \/>\n<meta property=\"og:url\" content=\"https:\/\/quehacerpolitico.mx\/?p=7055\" \/>\n<meta property=\"article:published_time\" content=\"2018-10-17T03:08:36+00:00\" \/>\n<meta name=\"author\" content=\"Redacci\u00f3n QP\" \/>\n<meta name=\"twitter:card\" content=\"summary_large_image\" \/>\n<meta name=\"twitter:label1\" content=\"Escrito por\" \/>\n\t<meta name=\"twitter:data1\" content=\"Redacci\u00f3n QP\" \/>\n\t<meta name=\"twitter:label2\" content=\"Tiempo de lectura\" \/>\n\t<meta name=\"twitter:data2\" content=\"2 minutos\" \/>\n<script type=\"application\/ld+json\" class=\"yoast-schema-graph\">{\"@context\":\"https:\\\/\\\/schema.org\",\"@graph\":[{\"@type\":\"Article\",\"@id\":\"https:\\\/\\\/quehacerpolitico.mx\\\/?p=7055#article\",\"isPartOf\":{\"@id\":\"https:\\\/\\\/quehacerpolitico.mx\\\/?p=7055\"},\"author\":{\"name\":\"Redacci\u00f3n QP\",\"@id\":\"https:\\\/\\\/quehacerpolitico.mx\\\/#\\\/schema\\\/person\\\/496d8ad2d1d3f8036101dca7ee39e585\"},\"headline\":\"El \u201cColectivo Solecito\u201d recibe el premio Notre Dame de 2018, otorgado por Universidad de EU\",\"datePublished\":\"2018-10-17T03:08:36+00:00\",\"mainEntityOfPage\":{\"@id\":\"https:\\\/\\\/quehacerpolitico.mx\\\/?p=7055\"},\"wordCount\":393,\"commentCount\":0,\"image\":{\"@id\":\"https:\\\/\\\/quehacerpolitico.mx\\\/?p=7055#primaryimage\"},\"thumbnailUrl\":\"\",\"articleSection\":[\"Noticias\"],\"inLanguage\":\"es\",\"potentialAction\":[{\"@type\":\"CommentAction\",\"name\":\"Comment\",\"target\":[\"https:\\\/\\\/quehacerpolitico.mx\\\/?p=7055#respond\"]}]},{\"@type\":\"WebPage\",\"@id\":\"https:\\\/\\\/quehacerpolitico.mx\\\/?p=7055\",\"url\":\"https:\\\/\\\/quehacerpolitico.mx\\\/?p=7055\",\"name\":\"El \u201cColectivo Solecito\u201d recibe el premio Notre Dame de 2018, otorgado por Universidad de EU -\",\"isPartOf\":{\"@id\":\"https:\\\/\\\/quehacerpolitico.mx\\\/#website\"},\"primaryImageOfPage\":{\"@id\":\"https:\\\/\\\/quehacerpolitico.mx\\\/?p=7055#primaryimage\"},\"image\":{\"@id\":\"https:\\\/\\\/quehacerpolitico.mx\\\/?p=7055#primaryimage\"},\"thumbnailUrl\":\"\",\"datePublished\":\"2018-10-17T03:08:36+00:00\",\"author\":{\"@id\":\"https:\\\/\\\/quehacerpolitico.mx\\\/#\\\/schema\\\/person\\\/496d8ad2d1d3f8036101dca7ee39e585\"},\"breadcrumb\":{\"@id\":\"https:\\\/\\\/quehacerpolitico.mx\\\/?p=7055#breadcrumb\"},\"inLanguage\":\"es\",\"potentialAction\":[{\"@type\":\"ReadAction\",\"target\":[\"https:\\\/\\\/quehacerpolitico.mx\\\/?p=7055\"]}]},{\"@type\":\"ImageObject\",\"inLanguage\":\"es\",\"@id\":\"https:\\\/\\\/quehacerpolitico.mx\\\/?p=7055#primaryimage\",\"url\":\"\",\"contentUrl\":\"\"},{\"@type\":\"BreadcrumbList\",\"@id\":\"https:\\\/\\\/quehacerpolitico.mx\\\/?p=7055#breadcrumb\",\"itemListElement\":[{\"@type\":\"ListItem\",\"position\":1,\"name\":\"Inicio\",\"item\":\"https:\\\/\\\/quehacerpolitico.mx\\\/\"},{\"@type\":\"ListItem\",\"position\":2,\"name\":\"El \u201cColectivo Solecito\u201d recibe el premio Notre Dame de 2018, otorgado por Universidad de EU\"}]},{\"@type\":\"WebSite\",\"@id\":\"https:\\\/\\\/quehacerpolitico.mx\\\/#website\",\"url\":\"https:\\\/\\\/quehacerpolitico.mx\\\/\",\"name\":\"\",\"description\":\"\",\"potentialAction\":[{\"@type\":\"SearchAction\",\"target\":{\"@type\":\"EntryPoint\",\"urlTemplate\":\"https:\\\/\\\/quehacerpolitico.mx\\\/?s={search_term_string}\"},\"query-input\":{\"@type\":\"PropertyValueSpecification\",\"valueRequired\":true,\"valueName\":\"search_term_string\"}}],\"inLanguage\":\"es\"},{\"@type\":\"Person\",\"@id\":\"https:\\\/\\\/quehacerpolitico.mx\\\/#\\\/schema\\\/person\\\/496d8ad2d1d3f8036101dca7ee39e585\",\"name\":\"Redacci\u00f3n QP\",\"image\":{\"@type\":\"ImageObject\",\"inLanguage\":\"es\",\"@id\":\"https:\\\/\\\/secure.gravatar.com\\\/avatar\\\/c7164ed6fdec453195284ad24a5ae5b6e1eed2b848477fa2a4787ba9adf39a41?s=96&d=mm&r=g\",\"url\":\"https:\\\/\\\/secure.gravatar.com\\\/avatar\\\/c7164ed6fdec453195284ad24a5ae5b6e1eed2b848477fa2a4787ba9adf39a41?s=96&d=mm&r=g\",\"contentUrl\":\"https:\\\/\\\/secure.gravatar.com\\\/avatar\\\/c7164ed6fdec453195284ad24a5ae5b6e1eed2b848477fa2a4787ba9adf39a41?s=96&d=mm&r=g\",\"caption\":\"Redacci\u00f3n QP\"},\"url\":\"https:\\\/\\\/quehacerpolitico.mx\\\/?author=2\"}]}<\/script>\n<!-- \/ Yoast SEO plugin. -->","yoast_head_json":{"title":"El \u201cColectivo Solecito\u201d recibe el premio Notre Dame de 2018, otorgado por Universidad de EU -","robots":{"index":"index","follow":"follow","max-snippet":"max-snippet:-1","max-image-preview":"max-image-preview:large","max-video-preview":"max-video-preview:-1"},"canonical":"https:\/\/quehacerpolitico.mx\/?p=7055","og_locale":"es_MX","og_type":"article","og_title":"El \u201cColectivo Solecito\u201d recibe el premio Notre Dame de 2018, otorgado por Universidad de EU -","og_description":"El \u201cColectivo Solecito\u201d recibe el premio Notre Dame de 2018, otorgado por Universidad de EU Por Redacci\u00f3n QP","og_url":"https:\/\/quehacerpolitico.mx\/?p=7055","article_published_time":"2018-10-17T03:08:36+00:00","author":"Redacci\u00f3n QP","twitter_card":"summary_large_image","twitter_misc":{"Escrito por":"Redacci\u00f3n QP","Tiempo de lectura":"2 minutos"},"schema":{"@context":"https:\/\/schema.org","@graph":[{"@type":"Article","@id":"https:\/\/quehacerpolitico.mx\/?p=7055#article","isPartOf":{"@id":"https:\/\/quehacerpolitico.mx\/?p=7055"},"author":{"name":"Redacci\u00f3n QP","@id":"https:\/\/quehacerpolitico.mx\/#\/schema\/person\/496d8ad2d1d3f8036101dca7ee39e585"},"headline":"El \u201cColectivo Solecito\u201d recibe el premio Notre Dame de 2018, otorgado por Universidad de EU","datePublished":"2018-10-17T03:08:36+00:00","mainEntityOfPage":{"@id":"https:\/\/quehacerpolitico.mx\/?p=7055"},"wordCount":393,"commentCount":0,"image":{"@id":"https:\/\/quehacerpolitico.mx\/?p=7055#primaryimage"},"thumbnailUrl":"","articleSection":["Noticias"],"inLanguage":"es","potentialAction":[{"@type":"CommentAction","name":"Comment","target":["https:\/\/quehacerpolitico.mx\/?p=7055#respond"]}]},{"@type":"WebPage","@id":"https:\/\/quehacerpolitico.mx\/?p=7055","url":"https:\/\/quehacerpolitico.mx\/?p=7055","name":"El \u201cColectivo Solecito\u201d recibe el premio Notre Dame de 2018, otorgado por Universidad de EU -","isPartOf":{"@id":"https:\/\/quehacerpolitico.mx\/#website"},"primaryImageOfPage":{"@id":"https:\/\/quehacerpolitico.mx\/?p=7055#primaryimage"},"image":{"@id":"https:\/\/quehacerpolitico.mx\/?p=7055#primaryimage"},"thumbnailUrl":"","datePublished":"2018-10-17T03:08:36+00:00","author":{"@id":"https:\/\/quehacerpolitico.mx\/#\/schema\/person\/496d8ad2d1d3f8036101dca7ee39e585"},"breadcrumb":{"@id":"https:\/\/quehacerpolitico.mx\/?p=7055#breadcrumb"},"inLanguage":"es","potentialAction":[{"@type":"ReadAction","target":["https:\/\/quehacerpolitico.mx\/?p=7055"]}]},{"@type":"ImageObject","inLanguage":"es","@id":"https:\/\/quehacerpolitico.mx\/?p=7055#primaryimage","url":"","contentUrl":""},{"@type":"BreadcrumbList","@id":"https:\/\/quehacerpolitico.mx\/?p=7055#breadcrumb","itemListElement":[{"@type":"ListItem","position":1,"name":"Inicio","item":"https:\/\/quehacerpolitico.mx\/"},{"@type":"ListItem","position":2,"name":"El \u201cColectivo Solecito\u201d recibe el premio Notre Dame de 2018, otorgado por Universidad de EU"}]},{"@type":"WebSite","@id":"https:\/\/quehacerpolitico.mx\/#website","url":"https:\/\/quehacerpolitico.mx\/","name":"","description":"","potentialAction":[{"@type":"SearchAction","target":{"@type":"EntryPoint","urlTemplate":"https:\/\/quehacerpolitico.mx\/?s={search_term_string}"},"query-input":{"@type":"PropertyValueSpecification","valueRequired":true,"valueName":"search_term_string"}}],"inLanguage":"es"},{"@type":"Person","@id":"https:\/\/quehacerpolitico.mx\/#\/schema\/person\/496d8ad2d1d3f8036101dca7ee39e585","name":"Redacci\u00f3n QP","image":{"@type":"ImageObject","inLanguage":"es","@id":"https:\/\/secure.gravatar.com\/avatar\/c7164ed6fdec453195284ad24a5ae5b6e1eed2b848477fa2a4787ba9adf39a41?s=96&d=mm&r=g","url":"https:\/\/secure.gravatar.com\/avatar\/c7164ed6fdec453195284ad24a5ae5b6e1eed2b848477fa2a4787ba9adf39a41?s=96&d=mm&r=g","contentUrl":"https:\/\/secure.gravatar.com\/avatar\/c7164ed6fdec453195284ad24a5ae5b6e1eed2b848477fa2a4787ba9adf39a41?s=96&d=mm&r=g","caption":"Redacci\u00f3n QP"},"url":"https:\/\/quehacerpolitico.mx\/?author=2"}]}},"featured_image_urls":{"full":"","thumbnail":"","medium":"","medium_large":"","large":"","1536x1536":"","2048x2048":"","covernews-featured":"","covernews-medium":""},"author_info":{"display_name":"Redacci\u00f3n QP","author_link":"https:\/\/quehacerpolitico.mx\/?author=2"},"category_info":"<a href=\"https:\/\/quehacerpolitico.mx\/?cat=2\" rel=\"category\">Noticias<\/a>","tag_info":"Noticias","comment_count":"0","_links":{"self":[{"href":"https:\/\/quehacerpolitico.mx\/index.php?rest_route=\/wp\/v2\/posts\/7055","targetHints":{"allow":["GET"]}}],"collection":[{"href":"https:\/\/quehacerpolitico.mx\/index.php?rest_route=\/wp\/v2\/posts"}],"about":[{"href":"https:\/\/quehacerpolitico.mx\/index.php?rest_route=\/wp\/v2\/types\/post"}],"author":[{"embeddable":true,"href":"https:\/\/quehacerpolitico.mx\/index.php?rest_route=\/wp\/v2\/users\/2"}],"replies":[{"embeddable":true,"href":"https:\/\/quehacerpolitico.mx\/index.php?rest_route=%2Fwp%2Fv2%2Fcomments&post=7055"}],"version-history":[{"count":0,"href":"https:\/\/quehacerpolitico.mx\/index.php?rest_route=\/wp\/v2\/posts\/7055\/revisions"}],"wp:featuredmedia":[{"embeddable":true,"href":"https:\/\/quehacerpolitico.mx\/index.php?rest_route=\/"}],"wp:attachment":[{"href":"https:\/\/quehacerpolitico.mx\/index.php?rest_route=%2Fwp%2Fv2%2Fmedia&parent=7055"}],"wp:term":[{"taxonomy":"category","embeddable":true,"href":"https:\/\/quehacerpolitico.mx\/index.php?rest_route=%2Fwp%2Fv2%2Fcategories&post=7055"},{"taxonomy":"post_tag","embeddable":true,"href":"https:\/\/quehacerpolitico.mx\/index.php?rest_route=%2Fwp%2Fv2%2Ftags&post=7055"}],"curies":[{"name":"wp","href":"https:\/\/api.w.org\/{rel}","templated":true}]}}