{"id":7044,"date":"2018-10-17T00:58:19","date_gmt":"2018-10-17T00:58:19","guid":{"rendered":"http:\/\/quehacerpolitico.mx\/juan-carlos-n-y-patricia-n-son-vinculados-a-proceso-por-el-feminicidio-de-nancy-en-edomex\/"},"modified":"2018-10-17T00:58:19","modified_gmt":"2018-10-17T00:58:19","slug":"juan-carlos-n-y-patricia-n-son-vinculados-a-proceso-por-el-feminicidio-de-nancy-en-edomex","status":"publish","type":"post","link":"https:\/\/quehacerpolitico.mx\/?p=7044","title":{"rendered":"Juan Carlos \u201cN\u201d y Patricia \u201cN\u201d son vinculados a proceso por el feminicidio de Nancy en Edomex"},"content":{"rendered":"<p>Un Juez del Distrito Judicial de Ecatepec vincul\u00f3 a proceso a <strong>Juan Carlos \u201cN\u201d<\/strong> y a <strong>Patricia \u201cN\u201d<\/strong>, por el delito de feminicidio de <strong>Nancy<\/strong>, una mujer de 28 a\u00f1os quien fue reportada como desaparecida en la colonia <strong>Jardines de Morelos<\/strong>, en <strong>Ecatepec<\/strong>, el pasado 6 de septiembre.<\/p>\n<p>En una audiencia realizada esta tarde, \u200bel Juez determin\u00f3 que los elementos de prueba recabados y aportados por el Agente del Ministerio P\u00fablico fueron determinantes para iniciar un proceso legal en contra de los sospechosos y confirm\u00f3 la medida cautelar de prisi\u00f3n preventiva.<\/p>\n<p>\u200bCon esta vinculaci\u00f3n a proceso por feminicidio suman ya tres procesos legales en contra de los presuntos feminicidas.<\/p>\n<p>Esta ma\u00f1ana, la Juez de Control del reclusorio de <strong>Chiconautla<\/strong><strong> vincul\u00f3 a proceso <\/strong>a Juan Carlos \u201cN\u201d. y a Patricia \u201cN\u201d, por el delito de<strong>trata de personas.<\/strong><\/p>\n<p>Durante la audiencia efectuada el esta ma\u00f1ana, la Juez determin\u00f3 que el Ministerio P\u00fablico aport\u00f3 pruebas suficientes para que la pareja, que presuntamente asesin\u00f3 a m\u00e1s de 10 mujeres en Ecatepec, fuera vinculada a proceso.<\/p>\n<p>Durante el desahogo de pruebas, el Ministerio P\u00fablico demostr\u00f3 que Juan Carlos y Patricia pactaron la venta de la beb\u00e9 de Nancy, una de las v\u00edctimas, en 15 mil pesos. La mejor fue entregada a a Adri\u00e1n y Laura en una tienda Elektra de la colonia Jardines de Morelos.<\/p>\n<p>El 6 de septiembre Nancy acudi\u00f3 al domicilio de Juan Carlos y Patricia para revisar ropa de paca, en ese lugar fue asesinada.<\/p>\n<p>Los presuntos feminicidas dijeron que, despu\u00e9s de matar y desmembrar a Nancy Noem\u00ed cocinaron los restos.<\/p>\n<p>El pasado 4 de octubre, Juan Carlos \u201cN\u201d y Patricia \u201cN\u201d fueron detenidos luego del hallazgo de restos humanos en una vivienda ubicada en la calle Playas de Tijuana, en Jardines de Morelos, en donde viv\u00eda la pareja. La Fiscal\u00eda del Estado de M\u00e9xico inform\u00f3 que la detenci\u00f3n fue derivada de las investigaciones por la desaparici\u00f3n de tres j\u00f3venes madres en el sector: Noem\u00ed Holgu\u00edn Solorio, Arlet Samanta Hern\u00e1ndez y Evelyn.<\/p>\n<p>De acuerdo a informaci\u00f3n trascendida en medios de comunicaci\u00f3n y el video filtrado a la prensa, el imputado Juan Carlos \u201cN\u201d confes\u00f3, sin remordimientos, la comisi\u00f3n de los cr\u00edmenes a los que atribuy\u00f3 por odio a las mujeres.<\/p>\n<p>El pasado 11 de octubre, Juan Carlos \u201cN\u201d fue vinculado a proceso s\u00f3lo por delitos \u201ccontra el respeto a los muertos, violaci\u00f3n a leyes de inhumaci\u00f3n y exhumaci\u00f3n\u201d.<\/p>\n<p>https:\/\/youtu.be\/7Xy1WPqlhLU<\/p>\n","protected":false},"excerpt":{"rendered":"<p>Juan Carlos \u201cN\u201d y Patricia \u201cN\u201d son vinculados a proceso por el feminicidio de Nancy en Edomex<br \/>\nPor Redacci\u00f3n QP<\/p>\n","protected":false},"author":2,"featured_media":7043,"comment_status":"open","ping_status":"open","sticky":false,"template":"","format":"standard","meta":{"_monsterinsights_skip_tracking":false,"_monsterinsights_sitenote_active":false,"_monsterinsights_sitenote_note":"","_monsterinsights_sitenote_category":0,"footnotes":""},"categories":[2],"tags":[],"class_list":["post-7044","post","type-post","status-publish","format-standard","has-post-thumbnail","hentry","category-noticias"],"yoast_head":"<!-- This site is optimized with the Yoast SEO plugin v27.3 - https:\/\/yoast.com\/product\/yoast-seo-wordpress\/ -->\n<title>Juan Carlos \u201cN\u201d y Patricia \u201cN\u201d son vinculados a proceso por el feminicidio de Nancy en Edomex -<\/title>\n<meta name=\"robots\" content=\"index, follow, max-snippet:-1, max-image-preview:large, max-video-preview:-1\" \/>\n<link rel=\"canonical\" href=\"https:\/\/quehacerpolitico.mx\/?p=7044\" \/>\n<meta property=\"og:locale\" content=\"es_MX\" \/>\n<meta property=\"og:type\" content=\"article\" \/>\n<meta property=\"og:title\" content=\"Juan Carlos \u201cN\u201d y Patricia \u201cN\u201d son vinculados a proceso por el feminicidio de Nancy en Edomex -\" \/>\n<meta property=\"og:description\" content=\"Juan Carlos \u201cN\u201d y Patricia \u201cN\u201d son vinculados a proceso por el feminicidio de Nancy en Edomex Por Redacci\u00f3n QP\" \/>\n<meta property=\"og:url\" content=\"https:\/\/quehacerpolitico.mx\/?p=7044\" \/>\n<meta property=\"article:published_time\" content=\"2018-10-17T00:58:19+00:00\" \/>\n<meta name=\"author\" content=\"Redacci\u00f3n QP\" \/>\n<meta name=\"twitter:card\" content=\"summary_large_image\" \/>\n<meta name=\"twitter:label1\" content=\"Escrito por\" \/>\n\t<meta name=\"twitter:data1\" content=\"Redacci\u00f3n QP\" \/>\n\t<meta name=\"twitter:label2\" content=\"Tiempo de lectura\" \/>\n\t<meta name=\"twitter:data2\" content=\"2 minutos\" \/>\n<script type=\"application\/ld+json\" class=\"yoast-schema-graph\">{\"@context\":\"https:\\\/\\\/schema.org\",\"@graph\":[{\"@type\":\"Article\",\"@id\":\"https:\\\/\\\/quehacerpolitico.mx\\\/?p=7044#article\",\"isPartOf\":{\"@id\":\"https:\\\/\\\/quehacerpolitico.mx\\\/?p=7044\"},\"author\":{\"name\":\"Redacci\u00f3n QP\",\"@id\":\"https:\\\/\\\/quehacerpolitico.mx\\\/#\\\/schema\\\/person\\\/496d8ad2d1d3f8036101dca7ee39e585\"},\"headline\":\"Juan Carlos \u201cN\u201d y Patricia \u201cN\u201d son vinculados a proceso por el feminicidio de Nancy en Edomex\",\"datePublished\":\"2018-10-17T00:58:19+00:00\",\"mainEntityOfPage\":{\"@id\":\"https:\\\/\\\/quehacerpolitico.mx\\\/?p=7044\"},\"wordCount\":439,\"commentCount\":0,\"image\":{\"@id\":\"https:\\\/\\\/quehacerpolitico.mx\\\/?p=7044#primaryimage\"},\"thumbnailUrl\":\"\",\"articleSection\":[\"Noticias\"],\"inLanguage\":\"es\",\"potentialAction\":[{\"@type\":\"CommentAction\",\"name\":\"Comment\",\"target\":[\"https:\\\/\\\/quehacerpolitico.mx\\\/?p=7044#respond\"]}]},{\"@type\":\"WebPage\",\"@id\":\"https:\\\/\\\/quehacerpolitico.mx\\\/?p=7044\",\"url\":\"https:\\\/\\\/quehacerpolitico.mx\\\/?p=7044\",\"name\":\"Juan Carlos \u201cN\u201d y Patricia \u201cN\u201d son vinculados a proceso por el feminicidio de Nancy en Edomex -\",\"isPartOf\":{\"@id\":\"https:\\\/\\\/quehacerpolitico.mx\\\/#website\"},\"primaryImageOfPage\":{\"@id\":\"https:\\\/\\\/quehacerpolitico.mx\\\/?p=7044#primaryimage\"},\"image\":{\"@id\":\"https:\\\/\\\/quehacerpolitico.mx\\\/?p=7044#primaryimage\"},\"thumbnailUrl\":\"\",\"datePublished\":\"2018-10-17T00:58:19+00:00\",\"author\":{\"@id\":\"https:\\\/\\\/quehacerpolitico.mx\\\/#\\\/schema\\\/person\\\/496d8ad2d1d3f8036101dca7ee39e585\"},\"breadcrumb\":{\"@id\":\"https:\\\/\\\/quehacerpolitico.mx\\\/?p=7044#breadcrumb\"},\"inLanguage\":\"es\",\"potentialAction\":[{\"@type\":\"ReadAction\",\"target\":[\"https:\\\/\\\/quehacerpolitico.mx\\\/?p=7044\"]}]},{\"@type\":\"ImageObject\",\"inLanguage\":\"es\",\"@id\":\"https:\\\/\\\/quehacerpolitico.mx\\\/?p=7044#primaryimage\",\"url\":\"\",\"contentUrl\":\"\"},{\"@type\":\"BreadcrumbList\",\"@id\":\"https:\\\/\\\/quehacerpolitico.mx\\\/?p=7044#breadcrumb\",\"itemListElement\":[{\"@type\":\"ListItem\",\"position\":1,\"name\":\"Inicio\",\"item\":\"https:\\\/\\\/quehacerpolitico.mx\\\/\"},{\"@type\":\"ListItem\",\"position\":2,\"name\":\"Juan Carlos \u201cN\u201d y Patricia \u201cN\u201d son vinculados a proceso por el feminicidio de Nancy en Edomex\"}]},{\"@type\":\"WebSite\",\"@id\":\"https:\\\/\\\/quehacerpolitico.mx\\\/#website\",\"url\":\"https:\\\/\\\/quehacerpolitico.mx\\\/\",\"name\":\"\",\"description\":\"\",\"potentialAction\":[{\"@type\":\"SearchAction\",\"target\":{\"@type\":\"EntryPoint\",\"urlTemplate\":\"https:\\\/\\\/quehacerpolitico.mx\\\/?s={search_term_string}\"},\"query-input\":{\"@type\":\"PropertyValueSpecification\",\"valueRequired\":true,\"valueName\":\"search_term_string\"}}],\"inLanguage\":\"es\"},{\"@type\":\"Person\",\"@id\":\"https:\\\/\\\/quehacerpolitico.mx\\\/#\\\/schema\\\/person\\\/496d8ad2d1d3f8036101dca7ee39e585\",\"name\":\"Redacci\u00f3n QP\",\"image\":{\"@type\":\"ImageObject\",\"inLanguage\":\"es\",\"@id\":\"https:\\\/\\\/secure.gravatar.com\\\/avatar\\\/c7164ed6fdec453195284ad24a5ae5b6e1eed2b848477fa2a4787ba9adf39a41?s=96&d=mm&r=g\",\"url\":\"https:\\\/\\\/secure.gravatar.com\\\/avatar\\\/c7164ed6fdec453195284ad24a5ae5b6e1eed2b848477fa2a4787ba9adf39a41?s=96&d=mm&r=g\",\"contentUrl\":\"https:\\\/\\\/secure.gravatar.com\\\/avatar\\\/c7164ed6fdec453195284ad24a5ae5b6e1eed2b848477fa2a4787ba9adf39a41?s=96&d=mm&r=g\",\"caption\":\"Redacci\u00f3n QP\"},\"url\":\"https:\\\/\\\/quehacerpolitico.mx\\\/?author=2\"}]}<\/script>\n<!-- \/ Yoast SEO plugin. -->","yoast_head_json":{"title":"Juan Carlos \u201cN\u201d y Patricia \u201cN\u201d son vinculados a proceso por el feminicidio de Nancy en Edomex -","robots":{"index":"index","follow":"follow","max-snippet":"max-snippet:-1","max-image-preview":"max-image-preview:large","max-video-preview":"max-video-preview:-1"},"canonical":"https:\/\/quehacerpolitico.mx\/?p=7044","og_locale":"es_MX","og_type":"article","og_title":"Juan Carlos \u201cN\u201d y Patricia \u201cN\u201d son vinculados a proceso por el feminicidio de Nancy en Edomex -","og_description":"Juan Carlos \u201cN\u201d y Patricia \u201cN\u201d son vinculados a proceso por el feminicidio de Nancy en Edomex Por Redacci\u00f3n QP","og_url":"https:\/\/quehacerpolitico.mx\/?p=7044","article_published_time":"2018-10-17T00:58:19+00:00","author":"Redacci\u00f3n QP","twitter_card":"summary_large_image","twitter_misc":{"Escrito por":"Redacci\u00f3n QP","Tiempo de lectura":"2 minutos"},"schema":{"@context":"https:\/\/schema.org","@graph":[{"@type":"Article","@id":"https:\/\/quehacerpolitico.mx\/?p=7044#article","isPartOf":{"@id":"https:\/\/quehacerpolitico.mx\/?p=7044"},"author":{"name":"Redacci\u00f3n QP","@id":"https:\/\/quehacerpolitico.mx\/#\/schema\/person\/496d8ad2d1d3f8036101dca7ee39e585"},"headline":"Juan Carlos \u201cN\u201d y Patricia \u201cN\u201d son vinculados a proceso por el feminicidio de Nancy en Edomex","datePublished":"2018-10-17T00:58:19+00:00","mainEntityOfPage":{"@id":"https:\/\/quehacerpolitico.mx\/?p=7044"},"wordCount":439,"commentCount":0,"image":{"@id":"https:\/\/quehacerpolitico.mx\/?p=7044#primaryimage"},"thumbnailUrl":"","articleSection":["Noticias"],"inLanguage":"es","potentialAction":[{"@type":"CommentAction","name":"Comment","target":["https:\/\/quehacerpolitico.mx\/?p=7044#respond"]}]},{"@type":"WebPage","@id":"https:\/\/quehacerpolitico.mx\/?p=7044","url":"https:\/\/quehacerpolitico.mx\/?p=7044","name":"Juan Carlos \u201cN\u201d y Patricia \u201cN\u201d son vinculados a proceso por el feminicidio de Nancy en Edomex -","isPartOf":{"@id":"https:\/\/quehacerpolitico.mx\/#website"},"primaryImageOfPage":{"@id":"https:\/\/quehacerpolitico.mx\/?p=7044#primaryimage"},"image":{"@id":"https:\/\/quehacerpolitico.mx\/?p=7044#primaryimage"},"thumbnailUrl":"","datePublished":"2018-10-17T00:58:19+00:00","author":{"@id":"https:\/\/quehacerpolitico.mx\/#\/schema\/person\/496d8ad2d1d3f8036101dca7ee39e585"},"breadcrumb":{"@id":"https:\/\/quehacerpolitico.mx\/?p=7044#breadcrumb"},"inLanguage":"es","potentialAction":[{"@type":"ReadAction","target":["https:\/\/quehacerpolitico.mx\/?p=7044"]}]},{"@type":"ImageObject","inLanguage":"es","@id":"https:\/\/quehacerpolitico.mx\/?p=7044#primaryimage","url":"","contentUrl":""},{"@type":"BreadcrumbList","@id":"https:\/\/quehacerpolitico.mx\/?p=7044#breadcrumb","itemListElement":[{"@type":"ListItem","position":1,"name":"Inicio","item":"https:\/\/quehacerpolitico.mx\/"},{"@type":"ListItem","position":2,"name":"Juan Carlos \u201cN\u201d y Patricia \u201cN\u201d son vinculados a proceso por el feminicidio de Nancy en Edomex"}]},{"@type":"WebSite","@id":"https:\/\/quehacerpolitico.mx\/#website","url":"https:\/\/quehacerpolitico.mx\/","name":"","description":"","potentialAction":[{"@type":"SearchAction","target":{"@type":"EntryPoint","urlTemplate":"https:\/\/quehacerpolitico.mx\/?s={search_term_string}"},"query-input":{"@type":"PropertyValueSpecification","valueRequired":true,"valueName":"search_term_string"}}],"inLanguage":"es"},{"@type":"Person","@id":"https:\/\/quehacerpolitico.mx\/#\/schema\/person\/496d8ad2d1d3f8036101dca7ee39e585","name":"Redacci\u00f3n QP","image":{"@type":"ImageObject","inLanguage":"es","@id":"https:\/\/secure.gravatar.com\/avatar\/c7164ed6fdec453195284ad24a5ae5b6e1eed2b848477fa2a4787ba9adf39a41?s=96&d=mm&r=g","url":"https:\/\/secure.gravatar.com\/avatar\/c7164ed6fdec453195284ad24a5ae5b6e1eed2b848477fa2a4787ba9adf39a41?s=96&d=mm&r=g","contentUrl":"https:\/\/secure.gravatar.com\/avatar\/c7164ed6fdec453195284ad24a5ae5b6e1eed2b848477fa2a4787ba9adf39a41?s=96&d=mm&r=g","caption":"Redacci\u00f3n QP"},"url":"https:\/\/quehacerpolitico.mx\/?author=2"}]}},"featured_image_urls":{"full":"","thumbnail":"","medium":"","medium_large":"","large":"","1536x1536":"","2048x2048":"","covernews-featured":"","covernews-medium":""},"author_info":{"display_name":"Redacci\u00f3n QP","author_link":"https:\/\/quehacerpolitico.mx\/?author=2"},"category_info":"<a href=\"https:\/\/quehacerpolitico.mx\/?cat=2\" rel=\"category\">Noticias<\/a>","tag_info":"Noticias","comment_count":"0","_links":{"self":[{"href":"https:\/\/quehacerpolitico.mx\/index.php?rest_route=\/wp\/v2\/posts\/7044","targetHints":{"allow":["GET"]}}],"collection":[{"href":"https:\/\/quehacerpolitico.mx\/index.php?rest_route=\/wp\/v2\/posts"}],"about":[{"href":"https:\/\/quehacerpolitico.mx\/index.php?rest_route=\/wp\/v2\/types\/post"}],"author":[{"embeddable":true,"href":"https:\/\/quehacerpolitico.mx\/index.php?rest_route=\/wp\/v2\/users\/2"}],"replies":[{"embeddable":true,"href":"https:\/\/quehacerpolitico.mx\/index.php?rest_route=%2Fwp%2Fv2%2Fcomments&post=7044"}],"version-history":[{"count":0,"href":"https:\/\/quehacerpolitico.mx\/index.php?rest_route=\/wp\/v2\/posts\/7044\/revisions"}],"wp:featuredmedia":[{"embeddable":true,"href":"https:\/\/quehacerpolitico.mx\/index.php?rest_route=\/"}],"wp:attachment":[{"href":"https:\/\/quehacerpolitico.mx\/index.php?rest_route=%2Fwp%2Fv2%2Fmedia&parent=7044"}],"wp:term":[{"taxonomy":"category","embeddable":true,"href":"https:\/\/quehacerpolitico.mx\/index.php?rest_route=%2Fwp%2Fv2%2Fcategories&post=7044"},{"taxonomy":"post_tag","embeddable":true,"href":"https:\/\/quehacerpolitico.mx\/index.php?rest_route=%2Fwp%2Fv2%2Ftags&post=7044"}],"curies":[{"name":"wp","href":"https:\/\/api.w.org\/{rel}","templated":true}]}}