{"id":7028,"date":"2018-10-16T22:41:54","date_gmt":"2018-10-16T22:41:54","guid":{"rendered":"http:\/\/quehacerpolitico.mx\/ante-diputados-rosario-robles-niega-desvios-en-sedatu-y-sedesol\/"},"modified":"2018-10-16T22:41:54","modified_gmt":"2018-10-16T22:41:54","slug":"ante-diputados-rosario-robles-niega-desvios-en-sedatu-y-sedesol","status":"publish","type":"post","link":"https:\/\/quehacerpolitico.mx\/?p=7028","title":{"rendered":"Ante Diputados, Rosario Robles niega desv\u00edos en Sedatu y Sedesol"},"content":{"rendered":"<p><strong>Rosario Robles,<\/strong> titular de la Secretar\u00eda de Desarrollo Agrario, Territorial y Urbano (<strong>Sedatu<\/strong>), afirm\u00f3 que no existe ninguna prueba ante acusaciones en su contra de presuntos desv\u00edos en esa dependencia y<strong> Sedeso<\/strong>l, durante su gesti\u00f3n.<\/p>\n<blockquote class=\"twitter-tweet\" data-width=\"550\" data-dnt=\"true\">\n<p lang=\"es\" dir=\"ltr\">\u00bfY c\u00f3mo se defiende rosario Robles de los &quot;ataques&quot; en su contra?<br \/>Dice que todo es violencia pol\u00edtica de g\u00e9nero. <a href=\"https:\/\/t.co\/t3McL829hK\">pic.twitter.com\/t3McL829hK<\/a><\/p>\n<p>&mdash; Ruido en la Red (@RuidoEnLaRed) <a href=\"https:\/\/twitter.com\/RuidoEnLaRed\/status\/1052275904561463298?ref_src=twsrc%5Etfw\">October 16, 2018<\/a><\/p><\/blockquote>\n<p><script async src=\"https:\/\/platform.twitter.com\/widgets.js\" charset=\"utf-8\"><\/script><\/p>\n<p>Durante su comparecencia en la<strong> C\u00e1mara de Diputados,<\/strong> como parte de la glosa del <strong>Sexto Informe de Gobierno<\/strong>, la secretaria tambi\u00e9n descart\u00f3 que se hayan realizado contratos con empresas fantasma.<\/p>\n<blockquote>\n<p>\u201cLos entregables estaban en la dependencia. Quiero decir tambi\u00e9n que he sido la m\u00e1s abierta a que se investigue profundamente, que se investigue por las instancias competentes, que son la <strong>Auditor\u00eda Superior de la Federaci\u00f3n<\/strong>, la Procuradur\u00eda General de la Rep\u00fablica, y tambi\u00e9n con la Funci\u00f3n P\u00fablica\u201d, agreg\u00f3.<\/p>\n<\/blockquote>\n<p>Afirm\u00f3 que el que nada debe, nada teme, por lo que acudi\u00f3 ante la <strong>PGR<\/strong> y la <strong>Secretar\u00eda de la Funci\u00f3n P\u00fablica<\/strong> para que estudiaran su evoluci\u00f3n patrimonial.<\/p>\n<p>Durante su comparecencia, diputados de diferentes bancadas afirmaron que su comparecencia es un \u2018cinismo\u2019, e incluso sacaron mantas con frases alusivas a la llamada<strong> \u201cEstafa Maestra\u201d,<\/strong> que realiz\u00f3 <strong>Animal Pol\u00edtico<\/strong>.<\/p>\n<blockquote class=\"twitter-tweet\" data-width=\"550\" data-dnt=\"true\">\n<p lang=\"es\" dir=\"ltr\"><a href=\"https:\/\/twitter.com\/hashtag\/NoTeEquivoquesRosario?src=hash&amp;ref_src=twsrc%5Etfw\">#NoTeEquivoquesRosario<\/a><br \/>La Secretar\u00eda de la <a href=\"https:\/\/twitter.com\/SEDATU_mx?ref_src=twsrc%5Etfw\">@SEDATU_mx<\/a>, Rosario robles, comparece ante diputados y las cosas se pusieron color hormiga.<br \/>La diputada <a href=\"https:\/\/twitter.com\/MarthaTagle?ref_src=twsrc%5Etfw\">@MarthaTagle<\/a> le dice que la condici\u00f3n de g\u00e9nero no la exime de rendir cuentas.<br \/> <a href=\"https:\/\/t.co\/F6F6QWfqh9\">pic.twitter.com\/F6F6QWfqh9<\/a><\/p>\n<p>&mdash; Ruido en la Red (@RuidoEnLaRed) <a href=\"https:\/\/twitter.com\/RuidoEnLaRed\/status\/1052267674967920641?ref_src=twsrc%5Etfw\">October 16, 2018<\/a><\/p><\/blockquote>\n<p><script async src=\"https:\/\/platform.twitter.com\/widgets.js\" charset=\"utf-8\"><\/script><\/p>\n<blockquote class=\"twitter-tweet\" data-width=\"550\" data-dnt=\"true\">\n<p lang=\"es\" dir=\"ltr\">SESTANPILIANDO<br \/>Gerardo Fern\u00e1ndez Noro\u00f1a y Luis Miranda casi se agarraron a golpes en la comparecencia de Rosario Robles<br \/>(\ud83d\udcf9<a href=\"https:\/\/twitter.com\/ObturadorMX_?ref_src=twsrc%5Etfw\">@ObturadorMX_<\/a>) <a href=\"https:\/\/t.co\/TuMC8zM4EJ\">pic.twitter.com\/TuMC8zM4EJ<\/a><\/p>\n<p>&mdash; Ruido en la Red (@RuidoEnLaRed) <a href=\"https:\/\/twitter.com\/RuidoEnLaRed\/status\/1052270592790024193?ref_src=twsrc%5Etfw\">October 16, 2018<\/a><\/p><\/blockquote>\n<p><script async src=\"https:\/\/platform.twitter.com\/widgets.js\" charset=\"utf-8\"><\/script><\/p>\n<blockquote class=\"twitter-tweet\" data-width=\"550\" data-dnt=\"true\">\n<p lang=\"es\" dir=\"ltr\">Las mantas de protesta de los legisladores de Morena ya salieron. <br \/>Est\u00e1n inconformes con lo que menciona Rosario Robles en su comparecencia.<br \/>(\ud83d\udcf9<a href=\"https:\/\/twitter.com\/ObturadorMX_?ref_src=twsrc%5Etfw\">@ObturadorMX_<\/a>) <a href=\"https:\/\/t.co\/xVEnUTYzGv\">pic.twitter.com\/xVEnUTYzGv<\/a><\/p>\n<p>&mdash; Ruido en la Red (@RuidoEnLaRed) <a href=\"https:\/\/twitter.com\/RuidoEnLaRed\/status\/1052272491782127617?ref_src=twsrc%5Etfw\">October 16, 2018<\/a><\/p><\/blockquote>\n<p><script async src=\"https:\/\/platform.twitter.com\/widgets.js\" charset=\"utf-8\"><\/script><\/p>\n<p><em>Con informaci\u00f3n de Reforma\u00a0<\/em><\/p>\n","protected":false},"excerpt":{"rendered":"<p>Ante Diputados, Rosario Robles niega desv\u00edos en Sedatu y Sedesol<br \/>\nPor Redacci\u00f3n QP<\/p>\n","protected":false},"author":2,"featured_media":7027,"comment_status":"open","ping_status":"open","sticky":false,"template":"","format":"standard","meta":{"_monsterinsights_skip_tracking":false,"_monsterinsights_sitenote_active":false,"_monsterinsights_sitenote_note":"","_monsterinsights_sitenote_category":0,"footnotes":""},"categories":[2],"tags":[],"class_list":["post-7028","post","type-post","status-publish","format-standard","has-post-thumbnail","hentry","category-noticias"],"yoast_head":"<!-- This site is optimized with the Yoast SEO plugin v27.3 - https:\/\/yoast.com\/product\/yoast-seo-wordpress\/ -->\n<title>Ante Diputados, Rosario Robles niega desv\u00edos en Sedatu y Sedesol -<\/title>\n<meta name=\"robots\" content=\"index, follow, max-snippet:-1, max-image-preview:large, max-video-preview:-1\" \/>\n<link rel=\"canonical\" href=\"https:\/\/quehacerpolitico.mx\/?p=7028\" \/>\n<meta property=\"og:locale\" content=\"es_MX\" \/>\n<meta property=\"og:type\" content=\"article\" \/>\n<meta property=\"og:title\" content=\"Ante Diputados, Rosario Robles niega desv\u00edos en Sedatu y Sedesol -\" \/>\n<meta property=\"og:description\" content=\"Ante Diputados, Rosario Robles niega desv\u00edos en Sedatu y Sedesol Por Redacci\u00f3n QP\" \/>\n<meta property=\"og:url\" content=\"https:\/\/quehacerpolitico.mx\/?p=7028\" \/>\n<meta property=\"article:published_time\" content=\"2018-10-16T22:41:54+00:00\" \/>\n<meta name=\"author\" content=\"Redacci\u00f3n QP\" \/>\n<meta name=\"twitter:card\" content=\"summary_large_image\" \/>\n<meta name=\"twitter:label1\" content=\"Escrito por\" \/>\n\t<meta name=\"twitter:data1\" content=\"Redacci\u00f3n QP\" \/>\n\t<meta name=\"twitter:label2\" content=\"Tiempo de lectura\" \/>\n\t<meta name=\"twitter:data2\" content=\"1 minuto\" \/>\n<script type=\"application\/ld+json\" class=\"yoast-schema-graph\">{\"@context\":\"https:\\\/\\\/schema.org\",\"@graph\":[{\"@type\":\"Article\",\"@id\":\"https:\\\/\\\/quehacerpolitico.mx\\\/?p=7028#article\",\"isPartOf\":{\"@id\":\"https:\\\/\\\/quehacerpolitico.mx\\\/?p=7028\"},\"author\":{\"name\":\"Redacci\u00f3n QP\",\"@id\":\"https:\\\/\\\/quehacerpolitico.mx\\\/#\\\/schema\\\/person\\\/496d8ad2d1d3f8036101dca7ee39e585\"},\"headline\":\"Ante Diputados, Rosario Robles niega desv\u00edos en Sedatu y Sedesol\",\"datePublished\":\"2018-10-16T22:41:54+00:00\",\"mainEntityOfPage\":{\"@id\":\"https:\\\/\\\/quehacerpolitico.mx\\\/?p=7028\"},\"wordCount\":230,\"commentCount\":0,\"image\":{\"@id\":\"https:\\\/\\\/quehacerpolitico.mx\\\/?p=7028#primaryimage\"},\"thumbnailUrl\":\"\",\"articleSection\":[\"Noticias\"],\"inLanguage\":\"es\",\"potentialAction\":[{\"@type\":\"CommentAction\",\"name\":\"Comment\",\"target\":[\"https:\\\/\\\/quehacerpolitico.mx\\\/?p=7028#respond\"]}]},{\"@type\":\"WebPage\",\"@id\":\"https:\\\/\\\/quehacerpolitico.mx\\\/?p=7028\",\"url\":\"https:\\\/\\\/quehacerpolitico.mx\\\/?p=7028\",\"name\":\"Ante Diputados, Rosario Robles niega desv\u00edos en Sedatu y Sedesol -\",\"isPartOf\":{\"@id\":\"https:\\\/\\\/quehacerpolitico.mx\\\/#website\"},\"primaryImageOfPage\":{\"@id\":\"https:\\\/\\\/quehacerpolitico.mx\\\/?p=7028#primaryimage\"},\"image\":{\"@id\":\"https:\\\/\\\/quehacerpolitico.mx\\\/?p=7028#primaryimage\"},\"thumbnailUrl\":\"\",\"datePublished\":\"2018-10-16T22:41:54+00:00\",\"author\":{\"@id\":\"https:\\\/\\\/quehacerpolitico.mx\\\/#\\\/schema\\\/person\\\/496d8ad2d1d3f8036101dca7ee39e585\"},\"breadcrumb\":{\"@id\":\"https:\\\/\\\/quehacerpolitico.mx\\\/?p=7028#breadcrumb\"},\"inLanguage\":\"es\",\"potentialAction\":[{\"@type\":\"ReadAction\",\"target\":[\"https:\\\/\\\/quehacerpolitico.mx\\\/?p=7028\"]}]},{\"@type\":\"ImageObject\",\"inLanguage\":\"es\",\"@id\":\"https:\\\/\\\/quehacerpolitico.mx\\\/?p=7028#primaryimage\",\"url\":\"\",\"contentUrl\":\"\"},{\"@type\":\"BreadcrumbList\",\"@id\":\"https:\\\/\\\/quehacerpolitico.mx\\\/?p=7028#breadcrumb\",\"itemListElement\":[{\"@type\":\"ListItem\",\"position\":1,\"name\":\"Inicio\",\"item\":\"https:\\\/\\\/quehacerpolitico.mx\\\/\"},{\"@type\":\"ListItem\",\"position\":2,\"name\":\"Ante Diputados, Rosario Robles niega desv\u00edos en Sedatu y Sedesol\"}]},{\"@type\":\"WebSite\",\"@id\":\"https:\\\/\\\/quehacerpolitico.mx\\\/#website\",\"url\":\"https:\\\/\\\/quehacerpolitico.mx\\\/\",\"name\":\"\",\"description\":\"\",\"potentialAction\":[{\"@type\":\"SearchAction\",\"target\":{\"@type\":\"EntryPoint\",\"urlTemplate\":\"https:\\\/\\\/quehacerpolitico.mx\\\/?s={search_term_string}\"},\"query-input\":{\"@type\":\"PropertyValueSpecification\",\"valueRequired\":true,\"valueName\":\"search_term_string\"}}],\"inLanguage\":\"es\"},{\"@type\":\"Person\",\"@id\":\"https:\\\/\\\/quehacerpolitico.mx\\\/#\\\/schema\\\/person\\\/496d8ad2d1d3f8036101dca7ee39e585\",\"name\":\"Redacci\u00f3n QP\",\"image\":{\"@type\":\"ImageObject\",\"inLanguage\":\"es\",\"@id\":\"https:\\\/\\\/secure.gravatar.com\\\/avatar\\\/c7164ed6fdec453195284ad24a5ae5b6e1eed2b848477fa2a4787ba9adf39a41?s=96&d=mm&r=g\",\"url\":\"https:\\\/\\\/secure.gravatar.com\\\/avatar\\\/c7164ed6fdec453195284ad24a5ae5b6e1eed2b848477fa2a4787ba9adf39a41?s=96&d=mm&r=g\",\"contentUrl\":\"https:\\\/\\\/secure.gravatar.com\\\/avatar\\\/c7164ed6fdec453195284ad24a5ae5b6e1eed2b848477fa2a4787ba9adf39a41?s=96&d=mm&r=g\",\"caption\":\"Redacci\u00f3n QP\"},\"url\":\"https:\\\/\\\/quehacerpolitico.mx\\\/?author=2\"}]}<\/script>\n<!-- \/ Yoast SEO plugin. -->","yoast_head_json":{"title":"Ante Diputados, Rosario Robles niega desv\u00edos en Sedatu y Sedesol -","robots":{"index":"index","follow":"follow","max-snippet":"max-snippet:-1","max-image-preview":"max-image-preview:large","max-video-preview":"max-video-preview:-1"},"canonical":"https:\/\/quehacerpolitico.mx\/?p=7028","og_locale":"es_MX","og_type":"article","og_title":"Ante Diputados, Rosario Robles niega desv\u00edos en Sedatu y Sedesol -","og_description":"Ante Diputados, Rosario Robles niega desv\u00edos en Sedatu y Sedesol Por Redacci\u00f3n QP","og_url":"https:\/\/quehacerpolitico.mx\/?p=7028","article_published_time":"2018-10-16T22:41:54+00:00","author":"Redacci\u00f3n QP","twitter_card":"summary_large_image","twitter_misc":{"Escrito por":"Redacci\u00f3n QP","Tiempo de lectura":"1 minuto"},"schema":{"@context":"https:\/\/schema.org","@graph":[{"@type":"Article","@id":"https:\/\/quehacerpolitico.mx\/?p=7028#article","isPartOf":{"@id":"https:\/\/quehacerpolitico.mx\/?p=7028"},"author":{"name":"Redacci\u00f3n QP","@id":"https:\/\/quehacerpolitico.mx\/#\/schema\/person\/496d8ad2d1d3f8036101dca7ee39e585"},"headline":"Ante Diputados, Rosario Robles niega desv\u00edos en Sedatu y Sedesol","datePublished":"2018-10-16T22:41:54+00:00","mainEntityOfPage":{"@id":"https:\/\/quehacerpolitico.mx\/?p=7028"},"wordCount":230,"commentCount":0,"image":{"@id":"https:\/\/quehacerpolitico.mx\/?p=7028#primaryimage"},"thumbnailUrl":"","articleSection":["Noticias"],"inLanguage":"es","potentialAction":[{"@type":"CommentAction","name":"Comment","target":["https:\/\/quehacerpolitico.mx\/?p=7028#respond"]}]},{"@type":"WebPage","@id":"https:\/\/quehacerpolitico.mx\/?p=7028","url":"https:\/\/quehacerpolitico.mx\/?p=7028","name":"Ante Diputados, Rosario Robles niega desv\u00edos en Sedatu y Sedesol -","isPartOf":{"@id":"https:\/\/quehacerpolitico.mx\/#website"},"primaryImageOfPage":{"@id":"https:\/\/quehacerpolitico.mx\/?p=7028#primaryimage"},"image":{"@id":"https:\/\/quehacerpolitico.mx\/?p=7028#primaryimage"},"thumbnailUrl":"","datePublished":"2018-10-16T22:41:54+00:00","author":{"@id":"https:\/\/quehacerpolitico.mx\/#\/schema\/person\/496d8ad2d1d3f8036101dca7ee39e585"},"breadcrumb":{"@id":"https:\/\/quehacerpolitico.mx\/?p=7028#breadcrumb"},"inLanguage":"es","potentialAction":[{"@type":"ReadAction","target":["https:\/\/quehacerpolitico.mx\/?p=7028"]}]},{"@type":"ImageObject","inLanguage":"es","@id":"https:\/\/quehacerpolitico.mx\/?p=7028#primaryimage","url":"","contentUrl":""},{"@type":"BreadcrumbList","@id":"https:\/\/quehacerpolitico.mx\/?p=7028#breadcrumb","itemListElement":[{"@type":"ListItem","position":1,"name":"Inicio","item":"https:\/\/quehacerpolitico.mx\/"},{"@type":"ListItem","position":2,"name":"Ante Diputados, Rosario Robles niega desv\u00edos en Sedatu y Sedesol"}]},{"@type":"WebSite","@id":"https:\/\/quehacerpolitico.mx\/#website","url":"https:\/\/quehacerpolitico.mx\/","name":"","description":"","potentialAction":[{"@type":"SearchAction","target":{"@type":"EntryPoint","urlTemplate":"https:\/\/quehacerpolitico.mx\/?s={search_term_string}"},"query-input":{"@type":"PropertyValueSpecification","valueRequired":true,"valueName":"search_term_string"}}],"inLanguage":"es"},{"@type":"Person","@id":"https:\/\/quehacerpolitico.mx\/#\/schema\/person\/496d8ad2d1d3f8036101dca7ee39e585","name":"Redacci\u00f3n QP","image":{"@type":"ImageObject","inLanguage":"es","@id":"https:\/\/secure.gravatar.com\/avatar\/c7164ed6fdec453195284ad24a5ae5b6e1eed2b848477fa2a4787ba9adf39a41?s=96&d=mm&r=g","url":"https:\/\/secure.gravatar.com\/avatar\/c7164ed6fdec453195284ad24a5ae5b6e1eed2b848477fa2a4787ba9adf39a41?s=96&d=mm&r=g","contentUrl":"https:\/\/secure.gravatar.com\/avatar\/c7164ed6fdec453195284ad24a5ae5b6e1eed2b848477fa2a4787ba9adf39a41?s=96&d=mm&r=g","caption":"Redacci\u00f3n QP"},"url":"https:\/\/quehacerpolitico.mx\/?author=2"}]}},"featured_image_urls":{"full":"","thumbnail":"","medium":"","medium_large":"","large":"","1536x1536":"","2048x2048":"","covernews-featured":"","covernews-medium":""},"author_info":{"display_name":"Redacci\u00f3n QP","author_link":"https:\/\/quehacerpolitico.mx\/?author=2"},"category_info":"<a href=\"https:\/\/quehacerpolitico.mx\/?cat=2\" rel=\"category\">Noticias<\/a>","tag_info":"Noticias","comment_count":"0","_links":{"self":[{"href":"https:\/\/quehacerpolitico.mx\/index.php?rest_route=\/wp\/v2\/posts\/7028","targetHints":{"allow":["GET"]}}],"collection":[{"href":"https:\/\/quehacerpolitico.mx\/index.php?rest_route=\/wp\/v2\/posts"}],"about":[{"href":"https:\/\/quehacerpolitico.mx\/index.php?rest_route=\/wp\/v2\/types\/post"}],"author":[{"embeddable":true,"href":"https:\/\/quehacerpolitico.mx\/index.php?rest_route=\/wp\/v2\/users\/2"}],"replies":[{"embeddable":true,"href":"https:\/\/quehacerpolitico.mx\/index.php?rest_route=%2Fwp%2Fv2%2Fcomments&post=7028"}],"version-history":[{"count":0,"href":"https:\/\/quehacerpolitico.mx\/index.php?rest_route=\/wp\/v2\/posts\/7028\/revisions"}],"wp:featuredmedia":[{"embeddable":true,"href":"https:\/\/quehacerpolitico.mx\/index.php?rest_route=\/"}],"wp:attachment":[{"href":"https:\/\/quehacerpolitico.mx\/index.php?rest_route=%2Fwp%2Fv2%2Fmedia&parent=7028"}],"wp:term":[{"taxonomy":"category","embeddable":true,"href":"https:\/\/quehacerpolitico.mx\/index.php?rest_route=%2Fwp%2Fv2%2Fcategories&post=7028"},{"taxonomy":"post_tag","embeddable":true,"href":"https:\/\/quehacerpolitico.mx\/index.php?rest_route=%2Fwp%2Fv2%2Ftags&post=7028"}],"curies":[{"name":"wp","href":"https:\/\/api.w.org\/{rel}","templated":true}]}}