{"id":7026,"date":"2018-10-16T22:34:08","date_gmt":"2018-10-16T22:34:08","guid":{"rendered":"http:\/\/quehacerpolitico.mx\/senadores-de-morena-analizaran-si-aportan-de-su-dieta-para-consulta-del-naim-monreal\/"},"modified":"2018-10-16T22:34:08","modified_gmt":"2018-10-16T22:34:08","slug":"senadores-de-morena-analizaran-si-aportan-de-su-dieta-para-consulta-del-naim-monreal","status":"publish","type":"post","link":"https:\/\/quehacerpolitico.mx\/?p=7026","title":{"rendered":"Senadores de Morena analizar\u00e1n si aportan de su dieta para consulta del NAIM: Monreal"},"content":{"rendered":"<p><strong>Ricardo Monreal<\/strong>, coordinador de<strong> Morena<\/strong> en el<strong>Senado de la Rep\u00fablica<\/strong>, descart\u00f3 que exista \u201cdiferencia y confrontaci\u00f3n\u201d con el equipo de la pr\u00f3xima administraci\u00f3n respecto a los recursos con los que se realizar\u00e1 la consulta para definir si se realiza la construcci\u00f3n del nuevo aeropuerto o no.<\/p>\n<blockquote>\n<p>\u201cNo nos han solicitado el apoyo, ni <strong>Jes\u00fas<\/strong> (<strong>Ram\u00edrez Cuevas<\/strong>), ni nadie\u2026 como senadores no nos han requerido respaldo, si se hiciera, lo hablaremos en el grupo. No hay diferencia ni confrontaci\u00f3n. Cada uno de los legisladores aportar\u00edan de su dieta\u201d, expres\u00f3 en entrevista con <strong>Pascal Beltr\u00e1n del R\u00edo<\/strong>para<em> Imagen Radio<\/em>.<\/p>\n<\/blockquote>\n<p>Afirm\u00f3 que se trata de un asunto de comunicaci\u00f3n entre los <strong>legisladores de Morena<\/strong>, y que si el equipo de<strong>AMLO<\/strong> solicita recursos para la consulta, cada uno determinar\u00e1 si aporta o no lo de su dieta.<\/p>\n<p>Descart\u00f3 que los recursos (si se solicitan) no provendr\u00e1n del presupuesto institucional del Senado, y reiter\u00f3 que los 1.5 millones de pesos que se requieren, provendr\u00edan de \u201cla dieta de los legisladores\u201d.<\/p>\n<p><strong>Monreal<\/strong> dijo que los recursos, si se solicitan, no provendr\u00e1n del presupuesto institucional del Senado, y reiter\u00f3 que los 1.5 millones de pesos que se requieren, provendr\u00edan de \u201cla dieta de los legisladores\u201d. Consider\u00f3 \u201ccorrecta\u201d la consulta ciudadana por el <strong>NAIM<\/strong> e indic\u00f3 que, al ser un \u201cconvencido\u201d de estos instrumentos,<strong>Andr\u00e9s Manuel L\u00f3pez Obrador<\/strong> tambi\u00e9n realizar\u00e1 una consulta por el Tren Maya.<\/p>\n<p>El morenista\u00a0 considera como \u2018correcta\u2019 la consulta ciudadana por el NAIM, pues <strong>AMLO<\/strong> es un convencido de utilizar estos instrumentos, por lo que tambi\u00e9n se prev\u00e9 realizar una encuesta para la construcci\u00f3n del<strong>Tren Maya.<\/strong><\/p>\n<p>Tambi\u00e9n refiri\u00f3 que los mexicanos y mexicanas deben de acostumbrarse a las consultas ciudadanas.<\/p>\n<blockquote>\n<p>\u201cVamos a decidir sobre el futuro de M\u00e9xico. Hoy que se abre la oportunidad, no debemos dejar de ejercer nuestro derecho a decidir sobre el NAIM.<br \/>Mi voto es secreto, ir\u00e9 a votar, pensando en lo mejor para el pa\u00eds\u201d, concluy\u00f3.<\/p>\n<\/blockquote>\n","protected":false},"excerpt":{"rendered":"<p>Senadores de Morena analizar\u00e1n si aportan de su dieta para consulta del NAIM: Monreal<br \/>\nPor Redacci\u00f3n QP<\/p>\n","protected":false},"author":2,"featured_media":7025,"comment_status":"open","ping_status":"open","sticky":false,"template":"","format":"standard","meta":{"_monsterinsights_skip_tracking":false,"_monsterinsights_sitenote_active":false,"_monsterinsights_sitenote_note":"","_monsterinsights_sitenote_category":0,"footnotes":""},"categories":[2],"tags":[],"class_list":["post-7026","post","type-post","status-publish","format-standard","has-post-thumbnail","hentry","category-noticias"],"yoast_head":"<!-- This site is optimized with the Yoast SEO plugin v27.3 - https:\/\/yoast.com\/product\/yoast-seo-wordpress\/ -->\n<title>Senadores de Morena analizar\u00e1n si aportan de su dieta para consulta del NAIM: Monreal -<\/title>\n<meta name=\"robots\" content=\"index, follow, max-snippet:-1, max-image-preview:large, max-video-preview:-1\" \/>\n<link rel=\"canonical\" href=\"https:\/\/quehacerpolitico.mx\/?p=7026\" \/>\n<meta property=\"og:locale\" content=\"es_MX\" \/>\n<meta property=\"og:type\" content=\"article\" \/>\n<meta property=\"og:title\" content=\"Senadores de Morena analizar\u00e1n si aportan de su dieta para consulta del NAIM: Monreal -\" \/>\n<meta property=\"og:description\" content=\"Senadores de Morena analizar\u00e1n si aportan de su dieta para consulta del NAIM: Monreal Por Redacci\u00f3n QP\" \/>\n<meta property=\"og:url\" content=\"https:\/\/quehacerpolitico.mx\/?p=7026\" \/>\n<meta property=\"article:published_time\" content=\"2018-10-16T22:34:08+00:00\" \/>\n<meta name=\"author\" content=\"Redacci\u00f3n QP\" \/>\n<meta name=\"twitter:card\" content=\"summary_large_image\" \/>\n<meta name=\"twitter:label1\" content=\"Escrito por\" \/>\n\t<meta name=\"twitter:data1\" content=\"Redacci\u00f3n QP\" \/>\n\t<meta name=\"twitter:label2\" content=\"Tiempo de lectura\" \/>\n\t<meta name=\"twitter:data2\" content=\"2 minutos\" \/>\n<script type=\"application\/ld+json\" class=\"yoast-schema-graph\">{\"@context\":\"https:\\\/\\\/schema.org\",\"@graph\":[{\"@type\":\"Article\",\"@id\":\"https:\\\/\\\/quehacerpolitico.mx\\\/?p=7026#article\",\"isPartOf\":{\"@id\":\"https:\\\/\\\/quehacerpolitico.mx\\\/?p=7026\"},\"author\":{\"name\":\"Redacci\u00f3n QP\",\"@id\":\"https:\\\/\\\/quehacerpolitico.mx\\\/#\\\/schema\\\/person\\\/496d8ad2d1d3f8036101dca7ee39e585\"},\"headline\":\"Senadores de Morena analizar\u00e1n si aportan de su dieta para consulta del NAIM: Monreal\",\"datePublished\":\"2018-10-16T22:34:08+00:00\",\"mainEntityOfPage\":{\"@id\":\"https:\\\/\\\/quehacerpolitico.mx\\\/?p=7026\"},\"wordCount\":354,\"commentCount\":0,\"image\":{\"@id\":\"https:\\\/\\\/quehacerpolitico.mx\\\/?p=7026#primaryimage\"},\"thumbnailUrl\":\"\",\"articleSection\":[\"Noticias\"],\"inLanguage\":\"es\",\"potentialAction\":[{\"@type\":\"CommentAction\",\"name\":\"Comment\",\"target\":[\"https:\\\/\\\/quehacerpolitico.mx\\\/?p=7026#respond\"]}]},{\"@type\":\"WebPage\",\"@id\":\"https:\\\/\\\/quehacerpolitico.mx\\\/?p=7026\",\"url\":\"https:\\\/\\\/quehacerpolitico.mx\\\/?p=7026\",\"name\":\"Senadores de Morena analizar\u00e1n si aportan de su dieta para consulta del NAIM: Monreal -\",\"isPartOf\":{\"@id\":\"https:\\\/\\\/quehacerpolitico.mx\\\/#website\"},\"primaryImageOfPage\":{\"@id\":\"https:\\\/\\\/quehacerpolitico.mx\\\/?p=7026#primaryimage\"},\"image\":{\"@id\":\"https:\\\/\\\/quehacerpolitico.mx\\\/?p=7026#primaryimage\"},\"thumbnailUrl\":\"\",\"datePublished\":\"2018-10-16T22:34:08+00:00\",\"author\":{\"@id\":\"https:\\\/\\\/quehacerpolitico.mx\\\/#\\\/schema\\\/person\\\/496d8ad2d1d3f8036101dca7ee39e585\"},\"breadcrumb\":{\"@id\":\"https:\\\/\\\/quehacerpolitico.mx\\\/?p=7026#breadcrumb\"},\"inLanguage\":\"es\",\"potentialAction\":[{\"@type\":\"ReadAction\",\"target\":[\"https:\\\/\\\/quehacerpolitico.mx\\\/?p=7026\"]}]},{\"@type\":\"ImageObject\",\"inLanguage\":\"es\",\"@id\":\"https:\\\/\\\/quehacerpolitico.mx\\\/?p=7026#primaryimage\",\"url\":\"\",\"contentUrl\":\"\"},{\"@type\":\"BreadcrumbList\",\"@id\":\"https:\\\/\\\/quehacerpolitico.mx\\\/?p=7026#breadcrumb\",\"itemListElement\":[{\"@type\":\"ListItem\",\"position\":1,\"name\":\"Inicio\",\"item\":\"https:\\\/\\\/quehacerpolitico.mx\\\/\"},{\"@type\":\"ListItem\",\"position\":2,\"name\":\"Senadores de Morena analizar\u00e1n si aportan de su dieta para consulta del NAIM: Monreal\"}]},{\"@type\":\"WebSite\",\"@id\":\"https:\\\/\\\/quehacerpolitico.mx\\\/#website\",\"url\":\"https:\\\/\\\/quehacerpolitico.mx\\\/\",\"name\":\"\",\"description\":\"\",\"potentialAction\":[{\"@type\":\"SearchAction\",\"target\":{\"@type\":\"EntryPoint\",\"urlTemplate\":\"https:\\\/\\\/quehacerpolitico.mx\\\/?s={search_term_string}\"},\"query-input\":{\"@type\":\"PropertyValueSpecification\",\"valueRequired\":true,\"valueName\":\"search_term_string\"}}],\"inLanguage\":\"es\"},{\"@type\":\"Person\",\"@id\":\"https:\\\/\\\/quehacerpolitico.mx\\\/#\\\/schema\\\/person\\\/496d8ad2d1d3f8036101dca7ee39e585\",\"name\":\"Redacci\u00f3n QP\",\"image\":{\"@type\":\"ImageObject\",\"inLanguage\":\"es\",\"@id\":\"https:\\\/\\\/secure.gravatar.com\\\/avatar\\\/c7164ed6fdec453195284ad24a5ae5b6e1eed2b848477fa2a4787ba9adf39a41?s=96&d=mm&r=g\",\"url\":\"https:\\\/\\\/secure.gravatar.com\\\/avatar\\\/c7164ed6fdec453195284ad24a5ae5b6e1eed2b848477fa2a4787ba9adf39a41?s=96&d=mm&r=g\",\"contentUrl\":\"https:\\\/\\\/secure.gravatar.com\\\/avatar\\\/c7164ed6fdec453195284ad24a5ae5b6e1eed2b848477fa2a4787ba9adf39a41?s=96&d=mm&r=g\",\"caption\":\"Redacci\u00f3n QP\"},\"url\":\"https:\\\/\\\/quehacerpolitico.mx\\\/?author=2\"}]}<\/script>\n<!-- \/ Yoast SEO plugin. -->","yoast_head_json":{"title":"Senadores de Morena analizar\u00e1n si aportan de su dieta para consulta del NAIM: Monreal -","robots":{"index":"index","follow":"follow","max-snippet":"max-snippet:-1","max-image-preview":"max-image-preview:large","max-video-preview":"max-video-preview:-1"},"canonical":"https:\/\/quehacerpolitico.mx\/?p=7026","og_locale":"es_MX","og_type":"article","og_title":"Senadores de Morena analizar\u00e1n si aportan de su dieta para consulta del NAIM: Monreal -","og_description":"Senadores de Morena analizar\u00e1n si aportan de su dieta para consulta del NAIM: Monreal Por Redacci\u00f3n QP","og_url":"https:\/\/quehacerpolitico.mx\/?p=7026","article_published_time":"2018-10-16T22:34:08+00:00","author":"Redacci\u00f3n QP","twitter_card":"summary_large_image","twitter_misc":{"Escrito por":"Redacci\u00f3n QP","Tiempo de lectura":"2 minutos"},"schema":{"@context":"https:\/\/schema.org","@graph":[{"@type":"Article","@id":"https:\/\/quehacerpolitico.mx\/?p=7026#article","isPartOf":{"@id":"https:\/\/quehacerpolitico.mx\/?p=7026"},"author":{"name":"Redacci\u00f3n QP","@id":"https:\/\/quehacerpolitico.mx\/#\/schema\/person\/496d8ad2d1d3f8036101dca7ee39e585"},"headline":"Senadores de Morena analizar\u00e1n si aportan de su dieta para consulta del NAIM: Monreal","datePublished":"2018-10-16T22:34:08+00:00","mainEntityOfPage":{"@id":"https:\/\/quehacerpolitico.mx\/?p=7026"},"wordCount":354,"commentCount":0,"image":{"@id":"https:\/\/quehacerpolitico.mx\/?p=7026#primaryimage"},"thumbnailUrl":"","articleSection":["Noticias"],"inLanguage":"es","potentialAction":[{"@type":"CommentAction","name":"Comment","target":["https:\/\/quehacerpolitico.mx\/?p=7026#respond"]}]},{"@type":"WebPage","@id":"https:\/\/quehacerpolitico.mx\/?p=7026","url":"https:\/\/quehacerpolitico.mx\/?p=7026","name":"Senadores de Morena analizar\u00e1n si aportan de su dieta para consulta del NAIM: Monreal -","isPartOf":{"@id":"https:\/\/quehacerpolitico.mx\/#website"},"primaryImageOfPage":{"@id":"https:\/\/quehacerpolitico.mx\/?p=7026#primaryimage"},"image":{"@id":"https:\/\/quehacerpolitico.mx\/?p=7026#primaryimage"},"thumbnailUrl":"","datePublished":"2018-10-16T22:34:08+00:00","author":{"@id":"https:\/\/quehacerpolitico.mx\/#\/schema\/person\/496d8ad2d1d3f8036101dca7ee39e585"},"breadcrumb":{"@id":"https:\/\/quehacerpolitico.mx\/?p=7026#breadcrumb"},"inLanguage":"es","potentialAction":[{"@type":"ReadAction","target":["https:\/\/quehacerpolitico.mx\/?p=7026"]}]},{"@type":"ImageObject","inLanguage":"es","@id":"https:\/\/quehacerpolitico.mx\/?p=7026#primaryimage","url":"","contentUrl":""},{"@type":"BreadcrumbList","@id":"https:\/\/quehacerpolitico.mx\/?p=7026#breadcrumb","itemListElement":[{"@type":"ListItem","position":1,"name":"Inicio","item":"https:\/\/quehacerpolitico.mx\/"},{"@type":"ListItem","position":2,"name":"Senadores de Morena analizar\u00e1n si aportan de su dieta para consulta del NAIM: Monreal"}]},{"@type":"WebSite","@id":"https:\/\/quehacerpolitico.mx\/#website","url":"https:\/\/quehacerpolitico.mx\/","name":"","description":"","potentialAction":[{"@type":"SearchAction","target":{"@type":"EntryPoint","urlTemplate":"https:\/\/quehacerpolitico.mx\/?s={search_term_string}"},"query-input":{"@type":"PropertyValueSpecification","valueRequired":true,"valueName":"search_term_string"}}],"inLanguage":"es"},{"@type":"Person","@id":"https:\/\/quehacerpolitico.mx\/#\/schema\/person\/496d8ad2d1d3f8036101dca7ee39e585","name":"Redacci\u00f3n QP","image":{"@type":"ImageObject","inLanguage":"es","@id":"https:\/\/secure.gravatar.com\/avatar\/c7164ed6fdec453195284ad24a5ae5b6e1eed2b848477fa2a4787ba9adf39a41?s=96&d=mm&r=g","url":"https:\/\/secure.gravatar.com\/avatar\/c7164ed6fdec453195284ad24a5ae5b6e1eed2b848477fa2a4787ba9adf39a41?s=96&d=mm&r=g","contentUrl":"https:\/\/secure.gravatar.com\/avatar\/c7164ed6fdec453195284ad24a5ae5b6e1eed2b848477fa2a4787ba9adf39a41?s=96&d=mm&r=g","caption":"Redacci\u00f3n QP"},"url":"https:\/\/quehacerpolitico.mx\/?author=2"}]}},"featured_image_urls":{"full":"","thumbnail":"","medium":"","medium_large":"","large":"","1536x1536":"","2048x2048":"","covernews-featured":"","covernews-medium":""},"author_info":{"display_name":"Redacci\u00f3n QP","author_link":"https:\/\/quehacerpolitico.mx\/?author=2"},"category_info":"<a href=\"https:\/\/quehacerpolitico.mx\/?cat=2\" rel=\"category\">Noticias<\/a>","tag_info":"Noticias","comment_count":"0","_links":{"self":[{"href":"https:\/\/quehacerpolitico.mx\/index.php?rest_route=\/wp\/v2\/posts\/7026","targetHints":{"allow":["GET"]}}],"collection":[{"href":"https:\/\/quehacerpolitico.mx\/index.php?rest_route=\/wp\/v2\/posts"}],"about":[{"href":"https:\/\/quehacerpolitico.mx\/index.php?rest_route=\/wp\/v2\/types\/post"}],"author":[{"embeddable":true,"href":"https:\/\/quehacerpolitico.mx\/index.php?rest_route=\/wp\/v2\/users\/2"}],"replies":[{"embeddable":true,"href":"https:\/\/quehacerpolitico.mx\/index.php?rest_route=%2Fwp%2Fv2%2Fcomments&post=7026"}],"version-history":[{"count":0,"href":"https:\/\/quehacerpolitico.mx\/index.php?rest_route=\/wp\/v2\/posts\/7026\/revisions"}],"wp:featuredmedia":[{"embeddable":true,"href":"https:\/\/quehacerpolitico.mx\/index.php?rest_route=\/"}],"wp:attachment":[{"href":"https:\/\/quehacerpolitico.mx\/index.php?rest_route=%2Fwp%2Fv2%2Fmedia&parent=7026"}],"wp:term":[{"taxonomy":"category","embeddable":true,"href":"https:\/\/quehacerpolitico.mx\/index.php?rest_route=%2Fwp%2Fv2%2Fcategories&post=7026"},{"taxonomy":"post_tag","embeddable":true,"href":"https:\/\/quehacerpolitico.mx\/index.php?rest_route=%2Fwp%2Fv2%2Ftags&post=7026"}],"curies":[{"name":"wp","href":"https:\/\/api.w.org\/{rel}","templated":true}]}}