{"id":7020,"date":"2018-10-16T21:19:55","date_gmt":"2018-10-16T21:19:55","guid":{"rendered":"http:\/\/quehacerpolitico.mx\/alcaldes-de-la-cdmx-ignoran-a-concejales\/"},"modified":"2018-10-16T21:19:55","modified_gmt":"2018-10-16T21:19:55","slug":"alcaldes-de-la-cdmx-ignoran-a-concejales","status":"publish","type":"post","link":"https:\/\/quehacerpolitico.mx\/?p=7020","title":{"rendered":"Alcaldes de la CDMX ignoran a concejales"},"content":{"rendered":"<p>Seg\u00fan los <strong>concejales<\/strong> de <strong>Tlalpan<\/strong>,<strong> Gustavo A. Madero<\/strong>, <strong>Magdalena<\/strong> <strong>Contreras<\/strong> y <strong>Cuajimalpa<\/strong> los alcaldes no han tenido su primer encuentro pol\u00edtico\u00a0con ellos, adem\u00e1s a\u00fan no responden los oficios que enviaron, \u201cen los <strong>15 d\u00edas<\/strong> que llevan en el <strong>cargo<\/strong> no han tomado en <strong>cuenta<\/strong>\u201c.<\/p>\n<div id=\"Tidok_Master_IA_1108484616_280b\">\n<div id=\"video11084846161320066520\" data-cedato-used=\"used\">\n<div id=\"__cedato_root_container\" class=\" __cedato_root_container __cedato_mobile\">\n<div class=\" __cedato_content_container\">Esto, a pesar de que la <strong>Constituci\u00f3n<\/strong> de la <strong>Ciudad de M\u00e9xico<\/strong> estableci\u00f3 que el alcalde debe <strong>cogobernar<\/strong> con el concejo de su <strong>alcald\u00eda<\/strong>, integrado por 10 integrantes.<\/div>\n<\/div>\n<\/div>\n<\/div>\n<blockquote>\n<p>\u201cDos terceras partes de los concejales citamos a la primera sesi\u00f3n ordinaria y no s\u00f3lo no lleg\u00f3 la alcaldesa de <strong>Tlalpan<\/strong>, Patricia Elena Aceves Pastrana, sino que no nos permiti\u00f3 el acceso al <strong>sal\u00f3n de cabildos<\/strong>. Nos respondi\u00f3 \u2018ya les hab\u00eda enviado oficio donde dec\u00eda que no iba a asistir\u2019, explic\u00f3 Daniela \u00c1lvarez, concejal del Partido Acci\u00f3n Nacional (PAN) en <strong>Tlalpan<\/strong>.<\/p>\n<\/blockquote>\n<p>Tambi\u00e9n, cont\u00f3 que la <strong>alcaldesa<\/strong> les mand\u00f3 preguntar con un <strong>asistente<\/strong> si llevar\u00edan a cabo la sesi\u00f3n contra la <strong>ley<\/strong>, pero \u00f3 \u201cnosotros estamos <strong>actuando<\/strong> <strong>conforme<\/strong> a la ley -de <strong>alcald\u00edas<\/strong>\u2013 que establece que <strong>dos terceras partes<\/strong> de los <strong>concejales<\/strong> pueden citar a sesi\u00f3n\u201d.<\/p>\n<p>Como la <strong>alcaldesa<\/strong> no les permiti\u00f3 sesionar en el <strong>sal\u00f3n de cabildos<\/strong>, los concejales sesionaron en la <strong>sala de juntas.<\/strong><\/p>\n<h2>Alcald\u00edas<\/h2>\n<p>En tanto, el concejal <strong>Adri\u00e1n Alfaro<\/strong> del <strong>PAN<\/strong> asegur\u00f3 que el alcalde de <strong>Gustavo A. Madero,<\/strong>\u00a0Francisco Ch\u00edguil, no se ha reunido con ellos, aunque ya enviaron dos oficios pidi\u00e9ndo una reuni\u00f3n.<\/p>\n<blockquote>\n<p>\u201cEn el <strong>primer oficio<\/strong> le pedimos acordar la fecha de la sesi\u00f3n para <strong>abordar<\/strong> varios temas como el proyecto de reglamento y el <strong>salario<\/strong>, porque a\u00fan no sabemos nada de eso\u201d, sostuvo.<\/p>\n<\/blockquote>\n<p>El oficio lo enviaron desde el pasado <strong>4 de octubre<\/strong>firmado por los concejales<strong> Mauricio Garc\u00eda Jarqu\u00edn<\/strong> y <strong>Mar\u00eda de Lourdes Gonz\u00e1lez Ram\u00edrez<\/strong> del Partido Revolucionario Democr\u00e1tico (<strong>PRD<\/strong>), Mar\u00eda de Jes\u00fas Mart\u00ednez Bravo del Partido Revolucionario Institucional (PRI) y Adri\u00e1n Alfaro del PAN, pero no recibieron respuesta. Para despu\u00e9s enviaron otro oficio firmado por un <strong>concejal<\/strong> m\u00e1s, Mart\u00edn Hern\u00e1ndez Allen, de Morena, donde pidieron que se presente a la sesi\u00f3n de ma\u00f1ana.<\/p>\n<p>En <strong>Magdalena Contreras<\/strong>, Rub\u00e9n Aguirre, concejal del PAN asegur\u00f3 que \u201cla comunicaci\u00f3n con la alcaldesa <strong>Patricia Ortiz,<\/strong> de Morena, es nula. El trato es amable, pero no hemos tenido contacto\u201d.<\/p>\n<p>En <strong>Cuajimalpa<\/strong>, el concejal <strong>Ernesto P\u00e9rez<\/strong>, del PAN, asegur\u00f3 que casi no han interactuado con el alcalde <strong>Adri\u00e1n Rubalcava.<\/strong><\/p>\n<p><em>Con informaci\u00f3n de Georgina Olson<\/em><\/p>\n","protected":false},"excerpt":{"rendered":"<p>Alcaldes de la CDMX ignoran a concejales<br \/>\nPor Redacci\u00f3n QP<\/p>\n","protected":false},"author":2,"featured_media":7019,"comment_status":"open","ping_status":"open","sticky":false,"template":"","format":"standard","meta":{"_monsterinsights_skip_tracking":false,"_monsterinsights_sitenote_active":false,"_monsterinsights_sitenote_note":"","_monsterinsights_sitenote_category":0,"footnotes":""},"categories":[55],"tags":[],"class_list":["post-7020","post","type-post","status-publish","format-standard","has-post-thumbnail","hentry","category-cdmx"],"yoast_head":"<!-- This site is optimized with the Yoast SEO plugin v27.3 - https:\/\/yoast.com\/product\/yoast-seo-wordpress\/ -->\n<title>Alcaldes de la CDMX ignoran a concejales -<\/title>\n<meta name=\"robots\" content=\"index, follow, max-snippet:-1, max-image-preview:large, max-video-preview:-1\" \/>\n<link rel=\"canonical\" href=\"https:\/\/quehacerpolitico.mx\/?p=7020\" \/>\n<meta property=\"og:locale\" content=\"es_MX\" \/>\n<meta property=\"og:type\" content=\"article\" \/>\n<meta property=\"og:title\" content=\"Alcaldes de la CDMX ignoran a concejales -\" \/>\n<meta property=\"og:description\" content=\"Alcaldes de la CDMX ignoran a concejales Por Redacci\u00f3n QP\" \/>\n<meta property=\"og:url\" content=\"https:\/\/quehacerpolitico.mx\/?p=7020\" \/>\n<meta property=\"article:published_time\" content=\"2018-10-16T21:19:55+00:00\" \/>\n<meta name=\"author\" content=\"Redacci\u00f3n QP\" \/>\n<meta name=\"twitter:card\" content=\"summary_large_image\" \/>\n<meta name=\"twitter:label1\" content=\"Escrito por\" \/>\n\t<meta name=\"twitter:data1\" content=\"Redacci\u00f3n QP\" \/>\n\t<meta name=\"twitter:label2\" content=\"Tiempo de lectura\" \/>\n\t<meta name=\"twitter:data2\" content=\"2 minutos\" \/>\n<script type=\"application\/ld+json\" class=\"yoast-schema-graph\">{\"@context\":\"https:\\\/\\\/schema.org\",\"@graph\":[{\"@type\":\"Article\",\"@id\":\"https:\\\/\\\/quehacerpolitico.mx\\\/?p=7020#article\",\"isPartOf\":{\"@id\":\"https:\\\/\\\/quehacerpolitico.mx\\\/?p=7020\"},\"author\":{\"name\":\"Redacci\u00f3n QP\",\"@id\":\"https:\\\/\\\/quehacerpolitico.mx\\\/#\\\/schema\\\/person\\\/496d8ad2d1d3f8036101dca7ee39e585\"},\"headline\":\"Alcaldes de la CDMX ignoran a concejales\",\"datePublished\":\"2018-10-16T21:19:55+00:00\",\"mainEntityOfPage\":{\"@id\":\"https:\\\/\\\/quehacerpolitico.mx\\\/?p=7020\"},\"wordCount\":439,\"commentCount\":0,\"image\":{\"@id\":\"https:\\\/\\\/quehacerpolitico.mx\\\/?p=7020#primaryimage\"},\"thumbnailUrl\":\"\",\"articleSection\":[\"CDMX\"],\"inLanguage\":\"es\",\"potentialAction\":[{\"@type\":\"CommentAction\",\"name\":\"Comment\",\"target\":[\"https:\\\/\\\/quehacerpolitico.mx\\\/?p=7020#respond\"]}]},{\"@type\":\"WebPage\",\"@id\":\"https:\\\/\\\/quehacerpolitico.mx\\\/?p=7020\",\"url\":\"https:\\\/\\\/quehacerpolitico.mx\\\/?p=7020\",\"name\":\"Alcaldes de la CDMX ignoran a concejales -\",\"isPartOf\":{\"@id\":\"https:\\\/\\\/quehacerpolitico.mx\\\/#website\"},\"primaryImageOfPage\":{\"@id\":\"https:\\\/\\\/quehacerpolitico.mx\\\/?p=7020#primaryimage\"},\"image\":{\"@id\":\"https:\\\/\\\/quehacerpolitico.mx\\\/?p=7020#primaryimage\"},\"thumbnailUrl\":\"\",\"datePublished\":\"2018-10-16T21:19:55+00:00\",\"author\":{\"@id\":\"https:\\\/\\\/quehacerpolitico.mx\\\/#\\\/schema\\\/person\\\/496d8ad2d1d3f8036101dca7ee39e585\"},\"breadcrumb\":{\"@id\":\"https:\\\/\\\/quehacerpolitico.mx\\\/?p=7020#breadcrumb\"},\"inLanguage\":\"es\",\"potentialAction\":[{\"@type\":\"ReadAction\",\"target\":[\"https:\\\/\\\/quehacerpolitico.mx\\\/?p=7020\"]}]},{\"@type\":\"ImageObject\",\"inLanguage\":\"es\",\"@id\":\"https:\\\/\\\/quehacerpolitico.mx\\\/?p=7020#primaryimage\",\"url\":\"\",\"contentUrl\":\"\"},{\"@type\":\"BreadcrumbList\",\"@id\":\"https:\\\/\\\/quehacerpolitico.mx\\\/?p=7020#breadcrumb\",\"itemListElement\":[{\"@type\":\"ListItem\",\"position\":1,\"name\":\"Inicio\",\"item\":\"https:\\\/\\\/quehacerpolitico.mx\\\/\"},{\"@type\":\"ListItem\",\"position\":2,\"name\":\"Alcaldes de la CDMX ignoran a concejales\"}]},{\"@type\":\"WebSite\",\"@id\":\"https:\\\/\\\/quehacerpolitico.mx\\\/#website\",\"url\":\"https:\\\/\\\/quehacerpolitico.mx\\\/\",\"name\":\"\",\"description\":\"\",\"potentialAction\":[{\"@type\":\"SearchAction\",\"target\":{\"@type\":\"EntryPoint\",\"urlTemplate\":\"https:\\\/\\\/quehacerpolitico.mx\\\/?s={search_term_string}\"},\"query-input\":{\"@type\":\"PropertyValueSpecification\",\"valueRequired\":true,\"valueName\":\"search_term_string\"}}],\"inLanguage\":\"es\"},{\"@type\":\"Person\",\"@id\":\"https:\\\/\\\/quehacerpolitico.mx\\\/#\\\/schema\\\/person\\\/496d8ad2d1d3f8036101dca7ee39e585\",\"name\":\"Redacci\u00f3n QP\",\"image\":{\"@type\":\"ImageObject\",\"inLanguage\":\"es\",\"@id\":\"https:\\\/\\\/secure.gravatar.com\\\/avatar\\\/c7164ed6fdec453195284ad24a5ae5b6e1eed2b848477fa2a4787ba9adf39a41?s=96&d=mm&r=g\",\"url\":\"https:\\\/\\\/secure.gravatar.com\\\/avatar\\\/c7164ed6fdec453195284ad24a5ae5b6e1eed2b848477fa2a4787ba9adf39a41?s=96&d=mm&r=g\",\"contentUrl\":\"https:\\\/\\\/secure.gravatar.com\\\/avatar\\\/c7164ed6fdec453195284ad24a5ae5b6e1eed2b848477fa2a4787ba9adf39a41?s=96&d=mm&r=g\",\"caption\":\"Redacci\u00f3n QP\"},\"url\":\"https:\\\/\\\/quehacerpolitico.mx\\\/?author=2\"}]}<\/script>\n<!-- \/ Yoast SEO plugin. -->","yoast_head_json":{"title":"Alcaldes de la CDMX ignoran a concejales -","robots":{"index":"index","follow":"follow","max-snippet":"max-snippet:-1","max-image-preview":"max-image-preview:large","max-video-preview":"max-video-preview:-1"},"canonical":"https:\/\/quehacerpolitico.mx\/?p=7020","og_locale":"es_MX","og_type":"article","og_title":"Alcaldes de la CDMX ignoran a concejales -","og_description":"Alcaldes de la CDMX ignoran a concejales Por Redacci\u00f3n QP","og_url":"https:\/\/quehacerpolitico.mx\/?p=7020","article_published_time":"2018-10-16T21:19:55+00:00","author":"Redacci\u00f3n QP","twitter_card":"summary_large_image","twitter_misc":{"Escrito por":"Redacci\u00f3n QP","Tiempo de lectura":"2 minutos"},"schema":{"@context":"https:\/\/schema.org","@graph":[{"@type":"Article","@id":"https:\/\/quehacerpolitico.mx\/?p=7020#article","isPartOf":{"@id":"https:\/\/quehacerpolitico.mx\/?p=7020"},"author":{"name":"Redacci\u00f3n QP","@id":"https:\/\/quehacerpolitico.mx\/#\/schema\/person\/496d8ad2d1d3f8036101dca7ee39e585"},"headline":"Alcaldes de la CDMX ignoran a concejales","datePublished":"2018-10-16T21:19:55+00:00","mainEntityOfPage":{"@id":"https:\/\/quehacerpolitico.mx\/?p=7020"},"wordCount":439,"commentCount":0,"image":{"@id":"https:\/\/quehacerpolitico.mx\/?p=7020#primaryimage"},"thumbnailUrl":"","articleSection":["CDMX"],"inLanguage":"es","potentialAction":[{"@type":"CommentAction","name":"Comment","target":["https:\/\/quehacerpolitico.mx\/?p=7020#respond"]}]},{"@type":"WebPage","@id":"https:\/\/quehacerpolitico.mx\/?p=7020","url":"https:\/\/quehacerpolitico.mx\/?p=7020","name":"Alcaldes de la CDMX ignoran a concejales -","isPartOf":{"@id":"https:\/\/quehacerpolitico.mx\/#website"},"primaryImageOfPage":{"@id":"https:\/\/quehacerpolitico.mx\/?p=7020#primaryimage"},"image":{"@id":"https:\/\/quehacerpolitico.mx\/?p=7020#primaryimage"},"thumbnailUrl":"","datePublished":"2018-10-16T21:19:55+00:00","author":{"@id":"https:\/\/quehacerpolitico.mx\/#\/schema\/person\/496d8ad2d1d3f8036101dca7ee39e585"},"breadcrumb":{"@id":"https:\/\/quehacerpolitico.mx\/?p=7020#breadcrumb"},"inLanguage":"es","potentialAction":[{"@type":"ReadAction","target":["https:\/\/quehacerpolitico.mx\/?p=7020"]}]},{"@type":"ImageObject","inLanguage":"es","@id":"https:\/\/quehacerpolitico.mx\/?p=7020#primaryimage","url":"","contentUrl":""},{"@type":"BreadcrumbList","@id":"https:\/\/quehacerpolitico.mx\/?p=7020#breadcrumb","itemListElement":[{"@type":"ListItem","position":1,"name":"Inicio","item":"https:\/\/quehacerpolitico.mx\/"},{"@type":"ListItem","position":2,"name":"Alcaldes de la CDMX ignoran a concejales"}]},{"@type":"WebSite","@id":"https:\/\/quehacerpolitico.mx\/#website","url":"https:\/\/quehacerpolitico.mx\/","name":"","description":"","potentialAction":[{"@type":"SearchAction","target":{"@type":"EntryPoint","urlTemplate":"https:\/\/quehacerpolitico.mx\/?s={search_term_string}"},"query-input":{"@type":"PropertyValueSpecification","valueRequired":true,"valueName":"search_term_string"}}],"inLanguage":"es"},{"@type":"Person","@id":"https:\/\/quehacerpolitico.mx\/#\/schema\/person\/496d8ad2d1d3f8036101dca7ee39e585","name":"Redacci\u00f3n QP","image":{"@type":"ImageObject","inLanguage":"es","@id":"https:\/\/secure.gravatar.com\/avatar\/c7164ed6fdec453195284ad24a5ae5b6e1eed2b848477fa2a4787ba9adf39a41?s=96&d=mm&r=g","url":"https:\/\/secure.gravatar.com\/avatar\/c7164ed6fdec453195284ad24a5ae5b6e1eed2b848477fa2a4787ba9adf39a41?s=96&d=mm&r=g","contentUrl":"https:\/\/secure.gravatar.com\/avatar\/c7164ed6fdec453195284ad24a5ae5b6e1eed2b848477fa2a4787ba9adf39a41?s=96&d=mm&r=g","caption":"Redacci\u00f3n QP"},"url":"https:\/\/quehacerpolitico.mx\/?author=2"}]}},"featured_image_urls":{"full":"","thumbnail":"","medium":"","medium_large":"","large":"","1536x1536":"","2048x2048":"","covernews-featured":"","covernews-medium":""},"author_info":{"display_name":"Redacci\u00f3n QP","author_link":"https:\/\/quehacerpolitico.mx\/?author=2"},"category_info":"<a href=\"https:\/\/quehacerpolitico.mx\/?cat=55\" rel=\"category\">CDMX<\/a>","tag_info":"CDMX","comment_count":"0","_links":{"self":[{"href":"https:\/\/quehacerpolitico.mx\/index.php?rest_route=\/wp\/v2\/posts\/7020","targetHints":{"allow":["GET"]}}],"collection":[{"href":"https:\/\/quehacerpolitico.mx\/index.php?rest_route=\/wp\/v2\/posts"}],"about":[{"href":"https:\/\/quehacerpolitico.mx\/index.php?rest_route=\/wp\/v2\/types\/post"}],"author":[{"embeddable":true,"href":"https:\/\/quehacerpolitico.mx\/index.php?rest_route=\/wp\/v2\/users\/2"}],"replies":[{"embeddable":true,"href":"https:\/\/quehacerpolitico.mx\/index.php?rest_route=%2Fwp%2Fv2%2Fcomments&post=7020"}],"version-history":[{"count":0,"href":"https:\/\/quehacerpolitico.mx\/index.php?rest_route=\/wp\/v2\/posts\/7020\/revisions"}],"wp:featuredmedia":[{"embeddable":true,"href":"https:\/\/quehacerpolitico.mx\/index.php?rest_route=\/"}],"wp:attachment":[{"href":"https:\/\/quehacerpolitico.mx\/index.php?rest_route=%2Fwp%2Fv2%2Fmedia&parent=7020"}],"wp:term":[{"taxonomy":"category","embeddable":true,"href":"https:\/\/quehacerpolitico.mx\/index.php?rest_route=%2Fwp%2Fv2%2Fcategories&post=7020"},{"taxonomy":"post_tag","embeddable":true,"href":"https:\/\/quehacerpolitico.mx\/index.php?rest_route=%2Fwp%2Fv2%2Ftags&post=7020"}],"curies":[{"name":"wp","href":"https:\/\/api.w.org\/{rel}","templated":true}]}}