{"id":7018,"date":"2018-10-16T21:12:17","date_gmt":"2018-10-16T21:12:17","guid":{"rendered":"http:\/\/quehacerpolitico.mx\/la-opcion-de-t-mec-gana-consulta-de-amlo-en-twitter-para-nombrar-en-espanol-al-usmca\/"},"modified":"2018-10-16T21:12:17","modified_gmt":"2018-10-16T21:12:17","slug":"la-opcion-de-t-mec-gana-consulta-de-amlo-en-twitter-para-nombrar-en-espanol-al-usmca","status":"publish","type":"post","link":"https:\/\/quehacerpolitico.mx\/?p=7018","title":{"rendered":"La opci\u00f3n de T-MEC gana consulta de AMLO en Twitter para nombrar en espa\u00f1ol al USMCA"},"content":{"rendered":"<p>La encuesta en redes convocada por el <strong>Presidente electo Andr\u00e9s Manuel L\u00f3pez Obrador<\/strong> para definir el nombre que llevar\u00e1 en espa\u00f1ol el nuevo\u00a0<strong>acuerdo comercial entre M\u00e9xico, Estados Unidos y Canad\u00e1<\/strong>\u00a0arroj\u00f3 una preferencia por <strong>T-MEC<\/strong>.<\/p>\n<p>El pasado 9 de octubre, el Presidente electo abri\u00f3 una consulta en Twitter para elegir el nombre del acuerdo comercial que en ingl\u00e9s lleva las siglas USMCA.<\/p>\n<p>L\u00f3pez Obrador sugiri\u00f3 tres opciones:\u00a0\u00a0TEUMECA\u00a0(Tratado\/Estados Unidos\/M\u00e9xico\/Canad\u00e1),\u00a0T-MEC\u00a0(Tratado \/M\u00e9xico\/Estados Unidos\/Canad\u00e1), y la tercera es ninguna de las dos anteriores propuestas.<\/p>\n<p>Este martes, el tabasque\u00f1o agradeci\u00f3 la participaci\u00f3n de los votantes y anunci\u00f3 que pedir\u00e1 a Jes\u00fas Seade, designado por su equipo en la renegociaci\u00f3n del tratado con Estados Unidos y Canad\u00e1, que transmita esta lectura a sus contrapartes negociadores del gobierno del Presidente Enrique Pe\u00f1a Nieto.<\/p>\n<blockquote class=\"twitter-tweet\" data-width=\"550\" data-dnt=\"true\">\n<p lang=\"es\" dir=\"ltr\">Agradezco a todos los que participaron en esta encuesta que arroj\u00f3 una clara preferencia por T-MEC. Pedir\u00e9 a Jes\u00fas Seade que transmita esta lectura a sus contrapartes negociadores del gobierno del presidente Pe\u00f1a Nieto; que se pongan de acuerdo en el nombre coloquial del Tratado <a href=\"https:\/\/t.co\/mVZOZFlAYa\">https:\/\/t.co\/mVZOZFlAYa<\/a><\/p>\n<p>&mdash; Andr\u00e9s Manuel (@lopezobrador_) <a href=\"https:\/\/twitter.com\/lopezobrador_\/status\/1052257204449857536?ref_src=twsrc%5Etfw\">October 16, 2018<\/a><\/p><\/blockquote>\n<p><script async src=\"https:\/\/platform.twitter.com\/widgets.js\" charset=\"utf-8\"><\/script><\/p>\n<p>El 1 de octubre, el Presidente de Estados Unidos, Donald Trump, anunci\u00f3 un \u201cmaravilloso\u201d e \u201chist\u00f3rico\u201d acuerdo comercial entre su pa\u00eds, Canad\u00e1 y M\u00e9xico.<\/p>\n<p>El nuevo mecanismo fue nombrado como USMCA, por sus siglas en ingl\u00e9s, y sustituy\u00f3 al Tratado de Libre Comercio de Am\u00e9rica del Norte (TLCAN).<\/p>\n<p>En esa ocasi\u00f3n, Trump felicit\u00f3 al Presidente Pe\u00f1a Nieto, a quien calific\u00f3 como un hombre que ha hecho un gran trabajo.<\/p>\n<blockquote>\n<p>\u201cQuiero darle las gracias al Presidente Pe\u00f1a Nieto de M\u00e9xico. Tuvimos unos desacuerdos pero me cae muy bien. No s\u00e9 si yo le caigo bien, pero me cae muy bien\u201d, dijo en conferencia de prensa.<\/p>\n<\/blockquote>\n<p>Tambi\u00e9n emiti\u00f3 un reconocimiento a L\u00f3pez Obrador por el apoyo brindado en el acuerdo y recalc\u00f3 que ambos \u201cestamos desarrollando una excelente relaci\u00f3n\u201d.<\/p>\n<p>Se esperaba que el nuevo tratado fuera firmado por el Presidente Donald Trump y sus contrapartes canadienses y mexicanos en el mes de noviembre y que los congresos de los tres pa\u00edses lo aprobaran a mediados del 2019.<\/p>\n<p>Pero el renegociado acuerdo comercial no ser\u00e1 votado en el Congreso de Estados Unidos este a\u00f1o, dijo este martes a <em>Bloomberg<\/em> el l\u00edder de la mayor\u00eda en el Senado,\u00a0Mitch McConnell,\u00a0estableciendo una posible pelea con los dem\u00f3cratas el pr\u00f3ximo a\u00f1o por un logro exclusivo de la\u00a0Casa Blanca.<\/p>\n<blockquote>\n<p>\u201cMis asesores comerciales dicen que no es posible hacerlo en los diferentes pasos que tenemos que seguir. No hab\u00eda escuchado que podr\u00eda ser posible abordarlo este a\u00f1o\u201d, coment\u00f3 McConnell en una entrevista con <em>Bloomberg News.<\/em><\/p>\n<\/blockquote>\n<p>La espera hasta el pr\u00f3ximo a\u00f1o para que el Congreso apruebe la medida abre la posibilidad de que los dem\u00f3cratas busquen concesiones de la\u00a0Casa Blanca\u00a0si el partido gana la mayor\u00eda en la C\u00e1mara en las elecciones intermedias del 6 de noviembre, desacuerdo con el medio.<\/p>\n","protected":false},"excerpt":{"rendered":"<p>La opci\u00f3n de T-MEC gana consulta de AMLO en Twitter para nombrar en espa\u00f1ol al USMCA<br \/>\nPor Redacci\u00f3n QP<\/p>\n","protected":false},"author":2,"featured_media":7017,"comment_status":"open","ping_status":"open","sticky":false,"template":"","format":"standard","meta":{"_monsterinsights_skip_tracking":false,"_monsterinsights_sitenote_active":false,"_monsterinsights_sitenote_note":"","_monsterinsights_sitenote_category":0,"footnotes":""},"categories":[2],"tags":[],"class_list":["post-7018","post","type-post","status-publish","format-standard","has-post-thumbnail","hentry","category-noticias"],"yoast_head":"<!-- This site is optimized with the Yoast SEO plugin v27.3 - https:\/\/yoast.com\/product\/yoast-seo-wordpress\/ -->\n<title>La opci\u00f3n de T-MEC gana consulta de AMLO en Twitter para nombrar en espa\u00f1ol al USMCA -<\/title>\n<meta name=\"robots\" content=\"index, follow, max-snippet:-1, max-image-preview:large, max-video-preview:-1\" \/>\n<link rel=\"canonical\" href=\"https:\/\/quehacerpolitico.mx\/?p=7018\" \/>\n<meta property=\"og:locale\" content=\"es_MX\" \/>\n<meta property=\"og:type\" content=\"article\" \/>\n<meta property=\"og:title\" content=\"La opci\u00f3n de T-MEC gana consulta de AMLO en Twitter para nombrar en espa\u00f1ol al USMCA -\" \/>\n<meta property=\"og:description\" content=\"La opci\u00f3n de T-MEC gana consulta de AMLO en Twitter para nombrar en espa\u00f1ol al USMCA Por Redacci\u00f3n QP\" \/>\n<meta property=\"og:url\" content=\"https:\/\/quehacerpolitico.mx\/?p=7018\" \/>\n<meta property=\"article:published_time\" content=\"2018-10-16T21:12:17+00:00\" \/>\n<meta name=\"author\" content=\"Redacci\u00f3n QP\" \/>\n<meta name=\"twitter:card\" content=\"summary_large_image\" \/>\n<meta name=\"twitter:label1\" content=\"Escrito por\" \/>\n\t<meta name=\"twitter:data1\" content=\"Redacci\u00f3n QP\" \/>\n\t<meta name=\"twitter:label2\" content=\"Tiempo de lectura\" \/>\n\t<meta name=\"twitter:data2\" content=\"2 minutos\" \/>\n<script type=\"application\/ld+json\" class=\"yoast-schema-graph\">{\"@context\":\"https:\\\/\\\/schema.org\",\"@graph\":[{\"@type\":\"Article\",\"@id\":\"https:\\\/\\\/quehacerpolitico.mx\\\/?p=7018#article\",\"isPartOf\":{\"@id\":\"https:\\\/\\\/quehacerpolitico.mx\\\/?p=7018\"},\"author\":{\"name\":\"Redacci\u00f3n QP\",\"@id\":\"https:\\\/\\\/quehacerpolitico.mx\\\/#\\\/schema\\\/person\\\/496d8ad2d1d3f8036101dca7ee39e585\"},\"headline\":\"La opci\u00f3n de T-MEC gana consulta de AMLO en Twitter para nombrar en espa\u00f1ol al USMCA\",\"datePublished\":\"2018-10-16T21:12:17+00:00\",\"mainEntityOfPage\":{\"@id\":\"https:\\\/\\\/quehacerpolitico.mx\\\/?p=7018\"},\"wordCount\":492,\"commentCount\":0,\"image\":{\"@id\":\"https:\\\/\\\/quehacerpolitico.mx\\\/?p=7018#primaryimage\"},\"thumbnailUrl\":\"\",\"articleSection\":[\"Noticias\"],\"inLanguage\":\"es\",\"potentialAction\":[{\"@type\":\"CommentAction\",\"name\":\"Comment\",\"target\":[\"https:\\\/\\\/quehacerpolitico.mx\\\/?p=7018#respond\"]}]},{\"@type\":\"WebPage\",\"@id\":\"https:\\\/\\\/quehacerpolitico.mx\\\/?p=7018\",\"url\":\"https:\\\/\\\/quehacerpolitico.mx\\\/?p=7018\",\"name\":\"La opci\u00f3n de T-MEC gana consulta de AMLO en Twitter para nombrar en espa\u00f1ol al USMCA -\",\"isPartOf\":{\"@id\":\"https:\\\/\\\/quehacerpolitico.mx\\\/#website\"},\"primaryImageOfPage\":{\"@id\":\"https:\\\/\\\/quehacerpolitico.mx\\\/?p=7018#primaryimage\"},\"image\":{\"@id\":\"https:\\\/\\\/quehacerpolitico.mx\\\/?p=7018#primaryimage\"},\"thumbnailUrl\":\"\",\"datePublished\":\"2018-10-16T21:12:17+00:00\",\"author\":{\"@id\":\"https:\\\/\\\/quehacerpolitico.mx\\\/#\\\/schema\\\/person\\\/496d8ad2d1d3f8036101dca7ee39e585\"},\"breadcrumb\":{\"@id\":\"https:\\\/\\\/quehacerpolitico.mx\\\/?p=7018#breadcrumb\"},\"inLanguage\":\"es\",\"potentialAction\":[{\"@type\":\"ReadAction\",\"target\":[\"https:\\\/\\\/quehacerpolitico.mx\\\/?p=7018\"]}]},{\"@type\":\"ImageObject\",\"inLanguage\":\"es\",\"@id\":\"https:\\\/\\\/quehacerpolitico.mx\\\/?p=7018#primaryimage\",\"url\":\"\",\"contentUrl\":\"\"},{\"@type\":\"BreadcrumbList\",\"@id\":\"https:\\\/\\\/quehacerpolitico.mx\\\/?p=7018#breadcrumb\",\"itemListElement\":[{\"@type\":\"ListItem\",\"position\":1,\"name\":\"Inicio\",\"item\":\"https:\\\/\\\/quehacerpolitico.mx\\\/\"},{\"@type\":\"ListItem\",\"position\":2,\"name\":\"La opci\u00f3n de T-MEC gana consulta de AMLO en Twitter para nombrar en espa\u00f1ol al USMCA\"}]},{\"@type\":\"WebSite\",\"@id\":\"https:\\\/\\\/quehacerpolitico.mx\\\/#website\",\"url\":\"https:\\\/\\\/quehacerpolitico.mx\\\/\",\"name\":\"\",\"description\":\"\",\"potentialAction\":[{\"@type\":\"SearchAction\",\"target\":{\"@type\":\"EntryPoint\",\"urlTemplate\":\"https:\\\/\\\/quehacerpolitico.mx\\\/?s={search_term_string}\"},\"query-input\":{\"@type\":\"PropertyValueSpecification\",\"valueRequired\":true,\"valueName\":\"search_term_string\"}}],\"inLanguage\":\"es\"},{\"@type\":\"Person\",\"@id\":\"https:\\\/\\\/quehacerpolitico.mx\\\/#\\\/schema\\\/person\\\/496d8ad2d1d3f8036101dca7ee39e585\",\"name\":\"Redacci\u00f3n QP\",\"image\":{\"@type\":\"ImageObject\",\"inLanguage\":\"es\",\"@id\":\"https:\\\/\\\/secure.gravatar.com\\\/avatar\\\/c7164ed6fdec453195284ad24a5ae5b6e1eed2b848477fa2a4787ba9adf39a41?s=96&d=mm&r=g\",\"url\":\"https:\\\/\\\/secure.gravatar.com\\\/avatar\\\/c7164ed6fdec453195284ad24a5ae5b6e1eed2b848477fa2a4787ba9adf39a41?s=96&d=mm&r=g\",\"contentUrl\":\"https:\\\/\\\/secure.gravatar.com\\\/avatar\\\/c7164ed6fdec453195284ad24a5ae5b6e1eed2b848477fa2a4787ba9adf39a41?s=96&d=mm&r=g\",\"caption\":\"Redacci\u00f3n QP\"},\"url\":\"https:\\\/\\\/quehacerpolitico.mx\\\/?author=2\"}]}<\/script>\n<!-- \/ Yoast SEO plugin. -->","yoast_head_json":{"title":"La opci\u00f3n de T-MEC gana consulta de AMLO en Twitter para nombrar en espa\u00f1ol al USMCA -","robots":{"index":"index","follow":"follow","max-snippet":"max-snippet:-1","max-image-preview":"max-image-preview:large","max-video-preview":"max-video-preview:-1"},"canonical":"https:\/\/quehacerpolitico.mx\/?p=7018","og_locale":"es_MX","og_type":"article","og_title":"La opci\u00f3n de T-MEC gana consulta de AMLO en Twitter para nombrar en espa\u00f1ol al USMCA -","og_description":"La opci\u00f3n de T-MEC gana consulta de AMLO en Twitter para nombrar en espa\u00f1ol al USMCA Por Redacci\u00f3n QP","og_url":"https:\/\/quehacerpolitico.mx\/?p=7018","article_published_time":"2018-10-16T21:12:17+00:00","author":"Redacci\u00f3n QP","twitter_card":"summary_large_image","twitter_misc":{"Escrito por":"Redacci\u00f3n QP","Tiempo de lectura":"2 minutos"},"schema":{"@context":"https:\/\/schema.org","@graph":[{"@type":"Article","@id":"https:\/\/quehacerpolitico.mx\/?p=7018#article","isPartOf":{"@id":"https:\/\/quehacerpolitico.mx\/?p=7018"},"author":{"name":"Redacci\u00f3n QP","@id":"https:\/\/quehacerpolitico.mx\/#\/schema\/person\/496d8ad2d1d3f8036101dca7ee39e585"},"headline":"La opci\u00f3n de T-MEC gana consulta de AMLO en Twitter para nombrar en espa\u00f1ol al USMCA","datePublished":"2018-10-16T21:12:17+00:00","mainEntityOfPage":{"@id":"https:\/\/quehacerpolitico.mx\/?p=7018"},"wordCount":492,"commentCount":0,"image":{"@id":"https:\/\/quehacerpolitico.mx\/?p=7018#primaryimage"},"thumbnailUrl":"","articleSection":["Noticias"],"inLanguage":"es","potentialAction":[{"@type":"CommentAction","name":"Comment","target":["https:\/\/quehacerpolitico.mx\/?p=7018#respond"]}]},{"@type":"WebPage","@id":"https:\/\/quehacerpolitico.mx\/?p=7018","url":"https:\/\/quehacerpolitico.mx\/?p=7018","name":"La opci\u00f3n de T-MEC gana consulta de AMLO en Twitter para nombrar en espa\u00f1ol al USMCA -","isPartOf":{"@id":"https:\/\/quehacerpolitico.mx\/#website"},"primaryImageOfPage":{"@id":"https:\/\/quehacerpolitico.mx\/?p=7018#primaryimage"},"image":{"@id":"https:\/\/quehacerpolitico.mx\/?p=7018#primaryimage"},"thumbnailUrl":"","datePublished":"2018-10-16T21:12:17+00:00","author":{"@id":"https:\/\/quehacerpolitico.mx\/#\/schema\/person\/496d8ad2d1d3f8036101dca7ee39e585"},"breadcrumb":{"@id":"https:\/\/quehacerpolitico.mx\/?p=7018#breadcrumb"},"inLanguage":"es","potentialAction":[{"@type":"ReadAction","target":["https:\/\/quehacerpolitico.mx\/?p=7018"]}]},{"@type":"ImageObject","inLanguage":"es","@id":"https:\/\/quehacerpolitico.mx\/?p=7018#primaryimage","url":"","contentUrl":""},{"@type":"BreadcrumbList","@id":"https:\/\/quehacerpolitico.mx\/?p=7018#breadcrumb","itemListElement":[{"@type":"ListItem","position":1,"name":"Inicio","item":"https:\/\/quehacerpolitico.mx\/"},{"@type":"ListItem","position":2,"name":"La opci\u00f3n de T-MEC gana consulta de AMLO en Twitter para nombrar en espa\u00f1ol al USMCA"}]},{"@type":"WebSite","@id":"https:\/\/quehacerpolitico.mx\/#website","url":"https:\/\/quehacerpolitico.mx\/","name":"","description":"","potentialAction":[{"@type":"SearchAction","target":{"@type":"EntryPoint","urlTemplate":"https:\/\/quehacerpolitico.mx\/?s={search_term_string}"},"query-input":{"@type":"PropertyValueSpecification","valueRequired":true,"valueName":"search_term_string"}}],"inLanguage":"es"},{"@type":"Person","@id":"https:\/\/quehacerpolitico.mx\/#\/schema\/person\/496d8ad2d1d3f8036101dca7ee39e585","name":"Redacci\u00f3n QP","image":{"@type":"ImageObject","inLanguage":"es","@id":"https:\/\/secure.gravatar.com\/avatar\/c7164ed6fdec453195284ad24a5ae5b6e1eed2b848477fa2a4787ba9adf39a41?s=96&d=mm&r=g","url":"https:\/\/secure.gravatar.com\/avatar\/c7164ed6fdec453195284ad24a5ae5b6e1eed2b848477fa2a4787ba9adf39a41?s=96&d=mm&r=g","contentUrl":"https:\/\/secure.gravatar.com\/avatar\/c7164ed6fdec453195284ad24a5ae5b6e1eed2b848477fa2a4787ba9adf39a41?s=96&d=mm&r=g","caption":"Redacci\u00f3n QP"},"url":"https:\/\/quehacerpolitico.mx\/?author=2"}]}},"featured_image_urls":{"full":"","thumbnail":"","medium":"","medium_large":"","large":"","1536x1536":"","2048x2048":"","covernews-featured":"","covernews-medium":""},"author_info":{"display_name":"Redacci\u00f3n QP","author_link":"https:\/\/quehacerpolitico.mx\/?author=2"},"category_info":"<a href=\"https:\/\/quehacerpolitico.mx\/?cat=2\" rel=\"category\">Noticias<\/a>","tag_info":"Noticias","comment_count":"0","_links":{"self":[{"href":"https:\/\/quehacerpolitico.mx\/index.php?rest_route=\/wp\/v2\/posts\/7018","targetHints":{"allow":["GET"]}}],"collection":[{"href":"https:\/\/quehacerpolitico.mx\/index.php?rest_route=\/wp\/v2\/posts"}],"about":[{"href":"https:\/\/quehacerpolitico.mx\/index.php?rest_route=\/wp\/v2\/types\/post"}],"author":[{"embeddable":true,"href":"https:\/\/quehacerpolitico.mx\/index.php?rest_route=\/wp\/v2\/users\/2"}],"replies":[{"embeddable":true,"href":"https:\/\/quehacerpolitico.mx\/index.php?rest_route=%2Fwp%2Fv2%2Fcomments&post=7018"}],"version-history":[{"count":0,"href":"https:\/\/quehacerpolitico.mx\/index.php?rest_route=\/wp\/v2\/posts\/7018\/revisions"}],"wp:featuredmedia":[{"embeddable":true,"href":"https:\/\/quehacerpolitico.mx\/index.php?rest_route=\/"}],"wp:attachment":[{"href":"https:\/\/quehacerpolitico.mx\/index.php?rest_route=%2Fwp%2Fv2%2Fmedia&parent=7018"}],"wp:term":[{"taxonomy":"category","embeddable":true,"href":"https:\/\/quehacerpolitico.mx\/index.php?rest_route=%2Fwp%2Fv2%2Fcategories&post=7018"},{"taxonomy":"post_tag","embeddable":true,"href":"https:\/\/quehacerpolitico.mx\/index.php?rest_route=%2Fwp%2Fv2%2Ftags&post=7018"}],"curies":[{"name":"wp","href":"https:\/\/api.w.org\/{rel}","templated":true}]}}