{"id":7016,"date":"2018-10-16T21:03:20","date_gmt":"2018-10-16T21:03:20","guid":{"rendered":"http:\/\/quehacerpolitico.mx\/amlo-se-reune-con-el-gobernador-de-durango-celebra-que-haya-polemica-por-consulta-de-naim\/"},"modified":"2018-10-16T21:03:20","modified_gmt":"2018-10-16T21:03:20","slug":"amlo-se-reune-con-el-gobernador-de-durango-celebra-que-haya-polemica-por-consulta-de-naim","status":"publish","type":"post","link":"https:\/\/quehacerpolitico.mx\/?p=7016","title":{"rendered":"AMLO se re\u00fane con el Gobernador de Durango; celebra que haya pol\u00e9mica por consulta de NAIM"},"content":{"rendered":"<p>El Presidente electo,<strong> Andr\u00e9s Manuel L\u00f3pez Obrador<\/strong>, se reuni\u00f3 hoy con el <strong>Gobernador de Durango<\/strong>, Jos\u00e9 Rosas Aispuro, con quien, dijo, trabajar\u00e1n de la mano para sacar a la entidad del abandono.<\/p>\n<p>Cuestionado sobre la\u00a0consulta del NAIM destac\u00f3 que se haya generado pol\u00e9mica en torno al tema porque as\u00ed m\u00e1s gente se entera de que se llevar\u00e1 cabo y podr\u00e1n participar.<\/p>\n<blockquote>\n<p>\u201cMe da gusto que se polemice sobre este asunto, porque as\u00ed la gente se entera, si no hubiese pol\u00e9mica, la gente no se enterar\u00eda de que va a haber una consulta para decidir sobre la construcci\u00f3n del Aeropuerto en la Ciudad de M\u00e9xico\u201d, dijo.<\/p>\n<blockquote>\n<p>\u201cVoy a polemizar m\u00e1s, hoy o ma\u00f1ana, sobre este asunto del Aeropuerto y dar nota, porque lo que quiero es que la gente se entere, si hay informaci\u00f3n van a participar los ciudadanos en la consulta y eso nos conviene a todos, que la gente tenga elementos para decidir\u201d, a\u00f1adi\u00f3.<\/p>\n<\/blockquote>\n<p>Se prev\u00e9 que a las 17:00 horas, el Presidente electo encabece un mitin en la Plaza de Armas de Durango.<\/p>\n<p>En un mensaje conjunto luego de la reuni\u00f3n, L\u00f3pez Obrador dijo que el mandatario estatal le expres\u00f3 su preocupaci\u00f3n por el abandono que ha habido en la entidad.<\/p>\n<p class=\"p1\">\u201cSe ha abandonado a Durango y \u00e9sta es una de las preocupaciones del Gobernador\u201d, destac\u00f3.<\/p>\n<blockquote class=\"twitter-tweet\" data-width=\"550\" data-dnt=\"true\">\n<p lang=\"es\" dir=\"ltr\">Agradecemos a <a href=\"https:\/\/twitter.com\/lopezobrador_?ref_src=twsrc%5Etfw\">@lopezobrador_<\/a> la apertura al di\u00e1logo; esta tarde nos reunimos con los grupos parlamentarios de Durango as\u00ed como los alcaldes de los 39 municipios. <a href=\"https:\/\/t.co\/XpOQl0cbAG\">pic.twitter.com\/XpOQl0cbAG<\/a><\/p>\n<p>&mdash; Jos\u00e9 R. Aispuro T. (@AispuroDurango) <a href=\"https:\/\/twitter.com\/AispuroDurango\/status\/1052272276622561282?ref_src=twsrc%5Etfw\">October 16, 2018<\/a><\/p><\/blockquote>\n<p><script async src=\"https:\/\/platform.twitter.com\/widgets.js\" charset=\"utf-8\"><\/script><\/p>\n<p>En la reuni\u00f3n estuvieron presentes tambi\u00e9n los diputados del Congreso de Durango y los alcaldes de los 39 municipios.<\/p>\n<p>Rosas Aispuro inform\u00f3 que le expres\u00f3 al Presidente electo la situaci\u00f3n del estado \u201cas\u00ed como los avances logrados\u201d durante su gesti\u00f3n. Dijo que se presentaron diversos proyectos para el desarrollo de Durango y para brindar bienestar y seguridad a los ciudadanos.<\/p>\n<p>Inform\u00f3 que le dieron a conocer obras como la Presa Tunal 2; y para La Laguna se habl\u00f3 de la conclusi\u00f3n de proyectos de movilidad como tramos carreteros y el tema del Metrob\u00fas.<\/p>\n<\/blockquote>\n","protected":false},"excerpt":{"rendered":"<p>AMLO se re\u00fane con el Gobernador de Durango; celebra que haya pol\u00e9mica por consulta de NAIM<br \/>\nPor Redacci\u00f3n QP<\/p>\n","protected":false},"author":2,"featured_media":7015,"comment_status":"open","ping_status":"open","sticky":false,"template":"","format":"standard","meta":{"_monsterinsights_skip_tracking":false,"_monsterinsights_sitenote_active":false,"_monsterinsights_sitenote_note":"","_monsterinsights_sitenote_category":0,"footnotes":""},"categories":[2],"tags":[],"class_list":["post-7016","post","type-post","status-publish","format-standard","has-post-thumbnail","hentry","category-noticias"],"yoast_head":"<!-- This site is optimized with the Yoast SEO plugin v27.3 - https:\/\/yoast.com\/product\/yoast-seo-wordpress\/ -->\n<title>AMLO se re\u00fane con el Gobernador de Durango; celebra que haya pol\u00e9mica por consulta de NAIM -<\/title>\n<meta name=\"robots\" content=\"index, follow, max-snippet:-1, max-image-preview:large, max-video-preview:-1\" \/>\n<link rel=\"canonical\" href=\"https:\/\/quehacerpolitico.mx\/?p=7016\" \/>\n<meta property=\"og:locale\" content=\"es_MX\" \/>\n<meta property=\"og:type\" content=\"article\" \/>\n<meta property=\"og:title\" content=\"AMLO se re\u00fane con el Gobernador de Durango; celebra que haya pol\u00e9mica por consulta de NAIM -\" \/>\n<meta property=\"og:description\" content=\"AMLO se re\u00fane con el Gobernador de Durango; celebra que haya pol\u00e9mica por consulta de NAIM Por Redacci\u00f3n QP\" \/>\n<meta property=\"og:url\" content=\"https:\/\/quehacerpolitico.mx\/?p=7016\" \/>\n<meta property=\"article:published_time\" content=\"2018-10-16T21:03:20+00:00\" \/>\n<meta name=\"author\" content=\"Redacci\u00f3n QP\" \/>\n<meta name=\"twitter:card\" content=\"summary_large_image\" \/>\n<meta name=\"twitter:label1\" content=\"Escrito por\" \/>\n\t<meta name=\"twitter:data1\" content=\"Redacci\u00f3n QP\" \/>\n\t<meta name=\"twitter:label2\" content=\"Tiempo de lectura\" \/>\n\t<meta name=\"twitter:data2\" content=\"2 minutos\" \/>\n<script type=\"application\/ld+json\" class=\"yoast-schema-graph\">{\"@context\":\"https:\\\/\\\/schema.org\",\"@graph\":[{\"@type\":\"Article\",\"@id\":\"https:\\\/\\\/quehacerpolitico.mx\\\/?p=7016#article\",\"isPartOf\":{\"@id\":\"https:\\\/\\\/quehacerpolitico.mx\\\/?p=7016\"},\"author\":{\"name\":\"Redacci\u00f3n QP\",\"@id\":\"https:\\\/\\\/quehacerpolitico.mx\\\/#\\\/schema\\\/person\\\/496d8ad2d1d3f8036101dca7ee39e585\"},\"headline\":\"AMLO se re\u00fane con el Gobernador de Durango; celebra que haya pol\u00e9mica por consulta de NAIM\",\"datePublished\":\"2018-10-16T21:03:20+00:00\",\"mainEntityOfPage\":{\"@id\":\"https:\\\/\\\/quehacerpolitico.mx\\\/?p=7016\"},\"wordCount\":356,\"commentCount\":0,\"image\":{\"@id\":\"https:\\\/\\\/quehacerpolitico.mx\\\/?p=7016#primaryimage\"},\"thumbnailUrl\":\"\",\"articleSection\":[\"Noticias\"],\"inLanguage\":\"es\",\"potentialAction\":[{\"@type\":\"CommentAction\",\"name\":\"Comment\",\"target\":[\"https:\\\/\\\/quehacerpolitico.mx\\\/?p=7016#respond\"]}]},{\"@type\":\"WebPage\",\"@id\":\"https:\\\/\\\/quehacerpolitico.mx\\\/?p=7016\",\"url\":\"https:\\\/\\\/quehacerpolitico.mx\\\/?p=7016\",\"name\":\"AMLO se re\u00fane con el Gobernador de Durango; celebra que haya pol\u00e9mica por consulta de NAIM -\",\"isPartOf\":{\"@id\":\"https:\\\/\\\/quehacerpolitico.mx\\\/#website\"},\"primaryImageOfPage\":{\"@id\":\"https:\\\/\\\/quehacerpolitico.mx\\\/?p=7016#primaryimage\"},\"image\":{\"@id\":\"https:\\\/\\\/quehacerpolitico.mx\\\/?p=7016#primaryimage\"},\"thumbnailUrl\":\"\",\"datePublished\":\"2018-10-16T21:03:20+00:00\",\"author\":{\"@id\":\"https:\\\/\\\/quehacerpolitico.mx\\\/#\\\/schema\\\/person\\\/496d8ad2d1d3f8036101dca7ee39e585\"},\"breadcrumb\":{\"@id\":\"https:\\\/\\\/quehacerpolitico.mx\\\/?p=7016#breadcrumb\"},\"inLanguage\":\"es\",\"potentialAction\":[{\"@type\":\"ReadAction\",\"target\":[\"https:\\\/\\\/quehacerpolitico.mx\\\/?p=7016\"]}]},{\"@type\":\"ImageObject\",\"inLanguage\":\"es\",\"@id\":\"https:\\\/\\\/quehacerpolitico.mx\\\/?p=7016#primaryimage\",\"url\":\"\",\"contentUrl\":\"\"},{\"@type\":\"BreadcrumbList\",\"@id\":\"https:\\\/\\\/quehacerpolitico.mx\\\/?p=7016#breadcrumb\",\"itemListElement\":[{\"@type\":\"ListItem\",\"position\":1,\"name\":\"Inicio\",\"item\":\"https:\\\/\\\/quehacerpolitico.mx\\\/\"},{\"@type\":\"ListItem\",\"position\":2,\"name\":\"AMLO se re\u00fane con el Gobernador de Durango; celebra que haya pol\u00e9mica por consulta de NAIM\"}]},{\"@type\":\"WebSite\",\"@id\":\"https:\\\/\\\/quehacerpolitico.mx\\\/#website\",\"url\":\"https:\\\/\\\/quehacerpolitico.mx\\\/\",\"name\":\"\",\"description\":\"\",\"potentialAction\":[{\"@type\":\"SearchAction\",\"target\":{\"@type\":\"EntryPoint\",\"urlTemplate\":\"https:\\\/\\\/quehacerpolitico.mx\\\/?s={search_term_string}\"},\"query-input\":{\"@type\":\"PropertyValueSpecification\",\"valueRequired\":true,\"valueName\":\"search_term_string\"}}],\"inLanguage\":\"es\"},{\"@type\":\"Person\",\"@id\":\"https:\\\/\\\/quehacerpolitico.mx\\\/#\\\/schema\\\/person\\\/496d8ad2d1d3f8036101dca7ee39e585\",\"name\":\"Redacci\u00f3n QP\",\"image\":{\"@type\":\"ImageObject\",\"inLanguage\":\"es\",\"@id\":\"https:\\\/\\\/secure.gravatar.com\\\/avatar\\\/c7164ed6fdec453195284ad24a5ae5b6e1eed2b848477fa2a4787ba9adf39a41?s=96&d=mm&r=g\",\"url\":\"https:\\\/\\\/secure.gravatar.com\\\/avatar\\\/c7164ed6fdec453195284ad24a5ae5b6e1eed2b848477fa2a4787ba9adf39a41?s=96&d=mm&r=g\",\"contentUrl\":\"https:\\\/\\\/secure.gravatar.com\\\/avatar\\\/c7164ed6fdec453195284ad24a5ae5b6e1eed2b848477fa2a4787ba9adf39a41?s=96&d=mm&r=g\",\"caption\":\"Redacci\u00f3n QP\"},\"url\":\"https:\\\/\\\/quehacerpolitico.mx\\\/?author=2\"}]}<\/script>\n<!-- \/ Yoast SEO plugin. -->","yoast_head_json":{"title":"AMLO se re\u00fane con el Gobernador de Durango; celebra que haya pol\u00e9mica por consulta de NAIM -","robots":{"index":"index","follow":"follow","max-snippet":"max-snippet:-1","max-image-preview":"max-image-preview:large","max-video-preview":"max-video-preview:-1"},"canonical":"https:\/\/quehacerpolitico.mx\/?p=7016","og_locale":"es_MX","og_type":"article","og_title":"AMLO se re\u00fane con el Gobernador de Durango; celebra que haya pol\u00e9mica por consulta de NAIM -","og_description":"AMLO se re\u00fane con el Gobernador de Durango; celebra que haya pol\u00e9mica por consulta de NAIM Por Redacci\u00f3n QP","og_url":"https:\/\/quehacerpolitico.mx\/?p=7016","article_published_time":"2018-10-16T21:03:20+00:00","author":"Redacci\u00f3n QP","twitter_card":"summary_large_image","twitter_misc":{"Escrito por":"Redacci\u00f3n QP","Tiempo de lectura":"2 minutos"},"schema":{"@context":"https:\/\/schema.org","@graph":[{"@type":"Article","@id":"https:\/\/quehacerpolitico.mx\/?p=7016#article","isPartOf":{"@id":"https:\/\/quehacerpolitico.mx\/?p=7016"},"author":{"name":"Redacci\u00f3n QP","@id":"https:\/\/quehacerpolitico.mx\/#\/schema\/person\/496d8ad2d1d3f8036101dca7ee39e585"},"headline":"AMLO se re\u00fane con el Gobernador de Durango; celebra que haya pol\u00e9mica por consulta de NAIM","datePublished":"2018-10-16T21:03:20+00:00","mainEntityOfPage":{"@id":"https:\/\/quehacerpolitico.mx\/?p=7016"},"wordCount":356,"commentCount":0,"image":{"@id":"https:\/\/quehacerpolitico.mx\/?p=7016#primaryimage"},"thumbnailUrl":"","articleSection":["Noticias"],"inLanguage":"es","potentialAction":[{"@type":"CommentAction","name":"Comment","target":["https:\/\/quehacerpolitico.mx\/?p=7016#respond"]}]},{"@type":"WebPage","@id":"https:\/\/quehacerpolitico.mx\/?p=7016","url":"https:\/\/quehacerpolitico.mx\/?p=7016","name":"AMLO se re\u00fane con el Gobernador de Durango; celebra que haya pol\u00e9mica por consulta de NAIM -","isPartOf":{"@id":"https:\/\/quehacerpolitico.mx\/#website"},"primaryImageOfPage":{"@id":"https:\/\/quehacerpolitico.mx\/?p=7016#primaryimage"},"image":{"@id":"https:\/\/quehacerpolitico.mx\/?p=7016#primaryimage"},"thumbnailUrl":"","datePublished":"2018-10-16T21:03:20+00:00","author":{"@id":"https:\/\/quehacerpolitico.mx\/#\/schema\/person\/496d8ad2d1d3f8036101dca7ee39e585"},"breadcrumb":{"@id":"https:\/\/quehacerpolitico.mx\/?p=7016#breadcrumb"},"inLanguage":"es","potentialAction":[{"@type":"ReadAction","target":["https:\/\/quehacerpolitico.mx\/?p=7016"]}]},{"@type":"ImageObject","inLanguage":"es","@id":"https:\/\/quehacerpolitico.mx\/?p=7016#primaryimage","url":"","contentUrl":""},{"@type":"BreadcrumbList","@id":"https:\/\/quehacerpolitico.mx\/?p=7016#breadcrumb","itemListElement":[{"@type":"ListItem","position":1,"name":"Inicio","item":"https:\/\/quehacerpolitico.mx\/"},{"@type":"ListItem","position":2,"name":"AMLO se re\u00fane con el Gobernador de Durango; celebra que haya pol\u00e9mica por consulta de NAIM"}]},{"@type":"WebSite","@id":"https:\/\/quehacerpolitico.mx\/#website","url":"https:\/\/quehacerpolitico.mx\/","name":"","description":"","potentialAction":[{"@type":"SearchAction","target":{"@type":"EntryPoint","urlTemplate":"https:\/\/quehacerpolitico.mx\/?s={search_term_string}"},"query-input":{"@type":"PropertyValueSpecification","valueRequired":true,"valueName":"search_term_string"}}],"inLanguage":"es"},{"@type":"Person","@id":"https:\/\/quehacerpolitico.mx\/#\/schema\/person\/496d8ad2d1d3f8036101dca7ee39e585","name":"Redacci\u00f3n QP","image":{"@type":"ImageObject","inLanguage":"es","@id":"https:\/\/secure.gravatar.com\/avatar\/c7164ed6fdec453195284ad24a5ae5b6e1eed2b848477fa2a4787ba9adf39a41?s=96&d=mm&r=g","url":"https:\/\/secure.gravatar.com\/avatar\/c7164ed6fdec453195284ad24a5ae5b6e1eed2b848477fa2a4787ba9adf39a41?s=96&d=mm&r=g","contentUrl":"https:\/\/secure.gravatar.com\/avatar\/c7164ed6fdec453195284ad24a5ae5b6e1eed2b848477fa2a4787ba9adf39a41?s=96&d=mm&r=g","caption":"Redacci\u00f3n QP"},"url":"https:\/\/quehacerpolitico.mx\/?author=2"}]}},"featured_image_urls":{"full":"","thumbnail":"","medium":"","medium_large":"","large":"","1536x1536":"","2048x2048":"","covernews-featured":"","covernews-medium":""},"author_info":{"display_name":"Redacci\u00f3n QP","author_link":"https:\/\/quehacerpolitico.mx\/?author=2"},"category_info":"<a href=\"https:\/\/quehacerpolitico.mx\/?cat=2\" rel=\"category\">Noticias<\/a>","tag_info":"Noticias","comment_count":"0","_links":{"self":[{"href":"https:\/\/quehacerpolitico.mx\/index.php?rest_route=\/wp\/v2\/posts\/7016","targetHints":{"allow":["GET"]}}],"collection":[{"href":"https:\/\/quehacerpolitico.mx\/index.php?rest_route=\/wp\/v2\/posts"}],"about":[{"href":"https:\/\/quehacerpolitico.mx\/index.php?rest_route=\/wp\/v2\/types\/post"}],"author":[{"embeddable":true,"href":"https:\/\/quehacerpolitico.mx\/index.php?rest_route=\/wp\/v2\/users\/2"}],"replies":[{"embeddable":true,"href":"https:\/\/quehacerpolitico.mx\/index.php?rest_route=%2Fwp%2Fv2%2Fcomments&post=7016"}],"version-history":[{"count":0,"href":"https:\/\/quehacerpolitico.mx\/index.php?rest_route=\/wp\/v2\/posts\/7016\/revisions"}],"wp:featuredmedia":[{"embeddable":true,"href":"https:\/\/quehacerpolitico.mx\/index.php?rest_route=\/"}],"wp:attachment":[{"href":"https:\/\/quehacerpolitico.mx\/index.php?rest_route=%2Fwp%2Fv2%2Fmedia&parent=7016"}],"wp:term":[{"taxonomy":"category","embeddable":true,"href":"https:\/\/quehacerpolitico.mx\/index.php?rest_route=%2Fwp%2Fv2%2Fcategories&post=7016"},{"taxonomy":"post_tag","embeddable":true,"href":"https:\/\/quehacerpolitico.mx\/index.php?rest_route=%2Fwp%2Fv2%2Ftags&post=7016"}],"curies":[{"name":"wp","href":"https:\/\/api.w.org\/{rel}","templated":true}]}}