{"id":7012,"date":"2018-10-16T16:07:49","date_gmt":"2018-10-16T16:07:49","guid":{"rendered":"http:\/\/quehacerpolitico.mx\/el-ex-gobernador-gobernador-interino-y-senador-velasco-se-gasto-420-mas-en-ceremonias\/"},"modified":"2018-10-16T16:07:49","modified_gmt":"2018-10-16T16:07:49","slug":"el-ex-gobernador-gobernador-interino-y-senador-velasco-se-gasto-420-mas-en-ceremonias","status":"publish","type":"post","link":"https:\/\/quehacerpolitico.mx\/?p=7012","title":{"rendered":"El ex Gobernador, Gobernador interino y Senador Velasco se gast\u00f3 420% m\u00e1s en\u2026 ceremonias"},"content":{"rendered":"<h3>En su \u201c\u00cdndice de Informaci\u00f3n del Ejercicio del Gasto 2018. Prepuestos estatales: simulaci\u00f3n y discrecionalidad\u201d, el IMCO catalog\u00f3 a Chiapas en la posici\u00f3n 18 de entidades con mal uso de su ejercicio de gastos del a\u00f1o 2017.<\/h3>\n<h3>En septiembre pasado, el actual mandatario de esa entidad, Manuel Velasco Coello, pidi\u00f3 licencia como Gobernador de Chiapas, el Congreso local se la otorg\u00f3 y se convirti\u00f3 en ex Gobernador para tomar licencia como Senador. Luego pidi\u00f3 licencia a curul en la C\u00e1mara Alta y el Congreso de Chiapas lo nombr\u00f3 como Gobernador interino de la entidad, en sustituci\u00f3n de \u00e9l mismo hasta diciembre de 2018.<\/h3>\n<p>El Instituto Mexicano para la Competitividad (<strong>IMCO<\/strong>) document\u00f3 que el Gobierno de <strong>Chiapas<\/strong>, presidido por <strong>Manuel Velasco Coello<\/strong>, <strong>ex Gobernador<\/strong>, <strong>Gobernador interino<\/strong> y actual <strong>Senador<\/strong> con licencia, destin\u00f3 158 por ciento m\u00e1s en gastos de comunicaci\u00f3n social, y gast\u00f3 420 por ciento m\u00e1s en <strong>ceremonias<\/strong> oficiales.<\/p>\n<p>Adem\u00e1s, el Gobierno de Chiapas destin\u00f3 8 por ciento m\u00e1s de lo aprobado por concepto de gasto burocr\u00e1tico.<\/p>\n<p>En su \u201c\u00cdndice de Informaci\u00f3n del Ejercicio del Gasto 2018. Prepuestos estatales: simulaci\u00f3n y discrecionalidad\u201d, el IMCO catalog\u00f3 a Chiapas en la posici\u00f3n 18 de entidades con mal uso de su ejercicio de gastos del a\u00f1o 2017.<\/p>\n<p>El \u00edndice mide el cumplimiento de la calidad de la informaci\u00f3n sobre el ejercicio del gasto de los 32 poderes ejecutivos estatales, seg\u00fan informan en su p\u00e1gina web.<\/p>\n<p>Chiapas, con una calificaci\u00f3n de 53.8, debajo de la media nacional de 58.7, se coloc\u00f3 en el puesto d\u00e9cimo octavo del IIEG 2018, debido a que de los 61.7 mil millones de pesos (mmdp) aprobados de presupuesto, gast\u00f3 8.5 mil millones m\u00e1s (14 por ciento m\u00e1s), siendo un egreso total de 70.1 mil millones.<\/p>\n<p>Por otra parte, el gobierno de Chiapas gast\u00f3 un 21 por ciento menos de los aprobado para infraestructura, sin que est\u00e9 fuera justificado.<\/p>\n<div id=\"attachment_3485058\" class=\"wp-caption alignnone\"><img loading=\"lazy\" decoding=\"async\" class=\"wp-image-3485058 size-full\" src=\"http:\/\/www.sinembargo.mx\/wp-content\/uploads\/2018\/10\/imcochiapas.jpg\" sizes=\"auto, (max-width: 700px) 100vw, 700px\" srcset=\"http:\/\/www.sinembargo.mx\/wp-content\/uploads\/2018\/10\/imcochiapas.jpg 700w, http:\/\/www.sinembargo.mx\/wp-content\/uploads\/2018\/10\/imcochiapas-137x300.jpg 137w\" alt=\"\" width=\"700\" height=\"1531\" \/><\/p>\n<p class=\"wp-caption-text\">Gr\u00e1fico: IMCO<\/p>\n<\/div>\n<p>El IMCO encontr\u00f3 que al no alcanzar el 100 por ciento de desempe\u00f1o, ninguna entidad da cumplimiento a la Ley General de Contabilidad Gubernamental, instrumento normativo que, a m\u00e1s de 10 a\u00f1os de aprobado, ordena mecanismos de transparencia, armonizaci\u00f3n y homologaci\u00f3n de informaci\u00f3n sobre el ejercicio de los recursos p\u00fablicos.<\/p>\n<p>Subray\u00f3 que las entidades subestiman sus ingresos, gastan m\u00e1s de lo presupuestado y se endeudan por arriba de lo planeado. Agreg\u00f3 \u201cla falta de acci\u00f3n por parte de los congresos locales es una muestra de que no son un contrapeso real para los gobernadores y sus secretar\u00edas de finanzas\u201d.<\/p>\n<p>Por lo que recomend\u00f3 reducir la discrecionalidad en el ejercicio de los recursos p\u00fablico, al establecer controles a las modificaciones presupuestales de los poderes ejecutivos estatales que limiten el aumento desproporcionado de su gasto administrativo.<\/p>\n<p>En paralelo, pidieron eliminar el margen de interpretaci\u00f3n en la normatividad de contabilidad gubernamental emitida por el Consejo Nacional de Armonizaci\u00f3n Contable (CONAC) y publicar la informaci\u00f3n financiera en formato de datos abiertos, lo que llevar\u00eda a la mejora de la calidad de su informaci\u00f3n financiera.<\/p>\n<p>El IMCO es un centro de investigaci\u00f3n que propone soluciones a los desaf\u00edos m\u00e1s importantes de M\u00e9xico. Toda cr\u00edtica con propuesta, toda propuesta con fundamento.<\/p>\n<p><strong>EX GOBERNADOR, GOBERNADOR Y SENADOR<\/strong><\/p>\n<p>En septiembre pasado, Manuel Velasco pidi\u00f3 licencia como Gobernador, se convirti\u00f3 en ex Gobernador y tom\u00f3 licencia como Senador. Luego pidi\u00f3 licencia como Senador y el Congreso de Chiapas lo nombr\u00f3 como Gobernador interino de la entidad, en sustituci\u00f3n de \u00e9l mismo hasta diciembre de 2018.<\/p>\n<p>Manuel Velasco Coello, de 38 a\u00f1os de edad, es nieto Manuel Velasco Su\u00e1rez, ex Gobernador de Chiapas en el periodo 1970 a 1976.<\/p>\n<p>A sus 21 a\u00f1os de edad, se convirti\u00f3 en Diputado local por el Partido Verde Ecologista. Era 2001. Dos a\u00f1os m\u00e1s tarde, logr\u00f3 una diputaci\u00f3n federal por la v\u00eda plurinominal. En el a\u00f1o 2006, en alianza con el PRI, gan\u00f3 la elecci\u00f3n para Senador de la Rep\u00fablica.<\/p>\n<p>En las elecciones de 2012, el joven pol\u00edtico contendi\u00f3 en alianza con el PRI y Nueva Alianza, donde gan\u00f3 la Gubernatura de Chiapas con una votaci\u00f3n del 68 por ciento.<\/p>\n<p><strong>MALA GESTI\u00d3N<\/strong><\/p>\n<p>El estado de Chiapas est\u00e1 reprobado en todos los indicadores econ\u00f3micos importantes, comenzando por el PIB, que en el primer trimestre de 2018 cay\u00f3 un 1.6 por ciento, de acuerdo al estudio Sem\u00e1foro Econ\u00f3micos del think thank M\u00e9xico \u00bfC\u00f3mo Vamos?<\/p>\n<p>El 69 por ciento de la poblaci\u00f3n no puede ni siquiera adquirir la canasta b\u00e1sica alimentaria con los ingresos que tiene por su trabajo \u2013ya sea formal o informal\u2013 y durante los primeros seis meses del a\u00f1o \u00fanicamente se generaron mil 723 empleos formales para una poblaci\u00f3n de 4.7 millones de habitantes.<\/p>\n<p>El 65.9 por ciento de la poblaci\u00f3n en edad de trabajar se desempe\u00f1a en la informalidad, es decir, sin contrato, prestaciones o servicios de seguridad social.<\/p>\n<p>La deuda p\u00fablica del gobierno se ha mantenido alta durante todo el sexenio. Durante 2017 y 2018 el Estado ha presentado una deuda equivalente al 5.7 por ciento del PIB, m\u00e1s del doble que la media nacional, que es de 2.6 por ciento.<\/p>\n<p>Al menos el 77.1 por ciento de la poblaci\u00f3n en Chiapas vive en situaci\u00f3n de pobreza. Un 49 por ciento est\u00e1 pobreza moderada y 31.8 por ciento en pobreza extrema, es decir, al menos 4 millones 114 mil personas que viven en pobreza, de acuerdo con el Consejo Nacional de Evaluaci\u00f3n de la Pol\u00edtica de Desarrollo Social (Coneval).<\/p>\n<p>Los datos tambi\u00e9n muestran que el 90.9 por ciento de los chiapanecos viven con al menos una carencia social y el 40.6 por ciento de los ciudadanos sufren de al menos tres carencias sociales.<\/p>\n<p>El 81.1 por ciento de la poblaci\u00f3n no tiene acceso a la seguridad social, el 52.3 de los ciudadanos no cuenta con acceso a los servicios b\u00e1sicos de vivienda. Adem\u00e1s de que el 29 por ciento tiene un rezago educativo.<\/p>\n<p>Con Informaci\u00f3n de Chiapas Paralelo\u00a0<\/p>\n","protected":false},"excerpt":{"rendered":"<p>El ex Gobernador, Gobernador interino y Senador Velasco se gast\u00f3 420% m\u00e1s en\u2026 ceremonias<br \/>\nPor Redacci\u00f3n QP<\/p>\n","protected":false},"author":2,"featured_media":7011,"comment_status":"open","ping_status":"open","sticky":false,"template":"","format":"standard","meta":{"_monsterinsights_skip_tracking":false,"_monsterinsights_sitenote_active":false,"_monsterinsights_sitenote_note":"","_monsterinsights_sitenote_category":0,"footnotes":""},"categories":[2],"tags":[],"class_list":["post-7012","post","type-post","status-publish","format-standard","has-post-thumbnail","hentry","category-noticias"],"yoast_head":"<!-- This site is optimized with the Yoast SEO plugin v27.3 - https:\/\/yoast.com\/product\/yoast-seo-wordpress\/ -->\n<title>El ex Gobernador, Gobernador interino y Senador Velasco se gast\u00f3 420% m\u00e1s en\u2026 ceremonias -<\/title>\n<meta name=\"robots\" content=\"index, follow, max-snippet:-1, max-image-preview:large, max-video-preview:-1\" \/>\n<link rel=\"canonical\" href=\"https:\/\/quehacerpolitico.mx\/?p=7012\" \/>\n<meta property=\"og:locale\" content=\"es_MX\" \/>\n<meta property=\"og:type\" content=\"article\" \/>\n<meta property=\"og:title\" content=\"El ex Gobernador, Gobernador interino y Senador Velasco se gast\u00f3 420% m\u00e1s en\u2026 ceremonias -\" \/>\n<meta property=\"og:description\" content=\"El ex Gobernador, Gobernador interino y Senador Velasco se gast\u00f3 420% m\u00e1s en\u2026 ceremonias Por Redacci\u00f3n QP\" \/>\n<meta property=\"og:url\" content=\"https:\/\/quehacerpolitico.mx\/?p=7012\" \/>\n<meta property=\"article:published_time\" content=\"2018-10-16T16:07:49+00:00\" \/>\n<meta name=\"author\" content=\"Redacci\u00f3n QP\" \/>\n<meta name=\"twitter:card\" content=\"summary_large_image\" \/>\n<meta name=\"twitter:label1\" content=\"Escrito por\" \/>\n\t<meta name=\"twitter:data1\" content=\"Redacci\u00f3n QP\" \/>\n\t<meta name=\"twitter:label2\" content=\"Tiempo de lectura\" \/>\n\t<meta name=\"twitter:data2\" content=\"5 minutos\" \/>\n<script type=\"application\/ld+json\" class=\"yoast-schema-graph\">{\"@context\":\"https:\\\/\\\/schema.org\",\"@graph\":[{\"@type\":\"Article\",\"@id\":\"https:\\\/\\\/quehacerpolitico.mx\\\/?p=7012#article\",\"isPartOf\":{\"@id\":\"https:\\\/\\\/quehacerpolitico.mx\\\/?p=7012\"},\"author\":{\"name\":\"Redacci\u00f3n QP\",\"@id\":\"https:\\\/\\\/quehacerpolitico.mx\\\/#\\\/schema\\\/person\\\/496d8ad2d1d3f8036101dca7ee39e585\"},\"headline\":\"El ex Gobernador, Gobernador interino y Senador Velasco se gast\u00f3 420% m\u00e1s en\u2026 ceremonias\",\"datePublished\":\"2018-10-16T16:07:49+00:00\",\"mainEntityOfPage\":{\"@id\":\"https:\\\/\\\/quehacerpolitico.mx\\\/?p=7012\"},\"wordCount\":1012,\"commentCount\":0,\"image\":{\"@id\":\"https:\\\/\\\/quehacerpolitico.mx\\\/?p=7012#primaryimage\"},\"thumbnailUrl\":\"\",\"articleSection\":[\"Noticias\"],\"inLanguage\":\"es\",\"potentialAction\":[{\"@type\":\"CommentAction\",\"name\":\"Comment\",\"target\":[\"https:\\\/\\\/quehacerpolitico.mx\\\/?p=7012#respond\"]}]},{\"@type\":\"WebPage\",\"@id\":\"https:\\\/\\\/quehacerpolitico.mx\\\/?p=7012\",\"url\":\"https:\\\/\\\/quehacerpolitico.mx\\\/?p=7012\",\"name\":\"El ex Gobernador, Gobernador interino y Senador Velasco se gast\u00f3 420% m\u00e1s en\u2026 ceremonias -\",\"isPartOf\":{\"@id\":\"https:\\\/\\\/quehacerpolitico.mx\\\/#website\"},\"primaryImageOfPage\":{\"@id\":\"https:\\\/\\\/quehacerpolitico.mx\\\/?p=7012#primaryimage\"},\"image\":{\"@id\":\"https:\\\/\\\/quehacerpolitico.mx\\\/?p=7012#primaryimage\"},\"thumbnailUrl\":\"\",\"datePublished\":\"2018-10-16T16:07:49+00:00\",\"author\":{\"@id\":\"https:\\\/\\\/quehacerpolitico.mx\\\/#\\\/schema\\\/person\\\/496d8ad2d1d3f8036101dca7ee39e585\"},\"breadcrumb\":{\"@id\":\"https:\\\/\\\/quehacerpolitico.mx\\\/?p=7012#breadcrumb\"},\"inLanguage\":\"es\",\"potentialAction\":[{\"@type\":\"ReadAction\",\"target\":[\"https:\\\/\\\/quehacerpolitico.mx\\\/?p=7012\"]}]},{\"@type\":\"ImageObject\",\"inLanguage\":\"es\",\"@id\":\"https:\\\/\\\/quehacerpolitico.mx\\\/?p=7012#primaryimage\",\"url\":\"\",\"contentUrl\":\"\"},{\"@type\":\"BreadcrumbList\",\"@id\":\"https:\\\/\\\/quehacerpolitico.mx\\\/?p=7012#breadcrumb\",\"itemListElement\":[{\"@type\":\"ListItem\",\"position\":1,\"name\":\"Inicio\",\"item\":\"https:\\\/\\\/quehacerpolitico.mx\\\/\"},{\"@type\":\"ListItem\",\"position\":2,\"name\":\"El ex Gobernador, Gobernador interino y Senador Velasco se gast\u00f3 420% m\u00e1s en\u2026 ceremonias\"}]},{\"@type\":\"WebSite\",\"@id\":\"https:\\\/\\\/quehacerpolitico.mx\\\/#website\",\"url\":\"https:\\\/\\\/quehacerpolitico.mx\\\/\",\"name\":\"\",\"description\":\"\",\"potentialAction\":[{\"@type\":\"SearchAction\",\"target\":{\"@type\":\"EntryPoint\",\"urlTemplate\":\"https:\\\/\\\/quehacerpolitico.mx\\\/?s={search_term_string}\"},\"query-input\":{\"@type\":\"PropertyValueSpecification\",\"valueRequired\":true,\"valueName\":\"search_term_string\"}}],\"inLanguage\":\"es\"},{\"@type\":\"Person\",\"@id\":\"https:\\\/\\\/quehacerpolitico.mx\\\/#\\\/schema\\\/person\\\/496d8ad2d1d3f8036101dca7ee39e585\",\"name\":\"Redacci\u00f3n QP\",\"image\":{\"@type\":\"ImageObject\",\"inLanguage\":\"es\",\"@id\":\"https:\\\/\\\/secure.gravatar.com\\\/avatar\\\/c7164ed6fdec453195284ad24a5ae5b6e1eed2b848477fa2a4787ba9adf39a41?s=96&d=mm&r=g\",\"url\":\"https:\\\/\\\/secure.gravatar.com\\\/avatar\\\/c7164ed6fdec453195284ad24a5ae5b6e1eed2b848477fa2a4787ba9adf39a41?s=96&d=mm&r=g\",\"contentUrl\":\"https:\\\/\\\/secure.gravatar.com\\\/avatar\\\/c7164ed6fdec453195284ad24a5ae5b6e1eed2b848477fa2a4787ba9adf39a41?s=96&d=mm&r=g\",\"caption\":\"Redacci\u00f3n QP\"},\"url\":\"https:\\\/\\\/quehacerpolitico.mx\\\/?author=2\"}]}<\/script>\n<!-- \/ Yoast SEO plugin. -->","yoast_head_json":{"title":"El ex Gobernador, Gobernador interino y Senador Velasco se gast\u00f3 420% m\u00e1s en\u2026 ceremonias -","robots":{"index":"index","follow":"follow","max-snippet":"max-snippet:-1","max-image-preview":"max-image-preview:large","max-video-preview":"max-video-preview:-1"},"canonical":"https:\/\/quehacerpolitico.mx\/?p=7012","og_locale":"es_MX","og_type":"article","og_title":"El ex Gobernador, Gobernador interino y Senador Velasco se gast\u00f3 420% m\u00e1s en\u2026 ceremonias -","og_description":"El ex Gobernador, Gobernador interino y Senador Velasco se gast\u00f3 420% m\u00e1s en\u2026 ceremonias Por Redacci\u00f3n QP","og_url":"https:\/\/quehacerpolitico.mx\/?p=7012","article_published_time":"2018-10-16T16:07:49+00:00","author":"Redacci\u00f3n QP","twitter_card":"summary_large_image","twitter_misc":{"Escrito por":"Redacci\u00f3n QP","Tiempo de lectura":"5 minutos"},"schema":{"@context":"https:\/\/schema.org","@graph":[{"@type":"Article","@id":"https:\/\/quehacerpolitico.mx\/?p=7012#article","isPartOf":{"@id":"https:\/\/quehacerpolitico.mx\/?p=7012"},"author":{"name":"Redacci\u00f3n QP","@id":"https:\/\/quehacerpolitico.mx\/#\/schema\/person\/496d8ad2d1d3f8036101dca7ee39e585"},"headline":"El ex Gobernador, Gobernador interino y Senador Velasco se gast\u00f3 420% m\u00e1s en\u2026 ceremonias","datePublished":"2018-10-16T16:07:49+00:00","mainEntityOfPage":{"@id":"https:\/\/quehacerpolitico.mx\/?p=7012"},"wordCount":1012,"commentCount":0,"image":{"@id":"https:\/\/quehacerpolitico.mx\/?p=7012#primaryimage"},"thumbnailUrl":"","articleSection":["Noticias"],"inLanguage":"es","potentialAction":[{"@type":"CommentAction","name":"Comment","target":["https:\/\/quehacerpolitico.mx\/?p=7012#respond"]}]},{"@type":"WebPage","@id":"https:\/\/quehacerpolitico.mx\/?p=7012","url":"https:\/\/quehacerpolitico.mx\/?p=7012","name":"El ex Gobernador, Gobernador interino y Senador Velasco se gast\u00f3 420% m\u00e1s en\u2026 ceremonias -","isPartOf":{"@id":"https:\/\/quehacerpolitico.mx\/#website"},"primaryImageOfPage":{"@id":"https:\/\/quehacerpolitico.mx\/?p=7012#primaryimage"},"image":{"@id":"https:\/\/quehacerpolitico.mx\/?p=7012#primaryimage"},"thumbnailUrl":"","datePublished":"2018-10-16T16:07:49+00:00","author":{"@id":"https:\/\/quehacerpolitico.mx\/#\/schema\/person\/496d8ad2d1d3f8036101dca7ee39e585"},"breadcrumb":{"@id":"https:\/\/quehacerpolitico.mx\/?p=7012#breadcrumb"},"inLanguage":"es","potentialAction":[{"@type":"ReadAction","target":["https:\/\/quehacerpolitico.mx\/?p=7012"]}]},{"@type":"ImageObject","inLanguage":"es","@id":"https:\/\/quehacerpolitico.mx\/?p=7012#primaryimage","url":"","contentUrl":""},{"@type":"BreadcrumbList","@id":"https:\/\/quehacerpolitico.mx\/?p=7012#breadcrumb","itemListElement":[{"@type":"ListItem","position":1,"name":"Inicio","item":"https:\/\/quehacerpolitico.mx\/"},{"@type":"ListItem","position":2,"name":"El ex Gobernador, Gobernador interino y Senador Velasco se gast\u00f3 420% m\u00e1s en\u2026 ceremonias"}]},{"@type":"WebSite","@id":"https:\/\/quehacerpolitico.mx\/#website","url":"https:\/\/quehacerpolitico.mx\/","name":"","description":"","potentialAction":[{"@type":"SearchAction","target":{"@type":"EntryPoint","urlTemplate":"https:\/\/quehacerpolitico.mx\/?s={search_term_string}"},"query-input":{"@type":"PropertyValueSpecification","valueRequired":true,"valueName":"search_term_string"}}],"inLanguage":"es"},{"@type":"Person","@id":"https:\/\/quehacerpolitico.mx\/#\/schema\/person\/496d8ad2d1d3f8036101dca7ee39e585","name":"Redacci\u00f3n QP","image":{"@type":"ImageObject","inLanguage":"es","@id":"https:\/\/secure.gravatar.com\/avatar\/c7164ed6fdec453195284ad24a5ae5b6e1eed2b848477fa2a4787ba9adf39a41?s=96&d=mm&r=g","url":"https:\/\/secure.gravatar.com\/avatar\/c7164ed6fdec453195284ad24a5ae5b6e1eed2b848477fa2a4787ba9adf39a41?s=96&d=mm&r=g","contentUrl":"https:\/\/secure.gravatar.com\/avatar\/c7164ed6fdec453195284ad24a5ae5b6e1eed2b848477fa2a4787ba9adf39a41?s=96&d=mm&r=g","caption":"Redacci\u00f3n QP"},"url":"https:\/\/quehacerpolitico.mx\/?author=2"}]}},"featured_image_urls":{"full":"","thumbnail":"","medium":"","medium_large":"","large":"","1536x1536":"","2048x2048":"","covernews-featured":"","covernews-medium":""},"author_info":{"display_name":"Redacci\u00f3n QP","author_link":"https:\/\/quehacerpolitico.mx\/?author=2"},"category_info":"<a href=\"https:\/\/quehacerpolitico.mx\/?cat=2\" rel=\"category\">Noticias<\/a>","tag_info":"Noticias","comment_count":"0","_links":{"self":[{"href":"https:\/\/quehacerpolitico.mx\/index.php?rest_route=\/wp\/v2\/posts\/7012","targetHints":{"allow":["GET"]}}],"collection":[{"href":"https:\/\/quehacerpolitico.mx\/index.php?rest_route=\/wp\/v2\/posts"}],"about":[{"href":"https:\/\/quehacerpolitico.mx\/index.php?rest_route=\/wp\/v2\/types\/post"}],"author":[{"embeddable":true,"href":"https:\/\/quehacerpolitico.mx\/index.php?rest_route=\/wp\/v2\/users\/2"}],"replies":[{"embeddable":true,"href":"https:\/\/quehacerpolitico.mx\/index.php?rest_route=%2Fwp%2Fv2%2Fcomments&post=7012"}],"version-history":[{"count":0,"href":"https:\/\/quehacerpolitico.mx\/index.php?rest_route=\/wp\/v2\/posts\/7012\/revisions"}],"wp:featuredmedia":[{"embeddable":true,"href":"https:\/\/quehacerpolitico.mx\/index.php?rest_route=\/"}],"wp:attachment":[{"href":"https:\/\/quehacerpolitico.mx\/index.php?rest_route=%2Fwp%2Fv2%2Fmedia&parent=7012"}],"wp:term":[{"taxonomy":"category","embeddable":true,"href":"https:\/\/quehacerpolitico.mx\/index.php?rest_route=%2Fwp%2Fv2%2Fcategories&post=7012"},{"taxonomy":"post_tag","embeddable":true,"href":"https:\/\/quehacerpolitico.mx\/index.php?rest_route=%2Fwp%2Fv2%2Ftags&post=7012"}],"curies":[{"name":"wp","href":"https:\/\/api.w.org\/{rel}","templated":true}]}}