{"id":6990,"date":"2018-10-16T03:33:44","date_gmt":"2018-10-16T03:33:44","guid":{"rendered":"http:\/\/quehacerpolitico.mx\/monreal-y-munoz-ledo-contradicen-a-delgado-y-al-equipo-de-amlo-dicen-que-no-pagaran-la-consulta\/"},"modified":"2018-10-16T03:33:44","modified_gmt":"2018-10-16T03:33:44","slug":"monreal-y-munoz-ledo-contradicen-a-delgado-y-al-equipo-de-amlo-dicen-que-no-pagaran-la-consulta","status":"publish","type":"post","link":"https:\/\/quehacerpolitico.mx\/?p=6990","title":{"rendered":"Monreal y Mu\u00f1oz Ledo contradicen a Delgado y al equipo de AMLO: dicen que no pagar\u00e1n la consulta"},"content":{"rendered":"<h3>El equipo de L\u00f3pez Obrador anunci\u00f3 hoy que la consulta ciudadana para la construcci\u00f3n del Nuevo Aeropuerto Internacional de M\u00e9xico, que costar\u00e1 1 mill\u00f3n y medio de pesos, ser\u00e1 financiada con aportaciones voluntarias de legisladores federales; sin embargo, el coordinador de Morena en el Senado, Ricardo Monreal, y Porfirio Mu\u00f1oz Ledo lo rechazaron, aunque m\u00e1s tarde Mario Delgado defendiera la postura del Presidente electo.<\/h3>\n<h3>\u201cNosotros no vamos a financiar nada. Primero, porque estamos en un proceso de austeridad, s\u00f3lo disponemos de nuestra dieta y segundo, porque se est\u00e1 llevando a cabo esta consulta por el Presidente electo y su equipo y de ninguna manera nos han planteado alguna situaci\u00f3n econ\u00f3mica adicional a la que est\u00e1n viendo ellos\u201d, se\u00f1al\u00f3 Ricardo Monreal en conferencia.<\/h3>\n<p>El coordinador de <strong>Movimiento Regeneraci\u00f3n Nacional (Morena)<\/strong> en la C\u00e1mara de Diputados, <strong>Mario Delgado<\/strong>, confirm\u00f3 que los diputados federales de su partido s\u00ed financiar\u00e1n la <strong>consulta ciudadana<\/strong> sobre el <strong>Nuevo Aeropuerto Internacional de M\u00e9xico (NAIM)<\/strong>, aunque el presidente de la C\u00e1mara de Diputados, <strong>Porfirio Mu\u00f1oz Ledo<\/strong>, y el<span class=\"s1\">\u00a0coordinador de Morena en el Senado,\u00a0<\/span><span class=\"s1\"><strong>Ricardo Monreal<\/strong>,<\/span> dijeron que no.<\/p>\n<p>Los legisladores hicieron estas declaraciones porque hoy en una conferencia de prensa el pr\u00f3ximo Coordinador General de Comunicaci\u00f3n Social del Gobierno Federal, Jes\u00fas Ram\u00edrez Cuevas, dijo que la consulta para la construcci\u00f3n del <strong>NAIM<\/strong> la financiar\u00e1n <strong>aportaciones voluntarias<\/strong> de<strong> legisladores federales<\/strong> y que en su momento se har\u00e1n p\u00fablicos los dep\u00f3sitos.<\/p>\n<p><strong>Mario Delgado<\/strong> secund\u00f3 el anunci\u00f3 de Jes\u00fas Ram\u00edrez cuando acompa\u00f1aba al Presidente electo, <strong>Andr\u00e9s Manuel L\u00f3pez Obrador<\/strong>, en un mitin en Colima como parte de la gira de agradecimiento del morenista, reportaron medios nacionales.<\/p>\n<blockquote>\n<p>\u201cSi no est\u00e1 enterado Mu\u00f1oz Ledo, es una cuesti\u00f3n fracci\u00f3n parlamentaria de <strong>Morena [en el Senado]<\/strong>\u201d, dijo a medios el coordinador de la bancada morenista en la C\u00e1mara de Diputados. \u201cSe tratar\u00e1 de un aportaci\u00f3n voluntaria de cada diputado\u201d, precis\u00f3.<\/p>\n<\/blockquote>\n<p>Antes, el presidente de la C\u00e1mara de Diputados, <strong>Porfirio Mu\u00f1oz Ledo,<\/strong> hab\u00eda desmentido en entrevista a medios nacionales que las y los legisladores de Morena financiar\u00e1n la consulta, cuyo costo ser\u00e1 de 1 mill\u00f3n y medio de pesos.<\/p>\n<blockquote>\n<p>\u201cPas\u00f3 el tiempo en que los diputados de Morena o antes del Partido de la Revoluci\u00f3n Democr\u00e1tica (PRD) enviaban recursos a la campa\u00f1a del presidente electo, ahora no; ya ganamos, ya ganamos, no tiene sentido\u201d, se\u00f1al\u00f3 el Diputado.<\/p>\n<p>En ello coincidi\u00f3 e<span class=\"s1\">l coordinador de <strong>Morena<\/strong> en el Senado,\u00a0<\/span><span class=\"s1\">quien argument\u00f3 que no aportar\u00e1n <strong>financiamiento<\/strong> al ejercicio ciudadano porque con el plan de austeridad que implementaron sus ingresos se han visto disminuidos.\u00a0<\/span><\/p>\n<blockquote>\n<p>\u201cNosotros no vamos a financiar nada. Primero, porque estamos en un proceso de austeridad, s\u00f3lo disponemos de nuestra dieta y segundo, porque se est\u00e1 llevando a cabo esta consulta por el presidente electo y su equipo y de ninguna manera nos han planteado alguna situaci\u00f3n econ\u00f3mica adicional a la que est\u00e1n viendo ellos \u201c, se\u00f1al\u00f3 <strong>Monreal<\/strong> en conferencia.<\/p>\n<\/blockquote>\n<p>La Consulta Nacional a la que convoc\u00f3 y organiz\u00f3 <strong>L\u00f3pez Obrador<\/strong> para solucionar las problem\u00e1ticas de la \u201cobra heredada\u201d ya est\u00e1 lista, tanto el material como el equipo que se instalar\u00e1 en 538 municipios del pa\u00eds, muestra que representa al 82 por ciento del total de electores del pa\u00eds.<\/p>\n<p>En conferencia de prensa, Jes\u00fas Ram\u00edrez Cuevas explic\u00f3 que las mesas se colocar\u00e1n en las plazas p\u00fablicas con mayor afluencia de las localidades. La fundaci\u00f3n Arturo Rosenblueth, presidida por Enrique Calder\u00f3n Alzati, se har\u00e1 cargo del conteo de los votos.<\/p>\n<h3>En la p\u00e1gina\u00a0<a href=\"http:\/\/www.mexicodecide.com.mx\/\" target=\"_blank\" rel=\"noopener\">www.mexicodecide.com.mx<\/a>\u00a0vendr\u00e1 la informaci\u00f3n de la ubicaci\u00f3n de las casillas y la pregunta que habr\u00e1 en las boletas, as\u00ed como m\u00e1s informaci\u00f3n al respecto.<\/h3>\n<p>Y la pregunta ser\u00e1:<\/p>\n<blockquote>\n<p><strong>\u201cDada la saturaci\u00f3n del actual Aeropuerto Internacional, \u00bfcu\u00e1l cree que es la soluci\u00f3n a esta problem\u00e1tica?:<\/strong><\/p>\n<p><strong>A) Invertir en la Base A\u00e9rea de Santa Luc\u00eda, en el actual Aeropuerto y el Aeropuerto de Toluca.<\/strong><\/p>\n<p><strong>B) Que se deje de utilizar el actual Aeropuerto y se contin\u00fae con la construcci\u00f3n del Nuevo Aeropuerto\u201d.<\/strong><\/p>\n<blockquote class=\"twitter-tweet\" data-width=\"550\" data-dnt=\"true\">\n<p lang=\"es\" dir=\"ltr\">L@s <a href=\"https:\/\/twitter.com\/DiputadosMorena?ref_src=twsrc%5Etfw\">@DiputadosMorena<\/a>, de forma voluntaria, apoyaremos para llevar a cabo la <a href=\"https:\/\/twitter.com\/hashtag\/ConsultaNAICM?src=hash&amp;ref_src=twsrc%5Etfw\">#ConsultaNAICM<\/a> <a href=\"https:\/\/twitter.com\/hashtag\/M%C3%A9xicoDecide?src=hash&amp;ref_src=twsrc%5Etfw\">#M\u00e9xicoDecide<\/a><br \/> <a href=\"https:\/\/t.co\/5Ew5xSc70K\">https:\/\/t.co\/5Ew5xSc70K<\/a><\/p>\n<p>&mdash; Mario Delgado (@mario_delgado) <a href=\"https:\/\/twitter.com\/mario_delgado\/status\/1051995439724138497?ref_src=twsrc%5Etfw\">October 16, 2018<\/a><\/p><\/blockquote>\n<p><script async src=\"https:\/\/platform.twitter.com\/widgets.js\" charset=\"utf-8\"><\/script><\/p>\n<\/blockquote>\n<\/blockquote>\n","protected":false},"excerpt":{"rendered":"<p>Monreal y Mu\u00f1oz Ledo contradicen a Delgado y al equipo de AMLO: dicen que no pagar\u00e1n la consulta<br \/>\nPor Redacci\u00f3n QP<\/p>\n","protected":false},"author":2,"featured_media":6989,"comment_status":"open","ping_status":"open","sticky":false,"template":"","format":"standard","meta":{"_monsterinsights_skip_tracking":false,"_monsterinsights_sitenote_active":false,"_monsterinsights_sitenote_note":"","_monsterinsights_sitenote_category":0,"footnotes":""},"categories":[2],"tags":[],"class_list":["post-6990","post","type-post","status-publish","format-standard","has-post-thumbnail","hentry","category-noticias"],"yoast_head":"<!-- This site is optimized with the Yoast SEO plugin v27.3 - https:\/\/yoast.com\/product\/yoast-seo-wordpress\/ -->\n<title>Monreal y Mu\u00f1oz Ledo contradicen a Delgado y al equipo de AMLO: dicen que no pagar\u00e1n la consulta -<\/title>\n<meta name=\"robots\" content=\"index, follow, max-snippet:-1, max-image-preview:large, max-video-preview:-1\" \/>\n<link rel=\"canonical\" href=\"https:\/\/quehacerpolitico.mx\/?p=6990\" \/>\n<meta property=\"og:locale\" content=\"es_MX\" \/>\n<meta property=\"og:type\" content=\"article\" \/>\n<meta property=\"og:title\" content=\"Monreal y Mu\u00f1oz Ledo contradicen a Delgado y al equipo de AMLO: dicen que no pagar\u00e1n la consulta -\" \/>\n<meta property=\"og:description\" content=\"Monreal y Mu\u00f1oz Ledo contradicen a Delgado y al equipo de AMLO: dicen que no pagar\u00e1n la consulta Por Redacci\u00f3n QP\" \/>\n<meta property=\"og:url\" content=\"https:\/\/quehacerpolitico.mx\/?p=6990\" \/>\n<meta property=\"article:published_time\" content=\"2018-10-16T03:33:44+00:00\" \/>\n<meta name=\"author\" content=\"Redacci\u00f3n QP\" \/>\n<meta name=\"twitter:card\" content=\"summary_large_image\" \/>\n<meta name=\"twitter:label1\" content=\"Escrito por\" \/>\n\t<meta name=\"twitter:data1\" content=\"Redacci\u00f3n QP\" \/>\n\t<meta name=\"twitter:label2\" content=\"Tiempo de lectura\" \/>\n\t<meta name=\"twitter:data2\" content=\"4 minutos\" \/>\n<script type=\"application\/ld+json\" class=\"yoast-schema-graph\">{\"@context\":\"https:\\\/\\\/schema.org\",\"@graph\":[{\"@type\":\"Article\",\"@id\":\"https:\\\/\\\/quehacerpolitico.mx\\\/?p=6990#article\",\"isPartOf\":{\"@id\":\"https:\\\/\\\/quehacerpolitico.mx\\\/?p=6990\"},\"author\":{\"name\":\"Redacci\u00f3n QP\",\"@id\":\"https:\\\/\\\/quehacerpolitico.mx\\\/#\\\/schema\\\/person\\\/496d8ad2d1d3f8036101dca7ee39e585\"},\"headline\":\"Monreal y Mu\u00f1oz Ledo contradicen a Delgado y al equipo de AMLO: dicen que no pagar\u00e1n la consulta\",\"datePublished\":\"2018-10-16T03:33:44+00:00\",\"mainEntityOfPage\":{\"@id\":\"https:\\\/\\\/quehacerpolitico.mx\\\/?p=6990\"},\"wordCount\":744,\"commentCount\":0,\"image\":{\"@id\":\"https:\\\/\\\/quehacerpolitico.mx\\\/?p=6990#primaryimage\"},\"thumbnailUrl\":\"\",\"articleSection\":[\"Noticias\"],\"inLanguage\":\"es\",\"potentialAction\":[{\"@type\":\"CommentAction\",\"name\":\"Comment\",\"target\":[\"https:\\\/\\\/quehacerpolitico.mx\\\/?p=6990#respond\"]}]},{\"@type\":\"WebPage\",\"@id\":\"https:\\\/\\\/quehacerpolitico.mx\\\/?p=6990\",\"url\":\"https:\\\/\\\/quehacerpolitico.mx\\\/?p=6990\",\"name\":\"Monreal y Mu\u00f1oz Ledo contradicen a Delgado y al equipo de AMLO: dicen que no pagar\u00e1n la consulta -\",\"isPartOf\":{\"@id\":\"https:\\\/\\\/quehacerpolitico.mx\\\/#website\"},\"primaryImageOfPage\":{\"@id\":\"https:\\\/\\\/quehacerpolitico.mx\\\/?p=6990#primaryimage\"},\"image\":{\"@id\":\"https:\\\/\\\/quehacerpolitico.mx\\\/?p=6990#primaryimage\"},\"thumbnailUrl\":\"\",\"datePublished\":\"2018-10-16T03:33:44+00:00\",\"author\":{\"@id\":\"https:\\\/\\\/quehacerpolitico.mx\\\/#\\\/schema\\\/person\\\/496d8ad2d1d3f8036101dca7ee39e585\"},\"breadcrumb\":{\"@id\":\"https:\\\/\\\/quehacerpolitico.mx\\\/?p=6990#breadcrumb\"},\"inLanguage\":\"es\",\"potentialAction\":[{\"@type\":\"ReadAction\",\"target\":[\"https:\\\/\\\/quehacerpolitico.mx\\\/?p=6990\"]}]},{\"@type\":\"ImageObject\",\"inLanguage\":\"es\",\"@id\":\"https:\\\/\\\/quehacerpolitico.mx\\\/?p=6990#primaryimage\",\"url\":\"\",\"contentUrl\":\"\"},{\"@type\":\"BreadcrumbList\",\"@id\":\"https:\\\/\\\/quehacerpolitico.mx\\\/?p=6990#breadcrumb\",\"itemListElement\":[{\"@type\":\"ListItem\",\"position\":1,\"name\":\"Inicio\",\"item\":\"https:\\\/\\\/quehacerpolitico.mx\\\/\"},{\"@type\":\"ListItem\",\"position\":2,\"name\":\"Monreal y Mu\u00f1oz Ledo contradicen a Delgado y al equipo de AMLO: dicen que no pagar\u00e1n la consulta\"}]},{\"@type\":\"WebSite\",\"@id\":\"https:\\\/\\\/quehacerpolitico.mx\\\/#website\",\"url\":\"https:\\\/\\\/quehacerpolitico.mx\\\/\",\"name\":\"\",\"description\":\"\",\"potentialAction\":[{\"@type\":\"SearchAction\",\"target\":{\"@type\":\"EntryPoint\",\"urlTemplate\":\"https:\\\/\\\/quehacerpolitico.mx\\\/?s={search_term_string}\"},\"query-input\":{\"@type\":\"PropertyValueSpecification\",\"valueRequired\":true,\"valueName\":\"search_term_string\"}}],\"inLanguage\":\"es\"},{\"@type\":\"Person\",\"@id\":\"https:\\\/\\\/quehacerpolitico.mx\\\/#\\\/schema\\\/person\\\/496d8ad2d1d3f8036101dca7ee39e585\",\"name\":\"Redacci\u00f3n QP\",\"image\":{\"@type\":\"ImageObject\",\"inLanguage\":\"es\",\"@id\":\"https:\\\/\\\/secure.gravatar.com\\\/avatar\\\/c7164ed6fdec453195284ad24a5ae5b6e1eed2b848477fa2a4787ba9adf39a41?s=96&d=mm&r=g\",\"url\":\"https:\\\/\\\/secure.gravatar.com\\\/avatar\\\/c7164ed6fdec453195284ad24a5ae5b6e1eed2b848477fa2a4787ba9adf39a41?s=96&d=mm&r=g\",\"contentUrl\":\"https:\\\/\\\/secure.gravatar.com\\\/avatar\\\/c7164ed6fdec453195284ad24a5ae5b6e1eed2b848477fa2a4787ba9adf39a41?s=96&d=mm&r=g\",\"caption\":\"Redacci\u00f3n QP\"},\"url\":\"https:\\\/\\\/quehacerpolitico.mx\\\/?author=2\"}]}<\/script>\n<!-- \/ Yoast SEO plugin. -->","yoast_head_json":{"title":"Monreal y Mu\u00f1oz Ledo contradicen a Delgado y al equipo de AMLO: dicen que no pagar\u00e1n la consulta -","robots":{"index":"index","follow":"follow","max-snippet":"max-snippet:-1","max-image-preview":"max-image-preview:large","max-video-preview":"max-video-preview:-1"},"canonical":"https:\/\/quehacerpolitico.mx\/?p=6990","og_locale":"es_MX","og_type":"article","og_title":"Monreal y Mu\u00f1oz Ledo contradicen a Delgado y al equipo de AMLO: dicen que no pagar\u00e1n la consulta -","og_description":"Monreal y Mu\u00f1oz Ledo contradicen a Delgado y al equipo de AMLO: dicen que no pagar\u00e1n la consulta Por Redacci\u00f3n QP","og_url":"https:\/\/quehacerpolitico.mx\/?p=6990","article_published_time":"2018-10-16T03:33:44+00:00","author":"Redacci\u00f3n QP","twitter_card":"summary_large_image","twitter_misc":{"Escrito por":"Redacci\u00f3n QP","Tiempo de lectura":"4 minutos"},"schema":{"@context":"https:\/\/schema.org","@graph":[{"@type":"Article","@id":"https:\/\/quehacerpolitico.mx\/?p=6990#article","isPartOf":{"@id":"https:\/\/quehacerpolitico.mx\/?p=6990"},"author":{"name":"Redacci\u00f3n QP","@id":"https:\/\/quehacerpolitico.mx\/#\/schema\/person\/496d8ad2d1d3f8036101dca7ee39e585"},"headline":"Monreal y Mu\u00f1oz Ledo contradicen a Delgado y al equipo de AMLO: dicen que no pagar\u00e1n la consulta","datePublished":"2018-10-16T03:33:44+00:00","mainEntityOfPage":{"@id":"https:\/\/quehacerpolitico.mx\/?p=6990"},"wordCount":744,"commentCount":0,"image":{"@id":"https:\/\/quehacerpolitico.mx\/?p=6990#primaryimage"},"thumbnailUrl":"","articleSection":["Noticias"],"inLanguage":"es","potentialAction":[{"@type":"CommentAction","name":"Comment","target":["https:\/\/quehacerpolitico.mx\/?p=6990#respond"]}]},{"@type":"WebPage","@id":"https:\/\/quehacerpolitico.mx\/?p=6990","url":"https:\/\/quehacerpolitico.mx\/?p=6990","name":"Monreal y Mu\u00f1oz Ledo contradicen a Delgado y al equipo de AMLO: dicen que no pagar\u00e1n la consulta -","isPartOf":{"@id":"https:\/\/quehacerpolitico.mx\/#website"},"primaryImageOfPage":{"@id":"https:\/\/quehacerpolitico.mx\/?p=6990#primaryimage"},"image":{"@id":"https:\/\/quehacerpolitico.mx\/?p=6990#primaryimage"},"thumbnailUrl":"","datePublished":"2018-10-16T03:33:44+00:00","author":{"@id":"https:\/\/quehacerpolitico.mx\/#\/schema\/person\/496d8ad2d1d3f8036101dca7ee39e585"},"breadcrumb":{"@id":"https:\/\/quehacerpolitico.mx\/?p=6990#breadcrumb"},"inLanguage":"es","potentialAction":[{"@type":"ReadAction","target":["https:\/\/quehacerpolitico.mx\/?p=6990"]}]},{"@type":"ImageObject","inLanguage":"es","@id":"https:\/\/quehacerpolitico.mx\/?p=6990#primaryimage","url":"","contentUrl":""},{"@type":"BreadcrumbList","@id":"https:\/\/quehacerpolitico.mx\/?p=6990#breadcrumb","itemListElement":[{"@type":"ListItem","position":1,"name":"Inicio","item":"https:\/\/quehacerpolitico.mx\/"},{"@type":"ListItem","position":2,"name":"Monreal y Mu\u00f1oz Ledo contradicen a Delgado y al equipo de AMLO: dicen que no pagar\u00e1n la consulta"}]},{"@type":"WebSite","@id":"https:\/\/quehacerpolitico.mx\/#website","url":"https:\/\/quehacerpolitico.mx\/","name":"","description":"","potentialAction":[{"@type":"SearchAction","target":{"@type":"EntryPoint","urlTemplate":"https:\/\/quehacerpolitico.mx\/?s={search_term_string}"},"query-input":{"@type":"PropertyValueSpecification","valueRequired":true,"valueName":"search_term_string"}}],"inLanguage":"es"},{"@type":"Person","@id":"https:\/\/quehacerpolitico.mx\/#\/schema\/person\/496d8ad2d1d3f8036101dca7ee39e585","name":"Redacci\u00f3n QP","image":{"@type":"ImageObject","inLanguage":"es","@id":"https:\/\/secure.gravatar.com\/avatar\/c7164ed6fdec453195284ad24a5ae5b6e1eed2b848477fa2a4787ba9adf39a41?s=96&d=mm&r=g","url":"https:\/\/secure.gravatar.com\/avatar\/c7164ed6fdec453195284ad24a5ae5b6e1eed2b848477fa2a4787ba9adf39a41?s=96&d=mm&r=g","contentUrl":"https:\/\/secure.gravatar.com\/avatar\/c7164ed6fdec453195284ad24a5ae5b6e1eed2b848477fa2a4787ba9adf39a41?s=96&d=mm&r=g","caption":"Redacci\u00f3n QP"},"url":"https:\/\/quehacerpolitico.mx\/?author=2"}]}},"featured_image_urls":{"full":"","thumbnail":"","medium":"","medium_large":"","large":"","1536x1536":"","2048x2048":"","covernews-featured":"","covernews-medium":""},"author_info":{"display_name":"Redacci\u00f3n QP","author_link":"https:\/\/quehacerpolitico.mx\/?author=2"},"category_info":"<a href=\"https:\/\/quehacerpolitico.mx\/?cat=2\" rel=\"category\">Noticias<\/a>","tag_info":"Noticias","comment_count":"0","_links":{"self":[{"href":"https:\/\/quehacerpolitico.mx\/index.php?rest_route=\/wp\/v2\/posts\/6990","targetHints":{"allow":["GET"]}}],"collection":[{"href":"https:\/\/quehacerpolitico.mx\/index.php?rest_route=\/wp\/v2\/posts"}],"about":[{"href":"https:\/\/quehacerpolitico.mx\/index.php?rest_route=\/wp\/v2\/types\/post"}],"author":[{"embeddable":true,"href":"https:\/\/quehacerpolitico.mx\/index.php?rest_route=\/wp\/v2\/users\/2"}],"replies":[{"embeddable":true,"href":"https:\/\/quehacerpolitico.mx\/index.php?rest_route=%2Fwp%2Fv2%2Fcomments&post=6990"}],"version-history":[{"count":0,"href":"https:\/\/quehacerpolitico.mx\/index.php?rest_route=\/wp\/v2\/posts\/6990\/revisions"}],"wp:featuredmedia":[{"embeddable":true,"href":"https:\/\/quehacerpolitico.mx\/index.php?rest_route=\/"}],"wp:attachment":[{"href":"https:\/\/quehacerpolitico.mx\/index.php?rest_route=%2Fwp%2Fv2%2Fmedia&parent=6990"}],"wp:term":[{"taxonomy":"category","embeddable":true,"href":"https:\/\/quehacerpolitico.mx\/index.php?rest_route=%2Fwp%2Fv2%2Fcategories&post=6990"},{"taxonomy":"post_tag","embeddable":true,"href":"https:\/\/quehacerpolitico.mx\/index.php?rest_route=%2Fwp%2Fv2%2Ftags&post=6990"}],"curies":[{"name":"wp","href":"https:\/\/api.w.org\/{rel}","templated":true}]}}