{"id":6988,"date":"2018-10-16T03:11:56","date_gmt":"2018-10-16T03:11:56","guid":{"rendered":"http:\/\/quehacerpolitico.mx\/la-mitad-de-las-mexicanas-en-el-campo-sufre-pobreza-extrema-93-5-tiene-carencias-sociales\/"},"modified":"2018-10-16T03:11:56","modified_gmt":"2018-10-16T03:11:56","slug":"la-mitad-de-las-mexicanas-en-el-campo-sufre-pobreza-extrema-93-5-tiene-carencias-sociales","status":"publish","type":"post","link":"https:\/\/quehacerpolitico.mx\/?p=6988","title":{"rendered":"La mitad de las mexicanas en el campo sufre pobreza extrema; 93.5% tiene carencias sociales"},"content":{"rendered":"<h3><strong>Seg\u00fan el Consejo Nacional de Evaluaci\u00f3n de la Pol\u00edtica de Desarrollo Social (Coneval), un 93.5 por ciento de las mexicanas rurales son vulnerables a las carencias mencionadas y, adem\u00e1s, perciben un 75 por ciento menos de salario que los hombres que trabajan en el campo.<\/strong><\/h3>\n<h3><strong>Pese a estas desigualdades, el papel de la mujer rural es esencial. Contribuye con un 43 por ciento de la mano de obra agr\u00edcola del mundo, seg\u00fan la Organizaci\u00f3n de las Naciones Unidas para la Alimentaci\u00f3n y la Agricultura (FAO).<\/strong><\/h3>\n<p>Las <strong>mujeres<\/strong>que viven en entornos <strong>rurales<\/strong> en M\u00e9xico parecen estar destinadas a la <strong>pobreza<\/strong>. Seg\u00fan el Instituto Nacional de Estad\u00edstica y Geograf\u00eda (Inegi), la mitad de las <strong>mujeres rurales<\/strong> vive en la <strong>pobreza extrema<\/strong> y el restante la sufre de manera moderada.<\/p>\n<p>Hoy se celebra el D\u00eda Internacional de la <strong>Mujer Rural<\/strong> para concienciar sobre la situaci\u00f3n de estas <strong>mujeres<\/strong> que padecen carencias sociales en el acceso a la educaci\u00f3n, salud, seguridad social, infraestructura de la vivienda, servicios b\u00e1sicos y alimentaci\u00f3n.<\/p>\n<blockquote>\n<p>Seg\u00fan el Consejo Nacional de Evaluaci\u00f3n de la Pol\u00edtica de Desarrollo Social (Coneval), un 93.5 por ciento de las mexicanas rurales son vulnerables a las carencias mencionadas y, adem\u00e1s, perciben un 75 por ciento menos de salario que los hombres que trabajan en el campo.<\/p>\n<\/blockquote>\n<p>Pese a estas desigualdades, el papel de la <strong>mujer rural<\/strong> es esencial. Contribuye con un 43 por ciento de la mano de obra agr\u00edcola del mundo, seg\u00fan la Organizaci\u00f3n de las Naciones Unidas para la Alimentaci\u00f3n y la Agricultura (FAO).<\/p>\n<p>Adem\u00e1s, tienen que enfrentar a la discriminaci\u00f3n en cuanto a la propiedad de la tierra, desigualdad econ\u00f3mica, poca participaci\u00f3n en las entidades responsables de la toma de decisiones, as\u00ed como nulo acceso a cr\u00e9ditos y a los servicios financieros.<\/p>\n<p>La investigadora del Instituto de Investigaciones Antropol\u00f3gicas de la Universidad Nacional Aut\u00f3noma de M\u00e9xico (UNAM) Cristina Oechmichen dice a <em>EFE<\/em> que \u201cdesde hace mucho tiempo la <strong>mujer<\/strong> ha desempe\u00f1ado un papel de suma importancia tanto productivo como reproductivo dependiendo de las zonas rurales en las que habite\u201d.<\/p>\n<p>\u201cEs la proveedora de vida, la encargada del cuidado de los hijos, pero tambi\u00e9n trabaja en m\u00faltiples actividades que no siempre son reconocidas y mucho menos retribuidas econ\u00f3micamente\u201d, asegura.<\/p>\n<p>Seg\u00fan la experta, a la mujer rural le cuesta m\u00e1s trabajo conseguir recursos porque no habido los suficientes apoyos por parte del Gobierno para echar andar los proyectos productivos que le ayuden a lograr la autosuficiencia.<\/p>\n<blockquote>\n<p>\u201cLas que logran arrancar sus proyectos de corte emprendedor lo hacen con mucha dificultad porque no existen hasta hoy programas productivos de apoyo a estas iniciativas\u201d, explica.<\/p>\n<\/blockquote>\n<p>Asimismo, a\u00f1ade que en el pa\u00eds se requiere de una pol\u00edtica p\u00fablica amplia, distributiva e incluyente que \u201csignifica invertir en desarrollo social\u201d para combatir tambi\u00e9n la violencia y la marginaci\u00f3n.<\/p>\n<p>Una de estas mujeres afectadas es Corina Arenas, quien vive en la zona rural de San Salvador Cuauhtenco en el municipio de Milpa Alta, en Ciudad de M\u00e9xico.<\/p>\n<p>Ella, junto con un grupo de personas, desarroll\u00f3 hace seis a\u00f1os la cooperativa Productos Ecosist\u00e9micos de la Monta\u00f1a. Sin embargo, asegura a <em>EFE<\/em> que la falta de apoyos junto con la burocracia gubernamental hace lento el camino hacia su meta: una empresa sustentable de corte rural.<\/p>\n<blockquote>\n<p>\u201cEl proyecto consiste en la recolecci\u00f3n de plantas medicinales, subimos a la monta\u00f1a a recolectarlas, despu\u00e9s las sembramos de nuevo en un peque\u00f1o invernadero, para despu\u00e9s volverlas a sembrar en la monta\u00f1a. El objetivo es secar las plantas y con ello hacer t\u00e9s curativos\u201d, se\u00f1ala.<\/p>\n<\/blockquote>\n<p>La madre de tres hijos explica que, por ejemplo, el toronjil ayuda a combatir el estr\u00e9s y el insomnio.<\/p>\n<p>El hinojo por su parte, es conocido por aliviar los dolores de los c\u00f3licos menstruales, mientras que el poleo ayuda en padecimientos respiratorios como gripe y bronquitis.<\/p>\n<blockquote>\n<p>\u201cEl proyecto es 100 por ciento rural. Es algo que nosotros trabajamos en el campo, nos ha costado muchos a\u00f1os levantarlo y llevarlo a cabo, a pesar de las dificultades no lo hemos dejado porque es un beneficio para la misma comunidad y para que no se pierda este conocimiento de nuestros antepasados\u201d, explica.<\/p>\n<\/blockquote>\n<p>No obstante, indica que se han topado con diversas dificultades como la falta de apoyos econ\u00f3micos para el proyecto.<\/p>\n<p>Despu\u00e9s de todo, Corina es positiva al se\u00f1alar que la cooperativa seguir\u00e1 capacit\u00e1ndose como pueda para sacar su proyecto a flote.<\/p>\n<p>Con Informaci\u00f3n de EFE<\/p>\n","protected":false},"excerpt":{"rendered":"<p>La mitad de las mexicanas en el campo sufre pobreza extrema; 93.5% tiene carencias sociales<br \/>\nPor Redacci\u00f3n QP<\/p>\n","protected":false},"author":2,"featured_media":6987,"comment_status":"open","ping_status":"open","sticky":false,"template":"","format":"standard","meta":{"_monsterinsights_skip_tracking":false,"_monsterinsights_sitenote_active":false,"_monsterinsights_sitenote_note":"","_monsterinsights_sitenote_category":0,"footnotes":""},"categories":[2],"tags":[],"class_list":["post-6988","post","type-post","status-publish","format-standard","has-post-thumbnail","hentry","category-noticias"],"yoast_head":"<!-- This site is optimized with the Yoast SEO plugin v27.3 - https:\/\/yoast.com\/product\/yoast-seo-wordpress\/ -->\n<title>La mitad de las mexicanas en el campo sufre pobreza extrema; 93.5% tiene carencias sociales -<\/title>\n<meta name=\"robots\" content=\"index, follow, max-snippet:-1, max-image-preview:large, max-video-preview:-1\" \/>\n<link rel=\"canonical\" href=\"https:\/\/quehacerpolitico.mx\/?p=6988\" \/>\n<meta property=\"og:locale\" content=\"es_MX\" \/>\n<meta property=\"og:type\" content=\"article\" \/>\n<meta property=\"og:title\" content=\"La mitad de las mexicanas en el campo sufre pobreza extrema; 93.5% tiene carencias sociales -\" \/>\n<meta property=\"og:description\" content=\"La mitad de las mexicanas en el campo sufre pobreza extrema; 93.5% tiene carencias sociales Por Redacci\u00f3n QP\" \/>\n<meta property=\"og:url\" content=\"https:\/\/quehacerpolitico.mx\/?p=6988\" \/>\n<meta property=\"article:published_time\" content=\"2018-10-16T03:11:56+00:00\" \/>\n<meta name=\"author\" content=\"Redacci\u00f3n QP\" \/>\n<meta name=\"twitter:card\" content=\"summary_large_image\" \/>\n<meta name=\"twitter:label1\" content=\"Escrito por\" \/>\n\t<meta name=\"twitter:data1\" content=\"Redacci\u00f3n QP\" \/>\n\t<meta name=\"twitter:label2\" content=\"Tiempo de lectura\" \/>\n\t<meta name=\"twitter:data2\" content=\"4 minutos\" \/>\n<script type=\"application\/ld+json\" class=\"yoast-schema-graph\">{\"@context\":\"https:\\\/\\\/schema.org\",\"@graph\":[{\"@type\":\"Article\",\"@id\":\"https:\\\/\\\/quehacerpolitico.mx\\\/?p=6988#article\",\"isPartOf\":{\"@id\":\"https:\\\/\\\/quehacerpolitico.mx\\\/?p=6988\"},\"author\":{\"name\":\"Redacci\u00f3n QP\",\"@id\":\"https:\\\/\\\/quehacerpolitico.mx\\\/#\\\/schema\\\/person\\\/496d8ad2d1d3f8036101dca7ee39e585\"},\"headline\":\"La mitad de las mexicanas en el campo sufre pobreza extrema; 93.5% tiene carencias sociales\",\"datePublished\":\"2018-10-16T03:11:56+00:00\",\"mainEntityOfPage\":{\"@id\":\"https:\\\/\\\/quehacerpolitico.mx\\\/?p=6988\"},\"wordCount\":794,\"commentCount\":0,\"image\":{\"@id\":\"https:\\\/\\\/quehacerpolitico.mx\\\/?p=6988#primaryimage\"},\"thumbnailUrl\":\"\",\"articleSection\":[\"Noticias\"],\"inLanguage\":\"es\",\"potentialAction\":[{\"@type\":\"CommentAction\",\"name\":\"Comment\",\"target\":[\"https:\\\/\\\/quehacerpolitico.mx\\\/?p=6988#respond\"]}]},{\"@type\":\"WebPage\",\"@id\":\"https:\\\/\\\/quehacerpolitico.mx\\\/?p=6988\",\"url\":\"https:\\\/\\\/quehacerpolitico.mx\\\/?p=6988\",\"name\":\"La mitad de las mexicanas en el campo sufre pobreza extrema; 93.5% tiene carencias sociales -\",\"isPartOf\":{\"@id\":\"https:\\\/\\\/quehacerpolitico.mx\\\/#website\"},\"primaryImageOfPage\":{\"@id\":\"https:\\\/\\\/quehacerpolitico.mx\\\/?p=6988#primaryimage\"},\"image\":{\"@id\":\"https:\\\/\\\/quehacerpolitico.mx\\\/?p=6988#primaryimage\"},\"thumbnailUrl\":\"\",\"datePublished\":\"2018-10-16T03:11:56+00:00\",\"author\":{\"@id\":\"https:\\\/\\\/quehacerpolitico.mx\\\/#\\\/schema\\\/person\\\/496d8ad2d1d3f8036101dca7ee39e585\"},\"breadcrumb\":{\"@id\":\"https:\\\/\\\/quehacerpolitico.mx\\\/?p=6988#breadcrumb\"},\"inLanguage\":\"es\",\"potentialAction\":[{\"@type\":\"ReadAction\",\"target\":[\"https:\\\/\\\/quehacerpolitico.mx\\\/?p=6988\"]}]},{\"@type\":\"ImageObject\",\"inLanguage\":\"es\",\"@id\":\"https:\\\/\\\/quehacerpolitico.mx\\\/?p=6988#primaryimage\",\"url\":\"\",\"contentUrl\":\"\"},{\"@type\":\"BreadcrumbList\",\"@id\":\"https:\\\/\\\/quehacerpolitico.mx\\\/?p=6988#breadcrumb\",\"itemListElement\":[{\"@type\":\"ListItem\",\"position\":1,\"name\":\"Inicio\",\"item\":\"https:\\\/\\\/quehacerpolitico.mx\\\/\"},{\"@type\":\"ListItem\",\"position\":2,\"name\":\"La mitad de las mexicanas en el campo sufre pobreza extrema; 93.5% tiene carencias sociales\"}]},{\"@type\":\"WebSite\",\"@id\":\"https:\\\/\\\/quehacerpolitico.mx\\\/#website\",\"url\":\"https:\\\/\\\/quehacerpolitico.mx\\\/\",\"name\":\"\",\"description\":\"\",\"potentialAction\":[{\"@type\":\"SearchAction\",\"target\":{\"@type\":\"EntryPoint\",\"urlTemplate\":\"https:\\\/\\\/quehacerpolitico.mx\\\/?s={search_term_string}\"},\"query-input\":{\"@type\":\"PropertyValueSpecification\",\"valueRequired\":true,\"valueName\":\"search_term_string\"}}],\"inLanguage\":\"es\"},{\"@type\":\"Person\",\"@id\":\"https:\\\/\\\/quehacerpolitico.mx\\\/#\\\/schema\\\/person\\\/496d8ad2d1d3f8036101dca7ee39e585\",\"name\":\"Redacci\u00f3n QP\",\"image\":{\"@type\":\"ImageObject\",\"inLanguage\":\"es\",\"@id\":\"https:\\\/\\\/secure.gravatar.com\\\/avatar\\\/c7164ed6fdec453195284ad24a5ae5b6e1eed2b848477fa2a4787ba9adf39a41?s=96&d=mm&r=g\",\"url\":\"https:\\\/\\\/secure.gravatar.com\\\/avatar\\\/c7164ed6fdec453195284ad24a5ae5b6e1eed2b848477fa2a4787ba9adf39a41?s=96&d=mm&r=g\",\"contentUrl\":\"https:\\\/\\\/secure.gravatar.com\\\/avatar\\\/c7164ed6fdec453195284ad24a5ae5b6e1eed2b848477fa2a4787ba9adf39a41?s=96&d=mm&r=g\",\"caption\":\"Redacci\u00f3n QP\"},\"url\":\"https:\\\/\\\/quehacerpolitico.mx\\\/?author=2\"}]}<\/script>\n<!-- \/ Yoast SEO plugin. -->","yoast_head_json":{"title":"La mitad de las mexicanas en el campo sufre pobreza extrema; 93.5% tiene carencias sociales -","robots":{"index":"index","follow":"follow","max-snippet":"max-snippet:-1","max-image-preview":"max-image-preview:large","max-video-preview":"max-video-preview:-1"},"canonical":"https:\/\/quehacerpolitico.mx\/?p=6988","og_locale":"es_MX","og_type":"article","og_title":"La mitad de las mexicanas en el campo sufre pobreza extrema; 93.5% tiene carencias sociales -","og_description":"La mitad de las mexicanas en el campo sufre pobreza extrema; 93.5% tiene carencias sociales Por Redacci\u00f3n QP","og_url":"https:\/\/quehacerpolitico.mx\/?p=6988","article_published_time":"2018-10-16T03:11:56+00:00","author":"Redacci\u00f3n QP","twitter_card":"summary_large_image","twitter_misc":{"Escrito por":"Redacci\u00f3n QP","Tiempo de lectura":"4 minutos"},"schema":{"@context":"https:\/\/schema.org","@graph":[{"@type":"Article","@id":"https:\/\/quehacerpolitico.mx\/?p=6988#article","isPartOf":{"@id":"https:\/\/quehacerpolitico.mx\/?p=6988"},"author":{"name":"Redacci\u00f3n QP","@id":"https:\/\/quehacerpolitico.mx\/#\/schema\/person\/496d8ad2d1d3f8036101dca7ee39e585"},"headline":"La mitad de las mexicanas en el campo sufre pobreza extrema; 93.5% tiene carencias sociales","datePublished":"2018-10-16T03:11:56+00:00","mainEntityOfPage":{"@id":"https:\/\/quehacerpolitico.mx\/?p=6988"},"wordCount":794,"commentCount":0,"image":{"@id":"https:\/\/quehacerpolitico.mx\/?p=6988#primaryimage"},"thumbnailUrl":"","articleSection":["Noticias"],"inLanguage":"es","potentialAction":[{"@type":"CommentAction","name":"Comment","target":["https:\/\/quehacerpolitico.mx\/?p=6988#respond"]}]},{"@type":"WebPage","@id":"https:\/\/quehacerpolitico.mx\/?p=6988","url":"https:\/\/quehacerpolitico.mx\/?p=6988","name":"La mitad de las mexicanas en el campo sufre pobreza extrema; 93.5% tiene carencias sociales -","isPartOf":{"@id":"https:\/\/quehacerpolitico.mx\/#website"},"primaryImageOfPage":{"@id":"https:\/\/quehacerpolitico.mx\/?p=6988#primaryimage"},"image":{"@id":"https:\/\/quehacerpolitico.mx\/?p=6988#primaryimage"},"thumbnailUrl":"","datePublished":"2018-10-16T03:11:56+00:00","author":{"@id":"https:\/\/quehacerpolitico.mx\/#\/schema\/person\/496d8ad2d1d3f8036101dca7ee39e585"},"breadcrumb":{"@id":"https:\/\/quehacerpolitico.mx\/?p=6988#breadcrumb"},"inLanguage":"es","potentialAction":[{"@type":"ReadAction","target":["https:\/\/quehacerpolitico.mx\/?p=6988"]}]},{"@type":"ImageObject","inLanguage":"es","@id":"https:\/\/quehacerpolitico.mx\/?p=6988#primaryimage","url":"","contentUrl":""},{"@type":"BreadcrumbList","@id":"https:\/\/quehacerpolitico.mx\/?p=6988#breadcrumb","itemListElement":[{"@type":"ListItem","position":1,"name":"Inicio","item":"https:\/\/quehacerpolitico.mx\/"},{"@type":"ListItem","position":2,"name":"La mitad de las mexicanas en el campo sufre pobreza extrema; 93.5% tiene carencias sociales"}]},{"@type":"WebSite","@id":"https:\/\/quehacerpolitico.mx\/#website","url":"https:\/\/quehacerpolitico.mx\/","name":"","description":"","potentialAction":[{"@type":"SearchAction","target":{"@type":"EntryPoint","urlTemplate":"https:\/\/quehacerpolitico.mx\/?s={search_term_string}"},"query-input":{"@type":"PropertyValueSpecification","valueRequired":true,"valueName":"search_term_string"}}],"inLanguage":"es"},{"@type":"Person","@id":"https:\/\/quehacerpolitico.mx\/#\/schema\/person\/496d8ad2d1d3f8036101dca7ee39e585","name":"Redacci\u00f3n QP","image":{"@type":"ImageObject","inLanguage":"es","@id":"https:\/\/secure.gravatar.com\/avatar\/c7164ed6fdec453195284ad24a5ae5b6e1eed2b848477fa2a4787ba9adf39a41?s=96&d=mm&r=g","url":"https:\/\/secure.gravatar.com\/avatar\/c7164ed6fdec453195284ad24a5ae5b6e1eed2b848477fa2a4787ba9adf39a41?s=96&d=mm&r=g","contentUrl":"https:\/\/secure.gravatar.com\/avatar\/c7164ed6fdec453195284ad24a5ae5b6e1eed2b848477fa2a4787ba9adf39a41?s=96&d=mm&r=g","caption":"Redacci\u00f3n QP"},"url":"https:\/\/quehacerpolitico.mx\/?author=2"}]}},"featured_image_urls":{"full":"","thumbnail":"","medium":"","medium_large":"","large":"","1536x1536":"","2048x2048":"","covernews-featured":"","covernews-medium":""},"author_info":{"display_name":"Redacci\u00f3n QP","author_link":"https:\/\/quehacerpolitico.mx\/?author=2"},"category_info":"<a href=\"https:\/\/quehacerpolitico.mx\/?cat=2\" rel=\"category\">Noticias<\/a>","tag_info":"Noticias","comment_count":"0","_links":{"self":[{"href":"https:\/\/quehacerpolitico.mx\/index.php?rest_route=\/wp\/v2\/posts\/6988","targetHints":{"allow":["GET"]}}],"collection":[{"href":"https:\/\/quehacerpolitico.mx\/index.php?rest_route=\/wp\/v2\/posts"}],"about":[{"href":"https:\/\/quehacerpolitico.mx\/index.php?rest_route=\/wp\/v2\/types\/post"}],"author":[{"embeddable":true,"href":"https:\/\/quehacerpolitico.mx\/index.php?rest_route=\/wp\/v2\/users\/2"}],"replies":[{"embeddable":true,"href":"https:\/\/quehacerpolitico.mx\/index.php?rest_route=%2Fwp%2Fv2%2Fcomments&post=6988"}],"version-history":[{"count":0,"href":"https:\/\/quehacerpolitico.mx\/index.php?rest_route=\/wp\/v2\/posts\/6988\/revisions"}],"wp:featuredmedia":[{"embeddable":true,"href":"https:\/\/quehacerpolitico.mx\/index.php?rest_route=\/"}],"wp:attachment":[{"href":"https:\/\/quehacerpolitico.mx\/index.php?rest_route=%2Fwp%2Fv2%2Fmedia&parent=6988"}],"wp:term":[{"taxonomy":"category","embeddable":true,"href":"https:\/\/quehacerpolitico.mx\/index.php?rest_route=%2Fwp%2Fv2%2Fcategories&post=6988"},{"taxonomy":"post_tag","embeddable":true,"href":"https:\/\/quehacerpolitico.mx\/index.php?rest_route=%2Fwp%2Fv2%2Ftags&post=6988"}],"curies":[{"name":"wp","href":"https:\/\/api.w.org\/{rel}","templated":true}]}}