{"id":69829,"date":"2020-12-04T17:26:06","date_gmt":"2020-12-04T17:26:06","guid":{"rendered":"https:\/\/quehacerpolitico.mx\/?p=69829"},"modified":"2020-12-04T17:26:06","modified_gmt":"2020-12-04T17:26:06","slug":"cdmx-amplia-capacidad-hospitalaria-con-500-camas-para-covid-19-anuncia-amlo","status":"publish","type":"post","link":"https:\/\/quehacerpolitico.mx\/?p=69829","title":{"rendered":"CDMX ampl\u00eda capacidad hospitalaria con 500 camas para COVID-19, anuncia AMLO"},"content":{"rendered":"<h1 class=\"amp-wp-title\">CDMX ampl\u00eda capacidad hospitalaria con 500 camas para COVID-19, anuncia AMLO<br \/>\nPor Redacci\u00f3n QP<\/h1>\n<p>El <strong>presidente de M\u00e9xico<\/strong>, <strong>Andr\u00e9s Manuel L\u00f3pez Obrador (AMLO)<\/strong>, dijo en su conferencia de prensa matutina de este viernes que la Ciudad de M\u00e9xico ampliar\u00e1 su capacidad\u00a0 hospitalaria con 500 camas para atender a personas con <strong>coronavirus (COVID-19)<\/strong>.<\/p>\n<p>Desde Palacio Nacional,\u00a0 el presidente L\u00f3pez Obrador asegur\u00f3 que la ampliaci\u00f3n en la capacidad hospitalaria incluye la habilitaci\u00f3n de ventiladores y el aumento de especialistas.<\/p>\n<blockquote><p>\u201cYa estamos en eso, vamos a ampliar, en el caso de la Ciudad de M\u00e9xico, para la semana pr\u00f3xima yo creo que vamos a tener 500 camas m\u00e1s para terapia intensiva, con ventiladores y especialistas\u201d, dijo AMLO.<\/p><\/blockquote>\n<p>Record\u00f3 que actualmente, hay una ocupaci\u00f3n hospitalaria del 69 % en camas de atenci\u00f3n general, mientras que algunos otros estados han estado hasta en 90 % de saturaci\u00f3n.<\/p>\n<p>Dijo que se est\u00e1 buscando convocar a nuevos m\u00e9dicos. \u201cVamos a seguir contratando m\u00e9dicos, form\u00e1ndolos, capacit\u00e1ndolos, tiene que haber relevo porque ya es mucho cansancio\u201d, apunt\u00f3.<\/p>\n<p>Tambi\u00e9n inst\u00f3 a la poblaci\u00f3n a, si tiene s\u00edntomas, hacerse la prueba de detecci\u00f3n del SARS-CoV-2, y pidi\u00f3 a la ciudadan\u00eda acercarse \u201cpronto\u201d al hospital si se siente enferma.El presidente de M\u00e9xico llam\u00f3 a los mexicanos a evitar fiestas navide\u00f1as para frenar los contagios por el coronavirus SARS-CoV-2, aunque no se impondr\u00e1n medidas que limiten la movilidad de los ciudadanos.<\/p>\n<blockquote><p>\u201cHago un nuevo llamado para que todos actuemos este mes de diciembre con plena responsabilidad, que no se relaje la disciplina, que no nos confiemos\u201d, pidi\u00f3 el mandatario.<\/p><\/blockquote>\n<p>Ley\u00f3 un documento en el que reconoci\u00f3 que la pandemia sigue causando \u201cestragos\u201d en el pa\u00eds. Mientras no se tenga la vacuna, lo mejor y \u201clo m\u00e1s eficaz es cuidarnos nosotros mismos\u201d, dijo.<\/p>\n<p>Reiter\u00f3 que su Gobierno no va a establecer \u201cmedidas coercitivas\u201d, pero s\u00ed precis\u00f3 que se har\u00e1 la petici\u00f3n respetuosa para salvaguardar las vidas.<\/p>\n<blockquote><p>\u201cNo soy partidario de medidas coercitivas como las prohibiciones o el toque de queda. Puede parecer ut\u00f3pico rom\u00e1ntico, pero como siempre lo he dicho, y lo sostengo: prohibido prohibir\u201d, destac\u00f3.<\/p><\/blockquote>\n<p>Dijo creer m\u00e1s en el convencimiento que en la imposici\u00f3n y la fuerza. \u201cMe consta que el pueblo de M\u00e9xico es responsable, educado y consciente\u201d, apunt\u00f3.<\/p>\n<p>Hasta ahora M\u00e9xico registra 1.144.643 contagios y 108.173 muertes. De acuerdo con la Secretar\u00eda de Salud, tan solo en la \u00faltima semana se reportaron m\u00e1s de 66.049 casos, es decir en promedio 9.435 diarios.<\/p>\n<p><iframe loading=\"lazy\" title=\"Por fiestas decembrinas se ampliar\u00e1 capacidad hospitalaria en CDMX para enfrentar Covid: AMLO\" width=\"640\" height=\"360\" src=\"https:\/\/www.youtube.com\/embed\/ymiFpQZK7XY?feature=oembed\" frameborder=\"0\" allow=\"accelerometer; autoplay; clipboard-write; encrypted-media; gyroscope; picture-in-picture; web-share\" referrerpolicy=\"strict-origin-when-cross-origin\" allowfullscreen><\/iframe><\/p>\n<p>El presidente destac\u00f3 que ahora que est\u00e1n por celebrarse fechas importantes para los mexicanos como el d\u00eda de la Virgen de Guadalupe -el 12 de diciembre-, las posadas, la Navidad y el fin de a\u00f1o.<\/p>\n<p>Es por ello que los mexicanos \u201cdeben actuar con responsabilidad para evitar contagios\u201d.<\/p>\n<p>Para explicar mejor sus recomendaciones, anunci\u00f3 un dec\u00e1logo de puntos en el que incluy\u00f3 evitar salir a la calle si no es necesario, guardar la \u201csana distancia\u201d, evitar las visitas, reunirse solo con habitantes de la misma casa, y no realizar fiestas ni reuniones.<\/p>\n<p>Tambi\u00e9n dijo que si se presentan s\u00edntomas se debe buscar atenci\u00f3n r\u00e1pida, hacerse la prueba y acudir al hospital para ser atendido.<\/p>\n<p>Dentro de los 10 puntos pidi\u00f3 adem\u00e1s dejar los regalos de Navidad para otro momento: \u201cRegala afecto, cari\u00f1o, amor, no lo compres\u201d, afirm\u00f3.<\/p>\n<p><em>Con informaci\u00f3n de EFE<\/em><\/p>\n","protected":false},"excerpt":{"rendered":"<p>CDMX ampl\u00eda capacidad hospitalaria con 500 camas para COVID-19, anuncia AMLO Por Redacci\u00f3n QP El&#8230;<\/p>\n","protected":false},"author":2,"featured_media":69830,"comment_status":"open","ping_status":"open","sticky":false,"template":"","format":"standard","meta":{"_monsterinsights_skip_tracking":false,"_monsterinsights_sitenote_active":false,"_monsterinsights_sitenote_note":"","_monsterinsights_sitenote_category":0,"footnotes":""},"categories":[55],"tags":[],"class_list":["post-69829","post","type-post","status-publish","format-standard","has-post-thumbnail","hentry","category-cdmx"],"yoast_head":"<!-- This site is optimized with the Yoast SEO plugin v27.3 - https:\/\/yoast.com\/product\/yoast-seo-wordpress\/ -->\n<title>CDMX ampl\u00eda capacidad hospitalaria con 500 camas para COVID-19, anuncia AMLO -<\/title>\n<meta name=\"robots\" content=\"index, follow, max-snippet:-1, max-image-preview:large, max-video-preview:-1\" \/>\n<link rel=\"canonical\" href=\"https:\/\/quehacerpolitico.mx\/?p=69829\" \/>\n<meta property=\"og:locale\" content=\"es_MX\" \/>\n<meta property=\"og:type\" content=\"article\" \/>\n<meta property=\"og:title\" content=\"CDMX ampl\u00eda capacidad hospitalaria con 500 camas para COVID-19, anuncia AMLO -\" \/>\n<meta property=\"og:description\" content=\"CDMX ampl\u00eda capacidad hospitalaria con 500 camas para COVID-19, anuncia AMLO Por Redacci\u00f3n QP El...\" \/>\n<meta property=\"og:url\" content=\"https:\/\/quehacerpolitico.mx\/?p=69829\" \/>\n<meta property=\"article:published_time\" content=\"2020-12-04T17:26:06+00:00\" \/>\n<meta property=\"og:image\" content=\"https:\/\/quehacerpolitico.mx\/wp-content\/uploads\/2020\/12\/4F28AFC3-56D9-4EA6-B435-A21EE917A884.jpeg\" \/>\n\t<meta property=\"og:image:width\" content=\"1242\" \/>\n\t<meta property=\"og:image:height\" content=\"692\" \/>\n\t<meta property=\"og:image:type\" content=\"image\/jpeg\" \/>\n<meta name=\"author\" content=\"Redacci\u00f3n QP\" \/>\n<meta name=\"twitter:card\" content=\"summary_large_image\" \/>\n<meta name=\"twitter:label1\" content=\"Escrito por\" \/>\n\t<meta name=\"twitter:data1\" content=\"Redacci\u00f3n QP\" \/>\n\t<meta name=\"twitter:label2\" content=\"Tiempo de lectura\" \/>\n\t<meta name=\"twitter:data2\" content=\"3 minutos\" \/>\n<script type=\"application\/ld+json\" class=\"yoast-schema-graph\">{\"@context\":\"https:\\\/\\\/schema.org\",\"@graph\":[{\"@type\":\"Article\",\"@id\":\"https:\\\/\\\/quehacerpolitico.mx\\\/?p=69829#article\",\"isPartOf\":{\"@id\":\"https:\\\/\\\/quehacerpolitico.mx\\\/?p=69829\"},\"author\":{\"name\":\"Redacci\u00f3n QP\",\"@id\":\"https:\\\/\\\/quehacerpolitico.mx\\\/#\\\/schema\\\/person\\\/496d8ad2d1d3f8036101dca7ee39e585\"},\"headline\":\"CDMX ampl\u00eda capacidad hospitalaria con 500 camas para COVID-19, anuncia AMLO\",\"datePublished\":\"2020-12-04T17:26:06+00:00\",\"mainEntityOfPage\":{\"@id\":\"https:\\\/\\\/quehacerpolitico.mx\\\/?p=69829\"},\"wordCount\":596,\"commentCount\":0,\"image\":{\"@id\":\"https:\\\/\\\/quehacerpolitico.mx\\\/?p=69829#primaryimage\"},\"thumbnailUrl\":\"https:\\\/\\\/quehacerpolitico.mx\\\/wp-content\\\/uploads\\\/2020\\\/12\\\/4F28AFC3-56D9-4EA6-B435-A21EE917A884.jpeg\",\"articleSection\":[\"CDMX\"],\"inLanguage\":\"es\",\"potentialAction\":[{\"@type\":\"CommentAction\",\"name\":\"Comment\",\"target\":[\"https:\\\/\\\/quehacerpolitico.mx\\\/?p=69829#respond\"]}]},{\"@type\":\"WebPage\",\"@id\":\"https:\\\/\\\/quehacerpolitico.mx\\\/?p=69829\",\"url\":\"https:\\\/\\\/quehacerpolitico.mx\\\/?p=69829\",\"name\":\"CDMX ampl\u00eda capacidad hospitalaria con 500 camas para COVID-19, anuncia AMLO -\",\"isPartOf\":{\"@id\":\"https:\\\/\\\/quehacerpolitico.mx\\\/#website\"},\"primaryImageOfPage\":{\"@id\":\"https:\\\/\\\/quehacerpolitico.mx\\\/?p=69829#primaryimage\"},\"image\":{\"@id\":\"https:\\\/\\\/quehacerpolitico.mx\\\/?p=69829#primaryimage\"},\"thumbnailUrl\":\"https:\\\/\\\/quehacerpolitico.mx\\\/wp-content\\\/uploads\\\/2020\\\/12\\\/4F28AFC3-56D9-4EA6-B435-A21EE917A884.jpeg\",\"datePublished\":\"2020-12-04T17:26:06+00:00\",\"author\":{\"@id\":\"https:\\\/\\\/quehacerpolitico.mx\\\/#\\\/schema\\\/person\\\/496d8ad2d1d3f8036101dca7ee39e585\"},\"breadcrumb\":{\"@id\":\"https:\\\/\\\/quehacerpolitico.mx\\\/?p=69829#breadcrumb\"},\"inLanguage\":\"es\",\"potentialAction\":[{\"@type\":\"ReadAction\",\"target\":[\"https:\\\/\\\/quehacerpolitico.mx\\\/?p=69829\"]}]},{\"@type\":\"ImageObject\",\"inLanguage\":\"es\",\"@id\":\"https:\\\/\\\/quehacerpolitico.mx\\\/?p=69829#primaryimage\",\"url\":\"https:\\\/\\\/quehacerpolitico.mx\\\/wp-content\\\/uploads\\\/2020\\\/12\\\/4F28AFC3-56D9-4EA6-B435-A21EE917A884.jpeg\",\"contentUrl\":\"https:\\\/\\\/quehacerpolitico.mx\\\/wp-content\\\/uploads\\\/2020\\\/12\\\/4F28AFC3-56D9-4EA6-B435-A21EE917A884.jpeg\",\"width\":1242,\"height\":692},{\"@type\":\"BreadcrumbList\",\"@id\":\"https:\\\/\\\/quehacerpolitico.mx\\\/?p=69829#breadcrumb\",\"itemListElement\":[{\"@type\":\"ListItem\",\"position\":1,\"name\":\"Inicio\",\"item\":\"https:\\\/\\\/quehacerpolitico.mx\\\/\"},{\"@type\":\"ListItem\",\"position\":2,\"name\":\"CDMX ampl\u00eda capacidad hospitalaria con 500 camas para COVID-19, anuncia AMLO\"}]},{\"@type\":\"WebSite\",\"@id\":\"https:\\\/\\\/quehacerpolitico.mx\\\/#website\",\"url\":\"https:\\\/\\\/quehacerpolitico.mx\\\/\",\"name\":\"\",\"description\":\"\",\"potentialAction\":[{\"@type\":\"SearchAction\",\"target\":{\"@type\":\"EntryPoint\",\"urlTemplate\":\"https:\\\/\\\/quehacerpolitico.mx\\\/?s={search_term_string}\"},\"query-input\":{\"@type\":\"PropertyValueSpecification\",\"valueRequired\":true,\"valueName\":\"search_term_string\"}}],\"inLanguage\":\"es\"},{\"@type\":\"Person\",\"@id\":\"https:\\\/\\\/quehacerpolitico.mx\\\/#\\\/schema\\\/person\\\/496d8ad2d1d3f8036101dca7ee39e585\",\"name\":\"Redacci\u00f3n QP\",\"image\":{\"@type\":\"ImageObject\",\"inLanguage\":\"es\",\"@id\":\"https:\\\/\\\/secure.gravatar.com\\\/avatar\\\/c7164ed6fdec453195284ad24a5ae5b6e1eed2b848477fa2a4787ba9adf39a41?s=96&d=mm&r=g\",\"url\":\"https:\\\/\\\/secure.gravatar.com\\\/avatar\\\/c7164ed6fdec453195284ad24a5ae5b6e1eed2b848477fa2a4787ba9adf39a41?s=96&d=mm&r=g\",\"contentUrl\":\"https:\\\/\\\/secure.gravatar.com\\\/avatar\\\/c7164ed6fdec453195284ad24a5ae5b6e1eed2b848477fa2a4787ba9adf39a41?s=96&d=mm&r=g\",\"caption\":\"Redacci\u00f3n QP\"},\"url\":\"https:\\\/\\\/quehacerpolitico.mx\\\/?author=2\"}]}<\/script>\n<!-- \/ Yoast SEO plugin. -->","yoast_head_json":{"title":"CDMX ampl\u00eda capacidad hospitalaria con 500 camas para COVID-19, anuncia AMLO -","robots":{"index":"index","follow":"follow","max-snippet":"max-snippet:-1","max-image-preview":"max-image-preview:large","max-video-preview":"max-video-preview:-1"},"canonical":"https:\/\/quehacerpolitico.mx\/?p=69829","og_locale":"es_MX","og_type":"article","og_title":"CDMX ampl\u00eda capacidad hospitalaria con 500 camas para COVID-19, anuncia AMLO -","og_description":"CDMX ampl\u00eda capacidad hospitalaria con 500 camas para COVID-19, anuncia AMLO Por Redacci\u00f3n QP El...","og_url":"https:\/\/quehacerpolitico.mx\/?p=69829","article_published_time":"2020-12-04T17:26:06+00:00","og_image":[{"width":1242,"height":692,"url":"https:\/\/quehacerpolitico.mx\/wp-content\/uploads\/2020\/12\/4F28AFC3-56D9-4EA6-B435-A21EE917A884.jpeg","type":"image\/jpeg"}],"author":"Redacci\u00f3n QP","twitter_card":"summary_large_image","twitter_misc":{"Escrito por":"Redacci\u00f3n QP","Tiempo de lectura":"3 minutos"},"schema":{"@context":"https:\/\/schema.org","@graph":[{"@type":"Article","@id":"https:\/\/quehacerpolitico.mx\/?p=69829#article","isPartOf":{"@id":"https:\/\/quehacerpolitico.mx\/?p=69829"},"author":{"name":"Redacci\u00f3n QP","@id":"https:\/\/quehacerpolitico.mx\/#\/schema\/person\/496d8ad2d1d3f8036101dca7ee39e585"},"headline":"CDMX ampl\u00eda capacidad hospitalaria con 500 camas para COVID-19, anuncia AMLO","datePublished":"2020-12-04T17:26:06+00:00","mainEntityOfPage":{"@id":"https:\/\/quehacerpolitico.mx\/?p=69829"},"wordCount":596,"commentCount":0,"image":{"@id":"https:\/\/quehacerpolitico.mx\/?p=69829#primaryimage"},"thumbnailUrl":"https:\/\/quehacerpolitico.mx\/wp-content\/uploads\/2020\/12\/4F28AFC3-56D9-4EA6-B435-A21EE917A884.jpeg","articleSection":["CDMX"],"inLanguage":"es","potentialAction":[{"@type":"CommentAction","name":"Comment","target":["https:\/\/quehacerpolitico.mx\/?p=69829#respond"]}]},{"@type":"WebPage","@id":"https:\/\/quehacerpolitico.mx\/?p=69829","url":"https:\/\/quehacerpolitico.mx\/?p=69829","name":"CDMX ampl\u00eda capacidad hospitalaria con 500 camas para COVID-19, anuncia AMLO -","isPartOf":{"@id":"https:\/\/quehacerpolitico.mx\/#website"},"primaryImageOfPage":{"@id":"https:\/\/quehacerpolitico.mx\/?p=69829#primaryimage"},"image":{"@id":"https:\/\/quehacerpolitico.mx\/?p=69829#primaryimage"},"thumbnailUrl":"https:\/\/quehacerpolitico.mx\/wp-content\/uploads\/2020\/12\/4F28AFC3-56D9-4EA6-B435-A21EE917A884.jpeg","datePublished":"2020-12-04T17:26:06+00:00","author":{"@id":"https:\/\/quehacerpolitico.mx\/#\/schema\/person\/496d8ad2d1d3f8036101dca7ee39e585"},"breadcrumb":{"@id":"https:\/\/quehacerpolitico.mx\/?p=69829#breadcrumb"},"inLanguage":"es","potentialAction":[{"@type":"ReadAction","target":["https:\/\/quehacerpolitico.mx\/?p=69829"]}]},{"@type":"ImageObject","inLanguage":"es","@id":"https:\/\/quehacerpolitico.mx\/?p=69829#primaryimage","url":"https:\/\/quehacerpolitico.mx\/wp-content\/uploads\/2020\/12\/4F28AFC3-56D9-4EA6-B435-A21EE917A884.jpeg","contentUrl":"https:\/\/quehacerpolitico.mx\/wp-content\/uploads\/2020\/12\/4F28AFC3-56D9-4EA6-B435-A21EE917A884.jpeg","width":1242,"height":692},{"@type":"BreadcrumbList","@id":"https:\/\/quehacerpolitico.mx\/?p=69829#breadcrumb","itemListElement":[{"@type":"ListItem","position":1,"name":"Inicio","item":"https:\/\/quehacerpolitico.mx\/"},{"@type":"ListItem","position":2,"name":"CDMX ampl\u00eda capacidad hospitalaria con 500 camas para COVID-19, anuncia AMLO"}]},{"@type":"WebSite","@id":"https:\/\/quehacerpolitico.mx\/#website","url":"https:\/\/quehacerpolitico.mx\/","name":"","description":"","potentialAction":[{"@type":"SearchAction","target":{"@type":"EntryPoint","urlTemplate":"https:\/\/quehacerpolitico.mx\/?s={search_term_string}"},"query-input":{"@type":"PropertyValueSpecification","valueRequired":true,"valueName":"search_term_string"}}],"inLanguage":"es"},{"@type":"Person","@id":"https:\/\/quehacerpolitico.mx\/#\/schema\/person\/496d8ad2d1d3f8036101dca7ee39e585","name":"Redacci\u00f3n QP","image":{"@type":"ImageObject","inLanguage":"es","@id":"https:\/\/secure.gravatar.com\/avatar\/c7164ed6fdec453195284ad24a5ae5b6e1eed2b848477fa2a4787ba9adf39a41?s=96&d=mm&r=g","url":"https:\/\/secure.gravatar.com\/avatar\/c7164ed6fdec453195284ad24a5ae5b6e1eed2b848477fa2a4787ba9adf39a41?s=96&d=mm&r=g","contentUrl":"https:\/\/secure.gravatar.com\/avatar\/c7164ed6fdec453195284ad24a5ae5b6e1eed2b848477fa2a4787ba9adf39a41?s=96&d=mm&r=g","caption":"Redacci\u00f3n QP"},"url":"https:\/\/quehacerpolitico.mx\/?author=2"}]}},"featured_image_urls":{"full":["https:\/\/quehacerpolitico.mx\/wp-content\/uploads\/2020\/12\/4F28AFC3-56D9-4EA6-B435-A21EE917A884.jpeg",1242,692,false],"thumbnail":["https:\/\/quehacerpolitico.mx\/wp-content\/uploads\/2020\/12\/4F28AFC3-56D9-4EA6-B435-A21EE917A884-150x150.jpeg",150,150,true],"medium":["https:\/\/quehacerpolitico.mx\/wp-content\/uploads\/2020\/12\/4F28AFC3-56D9-4EA6-B435-A21EE917A884-300x167.jpeg",300,167,true],"medium_large":["https:\/\/quehacerpolitico.mx\/wp-content\/uploads\/2020\/12\/4F28AFC3-56D9-4EA6-B435-A21EE917A884-768x428.jpeg",640,357,true],"large":["https:\/\/quehacerpolitico.mx\/wp-content\/uploads\/2020\/12\/4F28AFC3-56D9-4EA6-B435-A21EE917A884-1024x571.jpeg",640,357,true],"1536x1536":["https:\/\/quehacerpolitico.mx\/wp-content\/uploads\/2020\/12\/4F28AFC3-56D9-4EA6-B435-A21EE917A884.jpeg",1242,692,false],"2048x2048":["https:\/\/quehacerpolitico.mx\/wp-content\/uploads\/2020\/12\/4F28AFC3-56D9-4EA6-B435-A21EE917A884.jpeg",1242,692,false],"covernews-featured":["https:\/\/quehacerpolitico.mx\/wp-content\/uploads\/2020\/12\/4F28AFC3-56D9-4EA6-B435-A21EE917A884.jpeg",1024,571,false],"covernews-medium":["https:\/\/quehacerpolitico.mx\/wp-content\/uploads\/2020\/12\/4F28AFC3-56D9-4EA6-B435-A21EE917A884.jpeg",540,301,false]},"author_info":{"display_name":"Redacci\u00f3n QP","author_link":"https:\/\/quehacerpolitico.mx\/?author=2"},"category_info":"<a href=\"https:\/\/quehacerpolitico.mx\/?cat=55\" rel=\"category\">CDMX<\/a>","tag_info":"CDMX","comment_count":"0","_links":{"self":[{"href":"https:\/\/quehacerpolitico.mx\/index.php?rest_route=\/wp\/v2\/posts\/69829","targetHints":{"allow":["GET"]}}],"collection":[{"href":"https:\/\/quehacerpolitico.mx\/index.php?rest_route=\/wp\/v2\/posts"}],"about":[{"href":"https:\/\/quehacerpolitico.mx\/index.php?rest_route=\/wp\/v2\/types\/post"}],"author":[{"embeddable":true,"href":"https:\/\/quehacerpolitico.mx\/index.php?rest_route=\/wp\/v2\/users\/2"}],"replies":[{"embeddable":true,"href":"https:\/\/quehacerpolitico.mx\/index.php?rest_route=%2Fwp%2Fv2%2Fcomments&post=69829"}],"version-history":[{"count":0,"href":"https:\/\/quehacerpolitico.mx\/index.php?rest_route=\/wp\/v2\/posts\/69829\/revisions"}],"wp:featuredmedia":[{"embeddable":true,"href":"https:\/\/quehacerpolitico.mx\/index.php?rest_route=\/wp\/v2\/media\/69830"}],"wp:attachment":[{"href":"https:\/\/quehacerpolitico.mx\/index.php?rest_route=%2Fwp%2Fv2%2Fmedia&parent=69829"}],"wp:term":[{"taxonomy":"category","embeddable":true,"href":"https:\/\/quehacerpolitico.mx\/index.php?rest_route=%2Fwp%2Fv2%2Fcategories&post=69829"},{"taxonomy":"post_tag","embeddable":true,"href":"https:\/\/quehacerpolitico.mx\/index.php?rest_route=%2Fwp%2Fv2%2Ftags&post=69829"}],"curies":[{"name":"wp","href":"https:\/\/api.w.org\/{rel}","templated":true}]}}