{"id":69820,"date":"2020-12-04T16:46:41","date_gmt":"2020-12-04T16:46:41","guid":{"rendered":"https:\/\/quehacerpolitico.mx\/?p=69820"},"modified":"2020-12-04T16:46:41","modified_gmt":"2020-12-04T16:46:41","slug":"amlo-pide-que-se-investiguen-contratos-de-su-prima","status":"publish","type":"post","link":"https:\/\/quehacerpolitico.mx\/?p=69820","title":{"rendered":"AMLO pide que se investiguen contratos de su prima"},"content":{"rendered":"<h1 class=\"news-title\">AMLO pide que se investiguen contratos de su prima<br \/>\nPor Redacci\u00f3n QP<\/h1>\n<p>Se\u00f1ala\u00a0que no tiene conocimiento del tema con exactitud y refiere que hoy, Octavio Romero Oropeza, director de Pemex, va a informar<\/p>\n<p>El Presidente\u00a0Andr\u00e9s Manuel L\u00f3pez Obrador (AMLO) pidi\u00f3 esta ma\u00f1ana que se investigue a\u00a0Litoral Laboratorios Industriales, empresa de Felipa Guadalupe Obrador Ol\u00e1n, su prima, luego que\u00a0el periodista Carlos Loret de Mola revelara que\u00a0ha ganado contratos con Petr\u00f3leos Mexicanos (Pemex) que suman m\u00e1s de 365 millones de pesos en los \u00faltimos dos a\u00f1os durante su programa Latinus.<\/p>\n<p>AMLO\u00a0<strong>se\u00f1al\u00f3 que no tiene conocimiento del tema con exactitud<\/strong> y refiri\u00f3 que hoy, Octavio Romero Oropeza, director de Pemex, va a informar.<\/p>\n<blockquote><p>&#8220;No se protege a nadie. No somos iguales que nuestros adversarios&#8221;<\/p><\/blockquote>\n<p>&#8220;Yo ya he dicho que no me pertenezco, yo no le puedo fallar al pueblo. No se puede permitir la corrupci\u00f3n, la impunidad, el influyentismo, el amiguismo, el nepotismo, ninguna de esas lacras de la pol\u00edtica&#8221;, expres\u00f3 L\u00f3pez Obrador, en su conferencia &#8220;ma\u00f1anera&#8221;.<\/p>\n<p>Al cuestionar de d\u00f3nde sali\u00f3 la investigaci\u00f3n de los contratos de su prima y al responderle que fue de Loret de Mola, L\u00f3pez Obrador expres\u00f3: <strong>&#8220;Muy objetivo, muy profesional&#8221;<\/strong>.<\/p>\n<blockquote class=\"twitter-tweet\" data-width=\"550\" data-dnt=\"true\">\n<p lang=\"es\" dir=\"ltr\">El periodista Mario Guti\u00e9rrez Vega inform\u00f3 en el espacio de <a href=\"https:\/\/twitter.com\/CarlosLoret?ref_src=twsrc%5Etfw\">@CarlosLoret<\/a> en <a href=\"https:\/\/twitter.com\/latinus_us?ref_src=twsrc%5Etfw\">@latinus_us<\/a> que la empresa de Felipa Obrador, prima del presidente, ha recibido contratos millonarios de Pemex. <a href=\"https:\/\/t.co\/7VxuXnliTJ\">https:\/\/t.co\/7VxuXnliTJ<\/a> <a href=\"https:\/\/t.co\/wSLHZcCTZR\">pic.twitter.com\/wSLHZcCTZR<\/a><\/p>\n<p>&mdash; Ruido en la Red (@RuidoEnLaRed) <a href=\"https:\/\/twitter.com\/RuidoEnLaRed\/status\/1334868627930054658?ref_src=twsrc%5Etfw\">December 4, 2020<\/a><\/p><\/blockquote>\n<p><script async src=\"https:\/\/platform.twitter.com\/widgets.js\" charset=\"utf-8\"><\/script><\/p>\n<p><strong>A\u00f1adi\u00f3 que si un familiar hace algo indebido, se le debe de juzgar<\/strong> &#8220;aunque se trate de un hijo, ya saben cu\u00e1nto queremos los padres a los hijos&#8221;.<\/p>\n<p>&#8220;No se protege a nadie. No somos iguales que nuestros adversarios&#8221;, agreg\u00f3.<\/p>\n<p>Asimismo, el Presidente L\u00f3pez Obrador exhibi\u00f3 el memor\u00e1ndum que dio a conocer el 13 de junio de 2019, en el que llama a no permitir, &#8220;bajo ninguna circunstancia&#8221;, la corrupci\u00f3n, el influyentismo, el amiguismo, el nepotismo, &#8220;ninguna de esas lacras de la pol\u00edtica del antiguo r\u00e9gimen&#8221;.<\/p>\n<p>Con informaci\u00f3n de SUN<\/p>\n","protected":false},"excerpt":{"rendered":"<p>AMLO pide que se investiguen contratos de su prima Por Redacci\u00f3n QP Se\u00f1ala\u00a0que no tiene&#8230;<\/p>\n","protected":false},"author":2,"featured_media":69821,"comment_status":"open","ping_status":"open","sticky":false,"template":"","format":"standard","meta":{"_monsterinsights_skip_tracking":false,"_monsterinsights_sitenote_active":false,"_monsterinsights_sitenote_note":"","_monsterinsights_sitenote_category":0,"footnotes":""},"categories":[2],"tags":[],"class_list":["post-69820","post","type-post","status-publish","format-standard","has-post-thumbnail","hentry","category-noticias"],"yoast_head":"<!-- This site is optimized with the Yoast SEO plugin v27.3 - https:\/\/yoast.com\/product\/yoast-seo-wordpress\/ -->\n<title>AMLO pide que se investiguen contratos de su prima -<\/title>\n<meta name=\"robots\" content=\"index, follow, max-snippet:-1, max-image-preview:large, max-video-preview:-1\" \/>\n<link rel=\"canonical\" href=\"https:\/\/quehacerpolitico.mx\/?p=69820\" \/>\n<meta property=\"og:locale\" content=\"es_MX\" \/>\n<meta property=\"og:type\" content=\"article\" \/>\n<meta property=\"og:title\" content=\"AMLO pide que se investiguen contratos de su prima -\" \/>\n<meta property=\"og:description\" content=\"AMLO pide que se investiguen contratos de su prima Por Redacci\u00f3n QP Se\u00f1ala\u00a0que no tiene...\" \/>\n<meta property=\"og:url\" content=\"https:\/\/quehacerpolitico.mx\/?p=69820\" \/>\n<meta property=\"article:published_time\" content=\"2020-12-04T16:46:41+00:00\" \/>\n<meta property=\"og:image\" content=\"https:\/\/quehacerpolitico.mx\/wp-content\/uploads\/2020\/12\/56651473-979F-4DD5-80FD-22D9EDF8C61C.jpeg\" \/>\n\t<meta property=\"og:image:width\" content=\"1242\" \/>\n\t<meta property=\"og:image:height\" content=\"678\" \/>\n\t<meta property=\"og:image:type\" content=\"image\/jpeg\" \/>\n<meta name=\"author\" content=\"Redacci\u00f3n QP\" \/>\n<meta name=\"twitter:card\" content=\"summary_large_image\" \/>\n<meta name=\"twitter:label1\" content=\"Escrito por\" \/>\n\t<meta name=\"twitter:data1\" content=\"Redacci\u00f3n QP\" \/>\n\t<meta name=\"twitter:label2\" content=\"Tiempo de lectura\" \/>\n\t<meta name=\"twitter:data2\" content=\"2 minutos\" \/>\n<script type=\"application\/ld+json\" class=\"yoast-schema-graph\">{\"@context\":\"https:\\\/\\\/schema.org\",\"@graph\":[{\"@type\":\"Article\",\"@id\":\"https:\\\/\\\/quehacerpolitico.mx\\\/?p=69820#article\",\"isPartOf\":{\"@id\":\"https:\\\/\\\/quehacerpolitico.mx\\\/?p=69820\"},\"author\":{\"name\":\"Redacci\u00f3n QP\",\"@id\":\"https:\\\/\\\/quehacerpolitico.mx\\\/#\\\/schema\\\/person\\\/496d8ad2d1d3f8036101dca7ee39e585\"},\"headline\":\"AMLO pide que se investiguen contratos de su prima\",\"datePublished\":\"2020-12-04T16:46:41+00:00\",\"mainEntityOfPage\":{\"@id\":\"https:\\\/\\\/quehacerpolitico.mx\\\/?p=69820\"},\"wordCount\":326,\"commentCount\":0,\"image\":{\"@id\":\"https:\\\/\\\/quehacerpolitico.mx\\\/?p=69820#primaryimage\"},\"thumbnailUrl\":\"https:\\\/\\\/quehacerpolitico.mx\\\/wp-content\\\/uploads\\\/2020\\\/12\\\/56651473-979F-4DD5-80FD-22D9EDF8C61C.jpeg\",\"articleSection\":[\"Noticias\"],\"inLanguage\":\"es\",\"potentialAction\":[{\"@type\":\"CommentAction\",\"name\":\"Comment\",\"target\":[\"https:\\\/\\\/quehacerpolitico.mx\\\/?p=69820#respond\"]}]},{\"@type\":\"WebPage\",\"@id\":\"https:\\\/\\\/quehacerpolitico.mx\\\/?p=69820\",\"url\":\"https:\\\/\\\/quehacerpolitico.mx\\\/?p=69820\",\"name\":\"AMLO pide que se investiguen contratos de su prima -\",\"isPartOf\":{\"@id\":\"https:\\\/\\\/quehacerpolitico.mx\\\/#website\"},\"primaryImageOfPage\":{\"@id\":\"https:\\\/\\\/quehacerpolitico.mx\\\/?p=69820#primaryimage\"},\"image\":{\"@id\":\"https:\\\/\\\/quehacerpolitico.mx\\\/?p=69820#primaryimage\"},\"thumbnailUrl\":\"https:\\\/\\\/quehacerpolitico.mx\\\/wp-content\\\/uploads\\\/2020\\\/12\\\/56651473-979F-4DD5-80FD-22D9EDF8C61C.jpeg\",\"datePublished\":\"2020-12-04T16:46:41+00:00\",\"author\":{\"@id\":\"https:\\\/\\\/quehacerpolitico.mx\\\/#\\\/schema\\\/person\\\/496d8ad2d1d3f8036101dca7ee39e585\"},\"breadcrumb\":{\"@id\":\"https:\\\/\\\/quehacerpolitico.mx\\\/?p=69820#breadcrumb\"},\"inLanguage\":\"es\",\"potentialAction\":[{\"@type\":\"ReadAction\",\"target\":[\"https:\\\/\\\/quehacerpolitico.mx\\\/?p=69820\"]}]},{\"@type\":\"ImageObject\",\"inLanguage\":\"es\",\"@id\":\"https:\\\/\\\/quehacerpolitico.mx\\\/?p=69820#primaryimage\",\"url\":\"https:\\\/\\\/quehacerpolitico.mx\\\/wp-content\\\/uploads\\\/2020\\\/12\\\/56651473-979F-4DD5-80FD-22D9EDF8C61C.jpeg\",\"contentUrl\":\"https:\\\/\\\/quehacerpolitico.mx\\\/wp-content\\\/uploads\\\/2020\\\/12\\\/56651473-979F-4DD5-80FD-22D9EDF8C61C.jpeg\",\"width\":1242,\"height\":678},{\"@type\":\"BreadcrumbList\",\"@id\":\"https:\\\/\\\/quehacerpolitico.mx\\\/?p=69820#breadcrumb\",\"itemListElement\":[{\"@type\":\"ListItem\",\"position\":1,\"name\":\"Inicio\",\"item\":\"https:\\\/\\\/quehacerpolitico.mx\\\/\"},{\"@type\":\"ListItem\",\"position\":2,\"name\":\"AMLO pide que se investiguen contratos de su prima\"}]},{\"@type\":\"WebSite\",\"@id\":\"https:\\\/\\\/quehacerpolitico.mx\\\/#website\",\"url\":\"https:\\\/\\\/quehacerpolitico.mx\\\/\",\"name\":\"\",\"description\":\"\",\"potentialAction\":[{\"@type\":\"SearchAction\",\"target\":{\"@type\":\"EntryPoint\",\"urlTemplate\":\"https:\\\/\\\/quehacerpolitico.mx\\\/?s={search_term_string}\"},\"query-input\":{\"@type\":\"PropertyValueSpecification\",\"valueRequired\":true,\"valueName\":\"search_term_string\"}}],\"inLanguage\":\"es\"},{\"@type\":\"Person\",\"@id\":\"https:\\\/\\\/quehacerpolitico.mx\\\/#\\\/schema\\\/person\\\/496d8ad2d1d3f8036101dca7ee39e585\",\"name\":\"Redacci\u00f3n QP\",\"image\":{\"@type\":\"ImageObject\",\"inLanguage\":\"es\",\"@id\":\"https:\\\/\\\/secure.gravatar.com\\\/avatar\\\/c7164ed6fdec453195284ad24a5ae5b6e1eed2b848477fa2a4787ba9adf39a41?s=96&d=mm&r=g\",\"url\":\"https:\\\/\\\/secure.gravatar.com\\\/avatar\\\/c7164ed6fdec453195284ad24a5ae5b6e1eed2b848477fa2a4787ba9adf39a41?s=96&d=mm&r=g\",\"contentUrl\":\"https:\\\/\\\/secure.gravatar.com\\\/avatar\\\/c7164ed6fdec453195284ad24a5ae5b6e1eed2b848477fa2a4787ba9adf39a41?s=96&d=mm&r=g\",\"caption\":\"Redacci\u00f3n QP\"},\"url\":\"https:\\\/\\\/quehacerpolitico.mx\\\/?author=2\"}]}<\/script>\n<!-- \/ Yoast SEO plugin. -->","yoast_head_json":{"title":"AMLO pide que se investiguen contratos de su prima -","robots":{"index":"index","follow":"follow","max-snippet":"max-snippet:-1","max-image-preview":"max-image-preview:large","max-video-preview":"max-video-preview:-1"},"canonical":"https:\/\/quehacerpolitico.mx\/?p=69820","og_locale":"es_MX","og_type":"article","og_title":"AMLO pide que se investiguen contratos de su prima -","og_description":"AMLO pide que se investiguen contratos de su prima Por Redacci\u00f3n QP Se\u00f1ala\u00a0que no tiene...","og_url":"https:\/\/quehacerpolitico.mx\/?p=69820","article_published_time":"2020-12-04T16:46:41+00:00","og_image":[{"width":1242,"height":678,"url":"https:\/\/quehacerpolitico.mx\/wp-content\/uploads\/2020\/12\/56651473-979F-4DD5-80FD-22D9EDF8C61C.jpeg","type":"image\/jpeg"}],"author":"Redacci\u00f3n QP","twitter_card":"summary_large_image","twitter_misc":{"Escrito por":"Redacci\u00f3n QP","Tiempo de lectura":"2 minutos"},"schema":{"@context":"https:\/\/schema.org","@graph":[{"@type":"Article","@id":"https:\/\/quehacerpolitico.mx\/?p=69820#article","isPartOf":{"@id":"https:\/\/quehacerpolitico.mx\/?p=69820"},"author":{"name":"Redacci\u00f3n QP","@id":"https:\/\/quehacerpolitico.mx\/#\/schema\/person\/496d8ad2d1d3f8036101dca7ee39e585"},"headline":"AMLO pide que se investiguen contratos de su prima","datePublished":"2020-12-04T16:46:41+00:00","mainEntityOfPage":{"@id":"https:\/\/quehacerpolitico.mx\/?p=69820"},"wordCount":326,"commentCount":0,"image":{"@id":"https:\/\/quehacerpolitico.mx\/?p=69820#primaryimage"},"thumbnailUrl":"https:\/\/quehacerpolitico.mx\/wp-content\/uploads\/2020\/12\/56651473-979F-4DD5-80FD-22D9EDF8C61C.jpeg","articleSection":["Noticias"],"inLanguage":"es","potentialAction":[{"@type":"CommentAction","name":"Comment","target":["https:\/\/quehacerpolitico.mx\/?p=69820#respond"]}]},{"@type":"WebPage","@id":"https:\/\/quehacerpolitico.mx\/?p=69820","url":"https:\/\/quehacerpolitico.mx\/?p=69820","name":"AMLO pide que se investiguen contratos de su prima -","isPartOf":{"@id":"https:\/\/quehacerpolitico.mx\/#website"},"primaryImageOfPage":{"@id":"https:\/\/quehacerpolitico.mx\/?p=69820#primaryimage"},"image":{"@id":"https:\/\/quehacerpolitico.mx\/?p=69820#primaryimage"},"thumbnailUrl":"https:\/\/quehacerpolitico.mx\/wp-content\/uploads\/2020\/12\/56651473-979F-4DD5-80FD-22D9EDF8C61C.jpeg","datePublished":"2020-12-04T16:46:41+00:00","author":{"@id":"https:\/\/quehacerpolitico.mx\/#\/schema\/person\/496d8ad2d1d3f8036101dca7ee39e585"},"breadcrumb":{"@id":"https:\/\/quehacerpolitico.mx\/?p=69820#breadcrumb"},"inLanguage":"es","potentialAction":[{"@type":"ReadAction","target":["https:\/\/quehacerpolitico.mx\/?p=69820"]}]},{"@type":"ImageObject","inLanguage":"es","@id":"https:\/\/quehacerpolitico.mx\/?p=69820#primaryimage","url":"https:\/\/quehacerpolitico.mx\/wp-content\/uploads\/2020\/12\/56651473-979F-4DD5-80FD-22D9EDF8C61C.jpeg","contentUrl":"https:\/\/quehacerpolitico.mx\/wp-content\/uploads\/2020\/12\/56651473-979F-4DD5-80FD-22D9EDF8C61C.jpeg","width":1242,"height":678},{"@type":"BreadcrumbList","@id":"https:\/\/quehacerpolitico.mx\/?p=69820#breadcrumb","itemListElement":[{"@type":"ListItem","position":1,"name":"Inicio","item":"https:\/\/quehacerpolitico.mx\/"},{"@type":"ListItem","position":2,"name":"AMLO pide que se investiguen contratos de su prima"}]},{"@type":"WebSite","@id":"https:\/\/quehacerpolitico.mx\/#website","url":"https:\/\/quehacerpolitico.mx\/","name":"","description":"","potentialAction":[{"@type":"SearchAction","target":{"@type":"EntryPoint","urlTemplate":"https:\/\/quehacerpolitico.mx\/?s={search_term_string}"},"query-input":{"@type":"PropertyValueSpecification","valueRequired":true,"valueName":"search_term_string"}}],"inLanguage":"es"},{"@type":"Person","@id":"https:\/\/quehacerpolitico.mx\/#\/schema\/person\/496d8ad2d1d3f8036101dca7ee39e585","name":"Redacci\u00f3n QP","image":{"@type":"ImageObject","inLanguage":"es","@id":"https:\/\/secure.gravatar.com\/avatar\/c7164ed6fdec453195284ad24a5ae5b6e1eed2b848477fa2a4787ba9adf39a41?s=96&d=mm&r=g","url":"https:\/\/secure.gravatar.com\/avatar\/c7164ed6fdec453195284ad24a5ae5b6e1eed2b848477fa2a4787ba9adf39a41?s=96&d=mm&r=g","contentUrl":"https:\/\/secure.gravatar.com\/avatar\/c7164ed6fdec453195284ad24a5ae5b6e1eed2b848477fa2a4787ba9adf39a41?s=96&d=mm&r=g","caption":"Redacci\u00f3n QP"},"url":"https:\/\/quehacerpolitico.mx\/?author=2"}]}},"featured_image_urls":{"full":["https:\/\/quehacerpolitico.mx\/wp-content\/uploads\/2020\/12\/56651473-979F-4DD5-80FD-22D9EDF8C61C.jpeg",1242,678,false],"thumbnail":["https:\/\/quehacerpolitico.mx\/wp-content\/uploads\/2020\/12\/56651473-979F-4DD5-80FD-22D9EDF8C61C-150x150.jpeg",150,150,true],"medium":["https:\/\/quehacerpolitico.mx\/wp-content\/uploads\/2020\/12\/56651473-979F-4DD5-80FD-22D9EDF8C61C-300x164.jpeg",300,164,true],"medium_large":["https:\/\/quehacerpolitico.mx\/wp-content\/uploads\/2020\/12\/56651473-979F-4DD5-80FD-22D9EDF8C61C-768x419.jpeg",640,349,true],"large":["https:\/\/quehacerpolitico.mx\/wp-content\/uploads\/2020\/12\/56651473-979F-4DD5-80FD-22D9EDF8C61C-1024x559.jpeg",640,349,true],"1536x1536":["https:\/\/quehacerpolitico.mx\/wp-content\/uploads\/2020\/12\/56651473-979F-4DD5-80FD-22D9EDF8C61C.jpeg",1242,678,false],"2048x2048":["https:\/\/quehacerpolitico.mx\/wp-content\/uploads\/2020\/12\/56651473-979F-4DD5-80FD-22D9EDF8C61C.jpeg",1242,678,false],"covernews-featured":["https:\/\/quehacerpolitico.mx\/wp-content\/uploads\/2020\/12\/56651473-979F-4DD5-80FD-22D9EDF8C61C.jpeg",1024,559,false],"covernews-medium":["https:\/\/quehacerpolitico.mx\/wp-content\/uploads\/2020\/12\/56651473-979F-4DD5-80FD-22D9EDF8C61C.jpeg",540,295,false]},"author_info":{"display_name":"Redacci\u00f3n QP","author_link":"https:\/\/quehacerpolitico.mx\/?author=2"},"category_info":"<a href=\"https:\/\/quehacerpolitico.mx\/?cat=2\" rel=\"category\">Noticias<\/a>","tag_info":"Noticias","comment_count":"0","_links":{"self":[{"href":"https:\/\/quehacerpolitico.mx\/index.php?rest_route=\/wp\/v2\/posts\/69820","targetHints":{"allow":["GET"]}}],"collection":[{"href":"https:\/\/quehacerpolitico.mx\/index.php?rest_route=\/wp\/v2\/posts"}],"about":[{"href":"https:\/\/quehacerpolitico.mx\/index.php?rest_route=\/wp\/v2\/types\/post"}],"author":[{"embeddable":true,"href":"https:\/\/quehacerpolitico.mx\/index.php?rest_route=\/wp\/v2\/users\/2"}],"replies":[{"embeddable":true,"href":"https:\/\/quehacerpolitico.mx\/index.php?rest_route=%2Fwp%2Fv2%2Fcomments&post=69820"}],"version-history":[{"count":0,"href":"https:\/\/quehacerpolitico.mx\/index.php?rest_route=\/wp\/v2\/posts\/69820\/revisions"}],"wp:featuredmedia":[{"embeddable":true,"href":"https:\/\/quehacerpolitico.mx\/index.php?rest_route=\/wp\/v2\/media\/69821"}],"wp:attachment":[{"href":"https:\/\/quehacerpolitico.mx\/index.php?rest_route=%2Fwp%2Fv2%2Fmedia&parent=69820"}],"wp:term":[{"taxonomy":"category","embeddable":true,"href":"https:\/\/quehacerpolitico.mx\/index.php?rest_route=%2Fwp%2Fv2%2Fcategories&post=69820"},{"taxonomy":"post_tag","embeddable":true,"href":"https:\/\/quehacerpolitico.mx\/index.php?rest_route=%2Fwp%2Fv2%2Ftags&post=69820"}],"curies":[{"name":"wp","href":"https:\/\/api.w.org\/{rel}","templated":true}]}}