{"id":69817,"date":"2020-12-04T16:34:36","date_gmt":"2020-12-04T16:34:36","guid":{"rendered":"https:\/\/quehacerpolitico.mx\/?p=69817"},"modified":"2020-12-04T16:34:36","modified_gmt":"2020-12-04T16:34:36","slug":"amlo-lanza-decalogo-para-evitar-contagios-de-covid-19-en-fiestas-navidenas","status":"publish","type":"post","link":"https:\/\/quehacerpolitico.mx\/?p=69817","title":{"rendered":"AMLO lanza dec\u00e1logo para evitar contagios de COVID-19 en fiestas navide\u00f1as"},"content":{"rendered":"<h1 class=\"news-title\">AMLO lanza dec\u00e1logo para evitar contagios de COVID-19 en fiestas navide\u00f1as<br \/>\nPor Redacci\u00f3n QP<\/h1>\n<p>El Presidente AMLO exhorta a que en las celebraciones navide\u00f1as se act\u00fae con responsabilidad siguiendo un dec\u00e1logo para evitar contagios de COVID-19<\/p>\n<blockquote class=\"twitter-tweet\" data-width=\"550\" data-dnt=\"true\">\n<p lang=\"es\" dir=\"ltr\">\ud83d\udea8Atenci\u00f3n \ud83d\udea8<\/p>\n<p>El presidente da un mensaje al pa\u00eds, con \u00e9nfasis en CDMX, sobre ser responsables en las pr\u00f3ximas fiestas frente al COVID-19. <a href=\"https:\/\/t.co\/NUnjMC9cxU\">pic.twitter.com\/NUnjMC9cxU<\/a><\/p>\n<p>&mdash; Ruido en la Red (@RuidoEnLaRed) <a href=\"https:\/\/twitter.com\/RuidoEnLaRed\/status\/1334851951746371590?ref_src=twsrc%5Etfw\">December 4, 2020<\/a><\/p><\/blockquote>\n<p><script async src=\"https:\/\/platform.twitter.com\/widgets.js\" charset=\"utf-8\"><\/script><\/p>\n<p>En un mensaje a la naci\u00f3n, el Presidente Andr\u00e9s Manuel L\u00f3pez Obrador (AMLO) exhort\u00f3 a que en las celebraciones navide\u00f1as se act\u00fae con responsabilidad para evitar contagios por COVID-19. Anunci\u00f3 que <strong>no habr\u00e1 medidas coercitivas, como toques de queda, y lanz\u00f3 un dec\u00e1logo para evitar los contagios.<\/strong><\/p>\n<blockquote class=\"twitter-tweet\" data-width=\"550\" data-dnt=\"true\">\n<p lang=\"es\" dir=\"ltr\">\ud83d\udd34 Salir solo si es verdaderamente importante y guardando la sana distancia, pide el presidente <a href=\"https:\/\/twitter.com\/lopezobrador_?ref_src=twsrc%5Etfw\">@lopezobrador_<\/a> <br \/>\ud83d\udd34 Comunicarse con familiares y amigos por tel\u00e9fono<br \/>\ud83d\udd34 Estar solo con las personas con las que habitamos la misma casa<br \/>\ud83d\udd34 No hacer fiestas ni reuniones <a href=\"https:\/\/t.co\/Sqy8iQcbCA\">pic.twitter.com\/Sqy8iQcbCA<\/a><\/p>\n<p>&mdash; Ruido en la Red (@RuidoEnLaRed) <a href=\"https:\/\/twitter.com\/RuidoEnLaRed\/status\/1334853454011924480?ref_src=twsrc%5Etfw\">December 4, 2020<\/a><\/p><\/blockquote>\n<p><script async src=\"https:\/\/platform.twitter.com\/widgets.js\" charset=\"utf-8\"><\/script><\/p>\n<p>Este es el dec\u00e1logo que present\u00f3 este viernes AMLO, con el que <strong>llam\u00f3 a la poblaci\u00f3n a que en las celebraciones se act\u00fae con responsabilidad.<\/strong><\/p>\n<blockquote class=\"twitter-tweet\" data-width=\"550\" data-dnt=\"true\">\n<p lang=\"es\" dir=\"ltr\">\u25b6\ufe0f El presidente <a href=\"https:\/\/twitter.com\/lopezobrador_?ref_src=twsrc%5Etfw\">@lopezobrador_<\/a> cierra su mensaje repitiendo que no habr\u00e1 medidas coercitivas: &quot;No hace falta imponer nada, tenemos que seguir autolimit\u00e1ndonos&quot;, &quot;nada de autoritarismo&quot;. <a href=\"https:\/\/t.co\/1eo1WC7V11\">pic.twitter.com\/1eo1WC7V11<\/a><\/p>\n<p>&mdash; Ruido en la Red (@RuidoEnLaRed) <a href=\"https:\/\/twitter.com\/RuidoEnLaRed\/status\/1334854860324237312?ref_src=twsrc%5Etfw\">December 4, 2020<\/a><\/p><\/blockquote>\n<p><script async src=\"https:\/\/platform.twitter.com\/widgets.js\" charset=\"utf-8\"><\/script><\/p>\n<div id=\"teads_ad\">\n<div id=\"div-gpt-ad-1548262875188-0\" data-google-query-id=\"CM7VqsrftO0CFREXPwod4aYKdg\">1. Si no tenemos nada que hacer, no salgamos a la calle.<br \/>\n2. Si es necesario salir, guardar la sana distancia.<br \/>\n3. Evitar visitas, para lo cual propone comunicarse por tel\u00e9fono.<br \/>\n4. Reunirse solo entre habitantes de la misma casa.<br \/>\n5. No realizar fiestas ni reuniones con familiares o amigos.<br \/>\n6. Si presentas s\u00edntomas de COVID-19, busca atenci\u00f3n m\u00e9dica a trav\u00e9s de Locatel (<a href=\"tel:55-56-58-11-11\">55-56-58-11-11<\/a>) o al 911.<br \/>\n7. Si se presentan s\u00edntomas, hacerse la prueba.<br \/>\n8. De ser necesario, acudir pronto a la cl\u00ednica, centro de salud u hospital m\u00e1s cercano en busca de atenci\u00f3n.<br \/>\n9. Dejar los regalos de navidad para otro momento. &#8220;Regala afecto, cari\u00f1o, amor, no lo compres&#8221;.<br \/>\n10. El Gobierno ampliar\u00e1 el n\u00famero de camas, equipos, enfermeras, doctores en la Ciudad de M\u00e9xico. &#8220;Es mejor prevenir que lamentar&#8221;.<\/div>\n<div data-google-query-id=\"CM7VqsrftO0CFREXPwod4aYKdg\"><\/div>\n<div data-google-query-id=\"CM7VqsrftO0CFREXPwod4aYKdg\">Con Informaci\u00f3n de SUN<\/div>\n<\/div>\n","protected":false},"excerpt":{"rendered":"<p>AMLO lanza dec\u00e1logo para evitar contagios de COVID-19 en fiestas navide\u00f1as Por Redacci\u00f3n QP El&#8230;<\/p>\n","protected":false},"author":2,"featured_media":69818,"comment_status":"open","ping_status":"open","sticky":false,"template":"","format":"standard","meta":{"_monsterinsights_skip_tracking":false,"_monsterinsights_sitenote_active":false,"_monsterinsights_sitenote_note":"","_monsterinsights_sitenote_category":0,"footnotes":""},"categories":[2],"tags":[],"class_list":["post-69817","post","type-post","status-publish","format-standard","has-post-thumbnail","hentry","category-noticias"],"yoast_head":"<!-- This site is optimized with the Yoast SEO plugin v27.3 - https:\/\/yoast.com\/product\/yoast-seo-wordpress\/ -->\n<title>AMLO lanza dec\u00e1logo para evitar contagios de COVID-19 en fiestas navide\u00f1as -<\/title>\n<meta name=\"robots\" content=\"index, follow, max-snippet:-1, max-image-preview:large, max-video-preview:-1\" \/>\n<link rel=\"canonical\" href=\"https:\/\/quehacerpolitico.mx\/?p=69817\" \/>\n<meta property=\"og:locale\" content=\"es_MX\" \/>\n<meta property=\"og:type\" content=\"article\" \/>\n<meta property=\"og:title\" content=\"AMLO lanza dec\u00e1logo para evitar contagios de COVID-19 en fiestas navide\u00f1as -\" \/>\n<meta property=\"og:description\" content=\"AMLO lanza dec\u00e1logo para evitar contagios de COVID-19 en fiestas navide\u00f1as Por Redacci\u00f3n QP El...\" \/>\n<meta property=\"og:url\" content=\"https:\/\/quehacerpolitico.mx\/?p=69817\" \/>\n<meta property=\"article:published_time\" content=\"2020-12-04T16:34:36+00:00\" \/>\n<meta property=\"og:image\" content=\"https:\/\/quehacerpolitico.mx\/wp-content\/uploads\/2020\/12\/BCD0B069-3FAE-464B-AD59-A761053C3AE8.jpeg\" \/>\n\t<meta property=\"og:image:width\" content=\"1242\" \/>\n\t<meta property=\"og:image:height\" content=\"684\" \/>\n\t<meta property=\"og:image:type\" content=\"image\/jpeg\" \/>\n<meta name=\"author\" content=\"Redacci\u00f3n QP\" \/>\n<meta name=\"twitter:card\" content=\"summary_large_image\" \/>\n<meta name=\"twitter:label1\" content=\"Escrito por\" \/>\n\t<meta name=\"twitter:data1\" content=\"Redacci\u00f3n QP\" \/>\n\t<meta name=\"twitter:label2\" content=\"Tiempo de lectura\" \/>\n\t<meta name=\"twitter:data2\" content=\"1 minuto\" \/>\n<script type=\"application\/ld+json\" class=\"yoast-schema-graph\">{\"@context\":\"https:\\\/\\\/schema.org\",\"@graph\":[{\"@type\":\"Article\",\"@id\":\"https:\\\/\\\/quehacerpolitico.mx\\\/?p=69817#article\",\"isPartOf\":{\"@id\":\"https:\\\/\\\/quehacerpolitico.mx\\\/?p=69817\"},\"author\":{\"name\":\"Redacci\u00f3n QP\",\"@id\":\"https:\\\/\\\/quehacerpolitico.mx\\\/#\\\/schema\\\/person\\\/496d8ad2d1d3f8036101dca7ee39e585\"},\"headline\":\"AMLO lanza dec\u00e1logo para evitar contagios de COVID-19 en fiestas navide\u00f1as\",\"datePublished\":\"2020-12-04T16:34:36+00:00\",\"mainEntityOfPage\":{\"@id\":\"https:\\\/\\\/quehacerpolitico.mx\\\/?p=69817\"},\"wordCount\":295,\"commentCount\":0,\"image\":{\"@id\":\"https:\\\/\\\/quehacerpolitico.mx\\\/?p=69817#primaryimage\"},\"thumbnailUrl\":\"https:\\\/\\\/quehacerpolitico.mx\\\/wp-content\\\/uploads\\\/2020\\\/12\\\/BCD0B069-3FAE-464B-AD59-A761053C3AE8.jpeg\",\"articleSection\":[\"Noticias\"],\"inLanguage\":\"es\",\"potentialAction\":[{\"@type\":\"CommentAction\",\"name\":\"Comment\",\"target\":[\"https:\\\/\\\/quehacerpolitico.mx\\\/?p=69817#respond\"]}]},{\"@type\":\"WebPage\",\"@id\":\"https:\\\/\\\/quehacerpolitico.mx\\\/?p=69817\",\"url\":\"https:\\\/\\\/quehacerpolitico.mx\\\/?p=69817\",\"name\":\"AMLO lanza dec\u00e1logo para evitar contagios de COVID-19 en fiestas navide\u00f1as -\",\"isPartOf\":{\"@id\":\"https:\\\/\\\/quehacerpolitico.mx\\\/#website\"},\"primaryImageOfPage\":{\"@id\":\"https:\\\/\\\/quehacerpolitico.mx\\\/?p=69817#primaryimage\"},\"image\":{\"@id\":\"https:\\\/\\\/quehacerpolitico.mx\\\/?p=69817#primaryimage\"},\"thumbnailUrl\":\"https:\\\/\\\/quehacerpolitico.mx\\\/wp-content\\\/uploads\\\/2020\\\/12\\\/BCD0B069-3FAE-464B-AD59-A761053C3AE8.jpeg\",\"datePublished\":\"2020-12-04T16:34:36+00:00\",\"author\":{\"@id\":\"https:\\\/\\\/quehacerpolitico.mx\\\/#\\\/schema\\\/person\\\/496d8ad2d1d3f8036101dca7ee39e585\"},\"breadcrumb\":{\"@id\":\"https:\\\/\\\/quehacerpolitico.mx\\\/?p=69817#breadcrumb\"},\"inLanguage\":\"es\",\"potentialAction\":[{\"@type\":\"ReadAction\",\"target\":[\"https:\\\/\\\/quehacerpolitico.mx\\\/?p=69817\"]}]},{\"@type\":\"ImageObject\",\"inLanguage\":\"es\",\"@id\":\"https:\\\/\\\/quehacerpolitico.mx\\\/?p=69817#primaryimage\",\"url\":\"https:\\\/\\\/quehacerpolitico.mx\\\/wp-content\\\/uploads\\\/2020\\\/12\\\/BCD0B069-3FAE-464B-AD59-A761053C3AE8.jpeg\",\"contentUrl\":\"https:\\\/\\\/quehacerpolitico.mx\\\/wp-content\\\/uploads\\\/2020\\\/12\\\/BCD0B069-3FAE-464B-AD59-A761053C3AE8.jpeg\",\"width\":1242,\"height\":684},{\"@type\":\"BreadcrumbList\",\"@id\":\"https:\\\/\\\/quehacerpolitico.mx\\\/?p=69817#breadcrumb\",\"itemListElement\":[{\"@type\":\"ListItem\",\"position\":1,\"name\":\"Inicio\",\"item\":\"https:\\\/\\\/quehacerpolitico.mx\\\/\"},{\"@type\":\"ListItem\",\"position\":2,\"name\":\"AMLO lanza dec\u00e1logo para evitar contagios de COVID-19 en fiestas navide\u00f1as\"}]},{\"@type\":\"WebSite\",\"@id\":\"https:\\\/\\\/quehacerpolitico.mx\\\/#website\",\"url\":\"https:\\\/\\\/quehacerpolitico.mx\\\/\",\"name\":\"\",\"description\":\"\",\"potentialAction\":[{\"@type\":\"SearchAction\",\"target\":{\"@type\":\"EntryPoint\",\"urlTemplate\":\"https:\\\/\\\/quehacerpolitico.mx\\\/?s={search_term_string}\"},\"query-input\":{\"@type\":\"PropertyValueSpecification\",\"valueRequired\":true,\"valueName\":\"search_term_string\"}}],\"inLanguage\":\"es\"},{\"@type\":\"Person\",\"@id\":\"https:\\\/\\\/quehacerpolitico.mx\\\/#\\\/schema\\\/person\\\/496d8ad2d1d3f8036101dca7ee39e585\",\"name\":\"Redacci\u00f3n QP\",\"image\":{\"@type\":\"ImageObject\",\"inLanguage\":\"es\",\"@id\":\"https:\\\/\\\/secure.gravatar.com\\\/avatar\\\/c7164ed6fdec453195284ad24a5ae5b6e1eed2b848477fa2a4787ba9adf39a41?s=96&d=mm&r=g\",\"url\":\"https:\\\/\\\/secure.gravatar.com\\\/avatar\\\/c7164ed6fdec453195284ad24a5ae5b6e1eed2b848477fa2a4787ba9adf39a41?s=96&d=mm&r=g\",\"contentUrl\":\"https:\\\/\\\/secure.gravatar.com\\\/avatar\\\/c7164ed6fdec453195284ad24a5ae5b6e1eed2b848477fa2a4787ba9adf39a41?s=96&d=mm&r=g\",\"caption\":\"Redacci\u00f3n QP\"},\"url\":\"https:\\\/\\\/quehacerpolitico.mx\\\/?author=2\"}]}<\/script>\n<!-- \/ Yoast SEO plugin. -->","yoast_head_json":{"title":"AMLO lanza dec\u00e1logo para evitar contagios de COVID-19 en fiestas navide\u00f1as -","robots":{"index":"index","follow":"follow","max-snippet":"max-snippet:-1","max-image-preview":"max-image-preview:large","max-video-preview":"max-video-preview:-1"},"canonical":"https:\/\/quehacerpolitico.mx\/?p=69817","og_locale":"es_MX","og_type":"article","og_title":"AMLO lanza dec\u00e1logo para evitar contagios de COVID-19 en fiestas navide\u00f1as -","og_description":"AMLO lanza dec\u00e1logo para evitar contagios de COVID-19 en fiestas navide\u00f1as Por Redacci\u00f3n QP El...","og_url":"https:\/\/quehacerpolitico.mx\/?p=69817","article_published_time":"2020-12-04T16:34:36+00:00","og_image":[{"width":1242,"height":684,"url":"https:\/\/quehacerpolitico.mx\/wp-content\/uploads\/2020\/12\/BCD0B069-3FAE-464B-AD59-A761053C3AE8.jpeg","type":"image\/jpeg"}],"author":"Redacci\u00f3n QP","twitter_card":"summary_large_image","twitter_misc":{"Escrito por":"Redacci\u00f3n QP","Tiempo de lectura":"1 minuto"},"schema":{"@context":"https:\/\/schema.org","@graph":[{"@type":"Article","@id":"https:\/\/quehacerpolitico.mx\/?p=69817#article","isPartOf":{"@id":"https:\/\/quehacerpolitico.mx\/?p=69817"},"author":{"name":"Redacci\u00f3n QP","@id":"https:\/\/quehacerpolitico.mx\/#\/schema\/person\/496d8ad2d1d3f8036101dca7ee39e585"},"headline":"AMLO lanza dec\u00e1logo para evitar contagios de COVID-19 en fiestas navide\u00f1as","datePublished":"2020-12-04T16:34:36+00:00","mainEntityOfPage":{"@id":"https:\/\/quehacerpolitico.mx\/?p=69817"},"wordCount":295,"commentCount":0,"image":{"@id":"https:\/\/quehacerpolitico.mx\/?p=69817#primaryimage"},"thumbnailUrl":"https:\/\/quehacerpolitico.mx\/wp-content\/uploads\/2020\/12\/BCD0B069-3FAE-464B-AD59-A761053C3AE8.jpeg","articleSection":["Noticias"],"inLanguage":"es","potentialAction":[{"@type":"CommentAction","name":"Comment","target":["https:\/\/quehacerpolitico.mx\/?p=69817#respond"]}]},{"@type":"WebPage","@id":"https:\/\/quehacerpolitico.mx\/?p=69817","url":"https:\/\/quehacerpolitico.mx\/?p=69817","name":"AMLO lanza dec\u00e1logo para evitar contagios de COVID-19 en fiestas navide\u00f1as -","isPartOf":{"@id":"https:\/\/quehacerpolitico.mx\/#website"},"primaryImageOfPage":{"@id":"https:\/\/quehacerpolitico.mx\/?p=69817#primaryimage"},"image":{"@id":"https:\/\/quehacerpolitico.mx\/?p=69817#primaryimage"},"thumbnailUrl":"https:\/\/quehacerpolitico.mx\/wp-content\/uploads\/2020\/12\/BCD0B069-3FAE-464B-AD59-A761053C3AE8.jpeg","datePublished":"2020-12-04T16:34:36+00:00","author":{"@id":"https:\/\/quehacerpolitico.mx\/#\/schema\/person\/496d8ad2d1d3f8036101dca7ee39e585"},"breadcrumb":{"@id":"https:\/\/quehacerpolitico.mx\/?p=69817#breadcrumb"},"inLanguage":"es","potentialAction":[{"@type":"ReadAction","target":["https:\/\/quehacerpolitico.mx\/?p=69817"]}]},{"@type":"ImageObject","inLanguage":"es","@id":"https:\/\/quehacerpolitico.mx\/?p=69817#primaryimage","url":"https:\/\/quehacerpolitico.mx\/wp-content\/uploads\/2020\/12\/BCD0B069-3FAE-464B-AD59-A761053C3AE8.jpeg","contentUrl":"https:\/\/quehacerpolitico.mx\/wp-content\/uploads\/2020\/12\/BCD0B069-3FAE-464B-AD59-A761053C3AE8.jpeg","width":1242,"height":684},{"@type":"BreadcrumbList","@id":"https:\/\/quehacerpolitico.mx\/?p=69817#breadcrumb","itemListElement":[{"@type":"ListItem","position":1,"name":"Inicio","item":"https:\/\/quehacerpolitico.mx\/"},{"@type":"ListItem","position":2,"name":"AMLO lanza dec\u00e1logo para evitar contagios de COVID-19 en fiestas navide\u00f1as"}]},{"@type":"WebSite","@id":"https:\/\/quehacerpolitico.mx\/#website","url":"https:\/\/quehacerpolitico.mx\/","name":"","description":"","potentialAction":[{"@type":"SearchAction","target":{"@type":"EntryPoint","urlTemplate":"https:\/\/quehacerpolitico.mx\/?s={search_term_string}"},"query-input":{"@type":"PropertyValueSpecification","valueRequired":true,"valueName":"search_term_string"}}],"inLanguage":"es"},{"@type":"Person","@id":"https:\/\/quehacerpolitico.mx\/#\/schema\/person\/496d8ad2d1d3f8036101dca7ee39e585","name":"Redacci\u00f3n QP","image":{"@type":"ImageObject","inLanguage":"es","@id":"https:\/\/secure.gravatar.com\/avatar\/c7164ed6fdec453195284ad24a5ae5b6e1eed2b848477fa2a4787ba9adf39a41?s=96&d=mm&r=g","url":"https:\/\/secure.gravatar.com\/avatar\/c7164ed6fdec453195284ad24a5ae5b6e1eed2b848477fa2a4787ba9adf39a41?s=96&d=mm&r=g","contentUrl":"https:\/\/secure.gravatar.com\/avatar\/c7164ed6fdec453195284ad24a5ae5b6e1eed2b848477fa2a4787ba9adf39a41?s=96&d=mm&r=g","caption":"Redacci\u00f3n QP"},"url":"https:\/\/quehacerpolitico.mx\/?author=2"}]}},"featured_image_urls":{"full":["https:\/\/quehacerpolitico.mx\/wp-content\/uploads\/2020\/12\/BCD0B069-3FAE-464B-AD59-A761053C3AE8.jpeg",1242,684,false],"thumbnail":["https:\/\/quehacerpolitico.mx\/wp-content\/uploads\/2020\/12\/BCD0B069-3FAE-464B-AD59-A761053C3AE8-150x150.jpeg",150,150,true],"medium":["https:\/\/quehacerpolitico.mx\/wp-content\/uploads\/2020\/12\/BCD0B069-3FAE-464B-AD59-A761053C3AE8-300x165.jpeg",300,165,true],"medium_large":["https:\/\/quehacerpolitico.mx\/wp-content\/uploads\/2020\/12\/BCD0B069-3FAE-464B-AD59-A761053C3AE8-768x423.jpeg",640,353,true],"large":["https:\/\/quehacerpolitico.mx\/wp-content\/uploads\/2020\/12\/BCD0B069-3FAE-464B-AD59-A761053C3AE8-1024x564.jpeg",640,353,true],"1536x1536":["https:\/\/quehacerpolitico.mx\/wp-content\/uploads\/2020\/12\/BCD0B069-3FAE-464B-AD59-A761053C3AE8.jpeg",1242,684,false],"2048x2048":["https:\/\/quehacerpolitico.mx\/wp-content\/uploads\/2020\/12\/BCD0B069-3FAE-464B-AD59-A761053C3AE8.jpeg",1242,684,false],"covernews-featured":["https:\/\/quehacerpolitico.mx\/wp-content\/uploads\/2020\/12\/BCD0B069-3FAE-464B-AD59-A761053C3AE8.jpeg",1024,564,false],"covernews-medium":["https:\/\/quehacerpolitico.mx\/wp-content\/uploads\/2020\/12\/BCD0B069-3FAE-464B-AD59-A761053C3AE8.jpeg",540,297,false]},"author_info":{"display_name":"Redacci\u00f3n QP","author_link":"https:\/\/quehacerpolitico.mx\/?author=2"},"category_info":"<a href=\"https:\/\/quehacerpolitico.mx\/?cat=2\" rel=\"category\">Noticias<\/a>","tag_info":"Noticias","comment_count":"0","_links":{"self":[{"href":"https:\/\/quehacerpolitico.mx\/index.php?rest_route=\/wp\/v2\/posts\/69817","targetHints":{"allow":["GET"]}}],"collection":[{"href":"https:\/\/quehacerpolitico.mx\/index.php?rest_route=\/wp\/v2\/posts"}],"about":[{"href":"https:\/\/quehacerpolitico.mx\/index.php?rest_route=\/wp\/v2\/types\/post"}],"author":[{"embeddable":true,"href":"https:\/\/quehacerpolitico.mx\/index.php?rest_route=\/wp\/v2\/users\/2"}],"replies":[{"embeddable":true,"href":"https:\/\/quehacerpolitico.mx\/index.php?rest_route=%2Fwp%2Fv2%2Fcomments&post=69817"}],"version-history":[{"count":0,"href":"https:\/\/quehacerpolitico.mx\/index.php?rest_route=\/wp\/v2\/posts\/69817\/revisions"}],"wp:featuredmedia":[{"embeddable":true,"href":"https:\/\/quehacerpolitico.mx\/index.php?rest_route=\/wp\/v2\/media\/69818"}],"wp:attachment":[{"href":"https:\/\/quehacerpolitico.mx\/index.php?rest_route=%2Fwp%2Fv2%2Fmedia&parent=69817"}],"wp:term":[{"taxonomy":"category","embeddable":true,"href":"https:\/\/quehacerpolitico.mx\/index.php?rest_route=%2Fwp%2Fv2%2Fcategories&post=69817"},{"taxonomy":"post_tag","embeddable":true,"href":"https:\/\/quehacerpolitico.mx\/index.php?rest_route=%2Fwp%2Fv2%2Ftags&post=69817"}],"curies":[{"name":"wp","href":"https:\/\/api.w.org\/{rel}","templated":true}]}}