{"id":69811,"date":"2020-12-04T03:03:50","date_gmt":"2020-12-04T03:03:50","guid":{"rendered":"https:\/\/quehacerpolitico.mx\/?p=69811"},"modified":"2020-12-04T03:03:50","modified_gmt":"2020-12-04T03:03:50","slug":"no-habra-aumento-en-el-precio-de-la-tortilla-confirman-autoridades","status":"publish","type":"post","link":"https:\/\/quehacerpolitico.mx\/?p=69811","title":{"rendered":"No habr\u00e1 aumento en el precio de la tortilla, confirman autoridades"},"content":{"rendered":"<h1 class=\"news-title\">No habr\u00e1 aumento en el precio de la tortilla, confirman autoridades<br \/>\nPor Redacci\u00f3n QP<\/h1>\n<div class=\"news-subtitle\">\n<p>Las secretar\u00edas de Econom\u00eda y de Agricultura reconocen el esfuerzo de productores para no subir los costos del alimento<\/p>\n<\/div>\n<div class=\"social-share-box normal\">\n<p>Como resultado del di\u00e1logo que inici\u00f3 la autoridad con representantes de la cadena ma\u00edz-harina-tortilla, las secretar\u00edas de Econom\u00eda y de Agricultura anunciaron que &#8220;no habr\u00e1 aumento en el precio de la tortilla\u201d.<\/p>\n<p>A pesar de que no existen desde 1998 los precios controlados y que dicho alimento b\u00e1sico est\u00e1 al libre mercado, el Gobierno federal inform\u00f3 que <strong>no habr\u00e1 aumento en el precio de la tortilla &#8220;que es elaborada con harina de ma\u00edz y tampoco habr\u00e1 alza en el precio de aquella que es de masa nixtamalizada&#8221;.<\/strong><\/p>\n<blockquote class=\"twitter-tweet\" data-width=\"550\" data-dnt=\"true\">\n<p lang=\"es\" dir=\"ltr\"><a href=\"https:\/\/twitter.com\/hashtag\/Comunicado?src=hash&amp;ref_src=twsrc%5Etfw\">#Comunicado<\/a> | No habr\u00e1 incremento en el precio de la <a href=\"https:\/\/twitter.com\/hashtag\/tortilla?src=hash&amp;ref_src=twsrc%5Etfw\">#tortilla<\/a>. <a href=\"https:\/\/t.co\/OpYjQdhl8s\">pic.twitter.com\/OpYjQdhl8s<\/a><\/p>\n<p>&mdash; Econom\u00eda M\u00e9xico (@SE_mx) <a href=\"https:\/\/twitter.com\/SE_mx\/status\/1334620992551985152?ref_src=twsrc%5Etfw\">December 3, 2020<\/a><\/p><\/blockquote>\n<p><script async src=\"https:\/\/platform.twitter.com\/widgets.js\" charset=\"utf-8\"><\/script><\/p>\n<p>En un comunicado, las dependencias <strong>reconocieron el esfuerzo solidario de los que integran la cadena productiva ma\u00edz-tortilla porque decidieron no aumentar los precios<\/strong>ante las circunstancias sanitarias y econ\u00f3micas que vive M\u00e9xico por la pandemia del nuevo coronavirus<\/p>\n<p>&#8220;El Gobierno federal reconoce el esfuerzo que han realizado los participantes de la cadena ma\u00edz-grano-masa-harina-tortilla para mantener sin cambio el precio de la tortilla. En especial, se agradecen las acciones solidarias de las empresas de harina m\u00e1s grandes del pa\u00eds, la cooperaci\u00f3n de los molinos y el compromiso de miles de tortiller\u00edas para que en la mesa de las familias mexicanas haya tortillas a precios asequibles&#8221;, expusieron.<\/p>\n<p>Argumentaron que reforzar\u00e1n el an\u00e1lisis y seguimiento de las condiciones que prevalecen en el mercado, para lo cual se conformar\u00e1n grupos de trabajo con representantes del gobierno y sector privado para evaluar &#8220;con mayor frecuencia las condiciones&#8221; del mercado.<\/p>\n<p>Con Informaci\u00f3n de SUN<\/p>\n<\/div>\n","protected":false},"excerpt":{"rendered":"<p>No habr\u00e1 aumento en el precio de la tortilla, confirman autoridades Por Redacci\u00f3n QP Las&#8230;<\/p>\n","protected":false},"author":2,"featured_media":69812,"comment_status":"open","ping_status":"open","sticky":false,"template":"","format":"standard","meta":{"_monsterinsights_skip_tracking":false,"_monsterinsights_sitenote_active":false,"_monsterinsights_sitenote_note":"","_monsterinsights_sitenote_category":0,"footnotes":""},"categories":[56],"tags":[],"class_list":["post-69811","post","type-post","status-publish","format-standard","has-post-thumbnail","hentry","category-economia"],"yoast_head":"<!-- This site is optimized with the Yoast SEO plugin v27.3 - https:\/\/yoast.com\/product\/yoast-seo-wordpress\/ -->\n<title>No habr\u00e1 aumento en el precio de la tortilla, confirman autoridades -<\/title>\n<meta name=\"robots\" content=\"index, follow, max-snippet:-1, max-image-preview:large, max-video-preview:-1\" \/>\n<link rel=\"canonical\" href=\"https:\/\/quehacerpolitico.mx\/?p=69811\" \/>\n<meta property=\"og:locale\" content=\"es_MX\" \/>\n<meta property=\"og:type\" content=\"article\" \/>\n<meta property=\"og:title\" content=\"No habr\u00e1 aumento en el precio de la tortilla, confirman autoridades -\" \/>\n<meta property=\"og:description\" content=\"No habr\u00e1 aumento en el precio de la tortilla, confirman autoridades Por Redacci\u00f3n QP Las...\" \/>\n<meta property=\"og:url\" content=\"https:\/\/quehacerpolitico.mx\/?p=69811\" \/>\n<meta property=\"article:published_time\" content=\"2020-12-04T03:03:50+00:00\" \/>\n<meta property=\"og:image\" content=\"https:\/\/quehacerpolitico.mx\/wp-content\/uploads\/2020\/12\/638B31FE-518A-4F1D-A792-177DD832E094.jpeg\" \/>\n\t<meta property=\"og:image:width\" content=\"680\" \/>\n\t<meta property=\"og:image:height\" content=\"451\" \/>\n\t<meta property=\"og:image:type\" content=\"image\/jpeg\" \/>\n<meta name=\"author\" content=\"Redacci\u00f3n QP\" \/>\n<meta name=\"twitter:card\" content=\"summary_large_image\" \/>\n<meta name=\"twitter:label1\" content=\"Escrito por\" \/>\n\t<meta name=\"twitter:data1\" content=\"Redacci\u00f3n QP\" \/>\n\t<meta name=\"twitter:label2\" content=\"Tiempo de lectura\" \/>\n\t<meta name=\"twitter:data2\" content=\"1 minuto\" \/>\n<script type=\"application\/ld+json\" class=\"yoast-schema-graph\">{\"@context\":\"https:\\\/\\\/schema.org\",\"@graph\":[{\"@type\":\"Article\",\"@id\":\"https:\\\/\\\/quehacerpolitico.mx\\\/?p=69811#article\",\"isPartOf\":{\"@id\":\"https:\\\/\\\/quehacerpolitico.mx\\\/?p=69811\"},\"author\":{\"name\":\"Redacci\u00f3n QP\",\"@id\":\"https:\\\/\\\/quehacerpolitico.mx\\\/#\\\/schema\\\/person\\\/496d8ad2d1d3f8036101dca7ee39e585\"},\"headline\":\"No habr\u00e1 aumento en el precio de la tortilla, confirman autoridades\",\"datePublished\":\"2020-12-04T03:03:50+00:00\",\"mainEntityOfPage\":{\"@id\":\"https:\\\/\\\/quehacerpolitico.mx\\\/?p=69811\"},\"wordCount\":305,\"commentCount\":0,\"image\":{\"@id\":\"https:\\\/\\\/quehacerpolitico.mx\\\/?p=69811#primaryimage\"},\"thumbnailUrl\":\"https:\\\/\\\/quehacerpolitico.mx\\\/wp-content\\\/uploads\\\/2020\\\/12\\\/638B31FE-518A-4F1D-A792-177DD832E094.jpeg\",\"articleSection\":[\"Econom\u00eda\"],\"inLanguage\":\"es\",\"potentialAction\":[{\"@type\":\"CommentAction\",\"name\":\"Comment\",\"target\":[\"https:\\\/\\\/quehacerpolitico.mx\\\/?p=69811#respond\"]}]},{\"@type\":\"WebPage\",\"@id\":\"https:\\\/\\\/quehacerpolitico.mx\\\/?p=69811\",\"url\":\"https:\\\/\\\/quehacerpolitico.mx\\\/?p=69811\",\"name\":\"No habr\u00e1 aumento en el precio de la tortilla, confirman autoridades -\",\"isPartOf\":{\"@id\":\"https:\\\/\\\/quehacerpolitico.mx\\\/#website\"},\"primaryImageOfPage\":{\"@id\":\"https:\\\/\\\/quehacerpolitico.mx\\\/?p=69811#primaryimage\"},\"image\":{\"@id\":\"https:\\\/\\\/quehacerpolitico.mx\\\/?p=69811#primaryimage\"},\"thumbnailUrl\":\"https:\\\/\\\/quehacerpolitico.mx\\\/wp-content\\\/uploads\\\/2020\\\/12\\\/638B31FE-518A-4F1D-A792-177DD832E094.jpeg\",\"datePublished\":\"2020-12-04T03:03:50+00:00\",\"author\":{\"@id\":\"https:\\\/\\\/quehacerpolitico.mx\\\/#\\\/schema\\\/person\\\/496d8ad2d1d3f8036101dca7ee39e585\"},\"breadcrumb\":{\"@id\":\"https:\\\/\\\/quehacerpolitico.mx\\\/?p=69811#breadcrumb\"},\"inLanguage\":\"es\",\"potentialAction\":[{\"@type\":\"ReadAction\",\"target\":[\"https:\\\/\\\/quehacerpolitico.mx\\\/?p=69811\"]}]},{\"@type\":\"ImageObject\",\"inLanguage\":\"es\",\"@id\":\"https:\\\/\\\/quehacerpolitico.mx\\\/?p=69811#primaryimage\",\"url\":\"https:\\\/\\\/quehacerpolitico.mx\\\/wp-content\\\/uploads\\\/2020\\\/12\\\/638B31FE-518A-4F1D-A792-177DD832E094.jpeg\",\"contentUrl\":\"https:\\\/\\\/quehacerpolitico.mx\\\/wp-content\\\/uploads\\\/2020\\\/12\\\/638B31FE-518A-4F1D-A792-177DD832E094.jpeg\",\"width\":680,\"height\":451},{\"@type\":\"BreadcrumbList\",\"@id\":\"https:\\\/\\\/quehacerpolitico.mx\\\/?p=69811#breadcrumb\",\"itemListElement\":[{\"@type\":\"ListItem\",\"position\":1,\"name\":\"Inicio\",\"item\":\"https:\\\/\\\/quehacerpolitico.mx\\\/\"},{\"@type\":\"ListItem\",\"position\":2,\"name\":\"No habr\u00e1 aumento en el precio de la tortilla, confirman autoridades\"}]},{\"@type\":\"WebSite\",\"@id\":\"https:\\\/\\\/quehacerpolitico.mx\\\/#website\",\"url\":\"https:\\\/\\\/quehacerpolitico.mx\\\/\",\"name\":\"\",\"description\":\"\",\"potentialAction\":[{\"@type\":\"SearchAction\",\"target\":{\"@type\":\"EntryPoint\",\"urlTemplate\":\"https:\\\/\\\/quehacerpolitico.mx\\\/?s={search_term_string}\"},\"query-input\":{\"@type\":\"PropertyValueSpecification\",\"valueRequired\":true,\"valueName\":\"search_term_string\"}}],\"inLanguage\":\"es\"},{\"@type\":\"Person\",\"@id\":\"https:\\\/\\\/quehacerpolitico.mx\\\/#\\\/schema\\\/person\\\/496d8ad2d1d3f8036101dca7ee39e585\",\"name\":\"Redacci\u00f3n QP\",\"image\":{\"@type\":\"ImageObject\",\"inLanguage\":\"es\",\"@id\":\"https:\\\/\\\/secure.gravatar.com\\\/avatar\\\/c7164ed6fdec453195284ad24a5ae5b6e1eed2b848477fa2a4787ba9adf39a41?s=96&d=mm&r=g\",\"url\":\"https:\\\/\\\/secure.gravatar.com\\\/avatar\\\/c7164ed6fdec453195284ad24a5ae5b6e1eed2b848477fa2a4787ba9adf39a41?s=96&d=mm&r=g\",\"contentUrl\":\"https:\\\/\\\/secure.gravatar.com\\\/avatar\\\/c7164ed6fdec453195284ad24a5ae5b6e1eed2b848477fa2a4787ba9adf39a41?s=96&d=mm&r=g\",\"caption\":\"Redacci\u00f3n QP\"},\"url\":\"https:\\\/\\\/quehacerpolitico.mx\\\/?author=2\"}]}<\/script>\n<!-- \/ Yoast SEO plugin. -->","yoast_head_json":{"title":"No habr\u00e1 aumento en el precio de la tortilla, confirman autoridades -","robots":{"index":"index","follow":"follow","max-snippet":"max-snippet:-1","max-image-preview":"max-image-preview:large","max-video-preview":"max-video-preview:-1"},"canonical":"https:\/\/quehacerpolitico.mx\/?p=69811","og_locale":"es_MX","og_type":"article","og_title":"No habr\u00e1 aumento en el precio de la tortilla, confirman autoridades -","og_description":"No habr\u00e1 aumento en el precio de la tortilla, confirman autoridades Por Redacci\u00f3n QP Las...","og_url":"https:\/\/quehacerpolitico.mx\/?p=69811","article_published_time":"2020-12-04T03:03:50+00:00","og_image":[{"width":680,"height":451,"url":"https:\/\/quehacerpolitico.mx\/wp-content\/uploads\/2020\/12\/638B31FE-518A-4F1D-A792-177DD832E094.jpeg","type":"image\/jpeg"}],"author":"Redacci\u00f3n QP","twitter_card":"summary_large_image","twitter_misc":{"Escrito por":"Redacci\u00f3n QP","Tiempo de lectura":"1 minuto"},"schema":{"@context":"https:\/\/schema.org","@graph":[{"@type":"Article","@id":"https:\/\/quehacerpolitico.mx\/?p=69811#article","isPartOf":{"@id":"https:\/\/quehacerpolitico.mx\/?p=69811"},"author":{"name":"Redacci\u00f3n QP","@id":"https:\/\/quehacerpolitico.mx\/#\/schema\/person\/496d8ad2d1d3f8036101dca7ee39e585"},"headline":"No habr\u00e1 aumento en el precio de la tortilla, confirman autoridades","datePublished":"2020-12-04T03:03:50+00:00","mainEntityOfPage":{"@id":"https:\/\/quehacerpolitico.mx\/?p=69811"},"wordCount":305,"commentCount":0,"image":{"@id":"https:\/\/quehacerpolitico.mx\/?p=69811#primaryimage"},"thumbnailUrl":"https:\/\/quehacerpolitico.mx\/wp-content\/uploads\/2020\/12\/638B31FE-518A-4F1D-A792-177DD832E094.jpeg","articleSection":["Econom\u00eda"],"inLanguage":"es","potentialAction":[{"@type":"CommentAction","name":"Comment","target":["https:\/\/quehacerpolitico.mx\/?p=69811#respond"]}]},{"@type":"WebPage","@id":"https:\/\/quehacerpolitico.mx\/?p=69811","url":"https:\/\/quehacerpolitico.mx\/?p=69811","name":"No habr\u00e1 aumento en el precio de la tortilla, confirman autoridades -","isPartOf":{"@id":"https:\/\/quehacerpolitico.mx\/#website"},"primaryImageOfPage":{"@id":"https:\/\/quehacerpolitico.mx\/?p=69811#primaryimage"},"image":{"@id":"https:\/\/quehacerpolitico.mx\/?p=69811#primaryimage"},"thumbnailUrl":"https:\/\/quehacerpolitico.mx\/wp-content\/uploads\/2020\/12\/638B31FE-518A-4F1D-A792-177DD832E094.jpeg","datePublished":"2020-12-04T03:03:50+00:00","author":{"@id":"https:\/\/quehacerpolitico.mx\/#\/schema\/person\/496d8ad2d1d3f8036101dca7ee39e585"},"breadcrumb":{"@id":"https:\/\/quehacerpolitico.mx\/?p=69811#breadcrumb"},"inLanguage":"es","potentialAction":[{"@type":"ReadAction","target":["https:\/\/quehacerpolitico.mx\/?p=69811"]}]},{"@type":"ImageObject","inLanguage":"es","@id":"https:\/\/quehacerpolitico.mx\/?p=69811#primaryimage","url":"https:\/\/quehacerpolitico.mx\/wp-content\/uploads\/2020\/12\/638B31FE-518A-4F1D-A792-177DD832E094.jpeg","contentUrl":"https:\/\/quehacerpolitico.mx\/wp-content\/uploads\/2020\/12\/638B31FE-518A-4F1D-A792-177DD832E094.jpeg","width":680,"height":451},{"@type":"BreadcrumbList","@id":"https:\/\/quehacerpolitico.mx\/?p=69811#breadcrumb","itemListElement":[{"@type":"ListItem","position":1,"name":"Inicio","item":"https:\/\/quehacerpolitico.mx\/"},{"@type":"ListItem","position":2,"name":"No habr\u00e1 aumento en el precio de la tortilla, confirman autoridades"}]},{"@type":"WebSite","@id":"https:\/\/quehacerpolitico.mx\/#website","url":"https:\/\/quehacerpolitico.mx\/","name":"","description":"","potentialAction":[{"@type":"SearchAction","target":{"@type":"EntryPoint","urlTemplate":"https:\/\/quehacerpolitico.mx\/?s={search_term_string}"},"query-input":{"@type":"PropertyValueSpecification","valueRequired":true,"valueName":"search_term_string"}}],"inLanguage":"es"},{"@type":"Person","@id":"https:\/\/quehacerpolitico.mx\/#\/schema\/person\/496d8ad2d1d3f8036101dca7ee39e585","name":"Redacci\u00f3n QP","image":{"@type":"ImageObject","inLanguage":"es","@id":"https:\/\/secure.gravatar.com\/avatar\/c7164ed6fdec453195284ad24a5ae5b6e1eed2b848477fa2a4787ba9adf39a41?s=96&d=mm&r=g","url":"https:\/\/secure.gravatar.com\/avatar\/c7164ed6fdec453195284ad24a5ae5b6e1eed2b848477fa2a4787ba9adf39a41?s=96&d=mm&r=g","contentUrl":"https:\/\/secure.gravatar.com\/avatar\/c7164ed6fdec453195284ad24a5ae5b6e1eed2b848477fa2a4787ba9adf39a41?s=96&d=mm&r=g","caption":"Redacci\u00f3n QP"},"url":"https:\/\/quehacerpolitico.mx\/?author=2"}]}},"featured_image_urls":{"full":["https:\/\/quehacerpolitico.mx\/wp-content\/uploads\/2020\/12\/638B31FE-518A-4F1D-A792-177DD832E094.jpeg",680,451,false],"thumbnail":["https:\/\/quehacerpolitico.mx\/wp-content\/uploads\/2020\/12\/638B31FE-518A-4F1D-A792-177DD832E094-150x150.jpeg",150,150,true],"medium":["https:\/\/quehacerpolitico.mx\/wp-content\/uploads\/2020\/12\/638B31FE-518A-4F1D-A792-177DD832E094-300x199.jpeg",300,199,true],"medium_large":["https:\/\/quehacerpolitico.mx\/wp-content\/uploads\/2020\/12\/638B31FE-518A-4F1D-A792-177DD832E094.jpeg",640,424,false],"large":["https:\/\/quehacerpolitico.mx\/wp-content\/uploads\/2020\/12\/638B31FE-518A-4F1D-A792-177DD832E094.jpeg",640,424,false],"1536x1536":["https:\/\/quehacerpolitico.mx\/wp-content\/uploads\/2020\/12\/638B31FE-518A-4F1D-A792-177DD832E094.jpeg",680,451,false],"2048x2048":["https:\/\/quehacerpolitico.mx\/wp-content\/uploads\/2020\/12\/638B31FE-518A-4F1D-A792-177DD832E094.jpeg",680,451,false],"covernews-featured":["https:\/\/quehacerpolitico.mx\/wp-content\/uploads\/2020\/12\/638B31FE-518A-4F1D-A792-177DD832E094.jpeg",680,451,false],"covernews-medium":["https:\/\/quehacerpolitico.mx\/wp-content\/uploads\/2020\/12\/638B31FE-518A-4F1D-A792-177DD832E094.jpeg",513,340,false]},"author_info":{"display_name":"Redacci\u00f3n QP","author_link":"https:\/\/quehacerpolitico.mx\/?author=2"},"category_info":"<a href=\"https:\/\/quehacerpolitico.mx\/?cat=56\" rel=\"category\">Econom\u00eda<\/a>","tag_info":"Econom\u00eda","comment_count":"0","_links":{"self":[{"href":"https:\/\/quehacerpolitico.mx\/index.php?rest_route=\/wp\/v2\/posts\/69811","targetHints":{"allow":["GET"]}}],"collection":[{"href":"https:\/\/quehacerpolitico.mx\/index.php?rest_route=\/wp\/v2\/posts"}],"about":[{"href":"https:\/\/quehacerpolitico.mx\/index.php?rest_route=\/wp\/v2\/types\/post"}],"author":[{"embeddable":true,"href":"https:\/\/quehacerpolitico.mx\/index.php?rest_route=\/wp\/v2\/users\/2"}],"replies":[{"embeddable":true,"href":"https:\/\/quehacerpolitico.mx\/index.php?rest_route=%2Fwp%2Fv2%2Fcomments&post=69811"}],"version-history":[{"count":0,"href":"https:\/\/quehacerpolitico.mx\/index.php?rest_route=\/wp\/v2\/posts\/69811\/revisions"}],"wp:featuredmedia":[{"embeddable":true,"href":"https:\/\/quehacerpolitico.mx\/index.php?rest_route=\/wp\/v2\/media\/69812"}],"wp:attachment":[{"href":"https:\/\/quehacerpolitico.mx\/index.php?rest_route=%2Fwp%2Fv2%2Fmedia&parent=69811"}],"wp:term":[{"taxonomy":"category","embeddable":true,"href":"https:\/\/quehacerpolitico.mx\/index.php?rest_route=%2Fwp%2Fv2%2Fcategories&post=69811"},{"taxonomy":"post_tag","embeddable":true,"href":"https:\/\/quehacerpolitico.mx\/index.php?rest_route=%2Fwp%2Fv2%2Ftags&post=69811"}],"curies":[{"name":"wp","href":"https:\/\/api.w.org\/{rel}","templated":true}]}}