{"id":69808,"date":"2020-12-04T02:31:39","date_gmt":"2020-12-04T02:31:39","guid":{"rendered":"https:\/\/quehacerpolitico.mx\/?p=69808"},"modified":"2020-12-04T02:31:39","modified_gmt":"2020-12-04T02:31:39","slug":"108-mil-muertes-en-mexico-por-covid-19","status":"publish","type":"post","link":"https:\/\/quehacerpolitico.mx\/?p=69808","title":{"rendered":"108 mil muertes en Mexico por COVID-19"},"content":{"rendered":"<h1 class=\"news-title\">108 mil muertes en Mexico por COVID-19<\/h1>\n<h1 class=\"news-title\">Por Redacci\u00f3n QP<\/h1>\n<div class=\"news-subtitle\">\n<p>En las \u00faltimas 24 horas contabilizan 608 fallecimientos, as\u00ed como 11 mil 030 nuevas infecciones<\/p>\n<\/div>\n<div class=\"social-share-box normal\">\n<p>Este jueves, la Secretaria de Salud\u00a0report\u00f3 608 nuevas muertes debido al nuevo coronavirus, con lo que el total de decesos <strong>se elev\u00f3 a 108 mil 173.<\/strong><\/p>\n<blockquote class=\"twitter-tweet\" data-width=\"550\" data-dnt=\"true\">\n<p lang=\"es\" dir=\"ltr\">A nivel nacional, 61% de camas de hospitalizaci\u00f3n general est\u00e1n disponibles y 39% ocupadas. En camas con ventiladores, 67% est\u00e1n disponibles y 33% ocupadas. 2\/2 <a href=\"https:\/\/t.co\/RHSJM8Dlaw\">pic.twitter.com\/RHSJM8Dlaw<\/a><\/p>\n<p>&mdash; Hugo L\u00f3pez-Gatell Ram\u00edrez (@HLGatell) <a href=\"https:\/\/twitter.com\/HLGatell\/status\/1334668468206116865?ref_src=twsrc%5Etfw\">December 4, 2020<\/a><\/p><\/blockquote>\n<p><script async src=\"https:\/\/platform.twitter.com\/widgets.js\" charset=\"utf-8\"><\/script><\/p>\n<p>Asimismo, <strong>los contagios de COVID-19 se incrementaron a un mill\u00f3n 144 mil 643 al sumarse 11 mil 030 casos en las \u00faltimas horas<\/strong>, detallaron autoridades en su conferencia de prensa diaria.<\/p>\n<blockquote class=\"twitter-tweet\" data-width=\"550\" data-dnt=\"true\">\n<p lang=\"es\" dir=\"ltr\">Comunicado T\u00e9cnico Diario: Nuevo Coronavirus en el Mundo <a href=\"https:\/\/twitter.com\/hashtag\/COVID19?src=hash&amp;ref_src=twsrc%5Etfw\">#COVID19<\/a> | 3 de diciembre de 2020<\/p>\n<p>\u27a1\ufe0f <a href=\"https:\/\/t.co\/arZCktVsxO\">https:\/\/t.co\/arZCktVsxO<\/a> <a href=\"https:\/\/t.co\/snD4TuWGzp\">pic.twitter.com\/snD4TuWGzp<\/a><\/p>\n<p>&mdash; SALUD M\u00e9xico (@SSalud_mx) <a href=\"https:\/\/twitter.com\/SSalud_mx\/status\/1334680409834221569?ref_src=twsrc%5Etfw\">December 4, 2020<\/a><\/p><\/blockquote>\n<p><script async src=\"https:\/\/platform.twitter.com\/widgets.js\" charset=\"utf-8\"><\/script><\/p>\n<div id=\"teads_ad\">\n<div id=\"div-gpt-ad-1548262875188-0\" data-google-query-id=\"CLHIg62hs-0CFSbrKAUdcpMB8w\">\n<p>Tambi\u00e9n se report\u00f3 la existencia de 57 mil 049 casos sospechosos con posibilidad de resultado, as\u00ed como un total de un mill\u00f3n 402 mil 671 negativos y dos millones 948 mil 516 personas estudiadas desde el primer caso registrado en el pa\u00eds. <strong>Hasta el d\u00eda de hoy, 843 mil231 personas han sido dadas de alta al recuperarse de la enfermedad.<\/strong><\/p>\n<blockquote class=\"twitter-tweet\" data-width=\"550\" data-dnt=\"true\">\n<p lang=\"es\" dir=\"ltr\">Conferencia de Prensa <a href=\"https:\/\/twitter.com\/hashtag\/COVID19?src=hash&amp;ref_src=twsrc%5Etfw\">#COVID19<\/a> | 3 de diciembre de 2020 <a href=\"https:\/\/twitter.com\/hashtag\/GraciasPorCuidarnos?src=hash&amp;ref_src=twsrc%5Etfw\">#GraciasPorCuidarnos<\/a> <a href=\"https:\/\/t.co\/e2v1lT0QU8\">https:\/\/t.co\/e2v1lT0QU8<\/a><\/p>\n<p>&mdash; SALUD M\u00e9xico (@SSalud_mx) <a href=\"https:\/\/twitter.com\/SSalud_mx\/status\/1334663219152031746?ref_src=twsrc%5Etfw\">December 4, 2020<\/a><\/p><\/blockquote>\n<p><script async src=\"https:\/\/platform.twitter.com\/widgets.js\" charset=\"utf-8\"><\/script><\/p>\n<p>Con informaci\u00f3n de Salud<\/p>\n<\/div>\n<\/div>\n<\/div>\n","protected":false},"excerpt":{"rendered":"<p>108 mil muertes en Mexico por COVID-19 Por Redacci\u00f3n QP En las \u00faltimas 24 horas&#8230;<\/p>\n","protected":false},"author":2,"featured_media":69809,"comment_status":"open","ping_status":"open","sticky":false,"template":"","format":"standard","meta":{"_monsterinsights_skip_tracking":false,"_monsterinsights_sitenote_active":false,"_monsterinsights_sitenote_note":"","_monsterinsights_sitenote_category":0,"footnotes":""},"categories":[2],"tags":[],"class_list":["post-69808","post","type-post","status-publish","format-standard","has-post-thumbnail","hentry","category-noticias"],"yoast_head":"<!-- This site is optimized with the Yoast SEO plugin v27.3 - https:\/\/yoast.com\/product\/yoast-seo-wordpress\/ -->\n<title>108 mil muertes en Mexico por COVID-19 -<\/title>\n<meta name=\"robots\" content=\"index, follow, max-snippet:-1, max-image-preview:large, max-video-preview:-1\" \/>\n<link rel=\"canonical\" href=\"https:\/\/quehacerpolitico.mx\/?p=69808\" \/>\n<meta property=\"og:locale\" content=\"es_MX\" \/>\n<meta property=\"og:type\" content=\"article\" \/>\n<meta property=\"og:title\" content=\"108 mil muertes en Mexico por COVID-19 -\" \/>\n<meta property=\"og:description\" content=\"108 mil muertes en Mexico por COVID-19 Por Redacci\u00f3n QP En las \u00faltimas 24 horas...\" \/>\n<meta property=\"og:url\" content=\"https:\/\/quehacerpolitico.mx\/?p=69808\" \/>\n<meta property=\"article:published_time\" content=\"2020-12-04T02:31:39+00:00\" \/>\n<meta property=\"og:image\" content=\"https:\/\/quehacerpolitico.mx\/wp-content\/uploads\/2020\/12\/27FC6368-3A91-4174-BDBF-3F1DEBBB91CA.jpeg\" \/>\n\t<meta property=\"og:image:width\" content=\"1242\" \/>\n\t<meta property=\"og:image:height\" content=\"667\" \/>\n\t<meta property=\"og:image:type\" content=\"image\/jpeg\" \/>\n<meta name=\"author\" content=\"Redacci\u00f3n QP\" \/>\n<meta name=\"twitter:card\" content=\"summary_large_image\" \/>\n<meta name=\"twitter:label1\" content=\"Escrito por\" \/>\n\t<meta name=\"twitter:data1\" content=\"Redacci\u00f3n QP\" \/>\n\t<meta name=\"twitter:label2\" content=\"Tiempo de lectura\" \/>\n\t<meta name=\"twitter:data2\" content=\"1 minuto\" \/>\n<script type=\"application\/ld+json\" class=\"yoast-schema-graph\">{\"@context\":\"https:\\\/\\\/schema.org\",\"@graph\":[{\"@type\":\"Article\",\"@id\":\"https:\\\/\\\/quehacerpolitico.mx\\\/?p=69808#article\",\"isPartOf\":{\"@id\":\"https:\\\/\\\/quehacerpolitico.mx\\\/?p=69808\"},\"author\":{\"name\":\"Redacci\u00f3n QP\",\"@id\":\"https:\\\/\\\/quehacerpolitico.mx\\\/#\\\/schema\\\/person\\\/496d8ad2d1d3f8036101dca7ee39e585\"},\"headline\":\"108 mil muertes en Mexico por COVID-19\",\"datePublished\":\"2020-12-04T02:31:39+00:00\",\"mainEntityOfPage\":{\"@id\":\"https:\\\/\\\/quehacerpolitico.mx\\\/?p=69808\"},\"wordCount\":161,\"commentCount\":0,\"image\":{\"@id\":\"https:\\\/\\\/quehacerpolitico.mx\\\/?p=69808#primaryimage\"},\"thumbnailUrl\":\"https:\\\/\\\/quehacerpolitico.mx\\\/wp-content\\\/uploads\\\/2020\\\/12\\\/27FC6368-3A91-4174-BDBF-3F1DEBBB91CA.jpeg\",\"articleSection\":[\"Noticias\"],\"inLanguage\":\"es\",\"potentialAction\":[{\"@type\":\"CommentAction\",\"name\":\"Comment\",\"target\":[\"https:\\\/\\\/quehacerpolitico.mx\\\/?p=69808#respond\"]}]},{\"@type\":\"WebPage\",\"@id\":\"https:\\\/\\\/quehacerpolitico.mx\\\/?p=69808\",\"url\":\"https:\\\/\\\/quehacerpolitico.mx\\\/?p=69808\",\"name\":\"108 mil muertes en Mexico por COVID-19 -\",\"isPartOf\":{\"@id\":\"https:\\\/\\\/quehacerpolitico.mx\\\/#website\"},\"primaryImageOfPage\":{\"@id\":\"https:\\\/\\\/quehacerpolitico.mx\\\/?p=69808#primaryimage\"},\"image\":{\"@id\":\"https:\\\/\\\/quehacerpolitico.mx\\\/?p=69808#primaryimage\"},\"thumbnailUrl\":\"https:\\\/\\\/quehacerpolitico.mx\\\/wp-content\\\/uploads\\\/2020\\\/12\\\/27FC6368-3A91-4174-BDBF-3F1DEBBB91CA.jpeg\",\"datePublished\":\"2020-12-04T02:31:39+00:00\",\"author\":{\"@id\":\"https:\\\/\\\/quehacerpolitico.mx\\\/#\\\/schema\\\/person\\\/496d8ad2d1d3f8036101dca7ee39e585\"},\"breadcrumb\":{\"@id\":\"https:\\\/\\\/quehacerpolitico.mx\\\/?p=69808#breadcrumb\"},\"inLanguage\":\"es\",\"potentialAction\":[{\"@type\":\"ReadAction\",\"target\":[\"https:\\\/\\\/quehacerpolitico.mx\\\/?p=69808\"]}]},{\"@type\":\"ImageObject\",\"inLanguage\":\"es\",\"@id\":\"https:\\\/\\\/quehacerpolitico.mx\\\/?p=69808#primaryimage\",\"url\":\"https:\\\/\\\/quehacerpolitico.mx\\\/wp-content\\\/uploads\\\/2020\\\/12\\\/27FC6368-3A91-4174-BDBF-3F1DEBBB91CA.jpeg\",\"contentUrl\":\"https:\\\/\\\/quehacerpolitico.mx\\\/wp-content\\\/uploads\\\/2020\\\/12\\\/27FC6368-3A91-4174-BDBF-3F1DEBBB91CA.jpeg\",\"width\":1242,\"height\":667},{\"@type\":\"BreadcrumbList\",\"@id\":\"https:\\\/\\\/quehacerpolitico.mx\\\/?p=69808#breadcrumb\",\"itemListElement\":[{\"@type\":\"ListItem\",\"position\":1,\"name\":\"Inicio\",\"item\":\"https:\\\/\\\/quehacerpolitico.mx\\\/\"},{\"@type\":\"ListItem\",\"position\":2,\"name\":\"108 mil muertes en Mexico por COVID-19\"}]},{\"@type\":\"WebSite\",\"@id\":\"https:\\\/\\\/quehacerpolitico.mx\\\/#website\",\"url\":\"https:\\\/\\\/quehacerpolitico.mx\\\/\",\"name\":\"\",\"description\":\"\",\"potentialAction\":[{\"@type\":\"SearchAction\",\"target\":{\"@type\":\"EntryPoint\",\"urlTemplate\":\"https:\\\/\\\/quehacerpolitico.mx\\\/?s={search_term_string}\"},\"query-input\":{\"@type\":\"PropertyValueSpecification\",\"valueRequired\":true,\"valueName\":\"search_term_string\"}}],\"inLanguage\":\"es\"},{\"@type\":\"Person\",\"@id\":\"https:\\\/\\\/quehacerpolitico.mx\\\/#\\\/schema\\\/person\\\/496d8ad2d1d3f8036101dca7ee39e585\",\"name\":\"Redacci\u00f3n QP\",\"image\":{\"@type\":\"ImageObject\",\"inLanguage\":\"es\",\"@id\":\"https:\\\/\\\/secure.gravatar.com\\\/avatar\\\/c7164ed6fdec453195284ad24a5ae5b6e1eed2b848477fa2a4787ba9adf39a41?s=96&d=mm&r=g\",\"url\":\"https:\\\/\\\/secure.gravatar.com\\\/avatar\\\/c7164ed6fdec453195284ad24a5ae5b6e1eed2b848477fa2a4787ba9adf39a41?s=96&d=mm&r=g\",\"contentUrl\":\"https:\\\/\\\/secure.gravatar.com\\\/avatar\\\/c7164ed6fdec453195284ad24a5ae5b6e1eed2b848477fa2a4787ba9adf39a41?s=96&d=mm&r=g\",\"caption\":\"Redacci\u00f3n QP\"},\"url\":\"https:\\\/\\\/quehacerpolitico.mx\\\/?author=2\"}]}<\/script>\n<!-- \/ Yoast SEO plugin. -->","yoast_head_json":{"title":"108 mil muertes en Mexico por COVID-19 -","robots":{"index":"index","follow":"follow","max-snippet":"max-snippet:-1","max-image-preview":"max-image-preview:large","max-video-preview":"max-video-preview:-1"},"canonical":"https:\/\/quehacerpolitico.mx\/?p=69808","og_locale":"es_MX","og_type":"article","og_title":"108 mil muertes en Mexico por COVID-19 -","og_description":"108 mil muertes en Mexico por COVID-19 Por Redacci\u00f3n QP En las \u00faltimas 24 horas...","og_url":"https:\/\/quehacerpolitico.mx\/?p=69808","article_published_time":"2020-12-04T02:31:39+00:00","og_image":[{"width":1242,"height":667,"url":"https:\/\/quehacerpolitico.mx\/wp-content\/uploads\/2020\/12\/27FC6368-3A91-4174-BDBF-3F1DEBBB91CA.jpeg","type":"image\/jpeg"}],"author":"Redacci\u00f3n QP","twitter_card":"summary_large_image","twitter_misc":{"Escrito por":"Redacci\u00f3n QP","Tiempo de lectura":"1 minuto"},"schema":{"@context":"https:\/\/schema.org","@graph":[{"@type":"Article","@id":"https:\/\/quehacerpolitico.mx\/?p=69808#article","isPartOf":{"@id":"https:\/\/quehacerpolitico.mx\/?p=69808"},"author":{"name":"Redacci\u00f3n QP","@id":"https:\/\/quehacerpolitico.mx\/#\/schema\/person\/496d8ad2d1d3f8036101dca7ee39e585"},"headline":"108 mil muertes en Mexico por COVID-19","datePublished":"2020-12-04T02:31:39+00:00","mainEntityOfPage":{"@id":"https:\/\/quehacerpolitico.mx\/?p=69808"},"wordCount":161,"commentCount":0,"image":{"@id":"https:\/\/quehacerpolitico.mx\/?p=69808#primaryimage"},"thumbnailUrl":"https:\/\/quehacerpolitico.mx\/wp-content\/uploads\/2020\/12\/27FC6368-3A91-4174-BDBF-3F1DEBBB91CA.jpeg","articleSection":["Noticias"],"inLanguage":"es","potentialAction":[{"@type":"CommentAction","name":"Comment","target":["https:\/\/quehacerpolitico.mx\/?p=69808#respond"]}]},{"@type":"WebPage","@id":"https:\/\/quehacerpolitico.mx\/?p=69808","url":"https:\/\/quehacerpolitico.mx\/?p=69808","name":"108 mil muertes en Mexico por COVID-19 -","isPartOf":{"@id":"https:\/\/quehacerpolitico.mx\/#website"},"primaryImageOfPage":{"@id":"https:\/\/quehacerpolitico.mx\/?p=69808#primaryimage"},"image":{"@id":"https:\/\/quehacerpolitico.mx\/?p=69808#primaryimage"},"thumbnailUrl":"https:\/\/quehacerpolitico.mx\/wp-content\/uploads\/2020\/12\/27FC6368-3A91-4174-BDBF-3F1DEBBB91CA.jpeg","datePublished":"2020-12-04T02:31:39+00:00","author":{"@id":"https:\/\/quehacerpolitico.mx\/#\/schema\/person\/496d8ad2d1d3f8036101dca7ee39e585"},"breadcrumb":{"@id":"https:\/\/quehacerpolitico.mx\/?p=69808#breadcrumb"},"inLanguage":"es","potentialAction":[{"@type":"ReadAction","target":["https:\/\/quehacerpolitico.mx\/?p=69808"]}]},{"@type":"ImageObject","inLanguage":"es","@id":"https:\/\/quehacerpolitico.mx\/?p=69808#primaryimage","url":"https:\/\/quehacerpolitico.mx\/wp-content\/uploads\/2020\/12\/27FC6368-3A91-4174-BDBF-3F1DEBBB91CA.jpeg","contentUrl":"https:\/\/quehacerpolitico.mx\/wp-content\/uploads\/2020\/12\/27FC6368-3A91-4174-BDBF-3F1DEBBB91CA.jpeg","width":1242,"height":667},{"@type":"BreadcrumbList","@id":"https:\/\/quehacerpolitico.mx\/?p=69808#breadcrumb","itemListElement":[{"@type":"ListItem","position":1,"name":"Inicio","item":"https:\/\/quehacerpolitico.mx\/"},{"@type":"ListItem","position":2,"name":"108 mil muertes en Mexico por COVID-19"}]},{"@type":"WebSite","@id":"https:\/\/quehacerpolitico.mx\/#website","url":"https:\/\/quehacerpolitico.mx\/","name":"","description":"","potentialAction":[{"@type":"SearchAction","target":{"@type":"EntryPoint","urlTemplate":"https:\/\/quehacerpolitico.mx\/?s={search_term_string}"},"query-input":{"@type":"PropertyValueSpecification","valueRequired":true,"valueName":"search_term_string"}}],"inLanguage":"es"},{"@type":"Person","@id":"https:\/\/quehacerpolitico.mx\/#\/schema\/person\/496d8ad2d1d3f8036101dca7ee39e585","name":"Redacci\u00f3n QP","image":{"@type":"ImageObject","inLanguage":"es","@id":"https:\/\/secure.gravatar.com\/avatar\/c7164ed6fdec453195284ad24a5ae5b6e1eed2b848477fa2a4787ba9adf39a41?s=96&d=mm&r=g","url":"https:\/\/secure.gravatar.com\/avatar\/c7164ed6fdec453195284ad24a5ae5b6e1eed2b848477fa2a4787ba9adf39a41?s=96&d=mm&r=g","contentUrl":"https:\/\/secure.gravatar.com\/avatar\/c7164ed6fdec453195284ad24a5ae5b6e1eed2b848477fa2a4787ba9adf39a41?s=96&d=mm&r=g","caption":"Redacci\u00f3n QP"},"url":"https:\/\/quehacerpolitico.mx\/?author=2"}]}},"featured_image_urls":{"full":["https:\/\/quehacerpolitico.mx\/wp-content\/uploads\/2020\/12\/27FC6368-3A91-4174-BDBF-3F1DEBBB91CA.jpeg",1242,667,false],"thumbnail":["https:\/\/quehacerpolitico.mx\/wp-content\/uploads\/2020\/12\/27FC6368-3A91-4174-BDBF-3F1DEBBB91CA-150x150.jpeg",150,150,true],"medium":["https:\/\/quehacerpolitico.mx\/wp-content\/uploads\/2020\/12\/27FC6368-3A91-4174-BDBF-3F1DEBBB91CA-300x161.jpeg",300,161,true],"medium_large":["https:\/\/quehacerpolitico.mx\/wp-content\/uploads\/2020\/12\/27FC6368-3A91-4174-BDBF-3F1DEBBB91CA-768x412.jpeg",640,343,true],"large":["https:\/\/quehacerpolitico.mx\/wp-content\/uploads\/2020\/12\/27FC6368-3A91-4174-BDBF-3F1DEBBB91CA-1024x550.jpeg",640,344,true],"1536x1536":["https:\/\/quehacerpolitico.mx\/wp-content\/uploads\/2020\/12\/27FC6368-3A91-4174-BDBF-3F1DEBBB91CA.jpeg",1242,667,false],"2048x2048":["https:\/\/quehacerpolitico.mx\/wp-content\/uploads\/2020\/12\/27FC6368-3A91-4174-BDBF-3F1DEBBB91CA.jpeg",1242,667,false],"covernews-featured":["https:\/\/quehacerpolitico.mx\/wp-content\/uploads\/2020\/12\/27FC6368-3A91-4174-BDBF-3F1DEBBB91CA.jpeg",1024,550,false],"covernews-medium":["https:\/\/quehacerpolitico.mx\/wp-content\/uploads\/2020\/12\/27FC6368-3A91-4174-BDBF-3F1DEBBB91CA.jpeg",540,290,false]},"author_info":{"display_name":"Redacci\u00f3n QP","author_link":"https:\/\/quehacerpolitico.mx\/?author=2"},"category_info":"<a href=\"https:\/\/quehacerpolitico.mx\/?cat=2\" rel=\"category\">Noticias<\/a>","tag_info":"Noticias","comment_count":"0","_links":{"self":[{"href":"https:\/\/quehacerpolitico.mx\/index.php?rest_route=\/wp\/v2\/posts\/69808","targetHints":{"allow":["GET"]}}],"collection":[{"href":"https:\/\/quehacerpolitico.mx\/index.php?rest_route=\/wp\/v2\/posts"}],"about":[{"href":"https:\/\/quehacerpolitico.mx\/index.php?rest_route=\/wp\/v2\/types\/post"}],"author":[{"embeddable":true,"href":"https:\/\/quehacerpolitico.mx\/index.php?rest_route=\/wp\/v2\/users\/2"}],"replies":[{"embeddable":true,"href":"https:\/\/quehacerpolitico.mx\/index.php?rest_route=%2Fwp%2Fv2%2Fcomments&post=69808"}],"version-history":[{"count":0,"href":"https:\/\/quehacerpolitico.mx\/index.php?rest_route=\/wp\/v2\/posts\/69808\/revisions"}],"wp:featuredmedia":[{"embeddable":true,"href":"https:\/\/quehacerpolitico.mx\/index.php?rest_route=\/wp\/v2\/media\/69809"}],"wp:attachment":[{"href":"https:\/\/quehacerpolitico.mx\/index.php?rest_route=%2Fwp%2Fv2%2Fmedia&parent=69808"}],"wp:term":[{"taxonomy":"category","embeddable":true,"href":"https:\/\/quehacerpolitico.mx\/index.php?rest_route=%2Fwp%2Fv2%2Fcategories&post=69808"},{"taxonomy":"post_tag","embeddable":true,"href":"https:\/\/quehacerpolitico.mx\/index.php?rest_route=%2Fwp%2Fv2%2Ftags&post=69808"}],"curies":[{"name":"wp","href":"https:\/\/api.w.org\/{rel}","templated":true}]}}