{"id":69788,"date":"2020-12-04T00:20:24","date_gmt":"2020-12-04T00:20:24","guid":{"rendered":"https:\/\/quehacerpolitico.mx\/?p=69788"},"modified":"2020-12-04T00:20:24","modified_gmt":"2020-12-04T00:20:24","slug":"scjn-invalida-reforma-en-materia-electoral-del-estado-de-chiapas","status":"publish","type":"post","link":"https:\/\/quehacerpolitico.mx\/?p=69788","title":{"rendered":"SCJN INVALIDA REFORMA EN MATERIA ELECTORAL DEL ESTADO DE CHIAPAS"},"content":{"rendered":"<p><strong><span data-originalfontsize=\"12pt\" data-originalcomputedfontsize=\"16\">SCJN INVALIDA REFORMA EN MATERIA ELECTORAL DEL ESTADO DE CHIAPAS<\/span><\/strong><\/p>\n<p>Por Redacci\u00f3n QP<\/p>\n<p><span data-originalfontsize=\"12pt\" data-originalcomputedfontsize=\"16\">La Suprema Corte de Justicia de la Naci\u00f3n (SCJN), en sesi\u00f3n remota del Tribunal Pleno, realizada a trav\u00e9s del sistema de videoconferencia, invalid\u00f3, por falta de consulta a las comunidades ind\u00edgenas y afromexicanas, el Decreto 235, por el cual se expidi\u00f3 la Ley de Instituciones y Procedimientos Electorales, as\u00ed como el Decreto 237, por el que se expidi\u00f3 la Ley de Participaci\u00f3n Ciudadana, ambos del Estado de Chiapas, publicados el 29 de junio de 2020. <\/span><\/p>\n<p><span data-originalfontsize=\"12pt\" data-originalcomputedfontsize=\"16\">El Pleno determin\u00f3 que el contenido de las disposiciones aludidas incid\u00eda directamente en los intereses de los pueblos y comunidades ind\u00edgenas y afromexicanas del Estado, por lo que, como se ha establecido en m\u00faltiples precedentes, de acuerdo con los art\u00edculos 1 y 2\u00b0 de la Constituci\u00f3n General y 6 del Convenio 169 de la OIT, las autoridades locales se encontraban obligadas a realizar una consulta de forma previa, libre, informada, culturalmente adecuada y de buena fe en la que participaran dichos grupos.<\/span><\/p>\n<p><span data-originalfontsize=\"12pt\" data-originalcomputedfontsize=\"16\">Por lo que hace al Decreto 238 por el que se reforman y adicionan diversas disposiciones a la Ley de Desarrollo Constitucional en Materia de Gobierno y Administraci\u00f3n Municipal, el cual tambi\u00e9n fue impugnado, se desestim\u00f3 la acci\u00f3n porque no se alcanz\u00f3 una mayor\u00eda calificada a favor de su invalidez.<\/span><\/p>\n<p><span data-originalfontsize=\"12pt\" data-originalcomputedfontsize=\"16\">Por lo que se refiere a los efectos, la SCJN determin\u00f3: (i) la reviviscencia, es decir, el restablecimiento de la vigencia de las normas anteriores a las reformadas, dado que los decretos invalidados estaban referidos a la materia electoral, en la cual la certeza es principio rector; (ii) la consulta respectiva deber\u00e1 realizarse y la nueva legislaci\u00f3n emitirse, a m\u00e1s tardar, dentro de un a\u00f1o siguiente a la conclusi\u00f3n del proceso electoral; y (iii) extender los efectos de la invalidez al Decreto 007, publicado el 8 de octubre de 2020, por medio del cual se reformaron diversas disposiciones de la Ley de Instituciones y Procedimientos Electorales del Estado.<\/span><\/p>\n<p><em><span data-removefontsize=\"true\" data-originalcomputedfontsize=\"16\">Acciones de inconstitucionalidad 158\/2020 y sus acumuladas 159\/2020, 161\/2020, 224\/2020 y 227\/2020, promovidas por los partidos pol\u00edticos Acci\u00f3n Nacional, Revolucionario Institucional, de la Revoluci\u00f3n Democr\u00e1tica y Movimiento Ciudadano, demandando la invalidez de diversas disposiciones de las Leyes de Instituciones y Procedimientos Electorales, de Participaci\u00f3n Ciudadana y de Desarrollo Constitucional en Materia de Gobierno y Administraci\u00f3n Municipal, todas del Estado de Chiapas, reformadas y publicadas en el Peri\u00f3dico Oficial de esa entidad de 29 de junio de 2020, mediante Decretos 235, 237 y 238.<\/span><\/em><\/p>\n","protected":false},"excerpt":{"rendered":"<p>SCJN INVALIDA REFORMA EN MATERIA ELECTORAL DEL ESTADO DE CHIAPAS Por Redacci\u00f3n QP La Suprema&#8230;<\/p>\n","protected":false},"author":2,"featured_media":69527,"comment_status":"open","ping_status":"open","sticky":false,"template":"","format":"standard","meta":{"_monsterinsights_skip_tracking":false,"_monsterinsights_sitenote_active":false,"_monsterinsights_sitenote_note":"","_monsterinsights_sitenote_category":0,"footnotes":""},"categories":[2],"tags":[],"class_list":["post-69788","post","type-post","status-publish","format-standard","has-post-thumbnail","hentry","category-noticias"],"yoast_head":"<!-- This site is optimized with the Yoast SEO plugin v27.3 - https:\/\/yoast.com\/product\/yoast-seo-wordpress\/ -->\n<title>SCJN INVALIDA REFORMA EN MATERIA ELECTORAL DEL ESTADO DE CHIAPAS -<\/title>\n<meta name=\"robots\" content=\"index, follow, max-snippet:-1, max-image-preview:large, max-video-preview:-1\" \/>\n<link rel=\"canonical\" href=\"https:\/\/quehacerpolitico.mx\/?p=69788\" \/>\n<meta property=\"og:locale\" content=\"es_MX\" \/>\n<meta property=\"og:type\" content=\"article\" \/>\n<meta property=\"og:title\" content=\"SCJN INVALIDA REFORMA EN MATERIA ELECTORAL DEL ESTADO DE CHIAPAS -\" \/>\n<meta property=\"og:description\" content=\"SCJN INVALIDA REFORMA EN MATERIA ELECTORAL DEL ESTADO DE CHIAPAS Por Redacci\u00f3n QP La Suprema...\" \/>\n<meta property=\"og:url\" content=\"https:\/\/quehacerpolitico.mx\/?p=69788\" \/>\n<meta property=\"article:published_time\" content=\"2020-12-04T00:20:24+00:00\" \/>\n<meta property=\"og:image\" content=\"https:\/\/quehacerpolitico.mx\/wp-content\/uploads\/2020\/11\/784B2FC1-538D-41B4-911F-DD423EDED87F.jpeg\" \/>\n\t<meta property=\"og:image:width\" content=\"640\" \/>\n\t<meta property=\"og:image:height\" content=\"480\" \/>\n\t<meta property=\"og:image:type\" content=\"image\/jpeg\" \/>\n<meta name=\"author\" content=\"Redacci\u00f3n QP\" \/>\n<meta name=\"twitter:card\" content=\"summary_large_image\" \/>\n<meta name=\"twitter:label1\" content=\"Escrito por\" \/>\n\t<meta name=\"twitter:data1\" content=\"Redacci\u00f3n QP\" \/>\n\t<meta name=\"twitter:label2\" content=\"Tiempo de lectura\" \/>\n\t<meta name=\"twitter:data2\" content=\"2 minutos\" \/>\n<script type=\"application\/ld+json\" class=\"yoast-schema-graph\">{\"@context\":\"https:\\\/\\\/schema.org\",\"@graph\":[{\"@type\":\"Article\",\"@id\":\"https:\\\/\\\/quehacerpolitico.mx\\\/?p=69788#article\",\"isPartOf\":{\"@id\":\"https:\\\/\\\/quehacerpolitico.mx\\\/?p=69788\"},\"author\":{\"name\":\"Redacci\u00f3n QP\",\"@id\":\"https:\\\/\\\/quehacerpolitico.mx\\\/#\\\/schema\\\/person\\\/496d8ad2d1d3f8036101dca7ee39e585\"},\"headline\":\"SCJN INVALIDA REFORMA EN MATERIA ELECTORAL DEL ESTADO DE CHIAPAS\",\"datePublished\":\"2020-12-04T00:20:24+00:00\",\"mainEntityOfPage\":{\"@id\":\"https:\\\/\\\/quehacerpolitico.mx\\\/?p=69788\"},\"wordCount\":425,\"commentCount\":0,\"image\":{\"@id\":\"https:\\\/\\\/quehacerpolitico.mx\\\/?p=69788#primaryimage\"},\"thumbnailUrl\":\"https:\\\/\\\/quehacerpolitico.mx\\\/wp-content\\\/uploads\\\/2020\\\/11\\\/784B2FC1-538D-41B4-911F-DD423EDED87F.jpeg\",\"articleSection\":[\"Noticias\"],\"inLanguage\":\"es\",\"potentialAction\":[{\"@type\":\"CommentAction\",\"name\":\"Comment\",\"target\":[\"https:\\\/\\\/quehacerpolitico.mx\\\/?p=69788#respond\"]}]},{\"@type\":\"WebPage\",\"@id\":\"https:\\\/\\\/quehacerpolitico.mx\\\/?p=69788\",\"url\":\"https:\\\/\\\/quehacerpolitico.mx\\\/?p=69788\",\"name\":\"SCJN INVALIDA REFORMA EN MATERIA ELECTORAL DEL ESTADO DE CHIAPAS -\",\"isPartOf\":{\"@id\":\"https:\\\/\\\/quehacerpolitico.mx\\\/#website\"},\"primaryImageOfPage\":{\"@id\":\"https:\\\/\\\/quehacerpolitico.mx\\\/?p=69788#primaryimage\"},\"image\":{\"@id\":\"https:\\\/\\\/quehacerpolitico.mx\\\/?p=69788#primaryimage\"},\"thumbnailUrl\":\"https:\\\/\\\/quehacerpolitico.mx\\\/wp-content\\\/uploads\\\/2020\\\/11\\\/784B2FC1-538D-41B4-911F-DD423EDED87F.jpeg\",\"datePublished\":\"2020-12-04T00:20:24+00:00\",\"author\":{\"@id\":\"https:\\\/\\\/quehacerpolitico.mx\\\/#\\\/schema\\\/person\\\/496d8ad2d1d3f8036101dca7ee39e585\"},\"breadcrumb\":{\"@id\":\"https:\\\/\\\/quehacerpolitico.mx\\\/?p=69788#breadcrumb\"},\"inLanguage\":\"es\",\"potentialAction\":[{\"@type\":\"ReadAction\",\"target\":[\"https:\\\/\\\/quehacerpolitico.mx\\\/?p=69788\"]}]},{\"@type\":\"ImageObject\",\"inLanguage\":\"es\",\"@id\":\"https:\\\/\\\/quehacerpolitico.mx\\\/?p=69788#primaryimage\",\"url\":\"https:\\\/\\\/quehacerpolitico.mx\\\/wp-content\\\/uploads\\\/2020\\\/11\\\/784B2FC1-538D-41B4-911F-DD423EDED87F.jpeg\",\"contentUrl\":\"https:\\\/\\\/quehacerpolitico.mx\\\/wp-content\\\/uploads\\\/2020\\\/11\\\/784B2FC1-538D-41B4-911F-DD423EDED87F.jpeg\",\"width\":640,\"height\":480},{\"@type\":\"BreadcrumbList\",\"@id\":\"https:\\\/\\\/quehacerpolitico.mx\\\/?p=69788#breadcrumb\",\"itemListElement\":[{\"@type\":\"ListItem\",\"position\":1,\"name\":\"Inicio\",\"item\":\"https:\\\/\\\/quehacerpolitico.mx\\\/\"},{\"@type\":\"ListItem\",\"position\":2,\"name\":\"SCJN INVALIDA REFORMA EN MATERIA ELECTORAL DEL ESTADO DE CHIAPAS\"}]},{\"@type\":\"WebSite\",\"@id\":\"https:\\\/\\\/quehacerpolitico.mx\\\/#website\",\"url\":\"https:\\\/\\\/quehacerpolitico.mx\\\/\",\"name\":\"\",\"description\":\"\",\"potentialAction\":[{\"@type\":\"SearchAction\",\"target\":{\"@type\":\"EntryPoint\",\"urlTemplate\":\"https:\\\/\\\/quehacerpolitico.mx\\\/?s={search_term_string}\"},\"query-input\":{\"@type\":\"PropertyValueSpecification\",\"valueRequired\":true,\"valueName\":\"search_term_string\"}}],\"inLanguage\":\"es\"},{\"@type\":\"Person\",\"@id\":\"https:\\\/\\\/quehacerpolitico.mx\\\/#\\\/schema\\\/person\\\/496d8ad2d1d3f8036101dca7ee39e585\",\"name\":\"Redacci\u00f3n QP\",\"image\":{\"@type\":\"ImageObject\",\"inLanguage\":\"es\",\"@id\":\"https:\\\/\\\/secure.gravatar.com\\\/avatar\\\/c7164ed6fdec453195284ad24a5ae5b6e1eed2b848477fa2a4787ba9adf39a41?s=96&d=mm&r=g\",\"url\":\"https:\\\/\\\/secure.gravatar.com\\\/avatar\\\/c7164ed6fdec453195284ad24a5ae5b6e1eed2b848477fa2a4787ba9adf39a41?s=96&d=mm&r=g\",\"contentUrl\":\"https:\\\/\\\/secure.gravatar.com\\\/avatar\\\/c7164ed6fdec453195284ad24a5ae5b6e1eed2b848477fa2a4787ba9adf39a41?s=96&d=mm&r=g\",\"caption\":\"Redacci\u00f3n QP\"},\"url\":\"https:\\\/\\\/quehacerpolitico.mx\\\/?author=2\"}]}<\/script>\n<!-- \/ Yoast SEO plugin. -->","yoast_head_json":{"title":"SCJN INVALIDA REFORMA EN MATERIA ELECTORAL DEL ESTADO DE CHIAPAS -","robots":{"index":"index","follow":"follow","max-snippet":"max-snippet:-1","max-image-preview":"max-image-preview:large","max-video-preview":"max-video-preview:-1"},"canonical":"https:\/\/quehacerpolitico.mx\/?p=69788","og_locale":"es_MX","og_type":"article","og_title":"SCJN INVALIDA REFORMA EN MATERIA ELECTORAL DEL ESTADO DE CHIAPAS -","og_description":"SCJN INVALIDA REFORMA EN MATERIA ELECTORAL DEL ESTADO DE CHIAPAS Por Redacci\u00f3n QP La Suprema...","og_url":"https:\/\/quehacerpolitico.mx\/?p=69788","article_published_time":"2020-12-04T00:20:24+00:00","og_image":[{"width":640,"height":480,"url":"https:\/\/quehacerpolitico.mx\/wp-content\/uploads\/2020\/11\/784B2FC1-538D-41B4-911F-DD423EDED87F.jpeg","type":"image\/jpeg"}],"author":"Redacci\u00f3n QP","twitter_card":"summary_large_image","twitter_misc":{"Escrito por":"Redacci\u00f3n QP","Tiempo de lectura":"2 minutos"},"schema":{"@context":"https:\/\/schema.org","@graph":[{"@type":"Article","@id":"https:\/\/quehacerpolitico.mx\/?p=69788#article","isPartOf":{"@id":"https:\/\/quehacerpolitico.mx\/?p=69788"},"author":{"name":"Redacci\u00f3n QP","@id":"https:\/\/quehacerpolitico.mx\/#\/schema\/person\/496d8ad2d1d3f8036101dca7ee39e585"},"headline":"SCJN INVALIDA REFORMA EN MATERIA ELECTORAL DEL ESTADO DE CHIAPAS","datePublished":"2020-12-04T00:20:24+00:00","mainEntityOfPage":{"@id":"https:\/\/quehacerpolitico.mx\/?p=69788"},"wordCount":425,"commentCount":0,"image":{"@id":"https:\/\/quehacerpolitico.mx\/?p=69788#primaryimage"},"thumbnailUrl":"https:\/\/quehacerpolitico.mx\/wp-content\/uploads\/2020\/11\/784B2FC1-538D-41B4-911F-DD423EDED87F.jpeg","articleSection":["Noticias"],"inLanguage":"es","potentialAction":[{"@type":"CommentAction","name":"Comment","target":["https:\/\/quehacerpolitico.mx\/?p=69788#respond"]}]},{"@type":"WebPage","@id":"https:\/\/quehacerpolitico.mx\/?p=69788","url":"https:\/\/quehacerpolitico.mx\/?p=69788","name":"SCJN INVALIDA REFORMA EN MATERIA ELECTORAL DEL ESTADO DE CHIAPAS -","isPartOf":{"@id":"https:\/\/quehacerpolitico.mx\/#website"},"primaryImageOfPage":{"@id":"https:\/\/quehacerpolitico.mx\/?p=69788#primaryimage"},"image":{"@id":"https:\/\/quehacerpolitico.mx\/?p=69788#primaryimage"},"thumbnailUrl":"https:\/\/quehacerpolitico.mx\/wp-content\/uploads\/2020\/11\/784B2FC1-538D-41B4-911F-DD423EDED87F.jpeg","datePublished":"2020-12-04T00:20:24+00:00","author":{"@id":"https:\/\/quehacerpolitico.mx\/#\/schema\/person\/496d8ad2d1d3f8036101dca7ee39e585"},"breadcrumb":{"@id":"https:\/\/quehacerpolitico.mx\/?p=69788#breadcrumb"},"inLanguage":"es","potentialAction":[{"@type":"ReadAction","target":["https:\/\/quehacerpolitico.mx\/?p=69788"]}]},{"@type":"ImageObject","inLanguage":"es","@id":"https:\/\/quehacerpolitico.mx\/?p=69788#primaryimage","url":"https:\/\/quehacerpolitico.mx\/wp-content\/uploads\/2020\/11\/784B2FC1-538D-41B4-911F-DD423EDED87F.jpeg","contentUrl":"https:\/\/quehacerpolitico.mx\/wp-content\/uploads\/2020\/11\/784B2FC1-538D-41B4-911F-DD423EDED87F.jpeg","width":640,"height":480},{"@type":"BreadcrumbList","@id":"https:\/\/quehacerpolitico.mx\/?p=69788#breadcrumb","itemListElement":[{"@type":"ListItem","position":1,"name":"Inicio","item":"https:\/\/quehacerpolitico.mx\/"},{"@type":"ListItem","position":2,"name":"SCJN INVALIDA REFORMA EN MATERIA ELECTORAL DEL ESTADO DE CHIAPAS"}]},{"@type":"WebSite","@id":"https:\/\/quehacerpolitico.mx\/#website","url":"https:\/\/quehacerpolitico.mx\/","name":"","description":"","potentialAction":[{"@type":"SearchAction","target":{"@type":"EntryPoint","urlTemplate":"https:\/\/quehacerpolitico.mx\/?s={search_term_string}"},"query-input":{"@type":"PropertyValueSpecification","valueRequired":true,"valueName":"search_term_string"}}],"inLanguage":"es"},{"@type":"Person","@id":"https:\/\/quehacerpolitico.mx\/#\/schema\/person\/496d8ad2d1d3f8036101dca7ee39e585","name":"Redacci\u00f3n QP","image":{"@type":"ImageObject","inLanguage":"es","@id":"https:\/\/secure.gravatar.com\/avatar\/c7164ed6fdec453195284ad24a5ae5b6e1eed2b848477fa2a4787ba9adf39a41?s=96&d=mm&r=g","url":"https:\/\/secure.gravatar.com\/avatar\/c7164ed6fdec453195284ad24a5ae5b6e1eed2b848477fa2a4787ba9adf39a41?s=96&d=mm&r=g","contentUrl":"https:\/\/secure.gravatar.com\/avatar\/c7164ed6fdec453195284ad24a5ae5b6e1eed2b848477fa2a4787ba9adf39a41?s=96&d=mm&r=g","caption":"Redacci\u00f3n QP"},"url":"https:\/\/quehacerpolitico.mx\/?author=2"}]}},"featured_image_urls":{"full":["https:\/\/quehacerpolitico.mx\/wp-content\/uploads\/2020\/11\/784B2FC1-538D-41B4-911F-DD423EDED87F.jpeg",640,480,false],"thumbnail":["https:\/\/quehacerpolitico.mx\/wp-content\/uploads\/2020\/11\/784B2FC1-538D-41B4-911F-DD423EDED87F-150x150.jpeg",150,150,true],"medium":["https:\/\/quehacerpolitico.mx\/wp-content\/uploads\/2020\/11\/784B2FC1-538D-41B4-911F-DD423EDED87F-300x225.jpeg",300,225,true],"medium_large":["https:\/\/quehacerpolitico.mx\/wp-content\/uploads\/2020\/11\/784B2FC1-538D-41B4-911F-DD423EDED87F.jpeg",640,480,false],"large":["https:\/\/quehacerpolitico.mx\/wp-content\/uploads\/2020\/11\/784B2FC1-538D-41B4-911F-DD423EDED87F.jpeg",640,480,false],"1536x1536":["https:\/\/quehacerpolitico.mx\/wp-content\/uploads\/2020\/11\/784B2FC1-538D-41B4-911F-DD423EDED87F.jpeg",640,480,false],"2048x2048":["https:\/\/quehacerpolitico.mx\/wp-content\/uploads\/2020\/11\/784B2FC1-538D-41B4-911F-DD423EDED87F.jpeg",640,480,false],"covernews-featured":["https:\/\/quehacerpolitico.mx\/wp-content\/uploads\/2020\/11\/784B2FC1-538D-41B4-911F-DD423EDED87F.jpeg",640,480,false],"covernews-medium":["https:\/\/quehacerpolitico.mx\/wp-content\/uploads\/2020\/11\/784B2FC1-538D-41B4-911F-DD423EDED87F.jpeg",453,340,false]},"author_info":{"display_name":"Redacci\u00f3n QP","author_link":"https:\/\/quehacerpolitico.mx\/?author=2"},"category_info":"<a href=\"https:\/\/quehacerpolitico.mx\/?cat=2\" rel=\"category\">Noticias<\/a>","tag_info":"Noticias","comment_count":"0","_links":{"self":[{"href":"https:\/\/quehacerpolitico.mx\/index.php?rest_route=\/wp\/v2\/posts\/69788","targetHints":{"allow":["GET"]}}],"collection":[{"href":"https:\/\/quehacerpolitico.mx\/index.php?rest_route=\/wp\/v2\/posts"}],"about":[{"href":"https:\/\/quehacerpolitico.mx\/index.php?rest_route=\/wp\/v2\/types\/post"}],"author":[{"embeddable":true,"href":"https:\/\/quehacerpolitico.mx\/index.php?rest_route=\/wp\/v2\/users\/2"}],"replies":[{"embeddable":true,"href":"https:\/\/quehacerpolitico.mx\/index.php?rest_route=%2Fwp%2Fv2%2Fcomments&post=69788"}],"version-history":[{"count":0,"href":"https:\/\/quehacerpolitico.mx\/index.php?rest_route=\/wp\/v2\/posts\/69788\/revisions"}],"wp:featuredmedia":[{"embeddable":true,"href":"https:\/\/quehacerpolitico.mx\/index.php?rest_route=\/wp\/v2\/media\/69527"}],"wp:attachment":[{"href":"https:\/\/quehacerpolitico.mx\/index.php?rest_route=%2Fwp%2Fv2%2Fmedia&parent=69788"}],"wp:term":[{"taxonomy":"category","embeddable":true,"href":"https:\/\/quehacerpolitico.mx\/index.php?rest_route=%2Fwp%2Fv2%2Fcategories&post=69788"},{"taxonomy":"post_tag","embeddable":true,"href":"https:\/\/quehacerpolitico.mx\/index.php?rest_route=%2Fwp%2Fv2%2Ftags&post=69788"}],"curies":[{"name":"wp","href":"https:\/\/api.w.org\/{rel}","templated":true}]}}