{"id":69770,"date":"2020-12-03T17:08:43","date_gmt":"2020-12-03T17:08:43","guid":{"rendered":"https:\/\/quehacerpolitico.mx\/?p=69770"},"modified":"2020-12-03T17:08:43","modified_gmt":"2020-12-03T17:08:43","slug":"amlo-asegura-que-con-salida-de-romo-desaparece-oficina-de-presidencia","status":"publish","type":"post","link":"https:\/\/quehacerpolitico.mx\/?p=69770","title":{"rendered":"AMLO asegura que con salida de Romo desaparece Oficina de Presidencia"},"content":{"rendered":"<h1 class=\"news-title\">AMLO asegura que con salida de Romo desaparece Oficina de Presidencia<br \/>\nPor Redacci\u00f3n QP<\/h1>\n<div class=\"news-subtitle\">\n<p>El cargo de Jefe de Oficina de la Presidencia quedar\u00e1 vacante, para ahorrar ese recurso, declara L\u00f3pez Obrador<\/p>\n<\/div>\n<div class=\"social-share-box normal\">\n<p>El Presidente Andr\u00e9s Manuel L\u00f3pez Obrador (AMLO) anunci\u00f3 esta ma\u00f1ana que tras la salida de Alfonso Romo Garza del Gabinete Federal,\u00a0<strong>el cargo de Jefe de Oficina de la Presidencia quedar\u00e1 vacante<\/strong>, para ahorrar ese recurso.<\/p>\n<p>&#8220;Ya no vamos a tener esa oficina, porque me va a seguir ayudando sin ser funcionario y vamos a aprovechar para ahorrar, no cobraba, la mayor\u00eda de su equipo no cobraba&#8221;, dijo AMLO.<\/p>\n<blockquote class=\"twitter-tweet\" data-width=\"550\" data-dnt=\"true\">\n<p lang=\"es\" dir=\"ltr\">Ahora que Alfonso Romo deja la Oficina de la Presidencia, el presidente L\u00f3pez Obrador dijo que esta desaparecer\u00e1 con la intenci\u00f3n de ahorrar \ud83d\udcb8 <a href=\"https:\/\/t.co\/86tn2rK2k7\">pic.twitter.com\/86tn2rK2k7<\/a><\/p>\n<p>&mdash; Ruido en la Red (@RuidoEnLaRed) <a href=\"https:\/\/twitter.com\/RuidoEnLaRed\/status\/1334507714752303104?ref_src=twsrc%5Etfw\">December 3, 2020<\/a><\/p><\/blockquote>\n<p><script async src=\"https:\/\/platform.twitter.com\/widgets.js\" charset=\"utf-8\"><\/script><\/p>\n<div id=\"teads_ad\">\n<div id=\"div-gpt-ad-1548262875188-0\" data-google-query-id=\"COKi18Slsu0CFRI_AQodj9EE8w\">El Presidente <strong>L\u00f3pez Obrador pidi\u00f3 no caer en conjeturas o especulaciones sobre la salida de Romo<\/strong>. Asegur\u00f3 que <strong>su renuncia\u00a0fue porque ya no quer\u00eda estar en el Gobierno<\/strong>, pero seguir\u00e1 siendo su principal enlace con el sector privado.<\/div>\n<div data-google-query-id=\"COKi18Slsu0CFRI_AQodj9EE8w\">\n<p>&#8220;Si no se lee el mensaje se especula, se cae en conjeturas, (Romo) <strong>seguir\u00e1 siendo mi principal enlace con el sector privado<\/strong>. Le ped\u00ed que aceptara ser funcionario y particip\u00f3 por dos a\u00f1os, a principios de a\u00f1o me lo record\u00f3&#8221;, declar\u00f3 AMLO.<\/p>\n<div>\n<figure class=\"image\"><img decoding=\"async\" title=\"\" src=\"https:\/\/www.informador.mx\/export\/sites\/elinformador\/img\/2020\/12\/03\/amlo.jpg_294268676.jpg\" alt=\"\" hspace=\"5\" vspace=\"5\" data-height=\"702\" data-size=\"w:592,h:702\" data-width=\"592\" \/><\/figure>\n<\/div>\n<p>&#8220;Ponch\u00f3 est\u00e1 m\u00e1s en mi visi\u00f3n de que lo importante no es el cargo, sino el encargo, nos va a seguir ayudando como enlace con el sector privado&#8221;, comparti\u00f3 L\u00f3pez Obrador.<\/p>\n<p>Se\u00f1al\u00f3 que hay muchos ciudadanos y empresarios a los que ha invitado a participar, porque simpatizan con su movimiento, pero ellos quieren ayudar de otra manera, sin cargos, porque act\u00faan con libertad e independencia.<\/p>\n<p>Destac\u00f3 que Romo Garza fue el primero de los empresarios en adherirse a su movimiento a pesar de las cr\u00edticas de &#8220;su gremio&#8221; que lo ve\u00eda con malos ojos.<\/p>\n<p>Con informaci\u00f3n de SUN<\/p>\n<\/div>\n<\/div>\n<\/div>\n","protected":false},"excerpt":{"rendered":"<p>AMLO asegura que con salida de Romo desaparece Oficina de Presidencia Por Redacci\u00f3n QP El&#8230;<\/p>\n","protected":false},"author":2,"featured_media":69771,"comment_status":"open","ping_status":"open","sticky":false,"template":"","format":"standard","meta":{"_monsterinsights_skip_tracking":false,"_monsterinsights_sitenote_active":false,"_monsterinsights_sitenote_note":"","_monsterinsights_sitenote_category":0,"footnotes":""},"categories":[2],"tags":[],"class_list":["post-69770","post","type-post","status-publish","format-standard","has-post-thumbnail","hentry","category-noticias"],"yoast_head":"<!-- This site is optimized with the Yoast SEO plugin v27.3 - https:\/\/yoast.com\/product\/yoast-seo-wordpress\/ -->\n<title>AMLO asegura que con salida de Romo desaparece Oficina de Presidencia -<\/title>\n<meta name=\"robots\" content=\"index, follow, max-snippet:-1, max-image-preview:large, max-video-preview:-1\" \/>\n<link rel=\"canonical\" href=\"https:\/\/quehacerpolitico.mx\/?p=69770\" \/>\n<meta property=\"og:locale\" content=\"es_MX\" \/>\n<meta property=\"og:type\" content=\"article\" \/>\n<meta property=\"og:title\" content=\"AMLO asegura que con salida de Romo desaparece Oficina de Presidencia -\" \/>\n<meta property=\"og:description\" content=\"AMLO asegura que con salida de Romo desaparece Oficina de Presidencia Por Redacci\u00f3n QP El...\" \/>\n<meta property=\"og:url\" content=\"https:\/\/quehacerpolitico.mx\/?p=69770\" \/>\n<meta property=\"article:published_time\" content=\"2020-12-03T17:08:43+00:00\" \/>\n<meta property=\"og:image\" content=\"https:\/\/quehacerpolitico.mx\/wp-content\/uploads\/2020\/12\/F4042819-378A-46D4-BC3B-D8295C5662D0.jpeg\" \/>\n\t<meta property=\"og:image:width\" content=\"1242\" \/>\n\t<meta property=\"og:image:height\" content=\"675\" \/>\n\t<meta property=\"og:image:type\" content=\"image\/jpeg\" \/>\n<meta name=\"author\" content=\"Redacci\u00f3n QP\" \/>\n<meta name=\"twitter:card\" content=\"summary_large_image\" \/>\n<meta name=\"twitter:label1\" content=\"Escrito por\" \/>\n\t<meta name=\"twitter:data1\" content=\"Redacci\u00f3n QP\" \/>\n\t<meta name=\"twitter:label2\" content=\"Tiempo de lectura\" \/>\n\t<meta name=\"twitter:data2\" content=\"2 minutos\" \/>\n<script type=\"application\/ld+json\" class=\"yoast-schema-graph\">{\"@context\":\"https:\\\/\\\/schema.org\",\"@graph\":[{\"@type\":\"Article\",\"@id\":\"https:\\\/\\\/quehacerpolitico.mx\\\/?p=69770#article\",\"isPartOf\":{\"@id\":\"https:\\\/\\\/quehacerpolitico.mx\\\/?p=69770\"},\"author\":{\"name\":\"Redacci\u00f3n QP\",\"@id\":\"https:\\\/\\\/quehacerpolitico.mx\\\/#\\\/schema\\\/person\\\/496d8ad2d1d3f8036101dca7ee39e585\"},\"headline\":\"AMLO asegura que con salida de Romo desaparece Oficina de Presidencia\",\"datePublished\":\"2020-12-03T17:08:43+00:00\",\"mainEntityOfPage\":{\"@id\":\"https:\\\/\\\/quehacerpolitico.mx\\\/?p=69770\"},\"wordCount\":315,\"commentCount\":0,\"image\":{\"@id\":\"https:\\\/\\\/quehacerpolitico.mx\\\/?p=69770#primaryimage\"},\"thumbnailUrl\":\"https:\\\/\\\/quehacerpolitico.mx\\\/wp-content\\\/uploads\\\/2020\\\/12\\\/F4042819-378A-46D4-BC3B-D8295C5662D0.jpeg\",\"articleSection\":[\"Noticias\"],\"inLanguage\":\"es\",\"potentialAction\":[{\"@type\":\"CommentAction\",\"name\":\"Comment\",\"target\":[\"https:\\\/\\\/quehacerpolitico.mx\\\/?p=69770#respond\"]}]},{\"@type\":\"WebPage\",\"@id\":\"https:\\\/\\\/quehacerpolitico.mx\\\/?p=69770\",\"url\":\"https:\\\/\\\/quehacerpolitico.mx\\\/?p=69770\",\"name\":\"AMLO asegura que con salida de Romo desaparece Oficina de Presidencia -\",\"isPartOf\":{\"@id\":\"https:\\\/\\\/quehacerpolitico.mx\\\/#website\"},\"primaryImageOfPage\":{\"@id\":\"https:\\\/\\\/quehacerpolitico.mx\\\/?p=69770#primaryimage\"},\"image\":{\"@id\":\"https:\\\/\\\/quehacerpolitico.mx\\\/?p=69770#primaryimage\"},\"thumbnailUrl\":\"https:\\\/\\\/quehacerpolitico.mx\\\/wp-content\\\/uploads\\\/2020\\\/12\\\/F4042819-378A-46D4-BC3B-D8295C5662D0.jpeg\",\"datePublished\":\"2020-12-03T17:08:43+00:00\",\"author\":{\"@id\":\"https:\\\/\\\/quehacerpolitico.mx\\\/#\\\/schema\\\/person\\\/496d8ad2d1d3f8036101dca7ee39e585\"},\"breadcrumb\":{\"@id\":\"https:\\\/\\\/quehacerpolitico.mx\\\/?p=69770#breadcrumb\"},\"inLanguage\":\"es\",\"potentialAction\":[{\"@type\":\"ReadAction\",\"target\":[\"https:\\\/\\\/quehacerpolitico.mx\\\/?p=69770\"]}]},{\"@type\":\"ImageObject\",\"inLanguage\":\"es\",\"@id\":\"https:\\\/\\\/quehacerpolitico.mx\\\/?p=69770#primaryimage\",\"url\":\"https:\\\/\\\/quehacerpolitico.mx\\\/wp-content\\\/uploads\\\/2020\\\/12\\\/F4042819-378A-46D4-BC3B-D8295C5662D0.jpeg\",\"contentUrl\":\"https:\\\/\\\/quehacerpolitico.mx\\\/wp-content\\\/uploads\\\/2020\\\/12\\\/F4042819-378A-46D4-BC3B-D8295C5662D0.jpeg\",\"width\":1242,\"height\":675},{\"@type\":\"BreadcrumbList\",\"@id\":\"https:\\\/\\\/quehacerpolitico.mx\\\/?p=69770#breadcrumb\",\"itemListElement\":[{\"@type\":\"ListItem\",\"position\":1,\"name\":\"Inicio\",\"item\":\"https:\\\/\\\/quehacerpolitico.mx\\\/\"},{\"@type\":\"ListItem\",\"position\":2,\"name\":\"AMLO asegura que con salida de Romo desaparece Oficina de Presidencia\"}]},{\"@type\":\"WebSite\",\"@id\":\"https:\\\/\\\/quehacerpolitico.mx\\\/#website\",\"url\":\"https:\\\/\\\/quehacerpolitico.mx\\\/\",\"name\":\"\",\"description\":\"\",\"potentialAction\":[{\"@type\":\"SearchAction\",\"target\":{\"@type\":\"EntryPoint\",\"urlTemplate\":\"https:\\\/\\\/quehacerpolitico.mx\\\/?s={search_term_string}\"},\"query-input\":{\"@type\":\"PropertyValueSpecification\",\"valueRequired\":true,\"valueName\":\"search_term_string\"}}],\"inLanguage\":\"es\"},{\"@type\":\"Person\",\"@id\":\"https:\\\/\\\/quehacerpolitico.mx\\\/#\\\/schema\\\/person\\\/496d8ad2d1d3f8036101dca7ee39e585\",\"name\":\"Redacci\u00f3n QP\",\"image\":{\"@type\":\"ImageObject\",\"inLanguage\":\"es\",\"@id\":\"https:\\\/\\\/secure.gravatar.com\\\/avatar\\\/c7164ed6fdec453195284ad24a5ae5b6e1eed2b848477fa2a4787ba9adf39a41?s=96&d=mm&r=g\",\"url\":\"https:\\\/\\\/secure.gravatar.com\\\/avatar\\\/c7164ed6fdec453195284ad24a5ae5b6e1eed2b848477fa2a4787ba9adf39a41?s=96&d=mm&r=g\",\"contentUrl\":\"https:\\\/\\\/secure.gravatar.com\\\/avatar\\\/c7164ed6fdec453195284ad24a5ae5b6e1eed2b848477fa2a4787ba9adf39a41?s=96&d=mm&r=g\",\"caption\":\"Redacci\u00f3n QP\"},\"url\":\"https:\\\/\\\/quehacerpolitico.mx\\\/?author=2\"}]}<\/script>\n<!-- \/ Yoast SEO plugin. -->","yoast_head_json":{"title":"AMLO asegura que con salida de Romo desaparece Oficina de Presidencia -","robots":{"index":"index","follow":"follow","max-snippet":"max-snippet:-1","max-image-preview":"max-image-preview:large","max-video-preview":"max-video-preview:-1"},"canonical":"https:\/\/quehacerpolitico.mx\/?p=69770","og_locale":"es_MX","og_type":"article","og_title":"AMLO asegura que con salida de Romo desaparece Oficina de Presidencia -","og_description":"AMLO asegura que con salida de Romo desaparece Oficina de Presidencia Por Redacci\u00f3n QP El...","og_url":"https:\/\/quehacerpolitico.mx\/?p=69770","article_published_time":"2020-12-03T17:08:43+00:00","og_image":[{"width":1242,"height":675,"url":"https:\/\/quehacerpolitico.mx\/wp-content\/uploads\/2020\/12\/F4042819-378A-46D4-BC3B-D8295C5662D0.jpeg","type":"image\/jpeg"}],"author":"Redacci\u00f3n QP","twitter_card":"summary_large_image","twitter_misc":{"Escrito por":"Redacci\u00f3n QP","Tiempo de lectura":"2 minutos"},"schema":{"@context":"https:\/\/schema.org","@graph":[{"@type":"Article","@id":"https:\/\/quehacerpolitico.mx\/?p=69770#article","isPartOf":{"@id":"https:\/\/quehacerpolitico.mx\/?p=69770"},"author":{"name":"Redacci\u00f3n QP","@id":"https:\/\/quehacerpolitico.mx\/#\/schema\/person\/496d8ad2d1d3f8036101dca7ee39e585"},"headline":"AMLO asegura que con salida de Romo desaparece Oficina de Presidencia","datePublished":"2020-12-03T17:08:43+00:00","mainEntityOfPage":{"@id":"https:\/\/quehacerpolitico.mx\/?p=69770"},"wordCount":315,"commentCount":0,"image":{"@id":"https:\/\/quehacerpolitico.mx\/?p=69770#primaryimage"},"thumbnailUrl":"https:\/\/quehacerpolitico.mx\/wp-content\/uploads\/2020\/12\/F4042819-378A-46D4-BC3B-D8295C5662D0.jpeg","articleSection":["Noticias"],"inLanguage":"es","potentialAction":[{"@type":"CommentAction","name":"Comment","target":["https:\/\/quehacerpolitico.mx\/?p=69770#respond"]}]},{"@type":"WebPage","@id":"https:\/\/quehacerpolitico.mx\/?p=69770","url":"https:\/\/quehacerpolitico.mx\/?p=69770","name":"AMLO asegura que con salida de Romo desaparece Oficina de Presidencia -","isPartOf":{"@id":"https:\/\/quehacerpolitico.mx\/#website"},"primaryImageOfPage":{"@id":"https:\/\/quehacerpolitico.mx\/?p=69770#primaryimage"},"image":{"@id":"https:\/\/quehacerpolitico.mx\/?p=69770#primaryimage"},"thumbnailUrl":"https:\/\/quehacerpolitico.mx\/wp-content\/uploads\/2020\/12\/F4042819-378A-46D4-BC3B-D8295C5662D0.jpeg","datePublished":"2020-12-03T17:08:43+00:00","author":{"@id":"https:\/\/quehacerpolitico.mx\/#\/schema\/person\/496d8ad2d1d3f8036101dca7ee39e585"},"breadcrumb":{"@id":"https:\/\/quehacerpolitico.mx\/?p=69770#breadcrumb"},"inLanguage":"es","potentialAction":[{"@type":"ReadAction","target":["https:\/\/quehacerpolitico.mx\/?p=69770"]}]},{"@type":"ImageObject","inLanguage":"es","@id":"https:\/\/quehacerpolitico.mx\/?p=69770#primaryimage","url":"https:\/\/quehacerpolitico.mx\/wp-content\/uploads\/2020\/12\/F4042819-378A-46D4-BC3B-D8295C5662D0.jpeg","contentUrl":"https:\/\/quehacerpolitico.mx\/wp-content\/uploads\/2020\/12\/F4042819-378A-46D4-BC3B-D8295C5662D0.jpeg","width":1242,"height":675},{"@type":"BreadcrumbList","@id":"https:\/\/quehacerpolitico.mx\/?p=69770#breadcrumb","itemListElement":[{"@type":"ListItem","position":1,"name":"Inicio","item":"https:\/\/quehacerpolitico.mx\/"},{"@type":"ListItem","position":2,"name":"AMLO asegura que con salida de Romo desaparece Oficina de Presidencia"}]},{"@type":"WebSite","@id":"https:\/\/quehacerpolitico.mx\/#website","url":"https:\/\/quehacerpolitico.mx\/","name":"","description":"","potentialAction":[{"@type":"SearchAction","target":{"@type":"EntryPoint","urlTemplate":"https:\/\/quehacerpolitico.mx\/?s={search_term_string}"},"query-input":{"@type":"PropertyValueSpecification","valueRequired":true,"valueName":"search_term_string"}}],"inLanguage":"es"},{"@type":"Person","@id":"https:\/\/quehacerpolitico.mx\/#\/schema\/person\/496d8ad2d1d3f8036101dca7ee39e585","name":"Redacci\u00f3n QP","image":{"@type":"ImageObject","inLanguage":"es","@id":"https:\/\/secure.gravatar.com\/avatar\/c7164ed6fdec453195284ad24a5ae5b6e1eed2b848477fa2a4787ba9adf39a41?s=96&d=mm&r=g","url":"https:\/\/secure.gravatar.com\/avatar\/c7164ed6fdec453195284ad24a5ae5b6e1eed2b848477fa2a4787ba9adf39a41?s=96&d=mm&r=g","contentUrl":"https:\/\/secure.gravatar.com\/avatar\/c7164ed6fdec453195284ad24a5ae5b6e1eed2b848477fa2a4787ba9adf39a41?s=96&d=mm&r=g","caption":"Redacci\u00f3n QP"},"url":"https:\/\/quehacerpolitico.mx\/?author=2"}]}},"featured_image_urls":{"full":["https:\/\/quehacerpolitico.mx\/wp-content\/uploads\/2020\/12\/F4042819-378A-46D4-BC3B-D8295C5662D0.jpeg",1242,675,false],"thumbnail":["https:\/\/quehacerpolitico.mx\/wp-content\/uploads\/2020\/12\/F4042819-378A-46D4-BC3B-D8295C5662D0-150x150.jpeg",150,150,true],"medium":["https:\/\/quehacerpolitico.mx\/wp-content\/uploads\/2020\/12\/F4042819-378A-46D4-BC3B-D8295C5662D0-300x163.jpeg",300,163,true],"medium_large":["https:\/\/quehacerpolitico.mx\/wp-content\/uploads\/2020\/12\/F4042819-378A-46D4-BC3B-D8295C5662D0-768x417.jpeg",640,348,true],"large":["https:\/\/quehacerpolitico.mx\/wp-content\/uploads\/2020\/12\/F4042819-378A-46D4-BC3B-D8295C5662D0-1024x557.jpeg",640,348,true],"1536x1536":["https:\/\/quehacerpolitico.mx\/wp-content\/uploads\/2020\/12\/F4042819-378A-46D4-BC3B-D8295C5662D0.jpeg",1242,675,false],"2048x2048":["https:\/\/quehacerpolitico.mx\/wp-content\/uploads\/2020\/12\/F4042819-378A-46D4-BC3B-D8295C5662D0.jpeg",1242,675,false],"covernews-featured":["https:\/\/quehacerpolitico.mx\/wp-content\/uploads\/2020\/12\/F4042819-378A-46D4-BC3B-D8295C5662D0.jpeg",1024,557,false],"covernews-medium":["https:\/\/quehacerpolitico.mx\/wp-content\/uploads\/2020\/12\/F4042819-378A-46D4-BC3B-D8295C5662D0.jpeg",540,293,false]},"author_info":{"display_name":"Redacci\u00f3n QP","author_link":"https:\/\/quehacerpolitico.mx\/?author=2"},"category_info":"<a href=\"https:\/\/quehacerpolitico.mx\/?cat=2\" rel=\"category\">Noticias<\/a>","tag_info":"Noticias","comment_count":"0","_links":{"self":[{"href":"https:\/\/quehacerpolitico.mx\/index.php?rest_route=\/wp\/v2\/posts\/69770","targetHints":{"allow":["GET"]}}],"collection":[{"href":"https:\/\/quehacerpolitico.mx\/index.php?rest_route=\/wp\/v2\/posts"}],"about":[{"href":"https:\/\/quehacerpolitico.mx\/index.php?rest_route=\/wp\/v2\/types\/post"}],"author":[{"embeddable":true,"href":"https:\/\/quehacerpolitico.mx\/index.php?rest_route=\/wp\/v2\/users\/2"}],"replies":[{"embeddable":true,"href":"https:\/\/quehacerpolitico.mx\/index.php?rest_route=%2Fwp%2Fv2%2Fcomments&post=69770"}],"version-history":[{"count":0,"href":"https:\/\/quehacerpolitico.mx\/index.php?rest_route=\/wp\/v2\/posts\/69770\/revisions"}],"wp:featuredmedia":[{"embeddable":true,"href":"https:\/\/quehacerpolitico.mx\/index.php?rest_route=\/wp\/v2\/media\/69771"}],"wp:attachment":[{"href":"https:\/\/quehacerpolitico.mx\/index.php?rest_route=%2Fwp%2Fv2%2Fmedia&parent=69770"}],"wp:term":[{"taxonomy":"category","embeddable":true,"href":"https:\/\/quehacerpolitico.mx\/index.php?rest_route=%2Fwp%2Fv2%2Fcategories&post=69770"},{"taxonomy":"post_tag","embeddable":true,"href":"https:\/\/quehacerpolitico.mx\/index.php?rest_route=%2Fwp%2Fv2%2Ftags&post=69770"}],"curies":[{"name":"wp","href":"https:\/\/api.w.org\/{rel}","templated":true}]}}