{"id":69756,"date":"2020-12-03T03:00:06","date_gmt":"2020-12-03T03:00:06","guid":{"rendered":"https:\/\/quehacerpolitico.mx\/?p=69756"},"modified":"2020-12-03T03:00:06","modified_gmt":"2020-12-03T03:00:06","slug":"mexico-confirma-11-mil-251-casos-en-las-ultimas-24-horas","status":"publish","type":"post","link":"https:\/\/quehacerpolitico.mx\/?p=69756","title":{"rendered":"M\u00e9xico confirma 11 mil 251 casos en las \u00faltimas 24 horas"},"content":{"rendered":"<h1 class=\"news-title\">M\u00e9xico confirma 11 mil 251 casos en las \u00faltimas 24 horas<br \/>\nPor Redacci\u00f3n QP<\/h1>\n<p>El total de infecciones en el pa\u00eds asciende a un mill\u00f3n 133 mil 613, mientras que se contabilizan 107 mil 565 muertes<\/p>\n<blockquote class=\"twitter-tweet\" data-width=\"550\" data-dnt=\"true\">\n<p lang=\"es\" dir=\"ltr\">Conferencia de Prensa <a href=\"https:\/\/twitter.com\/hashtag\/COVID19?src=hash&amp;ref_src=twsrc%5Etfw\">#COVID19<\/a> | 2 de diciembre de 2020 <a href=\"https:\/\/twitter.com\/hashtag\/graciasporcuidarnos?src=hash&amp;ref_src=twsrc%5Etfw\">#graciasporcuidarnos<\/a> <a href=\"https:\/\/t.co\/VaGzjUnsQo\">https:\/\/t.co\/VaGzjUnsQo<\/a><\/p>\n<p>&mdash; SALUD M\u00e9xico (@SSalud_mx) <a href=\"https:\/\/twitter.com\/SSalud_mx\/status\/1334300701594447873?ref_src=twsrc%5Etfw\">December 3, 2020<\/a><\/p><\/blockquote>\n<p><script async src=\"https:\/\/platform.twitter.com\/widgets.js\" charset=\"utf-8\"><\/script><\/p>\n<p>Este mi\u00e9rcoles, la Secretaria de Salud\u00a0confirm\u00f3 11 mil 251 casos de COVID-19 en las \u00faltimas 24 horas, con los que ya acumula un mill\u00f3n 133 mil 613 infecciones acumuladas desde el inicio de la pandemia.<\/p>\n<blockquote class=\"twitter-tweet\" data-width=\"550\" data-dnt=\"true\">\n<p lang=\"es\" dir=\"ltr\">Comunicado T\u00e9cnico Diario: Nuevo Coronavirus en el Mundo <a href=\"https:\/\/twitter.com\/hashtag\/COVID19?src=hash&amp;ref_src=twsrc%5Etfw\">#COVID19<\/a> | 2 de diciembre de 2020<\/p>\n<p>\u27a1\ufe0f <a href=\"https:\/\/t.co\/5A8Rlv3XdJ\">https:\/\/t.co\/5A8Rlv3XdJ<\/a> <a href=\"https:\/\/t.co\/DVr0PTQhD3\">pic.twitter.com\/DVr0PTQhD3<\/a><\/p>\n<p>&mdash; SALUD M\u00e9xico (@SSalud_mx) <a href=\"https:\/\/twitter.com\/SSalud_mx\/status\/1334321266342289408?ref_src=twsrc%5Etfw\">December 3, 2020<\/a><\/p><\/blockquote>\n<p><script async src=\"https:\/\/platform.twitter.com\/widgets.js\" charset=\"utf-8\"><\/script><\/p>\n<p>De igual manera, autoridades federales contabilizaron <strong>800 decesos m\u00e1s de personas que se contagiaron del virus SARS-CoV-2, por lo que ya suman 107 mil 565 muertes.<\/strong><\/p>\n<p>Detallan asimismo que hay un aproximado de 67 mil 218 casos activos estimados y 836 mil 567 personas se han recuperado del virus.<\/p>\n<blockquote class=\"twitter-tweet\" data-width=\"550\" data-dnt=\"true\">\n<p lang=\"es\" dir=\"ltr\">A nivel nacional, el 40% de camas de hospitalizaci\u00f3n general y el 33% de camas con ventiladores est\u00e1n ocupadas. 2\/2 <a href=\"https:\/\/t.co\/24y5PkG0kw\">pic.twitter.com\/24y5PkG0kw<\/a><\/p>\n<p>&mdash; Hugo L\u00f3pez-Gatell Ram\u00edrez (@HLGatell) <a href=\"https:\/\/twitter.com\/HLGatell\/status\/1334305921380409345?ref_src=twsrc%5Etfw\">December 3, 2020<\/a><\/p><\/blockquote>\n<p><script async src=\"https:\/\/platform.twitter.com\/widgets.js\" charset=\"utf-8\"><\/script><\/p>\n<p>La ocupaci\u00f3n de camas de hospital generales es de 40 por ciento, mientras que para las camas con ventilador es del 33 por ciento; por lo que la ocupaci\u00f3n general es de 38 por ciento.<\/p>\n","protected":false},"excerpt":{"rendered":"<p>M\u00e9xico confirma 11 mil 251 casos en las \u00faltimas 24 horas Por Redacci\u00f3n QP El&#8230;<\/p>\n","protected":false},"author":2,"featured_media":69757,"comment_status":"open","ping_status":"open","sticky":false,"template":"","format":"standard","meta":{"_monsterinsights_skip_tracking":false,"_monsterinsights_sitenote_active":false,"_monsterinsights_sitenote_note":"","_monsterinsights_sitenote_category":0,"footnotes":""},"categories":[2],"tags":[],"class_list":["post-69756","post","type-post","status-publish","format-standard","has-post-thumbnail","hentry","category-noticias"],"yoast_head":"<!-- This site is optimized with the Yoast SEO plugin v27.3 - https:\/\/yoast.com\/product\/yoast-seo-wordpress\/ -->\n<title>M\u00e9xico confirma 11 mil 251 casos en las \u00faltimas 24 horas -<\/title>\n<meta name=\"robots\" content=\"index, follow, max-snippet:-1, max-image-preview:large, max-video-preview:-1\" \/>\n<link rel=\"canonical\" href=\"https:\/\/quehacerpolitico.mx\/?p=69756\" \/>\n<meta property=\"og:locale\" content=\"es_MX\" \/>\n<meta property=\"og:type\" content=\"article\" \/>\n<meta property=\"og:title\" content=\"M\u00e9xico confirma 11 mil 251 casos en las \u00faltimas 24 horas -\" \/>\n<meta property=\"og:description\" content=\"M\u00e9xico confirma 11 mil 251 casos en las \u00faltimas 24 horas Por Redacci\u00f3n QP El...\" \/>\n<meta property=\"og:url\" content=\"https:\/\/quehacerpolitico.mx\/?p=69756\" \/>\n<meta property=\"article:published_time\" content=\"2020-12-03T03:00:06+00:00\" \/>\n<meta property=\"og:image\" content=\"https:\/\/quehacerpolitico.mx\/wp-content\/uploads\/2020\/12\/2CA1B83A-9EFE-47CC-A492-FE522FFE297C.jpeg\" \/>\n\t<meta property=\"og:image:width\" content=\"1218\" \/>\n\t<meta property=\"og:image:height\" content=\"664\" \/>\n\t<meta property=\"og:image:type\" content=\"image\/jpeg\" \/>\n<meta name=\"author\" content=\"Redacci\u00f3n QP\" \/>\n<meta name=\"twitter:card\" content=\"summary_large_image\" \/>\n<meta name=\"twitter:label1\" content=\"Escrito por\" \/>\n\t<meta name=\"twitter:data1\" content=\"Redacci\u00f3n QP\" \/>\n\t<meta name=\"twitter:label2\" content=\"Tiempo de lectura\" \/>\n\t<meta name=\"twitter:data2\" content=\"1 minuto\" \/>\n<script type=\"application\/ld+json\" class=\"yoast-schema-graph\">{\"@context\":\"https:\\\/\\\/schema.org\",\"@graph\":[{\"@type\":\"Article\",\"@id\":\"https:\\\/\\\/quehacerpolitico.mx\\\/?p=69756#article\",\"isPartOf\":{\"@id\":\"https:\\\/\\\/quehacerpolitico.mx\\\/?p=69756\"},\"author\":{\"name\":\"Redacci\u00f3n QP\",\"@id\":\"https:\\\/\\\/quehacerpolitico.mx\\\/#\\\/schema\\\/person\\\/496d8ad2d1d3f8036101dca7ee39e585\"},\"headline\":\"M\u00e9xico confirma 11 mil 251 casos en las \u00faltimas 24 horas\",\"datePublished\":\"2020-12-03T03:00:06+00:00\",\"mainEntityOfPage\":{\"@id\":\"https:\\\/\\\/quehacerpolitico.mx\\\/?p=69756\"},\"wordCount\":172,\"commentCount\":0,\"image\":{\"@id\":\"https:\\\/\\\/quehacerpolitico.mx\\\/?p=69756#primaryimage\"},\"thumbnailUrl\":\"https:\\\/\\\/quehacerpolitico.mx\\\/wp-content\\\/uploads\\\/2020\\\/12\\\/2CA1B83A-9EFE-47CC-A492-FE522FFE297C.jpeg\",\"articleSection\":[\"Noticias\"],\"inLanguage\":\"es\",\"potentialAction\":[{\"@type\":\"CommentAction\",\"name\":\"Comment\",\"target\":[\"https:\\\/\\\/quehacerpolitico.mx\\\/?p=69756#respond\"]}]},{\"@type\":\"WebPage\",\"@id\":\"https:\\\/\\\/quehacerpolitico.mx\\\/?p=69756\",\"url\":\"https:\\\/\\\/quehacerpolitico.mx\\\/?p=69756\",\"name\":\"M\u00e9xico confirma 11 mil 251 casos en las \u00faltimas 24 horas -\",\"isPartOf\":{\"@id\":\"https:\\\/\\\/quehacerpolitico.mx\\\/#website\"},\"primaryImageOfPage\":{\"@id\":\"https:\\\/\\\/quehacerpolitico.mx\\\/?p=69756#primaryimage\"},\"image\":{\"@id\":\"https:\\\/\\\/quehacerpolitico.mx\\\/?p=69756#primaryimage\"},\"thumbnailUrl\":\"https:\\\/\\\/quehacerpolitico.mx\\\/wp-content\\\/uploads\\\/2020\\\/12\\\/2CA1B83A-9EFE-47CC-A492-FE522FFE297C.jpeg\",\"datePublished\":\"2020-12-03T03:00:06+00:00\",\"author\":{\"@id\":\"https:\\\/\\\/quehacerpolitico.mx\\\/#\\\/schema\\\/person\\\/496d8ad2d1d3f8036101dca7ee39e585\"},\"breadcrumb\":{\"@id\":\"https:\\\/\\\/quehacerpolitico.mx\\\/?p=69756#breadcrumb\"},\"inLanguage\":\"es\",\"potentialAction\":[{\"@type\":\"ReadAction\",\"target\":[\"https:\\\/\\\/quehacerpolitico.mx\\\/?p=69756\"]}]},{\"@type\":\"ImageObject\",\"inLanguage\":\"es\",\"@id\":\"https:\\\/\\\/quehacerpolitico.mx\\\/?p=69756#primaryimage\",\"url\":\"https:\\\/\\\/quehacerpolitico.mx\\\/wp-content\\\/uploads\\\/2020\\\/12\\\/2CA1B83A-9EFE-47CC-A492-FE522FFE297C.jpeg\",\"contentUrl\":\"https:\\\/\\\/quehacerpolitico.mx\\\/wp-content\\\/uploads\\\/2020\\\/12\\\/2CA1B83A-9EFE-47CC-A492-FE522FFE297C.jpeg\",\"width\":1218,\"height\":664},{\"@type\":\"BreadcrumbList\",\"@id\":\"https:\\\/\\\/quehacerpolitico.mx\\\/?p=69756#breadcrumb\",\"itemListElement\":[{\"@type\":\"ListItem\",\"position\":1,\"name\":\"Inicio\",\"item\":\"https:\\\/\\\/quehacerpolitico.mx\\\/\"},{\"@type\":\"ListItem\",\"position\":2,\"name\":\"M\u00e9xico confirma 11 mil 251 casos en las \u00faltimas 24 horas\"}]},{\"@type\":\"WebSite\",\"@id\":\"https:\\\/\\\/quehacerpolitico.mx\\\/#website\",\"url\":\"https:\\\/\\\/quehacerpolitico.mx\\\/\",\"name\":\"\",\"description\":\"\",\"potentialAction\":[{\"@type\":\"SearchAction\",\"target\":{\"@type\":\"EntryPoint\",\"urlTemplate\":\"https:\\\/\\\/quehacerpolitico.mx\\\/?s={search_term_string}\"},\"query-input\":{\"@type\":\"PropertyValueSpecification\",\"valueRequired\":true,\"valueName\":\"search_term_string\"}}],\"inLanguage\":\"es\"},{\"@type\":\"Person\",\"@id\":\"https:\\\/\\\/quehacerpolitico.mx\\\/#\\\/schema\\\/person\\\/496d8ad2d1d3f8036101dca7ee39e585\",\"name\":\"Redacci\u00f3n QP\",\"image\":{\"@type\":\"ImageObject\",\"inLanguage\":\"es\",\"@id\":\"https:\\\/\\\/secure.gravatar.com\\\/avatar\\\/c7164ed6fdec453195284ad24a5ae5b6e1eed2b848477fa2a4787ba9adf39a41?s=96&d=mm&r=g\",\"url\":\"https:\\\/\\\/secure.gravatar.com\\\/avatar\\\/c7164ed6fdec453195284ad24a5ae5b6e1eed2b848477fa2a4787ba9adf39a41?s=96&d=mm&r=g\",\"contentUrl\":\"https:\\\/\\\/secure.gravatar.com\\\/avatar\\\/c7164ed6fdec453195284ad24a5ae5b6e1eed2b848477fa2a4787ba9adf39a41?s=96&d=mm&r=g\",\"caption\":\"Redacci\u00f3n QP\"},\"url\":\"https:\\\/\\\/quehacerpolitico.mx\\\/?author=2\"}]}<\/script>\n<!-- \/ Yoast SEO plugin. -->","yoast_head_json":{"title":"M\u00e9xico confirma 11 mil 251 casos en las \u00faltimas 24 horas -","robots":{"index":"index","follow":"follow","max-snippet":"max-snippet:-1","max-image-preview":"max-image-preview:large","max-video-preview":"max-video-preview:-1"},"canonical":"https:\/\/quehacerpolitico.mx\/?p=69756","og_locale":"es_MX","og_type":"article","og_title":"M\u00e9xico confirma 11 mil 251 casos en las \u00faltimas 24 horas -","og_description":"M\u00e9xico confirma 11 mil 251 casos en las \u00faltimas 24 horas Por Redacci\u00f3n QP El...","og_url":"https:\/\/quehacerpolitico.mx\/?p=69756","article_published_time":"2020-12-03T03:00:06+00:00","og_image":[{"width":1218,"height":664,"url":"https:\/\/quehacerpolitico.mx\/wp-content\/uploads\/2020\/12\/2CA1B83A-9EFE-47CC-A492-FE522FFE297C.jpeg","type":"image\/jpeg"}],"author":"Redacci\u00f3n QP","twitter_card":"summary_large_image","twitter_misc":{"Escrito por":"Redacci\u00f3n QP","Tiempo de lectura":"1 minuto"},"schema":{"@context":"https:\/\/schema.org","@graph":[{"@type":"Article","@id":"https:\/\/quehacerpolitico.mx\/?p=69756#article","isPartOf":{"@id":"https:\/\/quehacerpolitico.mx\/?p=69756"},"author":{"name":"Redacci\u00f3n QP","@id":"https:\/\/quehacerpolitico.mx\/#\/schema\/person\/496d8ad2d1d3f8036101dca7ee39e585"},"headline":"M\u00e9xico confirma 11 mil 251 casos en las \u00faltimas 24 horas","datePublished":"2020-12-03T03:00:06+00:00","mainEntityOfPage":{"@id":"https:\/\/quehacerpolitico.mx\/?p=69756"},"wordCount":172,"commentCount":0,"image":{"@id":"https:\/\/quehacerpolitico.mx\/?p=69756#primaryimage"},"thumbnailUrl":"https:\/\/quehacerpolitico.mx\/wp-content\/uploads\/2020\/12\/2CA1B83A-9EFE-47CC-A492-FE522FFE297C.jpeg","articleSection":["Noticias"],"inLanguage":"es","potentialAction":[{"@type":"CommentAction","name":"Comment","target":["https:\/\/quehacerpolitico.mx\/?p=69756#respond"]}]},{"@type":"WebPage","@id":"https:\/\/quehacerpolitico.mx\/?p=69756","url":"https:\/\/quehacerpolitico.mx\/?p=69756","name":"M\u00e9xico confirma 11 mil 251 casos en las \u00faltimas 24 horas -","isPartOf":{"@id":"https:\/\/quehacerpolitico.mx\/#website"},"primaryImageOfPage":{"@id":"https:\/\/quehacerpolitico.mx\/?p=69756#primaryimage"},"image":{"@id":"https:\/\/quehacerpolitico.mx\/?p=69756#primaryimage"},"thumbnailUrl":"https:\/\/quehacerpolitico.mx\/wp-content\/uploads\/2020\/12\/2CA1B83A-9EFE-47CC-A492-FE522FFE297C.jpeg","datePublished":"2020-12-03T03:00:06+00:00","author":{"@id":"https:\/\/quehacerpolitico.mx\/#\/schema\/person\/496d8ad2d1d3f8036101dca7ee39e585"},"breadcrumb":{"@id":"https:\/\/quehacerpolitico.mx\/?p=69756#breadcrumb"},"inLanguage":"es","potentialAction":[{"@type":"ReadAction","target":["https:\/\/quehacerpolitico.mx\/?p=69756"]}]},{"@type":"ImageObject","inLanguage":"es","@id":"https:\/\/quehacerpolitico.mx\/?p=69756#primaryimage","url":"https:\/\/quehacerpolitico.mx\/wp-content\/uploads\/2020\/12\/2CA1B83A-9EFE-47CC-A492-FE522FFE297C.jpeg","contentUrl":"https:\/\/quehacerpolitico.mx\/wp-content\/uploads\/2020\/12\/2CA1B83A-9EFE-47CC-A492-FE522FFE297C.jpeg","width":1218,"height":664},{"@type":"BreadcrumbList","@id":"https:\/\/quehacerpolitico.mx\/?p=69756#breadcrumb","itemListElement":[{"@type":"ListItem","position":1,"name":"Inicio","item":"https:\/\/quehacerpolitico.mx\/"},{"@type":"ListItem","position":2,"name":"M\u00e9xico confirma 11 mil 251 casos en las \u00faltimas 24 horas"}]},{"@type":"WebSite","@id":"https:\/\/quehacerpolitico.mx\/#website","url":"https:\/\/quehacerpolitico.mx\/","name":"","description":"","potentialAction":[{"@type":"SearchAction","target":{"@type":"EntryPoint","urlTemplate":"https:\/\/quehacerpolitico.mx\/?s={search_term_string}"},"query-input":{"@type":"PropertyValueSpecification","valueRequired":true,"valueName":"search_term_string"}}],"inLanguage":"es"},{"@type":"Person","@id":"https:\/\/quehacerpolitico.mx\/#\/schema\/person\/496d8ad2d1d3f8036101dca7ee39e585","name":"Redacci\u00f3n QP","image":{"@type":"ImageObject","inLanguage":"es","@id":"https:\/\/secure.gravatar.com\/avatar\/c7164ed6fdec453195284ad24a5ae5b6e1eed2b848477fa2a4787ba9adf39a41?s=96&d=mm&r=g","url":"https:\/\/secure.gravatar.com\/avatar\/c7164ed6fdec453195284ad24a5ae5b6e1eed2b848477fa2a4787ba9adf39a41?s=96&d=mm&r=g","contentUrl":"https:\/\/secure.gravatar.com\/avatar\/c7164ed6fdec453195284ad24a5ae5b6e1eed2b848477fa2a4787ba9adf39a41?s=96&d=mm&r=g","caption":"Redacci\u00f3n QP"},"url":"https:\/\/quehacerpolitico.mx\/?author=2"}]}},"featured_image_urls":{"full":["https:\/\/quehacerpolitico.mx\/wp-content\/uploads\/2020\/12\/2CA1B83A-9EFE-47CC-A492-FE522FFE297C.jpeg",1218,664,false],"thumbnail":["https:\/\/quehacerpolitico.mx\/wp-content\/uploads\/2020\/12\/2CA1B83A-9EFE-47CC-A492-FE522FFE297C-150x150.jpeg",150,150,true],"medium":["https:\/\/quehacerpolitico.mx\/wp-content\/uploads\/2020\/12\/2CA1B83A-9EFE-47CC-A492-FE522FFE297C-300x164.jpeg",300,164,true],"medium_large":["https:\/\/quehacerpolitico.mx\/wp-content\/uploads\/2020\/12\/2CA1B83A-9EFE-47CC-A492-FE522FFE297C-768x419.jpeg",640,349,true],"large":["https:\/\/quehacerpolitico.mx\/wp-content\/uploads\/2020\/12\/2CA1B83A-9EFE-47CC-A492-FE522FFE297C-1024x558.jpeg",640,349,true],"1536x1536":["https:\/\/quehacerpolitico.mx\/wp-content\/uploads\/2020\/12\/2CA1B83A-9EFE-47CC-A492-FE522FFE297C.jpeg",1218,664,false],"2048x2048":["https:\/\/quehacerpolitico.mx\/wp-content\/uploads\/2020\/12\/2CA1B83A-9EFE-47CC-A492-FE522FFE297C.jpeg",1218,664,false],"covernews-featured":["https:\/\/quehacerpolitico.mx\/wp-content\/uploads\/2020\/12\/2CA1B83A-9EFE-47CC-A492-FE522FFE297C.jpeg",1024,558,false],"covernews-medium":["https:\/\/quehacerpolitico.mx\/wp-content\/uploads\/2020\/12\/2CA1B83A-9EFE-47CC-A492-FE522FFE297C.jpeg",540,294,false]},"author_info":{"display_name":"Redacci\u00f3n QP","author_link":"https:\/\/quehacerpolitico.mx\/?author=2"},"category_info":"<a href=\"https:\/\/quehacerpolitico.mx\/?cat=2\" rel=\"category\">Noticias<\/a>","tag_info":"Noticias","comment_count":"0","_links":{"self":[{"href":"https:\/\/quehacerpolitico.mx\/index.php?rest_route=\/wp\/v2\/posts\/69756","targetHints":{"allow":["GET"]}}],"collection":[{"href":"https:\/\/quehacerpolitico.mx\/index.php?rest_route=\/wp\/v2\/posts"}],"about":[{"href":"https:\/\/quehacerpolitico.mx\/index.php?rest_route=\/wp\/v2\/types\/post"}],"author":[{"embeddable":true,"href":"https:\/\/quehacerpolitico.mx\/index.php?rest_route=\/wp\/v2\/users\/2"}],"replies":[{"embeddable":true,"href":"https:\/\/quehacerpolitico.mx\/index.php?rest_route=%2Fwp%2Fv2%2Fcomments&post=69756"}],"version-history":[{"count":0,"href":"https:\/\/quehacerpolitico.mx\/index.php?rest_route=\/wp\/v2\/posts\/69756\/revisions"}],"wp:featuredmedia":[{"embeddable":true,"href":"https:\/\/quehacerpolitico.mx\/index.php?rest_route=\/wp\/v2\/media\/69757"}],"wp:attachment":[{"href":"https:\/\/quehacerpolitico.mx\/index.php?rest_route=%2Fwp%2Fv2%2Fmedia&parent=69756"}],"wp:term":[{"taxonomy":"category","embeddable":true,"href":"https:\/\/quehacerpolitico.mx\/index.php?rest_route=%2Fwp%2Fv2%2Fcategories&post=69756"},{"taxonomy":"post_tag","embeddable":true,"href":"https:\/\/quehacerpolitico.mx\/index.php?rest_route=%2Fwp%2Fv2%2Ftags&post=69756"}],"curies":[{"name":"wp","href":"https:\/\/api.w.org\/{rel}","templated":true}]}}