{"id":6970,"date":"2018-10-16T00:21:19","date_gmt":"2018-10-16T00:21:19","guid":{"rendered":"http:\/\/quehacerpolitico.mx\/sergio-mayer-promueve-la-lectura-con-libros-ilegales\/"},"modified":"2018-10-16T00:21:19","modified_gmt":"2018-10-16T00:21:19","slug":"sergio-mayer-promueve-la-lectura-con-libros-ilegales","status":"publish","type":"post","link":"https:\/\/quehacerpolitico.mx\/?p=6970","title":{"rendered":"Sergio Mayer promueve la lectura con libros ilegales"},"content":{"rendered":"<p>El diputado federal Sergio Mayer promovi\u00f3 la lectura compartiendo enlaces para bajar libros de manera ilegal.<\/p>\n<p>A trav\u00e9s de su cuenta de Twitter, Mayer comparti\u00f3 los links para bajar de manera gratuita los libros en formato PDF.<\/p>\n<p>Mayer sugiri\u00f3 la utilizaci\u00f3n de la p\u00e1gina \u2018Librotecarios\u2019, en d\u00f3nde existe material de diferentes t\u00f3picos como pol\u00edtica, salud, filosof\u00eda.<\/p>\n<p>Quienes comparten contenido en esta p\u00e1gina de Blogspot no cuentan con permiso de los autores para difundir sus obras.<\/p>\n<p>Tras recibir burlas por parte de los internautas Mayer borr\u00f3 el tuit para no dejar evidencia de su nueva equivocaci\u00f3n.<\/p>\n<p><img loading=\"lazy\" decoding=\"async\" class=\"alignnone size-full wp-image-254459\" src=\"https:\/\/elbigdata.mx\/wp-content\/uploads\/2018\/10\/equivocacion_sergio_mayer.png\" sizes=\"auto, (max-width: 658px) 100vw, 658px\" srcset=\"https:\/\/elbigdata.mx\/wp-content\/uploads\/2018\/10\/equivocacion_sergio_mayer.png 658w, https:\/\/elbigdata.mx\/wp-content\/uploads\/2018\/10\/equivocacion_sergio_mayer-300x255.png 300w\" alt=\"\" width=\"658\" height=\"559\" \/><\/p>\n<p>Momentos despu\u00e9s public\u00f3 otro mensaje en el que compart\u00eda nuevos enlaces \u2018para descargar libros gratis y legalmente\u2019.<\/p>\n<blockquote class=\"twitter-tweet\" data-width=\"550\" data-dnt=\"true\">\n<p lang=\"es\" dir=\"ltr\">Excelentes sitios para descargar libros de dominio p\u00fablico, gratis y legalmente: <br \/>&#8211;<a href=\"https:\/\/t.co\/lgKfJtIurd\">https:\/\/t.co\/lgKfJtIurd<\/a> <br \/>&#8211;<a href=\"https:\/\/t.co\/stROvnMoQZ\">https:\/\/t.co\/stROvnMoQZ<\/a><br \/>&#8211;<a href=\"https:\/\/t.co\/UE01IRoRXN\">https:\/\/t.co\/UE01IRoRXN<\/a><br \/>&#8211;<a href=\"https:\/\/t.co\/zJwSFQihEw\">https:\/\/t.co\/zJwSFQihEw<\/a><\/p>\n<p>&mdash; Sergio Mayer B. (@SergioMayerb) <a href=\"https:\/\/twitter.com\/SergioMayerb\/status\/1051825785684877314?ref_src=twsrc%5Etfw\">October 15, 2018<\/a><\/p><\/blockquote>\n<p><script async src=\"https:\/\/platform.twitter.com\/widgets.js\" charset=\"utf-8\"><\/script><\/p>\n<p>Horas antes el legislador continu\u00f3 con la pol\u00e9mica alrededor de su equivocaci\u00f3n en el t\u00e9rmino \u2018biblioteca\u2019, el cual confundi\u00f3 con \u2018librer\u00eda\u2019.<\/p>\n<p>Mayer justific\u00f3 la equivocaci\u00f3n diciendo que en ingl\u00e9s \u2018library\u2019 es un t\u00e9rmino que se usa igualmente para ambos establecimientos.<\/p>\n<p>El legislador public\u00f3 tuits en los que justifica la eliminaci\u00f3n del mensaje en el que recomendaba la descarga ilegal.<\/p>\n<blockquote class=\"twitter-tweet\" data-width=\"550\" data-dnt=\"true\">\n<p lang=\"es\" dir=\"ltr\">Sobre mis tuits con enlaces de libros, comento que elimin\u00e9 uno por contener informaci\u00f3n no verificada. En sustituci\u00f3n, comparto otro con material recomendable de dominio p\u00fablico: <a href=\"https:\/\/t.co\/7Ww9UvPYrO\">https:\/\/t.co\/7Ww9UvPYrO<\/a> y a\u00f1ado un aporte de la UNAM: <a href=\"https:\/\/t.co\/lLiGqb4S8s\">https:\/\/t.co\/lLiGqb4S8s<\/a><\/p>\n<p>&mdash; Sergio Mayer B. (@SergioMayerb) <a href=\"https:\/\/twitter.com\/SergioMayerb\/status\/1051915007791910914?ref_src=twsrc%5Etfw\">October 15, 2018<\/a><\/p><\/blockquote>\n<p><script async src=\"https:\/\/platform.twitter.com\/widgets.js\" charset=\"utf-8\"><\/script><\/p>\n","protected":false},"excerpt":{"rendered":"<p>Sergio Mayer promueve la lectura con libros ilegales<br \/>\nPor Redacci\u00f3n QP<\/p>\n","protected":false},"author":2,"featured_media":6969,"comment_status":"open","ping_status":"open","sticky":false,"template":"","format":"standard","meta":{"_monsterinsights_skip_tracking":false,"_monsterinsights_sitenote_active":false,"_monsterinsights_sitenote_note":"","_monsterinsights_sitenote_category":0,"footnotes":""},"categories":[2],"tags":[],"class_list":["post-6970","post","type-post","status-publish","format-standard","has-post-thumbnail","hentry","category-noticias"],"yoast_head":"<!-- This site is optimized with the Yoast SEO plugin v27.3 - https:\/\/yoast.com\/product\/yoast-seo-wordpress\/ -->\n<title>Sergio Mayer promueve la lectura con libros ilegales -<\/title>\n<meta name=\"robots\" content=\"index, follow, max-snippet:-1, max-image-preview:large, max-video-preview:-1\" \/>\n<link rel=\"canonical\" href=\"https:\/\/quehacerpolitico.mx\/?p=6970\" \/>\n<meta property=\"og:locale\" content=\"es_MX\" \/>\n<meta property=\"og:type\" content=\"article\" \/>\n<meta property=\"og:title\" content=\"Sergio Mayer promueve la lectura con libros ilegales -\" \/>\n<meta property=\"og:description\" content=\"Sergio Mayer promueve la lectura con libros ilegales Por Redacci\u00f3n QP\" \/>\n<meta property=\"og:url\" content=\"https:\/\/quehacerpolitico.mx\/?p=6970\" \/>\n<meta property=\"article:published_time\" content=\"2018-10-16T00:21:19+00:00\" \/>\n<meta name=\"author\" content=\"Redacci\u00f3n QP\" \/>\n<meta name=\"twitter:card\" content=\"summary_large_image\" \/>\n<meta name=\"twitter:label1\" content=\"Escrito por\" \/>\n\t<meta name=\"twitter:data1\" content=\"Redacci\u00f3n QP\" \/>\n\t<meta name=\"twitter:label2\" content=\"Tiempo de lectura\" \/>\n\t<meta name=\"twitter:data2\" content=\"1 minuto\" \/>\n<script type=\"application\/ld+json\" class=\"yoast-schema-graph\">{\"@context\":\"https:\\\/\\\/schema.org\",\"@graph\":[{\"@type\":\"Article\",\"@id\":\"https:\\\/\\\/quehacerpolitico.mx\\\/?p=6970#article\",\"isPartOf\":{\"@id\":\"https:\\\/\\\/quehacerpolitico.mx\\\/?p=6970\"},\"author\":{\"name\":\"Redacci\u00f3n QP\",\"@id\":\"https:\\\/\\\/quehacerpolitico.mx\\\/#\\\/schema\\\/person\\\/496d8ad2d1d3f8036101dca7ee39e585\"},\"headline\":\"Sergio Mayer promueve la lectura con libros ilegales\",\"datePublished\":\"2018-10-16T00:21:19+00:00\",\"mainEntityOfPage\":{\"@id\":\"https:\\\/\\\/quehacerpolitico.mx\\\/?p=6970\"},\"wordCount\":210,\"commentCount\":0,\"image\":{\"@id\":\"https:\\\/\\\/quehacerpolitico.mx\\\/?p=6970#primaryimage\"},\"thumbnailUrl\":\"\",\"articleSection\":[\"Noticias\"],\"inLanguage\":\"es\",\"potentialAction\":[{\"@type\":\"CommentAction\",\"name\":\"Comment\",\"target\":[\"https:\\\/\\\/quehacerpolitico.mx\\\/?p=6970#respond\"]}]},{\"@type\":\"WebPage\",\"@id\":\"https:\\\/\\\/quehacerpolitico.mx\\\/?p=6970\",\"url\":\"https:\\\/\\\/quehacerpolitico.mx\\\/?p=6970\",\"name\":\"Sergio Mayer promueve la lectura con libros ilegales -\",\"isPartOf\":{\"@id\":\"https:\\\/\\\/quehacerpolitico.mx\\\/#website\"},\"primaryImageOfPage\":{\"@id\":\"https:\\\/\\\/quehacerpolitico.mx\\\/?p=6970#primaryimage\"},\"image\":{\"@id\":\"https:\\\/\\\/quehacerpolitico.mx\\\/?p=6970#primaryimage\"},\"thumbnailUrl\":\"\",\"datePublished\":\"2018-10-16T00:21:19+00:00\",\"author\":{\"@id\":\"https:\\\/\\\/quehacerpolitico.mx\\\/#\\\/schema\\\/person\\\/496d8ad2d1d3f8036101dca7ee39e585\"},\"breadcrumb\":{\"@id\":\"https:\\\/\\\/quehacerpolitico.mx\\\/?p=6970#breadcrumb\"},\"inLanguage\":\"es\",\"potentialAction\":[{\"@type\":\"ReadAction\",\"target\":[\"https:\\\/\\\/quehacerpolitico.mx\\\/?p=6970\"]}]},{\"@type\":\"ImageObject\",\"inLanguage\":\"es\",\"@id\":\"https:\\\/\\\/quehacerpolitico.mx\\\/?p=6970#primaryimage\",\"url\":\"\",\"contentUrl\":\"\"},{\"@type\":\"BreadcrumbList\",\"@id\":\"https:\\\/\\\/quehacerpolitico.mx\\\/?p=6970#breadcrumb\",\"itemListElement\":[{\"@type\":\"ListItem\",\"position\":1,\"name\":\"Inicio\",\"item\":\"https:\\\/\\\/quehacerpolitico.mx\\\/\"},{\"@type\":\"ListItem\",\"position\":2,\"name\":\"Sergio Mayer promueve la lectura con libros ilegales\"}]},{\"@type\":\"WebSite\",\"@id\":\"https:\\\/\\\/quehacerpolitico.mx\\\/#website\",\"url\":\"https:\\\/\\\/quehacerpolitico.mx\\\/\",\"name\":\"\",\"description\":\"\",\"potentialAction\":[{\"@type\":\"SearchAction\",\"target\":{\"@type\":\"EntryPoint\",\"urlTemplate\":\"https:\\\/\\\/quehacerpolitico.mx\\\/?s={search_term_string}\"},\"query-input\":{\"@type\":\"PropertyValueSpecification\",\"valueRequired\":true,\"valueName\":\"search_term_string\"}}],\"inLanguage\":\"es\"},{\"@type\":\"Person\",\"@id\":\"https:\\\/\\\/quehacerpolitico.mx\\\/#\\\/schema\\\/person\\\/496d8ad2d1d3f8036101dca7ee39e585\",\"name\":\"Redacci\u00f3n QP\",\"image\":{\"@type\":\"ImageObject\",\"inLanguage\":\"es\",\"@id\":\"https:\\\/\\\/secure.gravatar.com\\\/avatar\\\/c7164ed6fdec453195284ad24a5ae5b6e1eed2b848477fa2a4787ba9adf39a41?s=96&d=mm&r=g\",\"url\":\"https:\\\/\\\/secure.gravatar.com\\\/avatar\\\/c7164ed6fdec453195284ad24a5ae5b6e1eed2b848477fa2a4787ba9adf39a41?s=96&d=mm&r=g\",\"contentUrl\":\"https:\\\/\\\/secure.gravatar.com\\\/avatar\\\/c7164ed6fdec453195284ad24a5ae5b6e1eed2b848477fa2a4787ba9adf39a41?s=96&d=mm&r=g\",\"caption\":\"Redacci\u00f3n QP\"},\"url\":\"https:\\\/\\\/quehacerpolitico.mx\\\/?author=2\"}]}<\/script>\n<!-- \/ Yoast SEO plugin. -->","yoast_head_json":{"title":"Sergio Mayer promueve la lectura con libros ilegales -","robots":{"index":"index","follow":"follow","max-snippet":"max-snippet:-1","max-image-preview":"max-image-preview:large","max-video-preview":"max-video-preview:-1"},"canonical":"https:\/\/quehacerpolitico.mx\/?p=6970","og_locale":"es_MX","og_type":"article","og_title":"Sergio Mayer promueve la lectura con libros ilegales -","og_description":"Sergio Mayer promueve la lectura con libros ilegales Por Redacci\u00f3n QP","og_url":"https:\/\/quehacerpolitico.mx\/?p=6970","article_published_time":"2018-10-16T00:21:19+00:00","author":"Redacci\u00f3n QP","twitter_card":"summary_large_image","twitter_misc":{"Escrito por":"Redacci\u00f3n QP","Tiempo de lectura":"1 minuto"},"schema":{"@context":"https:\/\/schema.org","@graph":[{"@type":"Article","@id":"https:\/\/quehacerpolitico.mx\/?p=6970#article","isPartOf":{"@id":"https:\/\/quehacerpolitico.mx\/?p=6970"},"author":{"name":"Redacci\u00f3n QP","@id":"https:\/\/quehacerpolitico.mx\/#\/schema\/person\/496d8ad2d1d3f8036101dca7ee39e585"},"headline":"Sergio Mayer promueve la lectura con libros ilegales","datePublished":"2018-10-16T00:21:19+00:00","mainEntityOfPage":{"@id":"https:\/\/quehacerpolitico.mx\/?p=6970"},"wordCount":210,"commentCount":0,"image":{"@id":"https:\/\/quehacerpolitico.mx\/?p=6970#primaryimage"},"thumbnailUrl":"","articleSection":["Noticias"],"inLanguage":"es","potentialAction":[{"@type":"CommentAction","name":"Comment","target":["https:\/\/quehacerpolitico.mx\/?p=6970#respond"]}]},{"@type":"WebPage","@id":"https:\/\/quehacerpolitico.mx\/?p=6970","url":"https:\/\/quehacerpolitico.mx\/?p=6970","name":"Sergio Mayer promueve la lectura con libros ilegales -","isPartOf":{"@id":"https:\/\/quehacerpolitico.mx\/#website"},"primaryImageOfPage":{"@id":"https:\/\/quehacerpolitico.mx\/?p=6970#primaryimage"},"image":{"@id":"https:\/\/quehacerpolitico.mx\/?p=6970#primaryimage"},"thumbnailUrl":"","datePublished":"2018-10-16T00:21:19+00:00","author":{"@id":"https:\/\/quehacerpolitico.mx\/#\/schema\/person\/496d8ad2d1d3f8036101dca7ee39e585"},"breadcrumb":{"@id":"https:\/\/quehacerpolitico.mx\/?p=6970#breadcrumb"},"inLanguage":"es","potentialAction":[{"@type":"ReadAction","target":["https:\/\/quehacerpolitico.mx\/?p=6970"]}]},{"@type":"ImageObject","inLanguage":"es","@id":"https:\/\/quehacerpolitico.mx\/?p=6970#primaryimage","url":"","contentUrl":""},{"@type":"BreadcrumbList","@id":"https:\/\/quehacerpolitico.mx\/?p=6970#breadcrumb","itemListElement":[{"@type":"ListItem","position":1,"name":"Inicio","item":"https:\/\/quehacerpolitico.mx\/"},{"@type":"ListItem","position":2,"name":"Sergio Mayer promueve la lectura con libros ilegales"}]},{"@type":"WebSite","@id":"https:\/\/quehacerpolitico.mx\/#website","url":"https:\/\/quehacerpolitico.mx\/","name":"","description":"","potentialAction":[{"@type":"SearchAction","target":{"@type":"EntryPoint","urlTemplate":"https:\/\/quehacerpolitico.mx\/?s={search_term_string}"},"query-input":{"@type":"PropertyValueSpecification","valueRequired":true,"valueName":"search_term_string"}}],"inLanguage":"es"},{"@type":"Person","@id":"https:\/\/quehacerpolitico.mx\/#\/schema\/person\/496d8ad2d1d3f8036101dca7ee39e585","name":"Redacci\u00f3n QP","image":{"@type":"ImageObject","inLanguage":"es","@id":"https:\/\/secure.gravatar.com\/avatar\/c7164ed6fdec453195284ad24a5ae5b6e1eed2b848477fa2a4787ba9adf39a41?s=96&d=mm&r=g","url":"https:\/\/secure.gravatar.com\/avatar\/c7164ed6fdec453195284ad24a5ae5b6e1eed2b848477fa2a4787ba9adf39a41?s=96&d=mm&r=g","contentUrl":"https:\/\/secure.gravatar.com\/avatar\/c7164ed6fdec453195284ad24a5ae5b6e1eed2b848477fa2a4787ba9adf39a41?s=96&d=mm&r=g","caption":"Redacci\u00f3n QP"},"url":"https:\/\/quehacerpolitico.mx\/?author=2"}]}},"featured_image_urls":{"full":"","thumbnail":"","medium":"","medium_large":"","large":"","1536x1536":"","2048x2048":"","covernews-featured":"","covernews-medium":""},"author_info":{"display_name":"Redacci\u00f3n QP","author_link":"https:\/\/quehacerpolitico.mx\/?author=2"},"category_info":"<a href=\"https:\/\/quehacerpolitico.mx\/?cat=2\" rel=\"category\">Noticias<\/a>","tag_info":"Noticias","comment_count":"0","_links":{"self":[{"href":"https:\/\/quehacerpolitico.mx\/index.php?rest_route=\/wp\/v2\/posts\/6970","targetHints":{"allow":["GET"]}}],"collection":[{"href":"https:\/\/quehacerpolitico.mx\/index.php?rest_route=\/wp\/v2\/posts"}],"about":[{"href":"https:\/\/quehacerpolitico.mx\/index.php?rest_route=\/wp\/v2\/types\/post"}],"author":[{"embeddable":true,"href":"https:\/\/quehacerpolitico.mx\/index.php?rest_route=\/wp\/v2\/users\/2"}],"replies":[{"embeddable":true,"href":"https:\/\/quehacerpolitico.mx\/index.php?rest_route=%2Fwp%2Fv2%2Fcomments&post=6970"}],"version-history":[{"count":0,"href":"https:\/\/quehacerpolitico.mx\/index.php?rest_route=\/wp\/v2\/posts\/6970\/revisions"}],"wp:featuredmedia":[{"embeddable":true,"href":"https:\/\/quehacerpolitico.mx\/index.php?rest_route=\/"}],"wp:attachment":[{"href":"https:\/\/quehacerpolitico.mx\/index.php?rest_route=%2Fwp%2Fv2%2Fmedia&parent=6970"}],"wp:term":[{"taxonomy":"category","embeddable":true,"href":"https:\/\/quehacerpolitico.mx\/index.php?rest_route=%2Fwp%2Fv2%2Fcategories&post=6970"},{"taxonomy":"post_tag","embeddable":true,"href":"https:\/\/quehacerpolitico.mx\/index.php?rest_route=%2Fwp%2Fv2%2Ftags&post=6970"}],"curies":[{"name":"wp","href":"https:\/\/api.w.org\/{rel}","templated":true}]}}