{"id":6968,"date":"2018-10-15T23:27:50","date_gmt":"2018-10-15T23:27:50","guid":{"rendered":"http:\/\/quehacerpolitico.mx\/proyecto-de-medina-mora-busca-favorecer-un-campo-de-golf-en-tepoztlan-acusa-comunidad-indigena\/"},"modified":"2018-10-15T23:27:50","modified_gmt":"2018-10-15T23:27:50","slug":"proyecto-de-medina-mora-busca-favorecer-un-campo-de-golf-en-tepoztlan-acusa-comunidad-indigena","status":"publish","type":"post","link":"https:\/\/quehacerpolitico.mx\/?p=6968","title":{"rendered":"Proyecto de Medina Mora busca favorecer un campo de golf en Tepoztl\u00e1n, acusa comunidad ind\u00edgena"},"content":{"rendered":"<h3><strong>La\u00a0comunidad ind\u00edgena de Tepoztl\u00e1n, Morelos, denunci\u00f3 que un proyecto de la Suprema Corte de Justicia de la Naci\u00f3n (SCJN) -hecho por el Ministro Eduardo Medina Mora- pretende favorecer a la empresa Pir\u00e1mide y Convento, la cual planea la construcci\u00f3n de un club de golf en su territorio.<\/strong><\/h3>\n<h3><strong>Desde 1929, la comunidad n\u00e1huatl en Tepoztl\u00e1n posee un t\u00edtulo de propiedad comunal, que incluye las 280 hect\u00e1reas deseadas para el megaproyecto planeado en 1999. La empresa alega tener oficios de exclusi\u00f3n. No obstante, los abogados de la comunidad aseguraron que ese documento no es suficiente.<\/strong><\/h3>\n<h3><strong>Los habitantes contaron que los inversionistas de la firma han argumentado que les ofrecer\u00e1n empleo, pero la comunidad agraria no est\u00e1 interesada ni tiene la capacidad de laborar en un campo de golf que demanda conocer otros idiomas adem\u00e1s del n\u00e1huatl.<\/strong><\/h3>\n<p>Habitantes de la <strong>comunidad ind\u00edgena en Tepoztl\u00e1n<\/strong>, Morelos, han luchado durante 19 a\u00f1os en tribunales agrarios contra la empresa <strong>Pir\u00e1mide y Convento<\/strong> que pretende la construcci\u00f3n de un <strong>club de golf<\/strong> en su <strong>territorio comunal<\/strong>.<\/p>\n<p>Pero, ahora que atrajo el caso la Suprema Corte de Justicia de la Naci\u00f3n (SCJN), la m\u00e1xima instancia de impartici\u00f3n de justicia en el pa\u00eds, el proyecto de sentencia que se retomar\u00e1 el mi\u00e9rcoles -hecho por el Ministro Eduardo Medina Mora- \u201cdio un giro sorpresivo\u201d, ya que \u201cse acomoda la ley para favorecer a la empresa\u201d, alertaron sus abogados \u00c1ngeles Arcos y Rub\u00e9n \u00c1vila.<\/p>\n<blockquote>\n<p>\u201cDicho proyecto de sentencia es parcial por tratar de favorecer al empresario, sin tomar en cuenta los derechos agrarios e ind\u00edgenas de la comunidad de Tepoztl\u00e1n, protegidos por la legislaci\u00f3n nacional e internacional\u201d, expusieron.<\/p>\n<p>Desde 1929, la comunidad n\u00e1huatl en Tepoztl\u00e1n posee un t\u00edtulo de propiedad comunal, que incluye las 280 hect\u00e1reas deseadas para el megaproyecto planeado en 1999.<\/p>\n<p>La empresa alega tener oficios de exclusi\u00f3n que, dice, demuestran que ese territorio es \u201cpeque\u00f1a propiedad particular\u201d y no propiedad comunal. No obstante, la litigante \u00c1ngeles Arcos explic\u00f3 que ese documento no es suficiente ni tiene el peso del t\u00edtulo de 1929.<\/p>\n<p>El abogado Rub\u00e9n \u00c1vila dijo que si la SCJN resuelve a favor de la empresa, ser\u00e1 una muestra m\u00e1s de que \u201cen este pa\u00eds el Estado de Derecho es inexistente y las leyes pueden acomodarse a modo de los intereses econ\u00f3micos y pol\u00edticos de los m\u00e1s pudientes\u201d.<\/p>\n<p><strong>\u201cCON LA NATURALEZA NO SE JUEGA\u201d<\/strong><\/p>\n<p>Agust\u00edn Rojas, comisario de bienes comunales de Tepoztl\u00e1n, se mostr\u00f3 triste porque la SCJN, afirm\u00f3, puede favorecer a una compa\u00f1\u00eda que busca que se le reconozcan tierras que nunca le han pertenecido.<\/p>\n<p>Lament\u00f3 que se intente establecer un club de golf que vulnere los derechos de un poblado \u201cdonde se respira aire y hay paz\u201d.<\/p>\n<p>Campesino de ganado bovino, Rojas alert\u00f3 que la comunidad est\u00e1 en un eje neovolc\u00e1nico cuyos mantos acu\u00edferos alimentan al Valle de Morelos y parte de la Ciudad de M\u00e9xico. El campo de golf generar\u00eda un cambio de uso de suelo y con ello un impacto ambiental, asever\u00f3.<\/p>\n<blockquote>\n<p>\u201cSi se devastan esas \u00e1reas, se generar\u00e1 un problema que ninguna autoridad podr\u00e1 resolver. Con la naturaleza no se juega\u201d, sentenci\u00f3.<\/p>\n<\/blockquote>\n<p>Cont\u00f3 que los inversionistas de la firma han argumentado que les ofrecer\u00e1n empleo, pero Rojas expuso que la comunidad agraria no est\u00e1 interesada ni tiene la capacidad de laborar en un campo de golf que demanda conocer otros idiomas adem\u00e1s del n\u00e1huatl.<\/p>\n<p>\u201cEl pueblo no quiere ser explotado. Un club de golf no resuelve el problema de la comunidad\u201d, dijo.<\/p>\n<blockquote>\n<p>El abogado Rub\u00e9n \u00c1vila tambi\u00e9n pidi\u00f3 considerar a los ministros el destino del territorio: la compa\u00f1\u00eda Pir\u00e1mide y Convento busca un inter\u00e9s econ\u00f3mico que beneficiar\u00e1 a unos pocos, mientras que la comunidad de Tepoztl\u00e1n, una vez recuperadas sus 280 hect\u00e1reas, quiere establecer ah\u00ed una Universidad Intercultural con impacto colectivo.<\/p>\n<\/blockquote>\n<p>Abogados y habitantes afectados pidieron a la Suprema Corte negar el amparo a la empresa y devolver las 280 hect\u00e1reas a sus leg\u00edtimos due\u00f1os, ya que de aprobarse el proyecto resultar\u00eda violatorio a los derechos humanos territoriales de la comunidad, y su derecho al debido proceso.<\/p>\n<\/blockquote>\n","protected":false},"excerpt":{"rendered":"<p>Proyecto de Medina Mora busca favorecer un campo de golf en Tepoztl\u00e1n, acusa comunidad ind\u00edgena<br \/>\nPor Redacci\u00f3n QP<\/p>\n","protected":false},"author":2,"featured_media":6967,"comment_status":"open","ping_status":"open","sticky":false,"template":"","format":"standard","meta":{"_monsterinsights_skip_tracking":false,"_monsterinsights_sitenote_active":false,"_monsterinsights_sitenote_note":"","_monsterinsights_sitenote_category":0,"footnotes":""},"categories":[2],"tags":[],"class_list":["post-6968","post","type-post","status-publish","format-standard","has-post-thumbnail","hentry","category-noticias"],"yoast_head":"<!-- This site is optimized with the Yoast SEO plugin v27.3 - https:\/\/yoast.com\/product\/yoast-seo-wordpress\/ -->\n<title>Proyecto de Medina Mora busca favorecer un campo de golf en Tepoztl\u00e1n, acusa comunidad ind\u00edgena -<\/title>\n<meta name=\"robots\" content=\"index, follow, max-snippet:-1, max-image-preview:large, max-video-preview:-1\" \/>\n<link rel=\"canonical\" href=\"https:\/\/quehacerpolitico.mx\/?p=6968\" \/>\n<meta property=\"og:locale\" content=\"es_MX\" \/>\n<meta property=\"og:type\" content=\"article\" \/>\n<meta property=\"og:title\" content=\"Proyecto de Medina Mora busca favorecer un campo de golf en Tepoztl\u00e1n, acusa comunidad ind\u00edgena -\" \/>\n<meta property=\"og:description\" content=\"Proyecto de Medina Mora busca favorecer un campo de golf en Tepoztl\u00e1n, acusa comunidad ind\u00edgena Por Redacci\u00f3n QP\" \/>\n<meta property=\"og:url\" content=\"https:\/\/quehacerpolitico.mx\/?p=6968\" \/>\n<meta property=\"article:published_time\" content=\"2018-10-15T23:27:50+00:00\" \/>\n<meta name=\"author\" content=\"Redacci\u00f3n QP\" \/>\n<meta name=\"twitter:card\" content=\"summary_large_image\" \/>\n<meta name=\"twitter:label1\" content=\"Escrito por\" \/>\n\t<meta name=\"twitter:data1\" content=\"Redacci\u00f3n QP\" \/>\n\t<meta name=\"twitter:label2\" content=\"Tiempo de lectura\" \/>\n\t<meta name=\"twitter:data2\" content=\"4 minutos\" \/>\n<script type=\"application\/ld+json\" class=\"yoast-schema-graph\">{\"@context\":\"https:\\\/\\\/schema.org\",\"@graph\":[{\"@type\":\"Article\",\"@id\":\"https:\\\/\\\/quehacerpolitico.mx\\\/?p=6968#article\",\"isPartOf\":{\"@id\":\"https:\\\/\\\/quehacerpolitico.mx\\\/?p=6968\"},\"author\":{\"name\":\"Redacci\u00f3n QP\",\"@id\":\"https:\\\/\\\/quehacerpolitico.mx\\\/#\\\/schema\\\/person\\\/496d8ad2d1d3f8036101dca7ee39e585\"},\"headline\":\"Proyecto de Medina Mora busca favorecer un campo de golf en Tepoztl\u00e1n, acusa comunidad ind\u00edgena\",\"datePublished\":\"2018-10-15T23:27:50+00:00\",\"mainEntityOfPage\":{\"@id\":\"https:\\\/\\\/quehacerpolitico.mx\\\/?p=6968\"},\"wordCount\":735,\"commentCount\":0,\"image\":{\"@id\":\"https:\\\/\\\/quehacerpolitico.mx\\\/?p=6968#primaryimage\"},\"thumbnailUrl\":\"\",\"articleSection\":[\"Noticias\"],\"inLanguage\":\"es\",\"potentialAction\":[{\"@type\":\"CommentAction\",\"name\":\"Comment\",\"target\":[\"https:\\\/\\\/quehacerpolitico.mx\\\/?p=6968#respond\"]}]},{\"@type\":\"WebPage\",\"@id\":\"https:\\\/\\\/quehacerpolitico.mx\\\/?p=6968\",\"url\":\"https:\\\/\\\/quehacerpolitico.mx\\\/?p=6968\",\"name\":\"Proyecto de Medina Mora busca favorecer un campo de golf en Tepoztl\u00e1n, acusa comunidad ind\u00edgena -\",\"isPartOf\":{\"@id\":\"https:\\\/\\\/quehacerpolitico.mx\\\/#website\"},\"primaryImageOfPage\":{\"@id\":\"https:\\\/\\\/quehacerpolitico.mx\\\/?p=6968#primaryimage\"},\"image\":{\"@id\":\"https:\\\/\\\/quehacerpolitico.mx\\\/?p=6968#primaryimage\"},\"thumbnailUrl\":\"\",\"datePublished\":\"2018-10-15T23:27:50+00:00\",\"author\":{\"@id\":\"https:\\\/\\\/quehacerpolitico.mx\\\/#\\\/schema\\\/person\\\/496d8ad2d1d3f8036101dca7ee39e585\"},\"breadcrumb\":{\"@id\":\"https:\\\/\\\/quehacerpolitico.mx\\\/?p=6968#breadcrumb\"},\"inLanguage\":\"es\",\"potentialAction\":[{\"@type\":\"ReadAction\",\"target\":[\"https:\\\/\\\/quehacerpolitico.mx\\\/?p=6968\"]}]},{\"@type\":\"ImageObject\",\"inLanguage\":\"es\",\"@id\":\"https:\\\/\\\/quehacerpolitico.mx\\\/?p=6968#primaryimage\",\"url\":\"\",\"contentUrl\":\"\"},{\"@type\":\"BreadcrumbList\",\"@id\":\"https:\\\/\\\/quehacerpolitico.mx\\\/?p=6968#breadcrumb\",\"itemListElement\":[{\"@type\":\"ListItem\",\"position\":1,\"name\":\"Inicio\",\"item\":\"https:\\\/\\\/quehacerpolitico.mx\\\/\"},{\"@type\":\"ListItem\",\"position\":2,\"name\":\"Proyecto de Medina Mora busca favorecer un campo de golf en Tepoztl\u00e1n, acusa comunidad ind\u00edgena\"}]},{\"@type\":\"WebSite\",\"@id\":\"https:\\\/\\\/quehacerpolitico.mx\\\/#website\",\"url\":\"https:\\\/\\\/quehacerpolitico.mx\\\/\",\"name\":\"\",\"description\":\"\",\"potentialAction\":[{\"@type\":\"SearchAction\",\"target\":{\"@type\":\"EntryPoint\",\"urlTemplate\":\"https:\\\/\\\/quehacerpolitico.mx\\\/?s={search_term_string}\"},\"query-input\":{\"@type\":\"PropertyValueSpecification\",\"valueRequired\":true,\"valueName\":\"search_term_string\"}}],\"inLanguage\":\"es\"},{\"@type\":\"Person\",\"@id\":\"https:\\\/\\\/quehacerpolitico.mx\\\/#\\\/schema\\\/person\\\/496d8ad2d1d3f8036101dca7ee39e585\",\"name\":\"Redacci\u00f3n QP\",\"image\":{\"@type\":\"ImageObject\",\"inLanguage\":\"es\",\"@id\":\"https:\\\/\\\/secure.gravatar.com\\\/avatar\\\/c7164ed6fdec453195284ad24a5ae5b6e1eed2b848477fa2a4787ba9adf39a41?s=96&d=mm&r=g\",\"url\":\"https:\\\/\\\/secure.gravatar.com\\\/avatar\\\/c7164ed6fdec453195284ad24a5ae5b6e1eed2b848477fa2a4787ba9adf39a41?s=96&d=mm&r=g\",\"contentUrl\":\"https:\\\/\\\/secure.gravatar.com\\\/avatar\\\/c7164ed6fdec453195284ad24a5ae5b6e1eed2b848477fa2a4787ba9adf39a41?s=96&d=mm&r=g\",\"caption\":\"Redacci\u00f3n QP\"},\"url\":\"https:\\\/\\\/quehacerpolitico.mx\\\/?author=2\"}]}<\/script>\n<!-- \/ Yoast SEO plugin. -->","yoast_head_json":{"title":"Proyecto de Medina Mora busca favorecer un campo de golf en Tepoztl\u00e1n, acusa comunidad ind\u00edgena -","robots":{"index":"index","follow":"follow","max-snippet":"max-snippet:-1","max-image-preview":"max-image-preview:large","max-video-preview":"max-video-preview:-1"},"canonical":"https:\/\/quehacerpolitico.mx\/?p=6968","og_locale":"es_MX","og_type":"article","og_title":"Proyecto de Medina Mora busca favorecer un campo de golf en Tepoztl\u00e1n, acusa comunidad ind\u00edgena -","og_description":"Proyecto de Medina Mora busca favorecer un campo de golf en Tepoztl\u00e1n, acusa comunidad ind\u00edgena Por Redacci\u00f3n QP","og_url":"https:\/\/quehacerpolitico.mx\/?p=6968","article_published_time":"2018-10-15T23:27:50+00:00","author":"Redacci\u00f3n QP","twitter_card":"summary_large_image","twitter_misc":{"Escrito por":"Redacci\u00f3n QP","Tiempo de lectura":"4 minutos"},"schema":{"@context":"https:\/\/schema.org","@graph":[{"@type":"Article","@id":"https:\/\/quehacerpolitico.mx\/?p=6968#article","isPartOf":{"@id":"https:\/\/quehacerpolitico.mx\/?p=6968"},"author":{"name":"Redacci\u00f3n QP","@id":"https:\/\/quehacerpolitico.mx\/#\/schema\/person\/496d8ad2d1d3f8036101dca7ee39e585"},"headline":"Proyecto de Medina Mora busca favorecer un campo de golf en Tepoztl\u00e1n, acusa comunidad ind\u00edgena","datePublished":"2018-10-15T23:27:50+00:00","mainEntityOfPage":{"@id":"https:\/\/quehacerpolitico.mx\/?p=6968"},"wordCount":735,"commentCount":0,"image":{"@id":"https:\/\/quehacerpolitico.mx\/?p=6968#primaryimage"},"thumbnailUrl":"","articleSection":["Noticias"],"inLanguage":"es","potentialAction":[{"@type":"CommentAction","name":"Comment","target":["https:\/\/quehacerpolitico.mx\/?p=6968#respond"]}]},{"@type":"WebPage","@id":"https:\/\/quehacerpolitico.mx\/?p=6968","url":"https:\/\/quehacerpolitico.mx\/?p=6968","name":"Proyecto de Medina Mora busca favorecer un campo de golf en Tepoztl\u00e1n, acusa comunidad ind\u00edgena -","isPartOf":{"@id":"https:\/\/quehacerpolitico.mx\/#website"},"primaryImageOfPage":{"@id":"https:\/\/quehacerpolitico.mx\/?p=6968#primaryimage"},"image":{"@id":"https:\/\/quehacerpolitico.mx\/?p=6968#primaryimage"},"thumbnailUrl":"","datePublished":"2018-10-15T23:27:50+00:00","author":{"@id":"https:\/\/quehacerpolitico.mx\/#\/schema\/person\/496d8ad2d1d3f8036101dca7ee39e585"},"breadcrumb":{"@id":"https:\/\/quehacerpolitico.mx\/?p=6968#breadcrumb"},"inLanguage":"es","potentialAction":[{"@type":"ReadAction","target":["https:\/\/quehacerpolitico.mx\/?p=6968"]}]},{"@type":"ImageObject","inLanguage":"es","@id":"https:\/\/quehacerpolitico.mx\/?p=6968#primaryimage","url":"","contentUrl":""},{"@type":"BreadcrumbList","@id":"https:\/\/quehacerpolitico.mx\/?p=6968#breadcrumb","itemListElement":[{"@type":"ListItem","position":1,"name":"Inicio","item":"https:\/\/quehacerpolitico.mx\/"},{"@type":"ListItem","position":2,"name":"Proyecto de Medina Mora busca favorecer un campo de golf en Tepoztl\u00e1n, acusa comunidad ind\u00edgena"}]},{"@type":"WebSite","@id":"https:\/\/quehacerpolitico.mx\/#website","url":"https:\/\/quehacerpolitico.mx\/","name":"","description":"","potentialAction":[{"@type":"SearchAction","target":{"@type":"EntryPoint","urlTemplate":"https:\/\/quehacerpolitico.mx\/?s={search_term_string}"},"query-input":{"@type":"PropertyValueSpecification","valueRequired":true,"valueName":"search_term_string"}}],"inLanguage":"es"},{"@type":"Person","@id":"https:\/\/quehacerpolitico.mx\/#\/schema\/person\/496d8ad2d1d3f8036101dca7ee39e585","name":"Redacci\u00f3n QP","image":{"@type":"ImageObject","inLanguage":"es","@id":"https:\/\/secure.gravatar.com\/avatar\/c7164ed6fdec453195284ad24a5ae5b6e1eed2b848477fa2a4787ba9adf39a41?s=96&d=mm&r=g","url":"https:\/\/secure.gravatar.com\/avatar\/c7164ed6fdec453195284ad24a5ae5b6e1eed2b848477fa2a4787ba9adf39a41?s=96&d=mm&r=g","contentUrl":"https:\/\/secure.gravatar.com\/avatar\/c7164ed6fdec453195284ad24a5ae5b6e1eed2b848477fa2a4787ba9adf39a41?s=96&d=mm&r=g","caption":"Redacci\u00f3n QP"},"url":"https:\/\/quehacerpolitico.mx\/?author=2"}]}},"featured_image_urls":{"full":"","thumbnail":"","medium":"","medium_large":"","large":"","1536x1536":"","2048x2048":"","covernews-featured":"","covernews-medium":""},"author_info":{"display_name":"Redacci\u00f3n QP","author_link":"https:\/\/quehacerpolitico.mx\/?author=2"},"category_info":"<a href=\"https:\/\/quehacerpolitico.mx\/?cat=2\" rel=\"category\">Noticias<\/a>","tag_info":"Noticias","comment_count":"0","_links":{"self":[{"href":"https:\/\/quehacerpolitico.mx\/index.php?rest_route=\/wp\/v2\/posts\/6968","targetHints":{"allow":["GET"]}}],"collection":[{"href":"https:\/\/quehacerpolitico.mx\/index.php?rest_route=\/wp\/v2\/posts"}],"about":[{"href":"https:\/\/quehacerpolitico.mx\/index.php?rest_route=\/wp\/v2\/types\/post"}],"author":[{"embeddable":true,"href":"https:\/\/quehacerpolitico.mx\/index.php?rest_route=\/wp\/v2\/users\/2"}],"replies":[{"embeddable":true,"href":"https:\/\/quehacerpolitico.mx\/index.php?rest_route=%2Fwp%2Fv2%2Fcomments&post=6968"}],"version-history":[{"count":0,"href":"https:\/\/quehacerpolitico.mx\/index.php?rest_route=\/wp\/v2\/posts\/6968\/revisions"}],"wp:featuredmedia":[{"embeddable":true,"href":"https:\/\/quehacerpolitico.mx\/index.php?rest_route=\/"}],"wp:attachment":[{"href":"https:\/\/quehacerpolitico.mx\/index.php?rest_route=%2Fwp%2Fv2%2Fmedia&parent=6968"}],"wp:term":[{"taxonomy":"category","embeddable":true,"href":"https:\/\/quehacerpolitico.mx\/index.php?rest_route=%2Fwp%2Fv2%2Fcategories&post=6968"},{"taxonomy":"post_tag","embeddable":true,"href":"https:\/\/quehacerpolitico.mx\/index.php?rest_route=%2Fwp%2Fv2%2Ftags&post=6968"}],"curies":[{"name":"wp","href":"https:\/\/api.w.org\/{rel}","templated":true}]}}