{"id":6964,"date":"2018-10-15T22:32:55","date_gmt":"2018-10-15T22:32:55","guid":{"rendered":"http:\/\/quehacerpolitico.mx\/el-equipo-de-amlo-presenta-la-consulta-y-pide-a-los-ciudadanos-decidir-que-hacer-con-el-naim\/"},"modified":"2018-10-15T22:32:55","modified_gmt":"2018-10-15T22:32:55","slug":"el-equipo-de-amlo-presenta-la-consulta-y-pide-a-los-ciudadanos-decidir-que-hacer-con-el-naim","status":"publish","type":"post","link":"https:\/\/quehacerpolitico.mx\/?p=6964","title":{"rendered":"El equipo de AMLO presenta la Consulta y pide a los ciudadanos decidir qu\u00e9 hacer con el NAIM"},"content":{"rendered":"<h3>\u201cSabemos que habr\u00e1 cr\u00edticas. Porque hay opiniones diferentes. Probablemente se pueda hacer mejor que lo que haremos, pero estamos aprendiendo. El cambio lo tenemos que hacer todos. Tenemos que participar e impedir que los gobernantes hagan lo que quieran y en este proceso vamos a aprender. Buscamos que haya una visi\u00f3n democr\u00e1tica del pa\u00eds. Nos sentimos muy honrados quienes hemos sido invitados a participar en la consulta porque ser\u00e1 un suceso hist\u00f3rico\u201d, coment\u00f3 Calder\u00f3n Alzati.<\/h3>\n<h3>En la p\u00e1gina <a href=\"http:\/\/www.mexicodecide.com.mx\/\" target=\"_blank\" rel=\"noopener\">www.mexicodecide.com.mx<\/a> vendr\u00e1 la informaci\u00f3n de la ubicaci\u00f3n de las casillas y la pregunta que habr\u00e1 en las boletas, as\u00ed como m\u00e1s informaci\u00f3n al respecto.<\/h3>\n<p>La Consulta Nacional a la que convoc\u00f3 y organiz\u00f3 Andr\u00e9s Manuel L\u00f3pez Obrador para solucionar las problem\u00e1ticas de la \u201cobra heredada\u201d ya est\u00e1 lista, tanto el material como el equipo que se instalar\u00e1 en 538 municipios del pa\u00eds, muestra que representa al 82 por ciento del total de electores del pa\u00eds.<\/p>\n<p>En conferencia de prensa, Jes\u00fas Ram\u00edrez Cuevas, pr\u00f3ximo Coordinador General de Comunicaci\u00f3n Social, explic\u00f3 que las mesas se colocar\u00e1n en las plazas p\u00fablicas con mayor afluencia de las localidades. La fundaci\u00f3n Arturo Rosenblueth, presidida por Enrique Calder\u00f3n Alzati, se har\u00e1 cargo del conteo de los votos.<\/p>\n<p>El costo de la consulta ser\u00e1 de 1 mill\u00f3n y medio de pesos, que se financiar\u00e1 con aportaciones voluntarias de legisladores federales. Ram\u00edrez asegur\u00f3 que en su momento se har\u00e1n p\u00fablicos los dep\u00f3sitos.<\/p>\n<h3>En la p\u00e1gina <a href=\"http:\/\/www.mexicodecide.com.mx\/\" target=\"_blank\" rel=\"noopener\">www.mexicodecide.com.mx<\/a> vendr\u00e1 la informaci\u00f3n de la ubicaci\u00f3n de las casillas y la pregunta que habr\u00e1 en las boletas, as\u00ed como m\u00e1s informaci\u00f3n al respecto.<\/h3>\n<p>Y la pregunta ser\u00e1:<\/p>\n<blockquote>\n<p><strong>\u201cDada la saturaci\u00f3n del actual Aeropuerto Internacional, \u00bfcu\u00e1l cree que es la soluci\u00f3n a esta problem\u00e1tica?:<\/strong><\/p>\n<p><strong>A) Invertir en la Base A\u00e9rea de Santa Luc\u00eda, en el actual Aeropuerto y el Aeropuerto de Toluca. <\/strong><\/p>\n<p><strong>B) Que se deje de utilizar el actual Aeropuerto y se contin\u00fae con la construcci\u00f3n del Nuevo Aeropuerto\u201d.<\/strong><\/p>\n<\/blockquote>\n<div id=\"attachment_3484709\" class=\"wp-caption alignnone\"><img loading=\"lazy\" decoding=\"async\" class=\"size-full wp-image-3484709\" src=\"http:\/\/www.sinembargo.mx\/wp-content\/uploads\/2018\/10\/la-consulta-700.jpg\" sizes=\"auto, (max-width: 700px) 100vw, 700px\" srcset=\"http:\/\/www.sinembargo.mx\/wp-content\/uploads\/2018\/10\/la-consulta-700.jpg 700w, http:\/\/www.sinembargo.mx\/wp-content\/uploads\/2018\/10\/la-consulta-700-300x192.jpg 300w\" alt=\"\" width=\"700\" height=\"449\" \/><\/p>\n<p class=\"wp-caption-text\">La boleta.<\/p>\n<p>El Consejo Ciudadano que est\u00e1 a cargo de la consulta est\u00e1 conformado por acad\u00e9micos de diferentes disciplinas, tanto de ciencias exactas como sociales. Adem\u00e1s ya se tiene contacto con acad\u00e9micos de cada uno de los estados.<\/p>\n<p>Son arquitectos, f\u00edsicos, antrop\u00f3logos, artistas, soci\u00f3logos los que est\u00e1n en la lista de apoyo a la consulta.<\/p>\n<blockquote>\n<p>\u201cSabemos que habr\u00e1 cr\u00edticas. Porque hay opiniones diferentes. Probablemente se pueda hacer mejor que lo que haremos, pero estamos aprendiendo. El cambio lo tenemos que hacer todos. Tenemos que participar e impedir que los gobernantes hagan lo que quieran y en este proceso vamos a aprender. Buscamos que haya una visi\u00f3n democr\u00e1tica del pa\u00eds. Nos sentimos muy honrados quienes hemos sido invitados a participar en la consulta porque ser\u00e1 un suceso hist\u00f3rico\u201d, coment\u00f3 Calder\u00f3n Alzati.<\/p>\n<\/blockquote>\n<p>Enrique Semo, quien coordina el Comit\u00e9 Ciudadano de la Consulta, insisti\u00f3 en que este no es un tema de los habitantes de la Ciudad de M\u00e9xico, sino de todos porque el tema es el manejo del dinero destinado a grandes obras de Infraestructura.<\/p>\n<blockquote>\n<p>\u201cSe elige entre una obra modesta, que es reparar el Aeropuerto que tenemos y ocupar el de Toluca y aprovechar el Tren que se construye o hacer una cosa totalmente nueva y extraordinariamente costosa\u201d, coment\u00f3.<\/p>\n<p>Enrique Jacobo, representante de las organizaciones populares sentenci\u00f3: \u201ca partir de hoy sin el pueblo no se podr\u00e1n hacer las cosas\u201d.<\/p>\n<p>Ram\u00edrez Cuevas detall\u00f3 que ya hay expresiones en diferentes partes del pa\u00eds de estudiantes, acad\u00e9micos y campesinos que se est\u00e1n organizando para la consulta.<\/p>\n<p>\u201cYa se hicieron varios simulacros de consulta en las universidades. Es una nueva forma de hacer pol\u00edtica, un nuevo periodo en la historia del pa\u00eds\u201d, coment\u00f3.<\/p>\n<p>Independiente de la participaci\u00f3n, el resultado ser\u00e1 definitivo y se prev\u00e9 una impresi\u00f3n de 1 mill\u00f3n de boletas. Tambi\u00e9n se utilizar\u00e1 una aplicaci\u00f3n para impedir que una persona vote en dos ocasiones.<\/p>\n<p>Al ser cuestionado sobre la representaci\u00f3n de esa muestra, dijo que ser\u00e1 un primer intento.<\/p>\n<p>\u201c\u00bfEs m\u00e1s representativo la decisi\u00f3n de un gobierno y un Grupo Aeroportuario que toman decisiones sin consultar?\u201d, se\u00f1al\u00f3.<\/p>\n<p>El domingo 28 se dar\u00e1n a conocer los resultados ese mismo d\u00eda en la noche.<\/p>\n<p><iframe loading=\"lazy\" title=\"Equipo de AMLO da a conocer la pregunta de la consulta sobre el NAIM\" width=\"640\" height=\"360\" src=\"https:\/\/www.youtube.com\/embed\/8V2Wj4slIBE?feature=oembed\" frameborder=\"0\" allow=\"accelerometer; autoplay; clipboard-write; encrypted-media; gyroscope; picture-in-picture; web-share\" referrerpolicy=\"strict-origin-when-cross-origin\" allowfullscreen><\/iframe><\/p>\n<\/blockquote>\n<\/div>\n","protected":false},"excerpt":{"rendered":"<p>El equipo de AMLO presenta la Consulta y pide a los ciudadanos decidir qu\u00e9 hacer con el NAIM<br \/>\nPor Redacci\u00f3n QP<\/p>\n","protected":false},"author":2,"featured_media":6963,"comment_status":"open","ping_status":"open","sticky":false,"template":"","format":"standard","meta":{"_monsterinsights_skip_tracking":false,"_monsterinsights_sitenote_active":false,"_monsterinsights_sitenote_note":"","_monsterinsights_sitenote_category":0,"footnotes":""},"categories":[2],"tags":[],"class_list":["post-6964","post","type-post","status-publish","format-standard","has-post-thumbnail","hentry","category-noticias"],"yoast_head":"<!-- This site is optimized with the Yoast SEO plugin v27.3 - https:\/\/yoast.com\/product\/yoast-seo-wordpress\/ -->\n<title>El equipo de AMLO presenta la Consulta y pide a los ciudadanos decidir qu\u00e9 hacer con el NAIM -<\/title>\n<meta name=\"robots\" content=\"index, follow, max-snippet:-1, max-image-preview:large, max-video-preview:-1\" \/>\n<link rel=\"canonical\" href=\"https:\/\/quehacerpolitico.mx\/?p=6964\" \/>\n<meta property=\"og:locale\" content=\"es_MX\" \/>\n<meta property=\"og:type\" content=\"article\" \/>\n<meta property=\"og:title\" content=\"El equipo de AMLO presenta la Consulta y pide a los ciudadanos decidir qu\u00e9 hacer con el NAIM -\" \/>\n<meta property=\"og:description\" content=\"El equipo de AMLO presenta la Consulta y pide a los ciudadanos decidir qu\u00e9 hacer con el NAIM Por Redacci\u00f3n QP\" \/>\n<meta property=\"og:url\" content=\"https:\/\/quehacerpolitico.mx\/?p=6964\" \/>\n<meta property=\"article:published_time\" content=\"2018-10-15T22:32:55+00:00\" \/>\n<meta name=\"author\" content=\"Redacci\u00f3n QP\" \/>\n<meta name=\"twitter:card\" content=\"summary_large_image\" \/>\n<meta name=\"twitter:label1\" content=\"Escrito por\" \/>\n\t<meta name=\"twitter:data1\" content=\"Redacci\u00f3n QP\" \/>\n\t<meta name=\"twitter:label2\" content=\"Tiempo de lectura\" \/>\n\t<meta name=\"twitter:data2\" content=\"4 minutos\" \/>\n<script type=\"application\/ld+json\" class=\"yoast-schema-graph\">{\"@context\":\"https:\\\/\\\/schema.org\",\"@graph\":[{\"@type\":\"Article\",\"@id\":\"https:\\\/\\\/quehacerpolitico.mx\\\/?p=6964#article\",\"isPartOf\":{\"@id\":\"https:\\\/\\\/quehacerpolitico.mx\\\/?p=6964\"},\"author\":{\"name\":\"Redacci\u00f3n QP\",\"@id\":\"https:\\\/\\\/quehacerpolitico.mx\\\/#\\\/schema\\\/person\\\/496d8ad2d1d3f8036101dca7ee39e585\"},\"headline\":\"El equipo de AMLO presenta la Consulta y pide a los ciudadanos decidir qu\u00e9 hacer con el NAIM\",\"datePublished\":\"2018-10-15T22:32:55+00:00\",\"mainEntityOfPage\":{\"@id\":\"https:\\\/\\\/quehacerpolitico.mx\\\/?p=6964\"},\"wordCount\":773,\"commentCount\":0,\"image\":{\"@id\":\"https:\\\/\\\/quehacerpolitico.mx\\\/?p=6964#primaryimage\"},\"thumbnailUrl\":\"\",\"articleSection\":[\"Noticias\"],\"inLanguage\":\"es\",\"potentialAction\":[{\"@type\":\"CommentAction\",\"name\":\"Comment\",\"target\":[\"https:\\\/\\\/quehacerpolitico.mx\\\/?p=6964#respond\"]}]},{\"@type\":\"WebPage\",\"@id\":\"https:\\\/\\\/quehacerpolitico.mx\\\/?p=6964\",\"url\":\"https:\\\/\\\/quehacerpolitico.mx\\\/?p=6964\",\"name\":\"El equipo de AMLO presenta la Consulta y pide a los ciudadanos decidir qu\u00e9 hacer con el NAIM -\",\"isPartOf\":{\"@id\":\"https:\\\/\\\/quehacerpolitico.mx\\\/#website\"},\"primaryImageOfPage\":{\"@id\":\"https:\\\/\\\/quehacerpolitico.mx\\\/?p=6964#primaryimage\"},\"image\":{\"@id\":\"https:\\\/\\\/quehacerpolitico.mx\\\/?p=6964#primaryimage\"},\"thumbnailUrl\":\"\",\"datePublished\":\"2018-10-15T22:32:55+00:00\",\"author\":{\"@id\":\"https:\\\/\\\/quehacerpolitico.mx\\\/#\\\/schema\\\/person\\\/496d8ad2d1d3f8036101dca7ee39e585\"},\"breadcrumb\":{\"@id\":\"https:\\\/\\\/quehacerpolitico.mx\\\/?p=6964#breadcrumb\"},\"inLanguage\":\"es\",\"potentialAction\":[{\"@type\":\"ReadAction\",\"target\":[\"https:\\\/\\\/quehacerpolitico.mx\\\/?p=6964\"]}]},{\"@type\":\"ImageObject\",\"inLanguage\":\"es\",\"@id\":\"https:\\\/\\\/quehacerpolitico.mx\\\/?p=6964#primaryimage\",\"url\":\"\",\"contentUrl\":\"\"},{\"@type\":\"BreadcrumbList\",\"@id\":\"https:\\\/\\\/quehacerpolitico.mx\\\/?p=6964#breadcrumb\",\"itemListElement\":[{\"@type\":\"ListItem\",\"position\":1,\"name\":\"Inicio\",\"item\":\"https:\\\/\\\/quehacerpolitico.mx\\\/\"},{\"@type\":\"ListItem\",\"position\":2,\"name\":\"El equipo de AMLO presenta la Consulta y pide a los ciudadanos decidir qu\u00e9 hacer con el NAIM\"}]},{\"@type\":\"WebSite\",\"@id\":\"https:\\\/\\\/quehacerpolitico.mx\\\/#website\",\"url\":\"https:\\\/\\\/quehacerpolitico.mx\\\/\",\"name\":\"\",\"description\":\"\",\"potentialAction\":[{\"@type\":\"SearchAction\",\"target\":{\"@type\":\"EntryPoint\",\"urlTemplate\":\"https:\\\/\\\/quehacerpolitico.mx\\\/?s={search_term_string}\"},\"query-input\":{\"@type\":\"PropertyValueSpecification\",\"valueRequired\":true,\"valueName\":\"search_term_string\"}}],\"inLanguage\":\"es\"},{\"@type\":\"Person\",\"@id\":\"https:\\\/\\\/quehacerpolitico.mx\\\/#\\\/schema\\\/person\\\/496d8ad2d1d3f8036101dca7ee39e585\",\"name\":\"Redacci\u00f3n QP\",\"image\":{\"@type\":\"ImageObject\",\"inLanguage\":\"es\",\"@id\":\"https:\\\/\\\/secure.gravatar.com\\\/avatar\\\/c7164ed6fdec453195284ad24a5ae5b6e1eed2b848477fa2a4787ba9adf39a41?s=96&d=mm&r=g\",\"url\":\"https:\\\/\\\/secure.gravatar.com\\\/avatar\\\/c7164ed6fdec453195284ad24a5ae5b6e1eed2b848477fa2a4787ba9adf39a41?s=96&d=mm&r=g\",\"contentUrl\":\"https:\\\/\\\/secure.gravatar.com\\\/avatar\\\/c7164ed6fdec453195284ad24a5ae5b6e1eed2b848477fa2a4787ba9adf39a41?s=96&d=mm&r=g\",\"caption\":\"Redacci\u00f3n QP\"},\"url\":\"https:\\\/\\\/quehacerpolitico.mx\\\/?author=2\"}]}<\/script>\n<!-- \/ Yoast SEO plugin. -->","yoast_head_json":{"title":"El equipo de AMLO presenta la Consulta y pide a los ciudadanos decidir qu\u00e9 hacer con el NAIM -","robots":{"index":"index","follow":"follow","max-snippet":"max-snippet:-1","max-image-preview":"max-image-preview:large","max-video-preview":"max-video-preview:-1"},"canonical":"https:\/\/quehacerpolitico.mx\/?p=6964","og_locale":"es_MX","og_type":"article","og_title":"El equipo de AMLO presenta la Consulta y pide a los ciudadanos decidir qu\u00e9 hacer con el NAIM -","og_description":"El equipo de AMLO presenta la Consulta y pide a los ciudadanos decidir qu\u00e9 hacer con el NAIM Por Redacci\u00f3n QP","og_url":"https:\/\/quehacerpolitico.mx\/?p=6964","article_published_time":"2018-10-15T22:32:55+00:00","author":"Redacci\u00f3n QP","twitter_card":"summary_large_image","twitter_misc":{"Escrito por":"Redacci\u00f3n QP","Tiempo de lectura":"4 minutos"},"schema":{"@context":"https:\/\/schema.org","@graph":[{"@type":"Article","@id":"https:\/\/quehacerpolitico.mx\/?p=6964#article","isPartOf":{"@id":"https:\/\/quehacerpolitico.mx\/?p=6964"},"author":{"name":"Redacci\u00f3n QP","@id":"https:\/\/quehacerpolitico.mx\/#\/schema\/person\/496d8ad2d1d3f8036101dca7ee39e585"},"headline":"El equipo de AMLO presenta la Consulta y pide a los ciudadanos decidir qu\u00e9 hacer con el NAIM","datePublished":"2018-10-15T22:32:55+00:00","mainEntityOfPage":{"@id":"https:\/\/quehacerpolitico.mx\/?p=6964"},"wordCount":773,"commentCount":0,"image":{"@id":"https:\/\/quehacerpolitico.mx\/?p=6964#primaryimage"},"thumbnailUrl":"","articleSection":["Noticias"],"inLanguage":"es","potentialAction":[{"@type":"CommentAction","name":"Comment","target":["https:\/\/quehacerpolitico.mx\/?p=6964#respond"]}]},{"@type":"WebPage","@id":"https:\/\/quehacerpolitico.mx\/?p=6964","url":"https:\/\/quehacerpolitico.mx\/?p=6964","name":"El equipo de AMLO presenta la Consulta y pide a los ciudadanos decidir qu\u00e9 hacer con el NAIM -","isPartOf":{"@id":"https:\/\/quehacerpolitico.mx\/#website"},"primaryImageOfPage":{"@id":"https:\/\/quehacerpolitico.mx\/?p=6964#primaryimage"},"image":{"@id":"https:\/\/quehacerpolitico.mx\/?p=6964#primaryimage"},"thumbnailUrl":"","datePublished":"2018-10-15T22:32:55+00:00","author":{"@id":"https:\/\/quehacerpolitico.mx\/#\/schema\/person\/496d8ad2d1d3f8036101dca7ee39e585"},"breadcrumb":{"@id":"https:\/\/quehacerpolitico.mx\/?p=6964#breadcrumb"},"inLanguage":"es","potentialAction":[{"@type":"ReadAction","target":["https:\/\/quehacerpolitico.mx\/?p=6964"]}]},{"@type":"ImageObject","inLanguage":"es","@id":"https:\/\/quehacerpolitico.mx\/?p=6964#primaryimage","url":"","contentUrl":""},{"@type":"BreadcrumbList","@id":"https:\/\/quehacerpolitico.mx\/?p=6964#breadcrumb","itemListElement":[{"@type":"ListItem","position":1,"name":"Inicio","item":"https:\/\/quehacerpolitico.mx\/"},{"@type":"ListItem","position":2,"name":"El equipo de AMLO presenta la Consulta y pide a los ciudadanos decidir qu\u00e9 hacer con el NAIM"}]},{"@type":"WebSite","@id":"https:\/\/quehacerpolitico.mx\/#website","url":"https:\/\/quehacerpolitico.mx\/","name":"","description":"","potentialAction":[{"@type":"SearchAction","target":{"@type":"EntryPoint","urlTemplate":"https:\/\/quehacerpolitico.mx\/?s={search_term_string}"},"query-input":{"@type":"PropertyValueSpecification","valueRequired":true,"valueName":"search_term_string"}}],"inLanguage":"es"},{"@type":"Person","@id":"https:\/\/quehacerpolitico.mx\/#\/schema\/person\/496d8ad2d1d3f8036101dca7ee39e585","name":"Redacci\u00f3n QP","image":{"@type":"ImageObject","inLanguage":"es","@id":"https:\/\/secure.gravatar.com\/avatar\/c7164ed6fdec453195284ad24a5ae5b6e1eed2b848477fa2a4787ba9adf39a41?s=96&d=mm&r=g","url":"https:\/\/secure.gravatar.com\/avatar\/c7164ed6fdec453195284ad24a5ae5b6e1eed2b848477fa2a4787ba9adf39a41?s=96&d=mm&r=g","contentUrl":"https:\/\/secure.gravatar.com\/avatar\/c7164ed6fdec453195284ad24a5ae5b6e1eed2b848477fa2a4787ba9adf39a41?s=96&d=mm&r=g","caption":"Redacci\u00f3n QP"},"url":"https:\/\/quehacerpolitico.mx\/?author=2"}]}},"featured_image_urls":{"full":"","thumbnail":"","medium":"","medium_large":"","large":"","1536x1536":"","2048x2048":"","covernews-featured":"","covernews-medium":""},"author_info":{"display_name":"Redacci\u00f3n QP","author_link":"https:\/\/quehacerpolitico.mx\/?author=2"},"category_info":"<a href=\"https:\/\/quehacerpolitico.mx\/?cat=2\" rel=\"category\">Noticias<\/a>","tag_info":"Noticias","comment_count":"0","_links":{"self":[{"href":"https:\/\/quehacerpolitico.mx\/index.php?rest_route=\/wp\/v2\/posts\/6964","targetHints":{"allow":["GET"]}}],"collection":[{"href":"https:\/\/quehacerpolitico.mx\/index.php?rest_route=\/wp\/v2\/posts"}],"about":[{"href":"https:\/\/quehacerpolitico.mx\/index.php?rest_route=\/wp\/v2\/types\/post"}],"author":[{"embeddable":true,"href":"https:\/\/quehacerpolitico.mx\/index.php?rest_route=\/wp\/v2\/users\/2"}],"replies":[{"embeddable":true,"href":"https:\/\/quehacerpolitico.mx\/index.php?rest_route=%2Fwp%2Fv2%2Fcomments&post=6964"}],"version-history":[{"count":0,"href":"https:\/\/quehacerpolitico.mx\/index.php?rest_route=\/wp\/v2\/posts\/6964\/revisions"}],"wp:featuredmedia":[{"embeddable":true,"href":"https:\/\/quehacerpolitico.mx\/index.php?rest_route=\/"}],"wp:attachment":[{"href":"https:\/\/quehacerpolitico.mx\/index.php?rest_route=%2Fwp%2Fv2%2Fmedia&parent=6964"}],"wp:term":[{"taxonomy":"category","embeddable":true,"href":"https:\/\/quehacerpolitico.mx\/index.php?rest_route=%2Fwp%2Fv2%2Fcategories&post=6964"},{"taxonomy":"post_tag","embeddable":true,"href":"https:\/\/quehacerpolitico.mx\/index.php?rest_route=%2Fwp%2Fv2%2Ftags&post=6964"}],"curies":[{"name":"wp","href":"https:\/\/api.w.org\/{rel}","templated":true}]}}