{"id":6960,"date":"2018-10-15T20:06:42","date_gmt":"2018-10-15T20:06:42","guid":{"rendered":"http:\/\/quehacerpolitico.mx\/audiencia-de-los-presuntos-multifeminicidas-de-ecatepec-se-suspende-se-programa-para-el-martes\/"},"modified":"2018-10-15T20:06:42","modified_gmt":"2018-10-15T20:06:42","slug":"audiencia-de-los-presuntos-multifeminicidas-de-ecatepec-se-suspende-se-programa-para-el-martes","status":"publish","type":"post","link":"https:\/\/quehacerpolitico.mx\/?p=6960","title":{"rendered":"Audiencia de los presuntos multifeminicidas de Ecatepec se suspende; se programa para el martes"},"content":{"rendered":"<h3>Esta ma\u00f1ana inici\u00f3 la audiencia de vinculaci\u00f3n a proceso o libertad por el feminicidio de Nancy Nohem\u00ed de 28 a\u00f1os, sin embargo, esta fue suspendida a los 5 minutos de iniciada luego de que el C5 no presentara el material audiovisual solicitado. Al no presentar los videos, la Juez Diana Santiago otorg\u00f3 un lapso de 24 horas para recabar el material solicitado y entregarlo el d\u00eda de ma\u00f1ana en una nueva audiencia.<\/h3>\n<p>El juzgado en el penal de <strong>Chiconautla<\/strong> suspendi\u00f3 este d\u00eda la audiencia en contra de <strong>Juan Carlos \u201cN\u201d y Patricia \u201cN\u201d<\/strong>, la pareja <strong>multifeminicida de Ecatepec<\/strong>, luego de que su defensa solicitara unos videos y el personal del centro de control y mando <strong>C5<\/strong> no los presentara.<\/p>\n<p>Esta ma\u00f1ana inici\u00f3 la audiencia de vinculaci\u00f3n a proceso o libertad por el feminicidio de Nancy Nohem\u00ed de 28 a\u00f1os, sin embargo, esta fue suspendida a los 5 minutos de iniciada luego de que el C5 no presentara el material audiovisual. Personal de la dependencia indic\u00f3 que no trabaja los fines de semana y que apenas esta ma\u00f1ana recibieron la petici\u00f3n del juez para presentar los videos del 6 de septiembre de las c\u00e1maras de seguridad de la colonia Jardines de Morelos, fecha en la que desapareci\u00f3 la v\u00edctima y su hija de dos meses.<\/p>\n<p>Al no presentar los videos, la Juez Diana Santiago, otorg\u00f3 un lapso de 24 horas para recabar el material solicitado y presentarlo el d\u00eda de ma\u00f1ana en una nueva audiencia.<\/p>\n<p>La audiencia se realizar\u00e1 el d\u00eda martes a las 12:30 horas. Ah\u00ed se determinar\u00e1 si la pareja es vinculada o proceso o no por el delito de feminicidio.<\/p>\n<p>El pasado 5 de octubre, Juan Carlos \u201cN\u201d y Patricia \u201cN\u201d luego del hallazgo de restos humanos en una vivienda ubicada en la calle Playas de Tijuana, en Jardines de Morelos, en donde viv\u00eda la pareja. La Fiscal\u00eda del Estado de M\u00e9xico inform\u00f3 que la detenci\u00f3n fue derivada de las investigaciones por la desaparici\u00f3n de tres j\u00f3venes madres en el sector: Noem\u00ed Holgu\u00edn Solorio, Arlet Samanta Hern\u00e1ndez y Evelyn.<\/p>\n<p>De acuerdo a informaci\u00f3n trascendida en medios de comunicaci\u00f3n y el video filtrado a la prensa, el imputado Juan Carlos \u201cN\u201d confes\u00f3, sin remordimientos, la comisi\u00f3n de los cr\u00edmenes a los que atribuy\u00f3 por odio a las mujeres.<\/p>\n","protected":false},"excerpt":{"rendered":"<p>Audiencia de los presuntos multifeminicidas de Ecatepec se suspende; se programa para el martes<br \/>\nPor Redacci\u00f3n QP<\/p>\n","protected":false},"author":2,"featured_media":6959,"comment_status":"open","ping_status":"open","sticky":false,"template":"","format":"standard","meta":{"_monsterinsights_skip_tracking":false,"_monsterinsights_sitenote_active":false,"_monsterinsights_sitenote_note":"","_monsterinsights_sitenote_category":0,"footnotes":""},"categories":[2],"tags":[],"class_list":["post-6960","post","type-post","status-publish","format-standard","has-post-thumbnail","hentry","category-noticias"],"yoast_head":"<!-- This site is optimized with the Yoast SEO plugin v27.3 - https:\/\/yoast.com\/product\/yoast-seo-wordpress\/ -->\n<title>Audiencia de los presuntos multifeminicidas de Ecatepec se suspende; se programa para el martes -<\/title>\n<meta name=\"robots\" content=\"index, follow, max-snippet:-1, max-image-preview:large, max-video-preview:-1\" \/>\n<link rel=\"canonical\" href=\"https:\/\/quehacerpolitico.mx\/?p=6960\" \/>\n<meta property=\"og:locale\" content=\"es_MX\" \/>\n<meta property=\"og:type\" content=\"article\" \/>\n<meta property=\"og:title\" content=\"Audiencia de los presuntos multifeminicidas de Ecatepec se suspende; se programa para el martes -\" \/>\n<meta property=\"og:description\" content=\"Audiencia de los presuntos multifeminicidas de Ecatepec se suspende; se programa para el martes Por Redacci\u00f3n QP\" \/>\n<meta property=\"og:url\" content=\"https:\/\/quehacerpolitico.mx\/?p=6960\" \/>\n<meta property=\"article:published_time\" content=\"2018-10-15T20:06:42+00:00\" \/>\n<meta name=\"author\" content=\"Redacci\u00f3n QP\" \/>\n<meta name=\"twitter:card\" content=\"summary_large_image\" \/>\n<meta name=\"twitter:label1\" content=\"Escrito por\" \/>\n\t<meta name=\"twitter:data1\" content=\"Redacci\u00f3n QP\" \/>\n\t<meta name=\"twitter:label2\" content=\"Tiempo de lectura\" \/>\n\t<meta name=\"twitter:data2\" content=\"2 minutos\" \/>\n<script type=\"application\/ld+json\" class=\"yoast-schema-graph\">{\"@context\":\"https:\\\/\\\/schema.org\",\"@graph\":[{\"@type\":\"Article\",\"@id\":\"https:\\\/\\\/quehacerpolitico.mx\\\/?p=6960#article\",\"isPartOf\":{\"@id\":\"https:\\\/\\\/quehacerpolitico.mx\\\/?p=6960\"},\"author\":{\"name\":\"Redacci\u00f3n QP\",\"@id\":\"https:\\\/\\\/quehacerpolitico.mx\\\/#\\\/schema\\\/person\\\/496d8ad2d1d3f8036101dca7ee39e585\"},\"headline\":\"Audiencia de los presuntos multifeminicidas de Ecatepec se suspende; se programa para el martes\",\"datePublished\":\"2018-10-15T20:06:42+00:00\",\"mainEntityOfPage\":{\"@id\":\"https:\\\/\\\/quehacerpolitico.mx\\\/?p=6960\"},\"wordCount\":412,\"commentCount\":0,\"image\":{\"@id\":\"https:\\\/\\\/quehacerpolitico.mx\\\/?p=6960#primaryimage\"},\"thumbnailUrl\":\"\",\"articleSection\":[\"Noticias\"],\"inLanguage\":\"es\",\"potentialAction\":[{\"@type\":\"CommentAction\",\"name\":\"Comment\",\"target\":[\"https:\\\/\\\/quehacerpolitico.mx\\\/?p=6960#respond\"]}]},{\"@type\":\"WebPage\",\"@id\":\"https:\\\/\\\/quehacerpolitico.mx\\\/?p=6960\",\"url\":\"https:\\\/\\\/quehacerpolitico.mx\\\/?p=6960\",\"name\":\"Audiencia de los presuntos multifeminicidas de Ecatepec se suspende; se programa para el martes -\",\"isPartOf\":{\"@id\":\"https:\\\/\\\/quehacerpolitico.mx\\\/#website\"},\"primaryImageOfPage\":{\"@id\":\"https:\\\/\\\/quehacerpolitico.mx\\\/?p=6960#primaryimage\"},\"image\":{\"@id\":\"https:\\\/\\\/quehacerpolitico.mx\\\/?p=6960#primaryimage\"},\"thumbnailUrl\":\"\",\"datePublished\":\"2018-10-15T20:06:42+00:00\",\"author\":{\"@id\":\"https:\\\/\\\/quehacerpolitico.mx\\\/#\\\/schema\\\/person\\\/496d8ad2d1d3f8036101dca7ee39e585\"},\"breadcrumb\":{\"@id\":\"https:\\\/\\\/quehacerpolitico.mx\\\/?p=6960#breadcrumb\"},\"inLanguage\":\"es\",\"potentialAction\":[{\"@type\":\"ReadAction\",\"target\":[\"https:\\\/\\\/quehacerpolitico.mx\\\/?p=6960\"]}]},{\"@type\":\"ImageObject\",\"inLanguage\":\"es\",\"@id\":\"https:\\\/\\\/quehacerpolitico.mx\\\/?p=6960#primaryimage\",\"url\":\"\",\"contentUrl\":\"\"},{\"@type\":\"BreadcrumbList\",\"@id\":\"https:\\\/\\\/quehacerpolitico.mx\\\/?p=6960#breadcrumb\",\"itemListElement\":[{\"@type\":\"ListItem\",\"position\":1,\"name\":\"Inicio\",\"item\":\"https:\\\/\\\/quehacerpolitico.mx\\\/\"},{\"@type\":\"ListItem\",\"position\":2,\"name\":\"Audiencia de los presuntos multifeminicidas de Ecatepec se suspende; se programa para el martes\"}]},{\"@type\":\"WebSite\",\"@id\":\"https:\\\/\\\/quehacerpolitico.mx\\\/#website\",\"url\":\"https:\\\/\\\/quehacerpolitico.mx\\\/\",\"name\":\"\",\"description\":\"\",\"potentialAction\":[{\"@type\":\"SearchAction\",\"target\":{\"@type\":\"EntryPoint\",\"urlTemplate\":\"https:\\\/\\\/quehacerpolitico.mx\\\/?s={search_term_string}\"},\"query-input\":{\"@type\":\"PropertyValueSpecification\",\"valueRequired\":true,\"valueName\":\"search_term_string\"}}],\"inLanguage\":\"es\"},{\"@type\":\"Person\",\"@id\":\"https:\\\/\\\/quehacerpolitico.mx\\\/#\\\/schema\\\/person\\\/496d8ad2d1d3f8036101dca7ee39e585\",\"name\":\"Redacci\u00f3n QP\",\"image\":{\"@type\":\"ImageObject\",\"inLanguage\":\"es\",\"@id\":\"https:\\\/\\\/secure.gravatar.com\\\/avatar\\\/c7164ed6fdec453195284ad24a5ae5b6e1eed2b848477fa2a4787ba9adf39a41?s=96&d=mm&r=g\",\"url\":\"https:\\\/\\\/secure.gravatar.com\\\/avatar\\\/c7164ed6fdec453195284ad24a5ae5b6e1eed2b848477fa2a4787ba9adf39a41?s=96&d=mm&r=g\",\"contentUrl\":\"https:\\\/\\\/secure.gravatar.com\\\/avatar\\\/c7164ed6fdec453195284ad24a5ae5b6e1eed2b848477fa2a4787ba9adf39a41?s=96&d=mm&r=g\",\"caption\":\"Redacci\u00f3n QP\"},\"url\":\"https:\\\/\\\/quehacerpolitico.mx\\\/?author=2\"}]}<\/script>\n<!-- \/ Yoast SEO plugin. -->","yoast_head_json":{"title":"Audiencia de los presuntos multifeminicidas de Ecatepec se suspende; se programa para el martes -","robots":{"index":"index","follow":"follow","max-snippet":"max-snippet:-1","max-image-preview":"max-image-preview:large","max-video-preview":"max-video-preview:-1"},"canonical":"https:\/\/quehacerpolitico.mx\/?p=6960","og_locale":"es_MX","og_type":"article","og_title":"Audiencia de los presuntos multifeminicidas de Ecatepec se suspende; se programa para el martes -","og_description":"Audiencia de los presuntos multifeminicidas de Ecatepec se suspende; se programa para el martes Por Redacci\u00f3n QP","og_url":"https:\/\/quehacerpolitico.mx\/?p=6960","article_published_time":"2018-10-15T20:06:42+00:00","author":"Redacci\u00f3n QP","twitter_card":"summary_large_image","twitter_misc":{"Escrito por":"Redacci\u00f3n QP","Tiempo de lectura":"2 minutos"},"schema":{"@context":"https:\/\/schema.org","@graph":[{"@type":"Article","@id":"https:\/\/quehacerpolitico.mx\/?p=6960#article","isPartOf":{"@id":"https:\/\/quehacerpolitico.mx\/?p=6960"},"author":{"name":"Redacci\u00f3n QP","@id":"https:\/\/quehacerpolitico.mx\/#\/schema\/person\/496d8ad2d1d3f8036101dca7ee39e585"},"headline":"Audiencia de los presuntos multifeminicidas de Ecatepec se suspende; se programa para el martes","datePublished":"2018-10-15T20:06:42+00:00","mainEntityOfPage":{"@id":"https:\/\/quehacerpolitico.mx\/?p=6960"},"wordCount":412,"commentCount":0,"image":{"@id":"https:\/\/quehacerpolitico.mx\/?p=6960#primaryimage"},"thumbnailUrl":"","articleSection":["Noticias"],"inLanguage":"es","potentialAction":[{"@type":"CommentAction","name":"Comment","target":["https:\/\/quehacerpolitico.mx\/?p=6960#respond"]}]},{"@type":"WebPage","@id":"https:\/\/quehacerpolitico.mx\/?p=6960","url":"https:\/\/quehacerpolitico.mx\/?p=6960","name":"Audiencia de los presuntos multifeminicidas de Ecatepec se suspende; se programa para el martes -","isPartOf":{"@id":"https:\/\/quehacerpolitico.mx\/#website"},"primaryImageOfPage":{"@id":"https:\/\/quehacerpolitico.mx\/?p=6960#primaryimage"},"image":{"@id":"https:\/\/quehacerpolitico.mx\/?p=6960#primaryimage"},"thumbnailUrl":"","datePublished":"2018-10-15T20:06:42+00:00","author":{"@id":"https:\/\/quehacerpolitico.mx\/#\/schema\/person\/496d8ad2d1d3f8036101dca7ee39e585"},"breadcrumb":{"@id":"https:\/\/quehacerpolitico.mx\/?p=6960#breadcrumb"},"inLanguage":"es","potentialAction":[{"@type":"ReadAction","target":["https:\/\/quehacerpolitico.mx\/?p=6960"]}]},{"@type":"ImageObject","inLanguage":"es","@id":"https:\/\/quehacerpolitico.mx\/?p=6960#primaryimage","url":"","contentUrl":""},{"@type":"BreadcrumbList","@id":"https:\/\/quehacerpolitico.mx\/?p=6960#breadcrumb","itemListElement":[{"@type":"ListItem","position":1,"name":"Inicio","item":"https:\/\/quehacerpolitico.mx\/"},{"@type":"ListItem","position":2,"name":"Audiencia de los presuntos multifeminicidas de Ecatepec se suspende; se programa para el martes"}]},{"@type":"WebSite","@id":"https:\/\/quehacerpolitico.mx\/#website","url":"https:\/\/quehacerpolitico.mx\/","name":"","description":"","potentialAction":[{"@type":"SearchAction","target":{"@type":"EntryPoint","urlTemplate":"https:\/\/quehacerpolitico.mx\/?s={search_term_string}"},"query-input":{"@type":"PropertyValueSpecification","valueRequired":true,"valueName":"search_term_string"}}],"inLanguage":"es"},{"@type":"Person","@id":"https:\/\/quehacerpolitico.mx\/#\/schema\/person\/496d8ad2d1d3f8036101dca7ee39e585","name":"Redacci\u00f3n QP","image":{"@type":"ImageObject","inLanguage":"es","@id":"https:\/\/secure.gravatar.com\/avatar\/c7164ed6fdec453195284ad24a5ae5b6e1eed2b848477fa2a4787ba9adf39a41?s=96&d=mm&r=g","url":"https:\/\/secure.gravatar.com\/avatar\/c7164ed6fdec453195284ad24a5ae5b6e1eed2b848477fa2a4787ba9adf39a41?s=96&d=mm&r=g","contentUrl":"https:\/\/secure.gravatar.com\/avatar\/c7164ed6fdec453195284ad24a5ae5b6e1eed2b848477fa2a4787ba9adf39a41?s=96&d=mm&r=g","caption":"Redacci\u00f3n QP"},"url":"https:\/\/quehacerpolitico.mx\/?author=2"}]}},"featured_image_urls":{"full":"","thumbnail":"","medium":"","medium_large":"","large":"","1536x1536":"","2048x2048":"","covernews-featured":"","covernews-medium":""},"author_info":{"display_name":"Redacci\u00f3n QP","author_link":"https:\/\/quehacerpolitico.mx\/?author=2"},"category_info":"<a href=\"https:\/\/quehacerpolitico.mx\/?cat=2\" rel=\"category\">Noticias<\/a>","tag_info":"Noticias","comment_count":"0","_links":{"self":[{"href":"https:\/\/quehacerpolitico.mx\/index.php?rest_route=\/wp\/v2\/posts\/6960","targetHints":{"allow":["GET"]}}],"collection":[{"href":"https:\/\/quehacerpolitico.mx\/index.php?rest_route=\/wp\/v2\/posts"}],"about":[{"href":"https:\/\/quehacerpolitico.mx\/index.php?rest_route=\/wp\/v2\/types\/post"}],"author":[{"embeddable":true,"href":"https:\/\/quehacerpolitico.mx\/index.php?rest_route=\/wp\/v2\/users\/2"}],"replies":[{"embeddable":true,"href":"https:\/\/quehacerpolitico.mx\/index.php?rest_route=%2Fwp%2Fv2%2Fcomments&post=6960"}],"version-history":[{"count":0,"href":"https:\/\/quehacerpolitico.mx\/index.php?rest_route=\/wp\/v2\/posts\/6960\/revisions"}],"wp:featuredmedia":[{"embeddable":true,"href":"https:\/\/quehacerpolitico.mx\/index.php?rest_route=\/"}],"wp:attachment":[{"href":"https:\/\/quehacerpolitico.mx\/index.php?rest_route=%2Fwp%2Fv2%2Fmedia&parent=6960"}],"wp:term":[{"taxonomy":"category","embeddable":true,"href":"https:\/\/quehacerpolitico.mx\/index.php?rest_route=%2Fwp%2Fv2%2Fcategories&post=6960"},{"taxonomy":"post_tag","embeddable":true,"href":"https:\/\/quehacerpolitico.mx\/index.php?rest_route=%2Fwp%2Fv2%2Ftags&post=6960"}],"curies":[{"name":"wp","href":"https:\/\/api.w.org\/{rel}","templated":true}]}}