{"id":6942,"date":"2018-10-15T15:39:37","date_gmt":"2018-10-15T15:39:37","guid":{"rendered":"http:\/\/quehacerpolitico.mx\/la-cuarta-transformacion-de-amlo-tiene-su-mirada-puesta-en-nuestros-territorios-dice-el-ezln\/"},"modified":"2018-10-15T15:39:37","modified_gmt":"2018-10-15T15:39:37","slug":"la-cuarta-transformacion-de-amlo-tiene-su-mirada-puesta-en-nuestros-territorios-dice-el-ezln","status":"publish","type":"post","link":"https:\/\/quehacerpolitico.mx\/?p=6942","title":{"rendered":"La cuarta transformaci\u00f3n de AMLO \u201ctiene su mirada puesta en nuestros territorios\u201d, dice el EZLN"},"content":{"rendered":"<h3>El Concejo expres\u00f3 que con la ratificaci\u00f3n del Tratado de Libre Comercio con Estados Unidos en el gobierno de AMLO, ven el cinismo con que ser\u00e1n entregados los pueblos de M\u00e9xico, dando as\u00ed la continuidad a la pol\u00edtica neoliberal.<\/h3>\n<p>Integrantes de la segunda <strong>Asamblea Nacional del Congreso Nacional Ind\u00edgena-Concejo Ind\u00edgena de Gobierno<\/strong> (CNI-CIG) y del\u00a0<strong>Ej\u00e9rcito Zapatista de Liberaci\u00f3n Nacional<\/strong>, se pronunciaron energ\u00e9ticamente al expresar que \u201cno tenemos duda, no seremos parte de ninguna transformaci\u00f3n exponencial capitalista\u201d, refiri\u00e9ndose a la que el Presidente electo <strong>Andr\u00e9s Manuel L\u00f3pez Obrador<\/strong> pretende dirigir desde el pr\u00f3ximo primero de diciembre con la denominada \u201c<strong>cuarta transformaci\u00f3n<\/strong>\u201d.<\/p>\n<blockquote>\n<p>\u201cCon sus pr\u00e1cticas viciadas, tiene su mirada puesta en nuestros territorios. No seremos parte de su mentira sedienta de nuestra sangre y exterminio\u201d describi\u00f3 el comunicado.<\/p>\n<\/blockquote>\n<p>Junto al <strong>Ej\u00e9rcito Zapatista de Liberaci\u00f3n Nacional<\/strong>, la segunda Asamblea del CNI-CIG se realiz\u00f3 del 11 al 14 de octubre en el CIDECI-Unitierra, en la ciudad de San Crist\u00f3bal de las Casas, en la que consultaron y emprendieron los nuevos pasos para la construcci\u00f3n del nuevo mundo que ellos necesitan.<\/p>\n<p>\u201cEso a lo que arriba llaman Estado Mexicano, es s\u00f3lo una mentira hecha para imponer, reprimir y ocultar la muerte que ya se nos desborda haciendo evidente el enga\u00f1o. Es decir, no son m\u00e1s que una banda de rateros que fingen ser instituci\u00f3n de derecha o izquierda\u201d mencionan.<\/p>\n<p>El CNI indicaron que ante uno de los proyectos que L\u00f3pez Obrador ha anunciado para el sur del pa\u00eds, son palabras que \u201csobran\u201d ante la anunciada siembra de un mill\u00f3n de hect\u00e1reas con \u00e1rboles frutales y maderables en el sur del pa\u00eds.<\/p>\n<p>\u201cNo tenemos m\u00e1s que defender la vida con o sin las mentiras del gobierno que sale, del gobierno que entra, porque las palabras sobran cuando se amenaza a los pueblos\u201d instaron.<\/p>\n<p>El Concejo expres\u00f3 que con la ratificaci\u00f3n del Tratado de Libre Comercio con Estados Unidos en el gobierno de AMLO, ven el cinismo con que ser\u00e1n entregados los pueblos de M\u00e9xico, dando as\u00ed la continuidad a la pol\u00edtica neoliberal.<\/p>\n<p>Adem\u00e1s, aludieron a que los 50 mil j\u00f3venes que ser\u00e1n reclutados para las filas armadas propuesto por L\u00f3pez Obrador, dar\u00e1n servicio para reprimir, despojar y sembrar el terror en toda la naci\u00f3n.<\/p>\n<p>Finalmente, la segunda Asamblea culmin\u00f3 con el acuerdo de consultar a las comunidades, pueblos, naciones, tribus y barrios las formas y modos de construir junto con las redes, una coordinaci\u00f3n que enriquezca el apoyo y la solidaridad.<\/p>\n<p>Con Informaci\u00f3n de Chiapas Paralelo<\/p>\n","protected":false},"excerpt":{"rendered":"<p>La cuarta transformaci\u00f3n de AMLO \u201ctiene su mirada puesta en nuestros territorios\u201d, dice el EZLN<br \/>\nPor Redacci\u00f3n QP<\/p>\n","protected":false},"author":2,"featured_media":6941,"comment_status":"open","ping_status":"open","sticky":false,"template":"","format":"standard","meta":{"_monsterinsights_skip_tracking":false,"_monsterinsights_sitenote_active":false,"_monsterinsights_sitenote_note":"","_monsterinsights_sitenote_category":0,"footnotes":""},"categories":[2],"tags":[],"class_list":["post-6942","post","type-post","status-publish","format-standard","has-post-thumbnail","hentry","category-noticias"],"yoast_head":"<!-- This site is optimized with the Yoast SEO plugin v27.3 - https:\/\/yoast.com\/product\/yoast-seo-wordpress\/ -->\n<title>La cuarta transformaci\u00f3n de AMLO \u201ctiene su mirada puesta en nuestros territorios\u201d, dice el EZLN -<\/title>\n<meta name=\"robots\" content=\"index, follow, max-snippet:-1, max-image-preview:large, max-video-preview:-1\" \/>\n<link rel=\"canonical\" href=\"https:\/\/quehacerpolitico.mx\/?p=6942\" \/>\n<meta property=\"og:locale\" content=\"es_MX\" \/>\n<meta property=\"og:type\" content=\"article\" \/>\n<meta property=\"og:title\" content=\"La cuarta transformaci\u00f3n de AMLO \u201ctiene su mirada puesta en nuestros territorios\u201d, dice el EZLN -\" \/>\n<meta property=\"og:description\" content=\"La cuarta transformaci\u00f3n de AMLO \u201ctiene su mirada puesta en nuestros territorios\u201d, dice el EZLN Por Redacci\u00f3n QP\" \/>\n<meta property=\"og:url\" content=\"https:\/\/quehacerpolitico.mx\/?p=6942\" \/>\n<meta property=\"article:published_time\" content=\"2018-10-15T15:39:37+00:00\" \/>\n<meta name=\"author\" content=\"Redacci\u00f3n QP\" \/>\n<meta name=\"twitter:card\" content=\"summary_large_image\" \/>\n<meta name=\"twitter:label1\" content=\"Escrito por\" \/>\n\t<meta name=\"twitter:data1\" content=\"Redacci\u00f3n QP\" \/>\n\t<meta name=\"twitter:label2\" content=\"Tiempo de lectura\" \/>\n\t<meta name=\"twitter:data2\" content=\"2 minutos\" \/>\n<script type=\"application\/ld+json\" class=\"yoast-schema-graph\">{\"@context\":\"https:\\\/\\\/schema.org\",\"@graph\":[{\"@type\":\"Article\",\"@id\":\"https:\\\/\\\/quehacerpolitico.mx\\\/?p=6942#article\",\"isPartOf\":{\"@id\":\"https:\\\/\\\/quehacerpolitico.mx\\\/?p=6942\"},\"author\":{\"name\":\"Redacci\u00f3n QP\",\"@id\":\"https:\\\/\\\/quehacerpolitico.mx\\\/#\\\/schema\\\/person\\\/496d8ad2d1d3f8036101dca7ee39e585\"},\"headline\":\"La cuarta transformaci\u00f3n de AMLO \u201ctiene su mirada puesta en nuestros territorios\u201d, dice el EZLN\",\"datePublished\":\"2018-10-15T15:39:37+00:00\",\"mainEntityOfPage\":{\"@id\":\"https:\\\/\\\/quehacerpolitico.mx\\\/?p=6942\"},\"wordCount\":466,\"commentCount\":0,\"image\":{\"@id\":\"https:\\\/\\\/quehacerpolitico.mx\\\/?p=6942#primaryimage\"},\"thumbnailUrl\":\"\",\"articleSection\":[\"Noticias\"],\"inLanguage\":\"es\",\"potentialAction\":[{\"@type\":\"CommentAction\",\"name\":\"Comment\",\"target\":[\"https:\\\/\\\/quehacerpolitico.mx\\\/?p=6942#respond\"]}]},{\"@type\":\"WebPage\",\"@id\":\"https:\\\/\\\/quehacerpolitico.mx\\\/?p=6942\",\"url\":\"https:\\\/\\\/quehacerpolitico.mx\\\/?p=6942\",\"name\":\"La cuarta transformaci\u00f3n de AMLO \u201ctiene su mirada puesta en nuestros territorios\u201d, dice el EZLN -\",\"isPartOf\":{\"@id\":\"https:\\\/\\\/quehacerpolitico.mx\\\/#website\"},\"primaryImageOfPage\":{\"@id\":\"https:\\\/\\\/quehacerpolitico.mx\\\/?p=6942#primaryimage\"},\"image\":{\"@id\":\"https:\\\/\\\/quehacerpolitico.mx\\\/?p=6942#primaryimage\"},\"thumbnailUrl\":\"\",\"datePublished\":\"2018-10-15T15:39:37+00:00\",\"author\":{\"@id\":\"https:\\\/\\\/quehacerpolitico.mx\\\/#\\\/schema\\\/person\\\/496d8ad2d1d3f8036101dca7ee39e585\"},\"breadcrumb\":{\"@id\":\"https:\\\/\\\/quehacerpolitico.mx\\\/?p=6942#breadcrumb\"},\"inLanguage\":\"es\",\"potentialAction\":[{\"@type\":\"ReadAction\",\"target\":[\"https:\\\/\\\/quehacerpolitico.mx\\\/?p=6942\"]}]},{\"@type\":\"ImageObject\",\"inLanguage\":\"es\",\"@id\":\"https:\\\/\\\/quehacerpolitico.mx\\\/?p=6942#primaryimage\",\"url\":\"\",\"contentUrl\":\"\"},{\"@type\":\"BreadcrumbList\",\"@id\":\"https:\\\/\\\/quehacerpolitico.mx\\\/?p=6942#breadcrumb\",\"itemListElement\":[{\"@type\":\"ListItem\",\"position\":1,\"name\":\"Inicio\",\"item\":\"https:\\\/\\\/quehacerpolitico.mx\\\/\"},{\"@type\":\"ListItem\",\"position\":2,\"name\":\"La cuarta transformaci\u00f3n de AMLO \u201ctiene su mirada puesta en nuestros territorios\u201d, dice el EZLN\"}]},{\"@type\":\"WebSite\",\"@id\":\"https:\\\/\\\/quehacerpolitico.mx\\\/#website\",\"url\":\"https:\\\/\\\/quehacerpolitico.mx\\\/\",\"name\":\"\",\"description\":\"\",\"potentialAction\":[{\"@type\":\"SearchAction\",\"target\":{\"@type\":\"EntryPoint\",\"urlTemplate\":\"https:\\\/\\\/quehacerpolitico.mx\\\/?s={search_term_string}\"},\"query-input\":{\"@type\":\"PropertyValueSpecification\",\"valueRequired\":true,\"valueName\":\"search_term_string\"}}],\"inLanguage\":\"es\"},{\"@type\":\"Person\",\"@id\":\"https:\\\/\\\/quehacerpolitico.mx\\\/#\\\/schema\\\/person\\\/496d8ad2d1d3f8036101dca7ee39e585\",\"name\":\"Redacci\u00f3n QP\",\"image\":{\"@type\":\"ImageObject\",\"inLanguage\":\"es\",\"@id\":\"https:\\\/\\\/secure.gravatar.com\\\/avatar\\\/c7164ed6fdec453195284ad24a5ae5b6e1eed2b848477fa2a4787ba9adf39a41?s=96&d=mm&r=g\",\"url\":\"https:\\\/\\\/secure.gravatar.com\\\/avatar\\\/c7164ed6fdec453195284ad24a5ae5b6e1eed2b848477fa2a4787ba9adf39a41?s=96&d=mm&r=g\",\"contentUrl\":\"https:\\\/\\\/secure.gravatar.com\\\/avatar\\\/c7164ed6fdec453195284ad24a5ae5b6e1eed2b848477fa2a4787ba9adf39a41?s=96&d=mm&r=g\",\"caption\":\"Redacci\u00f3n QP\"},\"url\":\"https:\\\/\\\/quehacerpolitico.mx\\\/?author=2\"}]}<\/script>\n<!-- \/ Yoast SEO plugin. -->","yoast_head_json":{"title":"La cuarta transformaci\u00f3n de AMLO \u201ctiene su mirada puesta en nuestros territorios\u201d, dice el EZLN -","robots":{"index":"index","follow":"follow","max-snippet":"max-snippet:-1","max-image-preview":"max-image-preview:large","max-video-preview":"max-video-preview:-1"},"canonical":"https:\/\/quehacerpolitico.mx\/?p=6942","og_locale":"es_MX","og_type":"article","og_title":"La cuarta transformaci\u00f3n de AMLO \u201ctiene su mirada puesta en nuestros territorios\u201d, dice el EZLN -","og_description":"La cuarta transformaci\u00f3n de AMLO \u201ctiene su mirada puesta en nuestros territorios\u201d, dice el EZLN Por Redacci\u00f3n QP","og_url":"https:\/\/quehacerpolitico.mx\/?p=6942","article_published_time":"2018-10-15T15:39:37+00:00","author":"Redacci\u00f3n QP","twitter_card":"summary_large_image","twitter_misc":{"Escrito por":"Redacci\u00f3n QP","Tiempo de lectura":"2 minutos"},"schema":{"@context":"https:\/\/schema.org","@graph":[{"@type":"Article","@id":"https:\/\/quehacerpolitico.mx\/?p=6942#article","isPartOf":{"@id":"https:\/\/quehacerpolitico.mx\/?p=6942"},"author":{"name":"Redacci\u00f3n QP","@id":"https:\/\/quehacerpolitico.mx\/#\/schema\/person\/496d8ad2d1d3f8036101dca7ee39e585"},"headline":"La cuarta transformaci\u00f3n de AMLO \u201ctiene su mirada puesta en nuestros territorios\u201d, dice el EZLN","datePublished":"2018-10-15T15:39:37+00:00","mainEntityOfPage":{"@id":"https:\/\/quehacerpolitico.mx\/?p=6942"},"wordCount":466,"commentCount":0,"image":{"@id":"https:\/\/quehacerpolitico.mx\/?p=6942#primaryimage"},"thumbnailUrl":"","articleSection":["Noticias"],"inLanguage":"es","potentialAction":[{"@type":"CommentAction","name":"Comment","target":["https:\/\/quehacerpolitico.mx\/?p=6942#respond"]}]},{"@type":"WebPage","@id":"https:\/\/quehacerpolitico.mx\/?p=6942","url":"https:\/\/quehacerpolitico.mx\/?p=6942","name":"La cuarta transformaci\u00f3n de AMLO \u201ctiene su mirada puesta en nuestros territorios\u201d, dice el EZLN -","isPartOf":{"@id":"https:\/\/quehacerpolitico.mx\/#website"},"primaryImageOfPage":{"@id":"https:\/\/quehacerpolitico.mx\/?p=6942#primaryimage"},"image":{"@id":"https:\/\/quehacerpolitico.mx\/?p=6942#primaryimage"},"thumbnailUrl":"","datePublished":"2018-10-15T15:39:37+00:00","author":{"@id":"https:\/\/quehacerpolitico.mx\/#\/schema\/person\/496d8ad2d1d3f8036101dca7ee39e585"},"breadcrumb":{"@id":"https:\/\/quehacerpolitico.mx\/?p=6942#breadcrumb"},"inLanguage":"es","potentialAction":[{"@type":"ReadAction","target":["https:\/\/quehacerpolitico.mx\/?p=6942"]}]},{"@type":"ImageObject","inLanguage":"es","@id":"https:\/\/quehacerpolitico.mx\/?p=6942#primaryimage","url":"","contentUrl":""},{"@type":"BreadcrumbList","@id":"https:\/\/quehacerpolitico.mx\/?p=6942#breadcrumb","itemListElement":[{"@type":"ListItem","position":1,"name":"Inicio","item":"https:\/\/quehacerpolitico.mx\/"},{"@type":"ListItem","position":2,"name":"La cuarta transformaci\u00f3n de AMLO \u201ctiene su mirada puesta en nuestros territorios\u201d, dice el EZLN"}]},{"@type":"WebSite","@id":"https:\/\/quehacerpolitico.mx\/#website","url":"https:\/\/quehacerpolitico.mx\/","name":"","description":"","potentialAction":[{"@type":"SearchAction","target":{"@type":"EntryPoint","urlTemplate":"https:\/\/quehacerpolitico.mx\/?s={search_term_string}"},"query-input":{"@type":"PropertyValueSpecification","valueRequired":true,"valueName":"search_term_string"}}],"inLanguage":"es"},{"@type":"Person","@id":"https:\/\/quehacerpolitico.mx\/#\/schema\/person\/496d8ad2d1d3f8036101dca7ee39e585","name":"Redacci\u00f3n QP","image":{"@type":"ImageObject","inLanguage":"es","@id":"https:\/\/secure.gravatar.com\/avatar\/c7164ed6fdec453195284ad24a5ae5b6e1eed2b848477fa2a4787ba9adf39a41?s=96&d=mm&r=g","url":"https:\/\/secure.gravatar.com\/avatar\/c7164ed6fdec453195284ad24a5ae5b6e1eed2b848477fa2a4787ba9adf39a41?s=96&d=mm&r=g","contentUrl":"https:\/\/secure.gravatar.com\/avatar\/c7164ed6fdec453195284ad24a5ae5b6e1eed2b848477fa2a4787ba9adf39a41?s=96&d=mm&r=g","caption":"Redacci\u00f3n QP"},"url":"https:\/\/quehacerpolitico.mx\/?author=2"}]}},"featured_image_urls":{"full":"","thumbnail":"","medium":"","medium_large":"","large":"","1536x1536":"","2048x2048":"","covernews-featured":"","covernews-medium":""},"author_info":{"display_name":"Redacci\u00f3n QP","author_link":"https:\/\/quehacerpolitico.mx\/?author=2"},"category_info":"<a href=\"https:\/\/quehacerpolitico.mx\/?cat=2\" rel=\"category\">Noticias<\/a>","tag_info":"Noticias","comment_count":"0","_links":{"self":[{"href":"https:\/\/quehacerpolitico.mx\/index.php?rest_route=\/wp\/v2\/posts\/6942","targetHints":{"allow":["GET"]}}],"collection":[{"href":"https:\/\/quehacerpolitico.mx\/index.php?rest_route=\/wp\/v2\/posts"}],"about":[{"href":"https:\/\/quehacerpolitico.mx\/index.php?rest_route=\/wp\/v2\/types\/post"}],"author":[{"embeddable":true,"href":"https:\/\/quehacerpolitico.mx\/index.php?rest_route=\/wp\/v2\/users\/2"}],"replies":[{"embeddable":true,"href":"https:\/\/quehacerpolitico.mx\/index.php?rest_route=%2Fwp%2Fv2%2Fcomments&post=6942"}],"version-history":[{"count":0,"href":"https:\/\/quehacerpolitico.mx\/index.php?rest_route=\/wp\/v2\/posts\/6942\/revisions"}],"wp:featuredmedia":[{"embeddable":true,"href":"https:\/\/quehacerpolitico.mx\/index.php?rest_route=\/"}],"wp:attachment":[{"href":"https:\/\/quehacerpolitico.mx\/index.php?rest_route=%2Fwp%2Fv2%2Fmedia&parent=6942"}],"wp:term":[{"taxonomy":"category","embeddable":true,"href":"https:\/\/quehacerpolitico.mx\/index.php?rest_route=%2Fwp%2Fv2%2Fcategories&post=6942"},{"taxonomy":"post_tag","embeddable":true,"href":"https:\/\/quehacerpolitico.mx\/index.php?rest_route=%2Fwp%2Fv2%2Ftags&post=6942"}],"curies":[{"name":"wp","href":"https:\/\/api.w.org\/{rel}","templated":true}]}}