{"id":6922,"date":"2018-10-14T22:36:43","date_gmt":"2018-10-14T22:36:43","guid":{"rendered":"http:\/\/quehacerpolitico.mx\/vocera-del-cch-naucalpan-es-golpeada-amenazada-y-apunalada-denuncia-la-asamblea-interuniversitaria\/"},"modified":"2018-10-14T22:36:43","modified_gmt":"2018-10-14T22:36:43","slug":"vocera-del-cch-naucalpan-es-golpeada-amenazada-y-apunalada-denuncia-la-asamblea-interuniversitaria","status":"publish","type":"post","link":"https:\/\/quehacerpolitico.mx\/?p=6922","title":{"rendered":"Vocera del CCH Naucalpan es golpeada, amenazada y apu\u00f1alada, denuncia la Asamblea Interuniversitaria"},"content":{"rendered":"<h3>La Asamblea Interuniversitaria detall\u00f3 que la joven de \u201cten\u00eda la encomienda de narrar los hechos ocurridos el 10 de octubre del presente a\u00f1o en este plantel, donde un grupo de estudiantes fueron fuertemente reprimidos por los directivos del mismo, en complicidad con el consejero universitario Arturo Robles\u201d.<\/h3>\n<p>Una <strong>vocera<\/strong> del Colegio de Ciencias y Humanidades (<strong>CCH<\/strong>) <strong>Naucalpan<\/strong>fue golpeada y <strong>apu\u00f1alada<\/strong> ayer en las inmediaciones del plantel\u00a0 cuando se dirig\u00eda a participar en la Asamblea Interuniversitaria en Ciudad Universitaria.\u00a0 La joven se encuentra hospitalizada gravemente herida.<\/p>\n<p>A trav\u00e9s de un comunicado, la Asamblea Interuniversitaria denunci\u00f3 el \u201cintento de homicidio\u201d en contra de su compa\u00f1era. Detallaron que los hechos se registraron ayer alrededor de las 19:00 horas cuando un grupo de sujetos se baj\u00f3 de un autom\u00f3vil y atac\u00f3 a la joven.<\/p>\n<blockquote>\n<p>Adem\u00e1s la \u201camagaron con violentar a otros miembros del movimiento estudiantil bajo la amenaza: \u2018vamos por el que sigue\u2019\u201d, se lee en el documento.<\/p>\n<p><em>Reforma<\/em> report\u00f3 que la joven de 17 a\u00f1os result\u00f3 con una pu\u00f1alada al nivel del t\u00f3rax y que el ataque se dio en el puente vehicular ubicado entre avenida Norteam\u00e9rica y Primero de Mayo, en Naucalpan, Estado de M\u00e9xico.<\/p>\n<div id=\"attachment_3484337\" class=\"wp-caption alignnone\"><img loading=\"lazy\" decoding=\"async\" class=\"size-full wp-image-3484337\" src=\"http:\/\/www.sinembargo.mx\/wp-content\/uploads\/2018\/10\/cchnaucalpan.jpg\" sizes=\"auto, (max-width: 700px) 100vw, 700px\" srcset=\"http:\/\/www.sinembargo.mx\/wp-content\/uploads\/2018\/10\/cchnaucalpan.jpg 700w, http:\/\/www.sinembargo.mx\/wp-content\/uploads\/2018\/10\/cchnaucalpan-232x300.jpg 232w\" alt=\"\" width=\"700\" height=\"906\" \/><\/div>\n<div>\n<p>La Asamblea detall\u00f3 que la joven de \u201cten\u00eda la encomienda de narrar los hechos ocurridos el 10 de octubre del presente a\u00f1o en este plantel, donde un grupo de estudiantes fueron fuertemente reprimidos por los directivos del mismo, en complicidad con el consejero universitario Arturo Robles\u201d.<\/p>\n<blockquote>\n<p>\u201cDenunciamos que el ataque e intento de homicidio contra nuestra compa\u00f1era, as\u00ed como la represi\u00f3n ejercida contra alumnos del CCH Naucalpan, son parte de una violencia sistem\u00e1tica que las autoridades universitarias y el Estado ejercer con la finalidad de reprimir la lucha estudiantil\u201d, indic\u00f3 la Asamblea.<\/p>\n<\/blockquote>\n<p>Responsabilizaron a Benjam\u00edn Barajas S\u00e1nchez, director general de los Colegios, al director del plantel Naucalpan, Keshava Rolando Quintanar Cano y al personal administrativo por los \u201cataques\u201d contra la comunidad estudiantil.<\/p>\n<p>A la Rector\u00eda de la UNAM y a los gobiernos Federal y de la Ciudad de M\u00e9xico los responsabilizaron de \u201ccualquier nueva agresi\u00f3n que sufra cualquier otro integrante del movimiento estudiantil\u201d.<\/p>\n<p>\u201cAsumimos nuestro compromiso con la lucha estudiantil y por ello apoyaremos a nuestra compa\u00f1era y a sus familiares en las acciones que decidan emprender. Reafirmamos que NO TOLERAREMOS ning\u00fan tipo de hostigamiento y represi\u00f3n contra cualquier miembro de la comunidad universitaria\u201d, dijo la Asamblea y llam\u00f3 a los estudiantes a organizaci\u00f3n en repudio al ataque.<\/p>\n<p><strong>LA UNAM INVESTIGA<\/strong><\/p>\n<p>En un comunicado, la direcci\u00f3n del CCH Naucalpan inform\u00f3 que ya investiga para dar con el paradero de la joven.<\/p>\n<p>\u201cA trav\u00e9s de las redes sociales, la Direcci\u00f3n del CCH Naucalpan ha tenido conocimiento de un supuesto ataque a una integrante de nuestra comunidad. Desde anoche iniciamos las indagaciones para conocer la identidad de la alumna, a fin de prestar el apoyo inmediato, y en ninguna de las informaciones se menciona su nombre ni del del hospital en el que aseguran, fue internada\u201d, detalla el documento.<\/p>\n<blockquote class=\"twitter-tweet\" data-width=\"550\" data-dnt=\"true\">\n<p lang=\"ca\" dir=\"ltr\">El CCH informa <a href=\"https:\/\/t.co\/4LiYTO9tWk\">pic.twitter.com\/4LiYTO9tWk<\/a><\/p>\n<p>&mdash; UNAM (@UNAM_MX) <a href=\"https:\/\/twitter.com\/UNAM_MX\/status\/1051520955413975040?ref_src=twsrc%5Etfw\">October 14, 2018<\/a><\/p><\/blockquote>\n<p><script async src=\"https:\/\/platform.twitter.com\/widgets.js\" charset=\"utf-8\"><\/script><\/p>\n<p>Solicitaron tambi\u00e9n les ayuden a conocer los datos de la joven \u201cpara condenar acciones inadmisibles como esa y realizar las denuncias que correspondan\u201d.<\/p>\n<p>\u201cEl personal de la Universidad continuar\u00e1 indagando hasta conocer su paradero\u201d, agrega.<\/p>\n<p>El pasado 3 de septiembre alumnos del CCH Azcapotzalco fueron agredidos con palos y piedras por supuestos estudiantes de un grupo de choque (llamados porros) frente a la Torre de Rector\u00eda, en Ciudad Universitaria, donde protestaban contra irregularidades administrativas de la universidad.<\/p>\n<p>En el ataque, al menos 13 j\u00f3venes resultaron heridos, de los cuales tres fueron hospitalizados. Tras los incidentes suman 31 personas expulsadas de la m\u00e1xima casa de estudios y 18 detenidos.<\/p>\n<p>Desde entonces, alumnos del CCH Azcapotzalco y el CCH Naucalpan mantienen un paro de labores en exigencia de mayores condiciones de seguridad para la comunidad estudiantil. La mayor\u00eda de las personas expulsadas eran estudiantes de estos planteles.<\/p>\n<p>El pasado 11 de octubre los estudiantes del CCH Naucalpan realizaron una asamblea en las instalaciones del plantel para votar sobre la suspensi\u00f3n de labores.<\/p>\n<p>Pese a la oposici\u00f3n de algunos estudiantes que se niegan a seguir perdiendo clases, la mayor\u00eda de la comunidad estudiantil vot\u00f3 a favor del paro, el cual inici\u00f3 desde las 7:00 horas del viernes hasta las 19 horas.<\/p>\n<\/div>\n<\/blockquote>\n","protected":false},"excerpt":{"rendered":"<p>Vocera del CCH Naucalpan es golpeada, amenazada y apu\u00f1alada, denuncia la Asamblea Interuniversitaria<br \/>\nPor Redacci\u00f3n QP<\/p>\n","protected":false},"author":2,"featured_media":6921,"comment_status":"open","ping_status":"open","sticky":false,"template":"","format":"standard","meta":{"_monsterinsights_skip_tracking":false,"_monsterinsights_sitenote_active":false,"_monsterinsights_sitenote_note":"","_monsterinsights_sitenote_category":0,"footnotes":""},"categories":[55],"tags":[],"class_list":["post-6922","post","type-post","status-publish","format-standard","has-post-thumbnail","hentry","category-cdmx"],"yoast_head":"<!-- This site is optimized with the Yoast SEO plugin v27.3 - https:\/\/yoast.com\/product\/yoast-seo-wordpress\/ -->\n<title>Vocera del CCH Naucalpan es golpeada, amenazada y apu\u00f1alada, denuncia la Asamblea Interuniversitaria -<\/title>\n<meta name=\"robots\" content=\"index, follow, max-snippet:-1, max-image-preview:large, max-video-preview:-1\" \/>\n<link rel=\"canonical\" href=\"https:\/\/quehacerpolitico.mx\/?p=6922\" \/>\n<meta property=\"og:locale\" content=\"es_MX\" \/>\n<meta property=\"og:type\" content=\"article\" \/>\n<meta property=\"og:title\" content=\"Vocera del CCH Naucalpan es golpeada, amenazada y apu\u00f1alada, denuncia la Asamblea Interuniversitaria -\" \/>\n<meta property=\"og:description\" content=\"Vocera del CCH Naucalpan es golpeada, amenazada y apu\u00f1alada, denuncia la Asamblea Interuniversitaria Por Redacci\u00f3n QP\" \/>\n<meta property=\"og:url\" content=\"https:\/\/quehacerpolitico.mx\/?p=6922\" \/>\n<meta property=\"article:published_time\" content=\"2018-10-14T22:36:43+00:00\" \/>\n<meta name=\"author\" content=\"Redacci\u00f3n QP\" \/>\n<meta name=\"twitter:card\" content=\"summary_large_image\" \/>\n<meta name=\"twitter:label1\" content=\"Escrito por\" \/>\n\t<meta name=\"twitter:data1\" content=\"Redacci\u00f3n QP\" \/>\n\t<meta name=\"twitter:label2\" content=\"Tiempo de lectura\" \/>\n\t<meta name=\"twitter:data2\" content=\"4 minutos\" \/>\n<script type=\"application\/ld+json\" class=\"yoast-schema-graph\">{\"@context\":\"https:\\\/\\\/schema.org\",\"@graph\":[{\"@type\":\"Article\",\"@id\":\"https:\\\/\\\/quehacerpolitico.mx\\\/?p=6922#article\",\"isPartOf\":{\"@id\":\"https:\\\/\\\/quehacerpolitico.mx\\\/?p=6922\"},\"author\":{\"name\":\"Redacci\u00f3n QP\",\"@id\":\"https:\\\/\\\/quehacerpolitico.mx\\\/#\\\/schema\\\/person\\\/496d8ad2d1d3f8036101dca7ee39e585\"},\"headline\":\"Vocera del CCH Naucalpan es golpeada, amenazada y apu\u00f1alada, denuncia la Asamblea Interuniversitaria\",\"datePublished\":\"2018-10-14T22:36:43+00:00\",\"mainEntityOfPage\":{\"@id\":\"https:\\\/\\\/quehacerpolitico.mx\\\/?p=6922\"},\"wordCount\":746,\"commentCount\":0,\"image\":{\"@id\":\"https:\\\/\\\/quehacerpolitico.mx\\\/?p=6922#primaryimage\"},\"thumbnailUrl\":\"\",\"articleSection\":[\"CDMX\"],\"inLanguage\":\"es\",\"potentialAction\":[{\"@type\":\"CommentAction\",\"name\":\"Comment\",\"target\":[\"https:\\\/\\\/quehacerpolitico.mx\\\/?p=6922#respond\"]}]},{\"@type\":\"WebPage\",\"@id\":\"https:\\\/\\\/quehacerpolitico.mx\\\/?p=6922\",\"url\":\"https:\\\/\\\/quehacerpolitico.mx\\\/?p=6922\",\"name\":\"Vocera del CCH Naucalpan es golpeada, amenazada y apu\u00f1alada, denuncia la Asamblea Interuniversitaria -\",\"isPartOf\":{\"@id\":\"https:\\\/\\\/quehacerpolitico.mx\\\/#website\"},\"primaryImageOfPage\":{\"@id\":\"https:\\\/\\\/quehacerpolitico.mx\\\/?p=6922#primaryimage\"},\"image\":{\"@id\":\"https:\\\/\\\/quehacerpolitico.mx\\\/?p=6922#primaryimage\"},\"thumbnailUrl\":\"\",\"datePublished\":\"2018-10-14T22:36:43+00:00\",\"author\":{\"@id\":\"https:\\\/\\\/quehacerpolitico.mx\\\/#\\\/schema\\\/person\\\/496d8ad2d1d3f8036101dca7ee39e585\"},\"breadcrumb\":{\"@id\":\"https:\\\/\\\/quehacerpolitico.mx\\\/?p=6922#breadcrumb\"},\"inLanguage\":\"es\",\"potentialAction\":[{\"@type\":\"ReadAction\",\"target\":[\"https:\\\/\\\/quehacerpolitico.mx\\\/?p=6922\"]}]},{\"@type\":\"ImageObject\",\"inLanguage\":\"es\",\"@id\":\"https:\\\/\\\/quehacerpolitico.mx\\\/?p=6922#primaryimage\",\"url\":\"\",\"contentUrl\":\"\"},{\"@type\":\"BreadcrumbList\",\"@id\":\"https:\\\/\\\/quehacerpolitico.mx\\\/?p=6922#breadcrumb\",\"itemListElement\":[{\"@type\":\"ListItem\",\"position\":1,\"name\":\"Inicio\",\"item\":\"https:\\\/\\\/quehacerpolitico.mx\\\/\"},{\"@type\":\"ListItem\",\"position\":2,\"name\":\"Vocera del CCH Naucalpan es golpeada, amenazada y apu\u00f1alada, denuncia la Asamblea Interuniversitaria\"}]},{\"@type\":\"WebSite\",\"@id\":\"https:\\\/\\\/quehacerpolitico.mx\\\/#website\",\"url\":\"https:\\\/\\\/quehacerpolitico.mx\\\/\",\"name\":\"\",\"description\":\"\",\"potentialAction\":[{\"@type\":\"SearchAction\",\"target\":{\"@type\":\"EntryPoint\",\"urlTemplate\":\"https:\\\/\\\/quehacerpolitico.mx\\\/?s={search_term_string}\"},\"query-input\":{\"@type\":\"PropertyValueSpecification\",\"valueRequired\":true,\"valueName\":\"search_term_string\"}}],\"inLanguage\":\"es\"},{\"@type\":\"Person\",\"@id\":\"https:\\\/\\\/quehacerpolitico.mx\\\/#\\\/schema\\\/person\\\/496d8ad2d1d3f8036101dca7ee39e585\",\"name\":\"Redacci\u00f3n QP\",\"image\":{\"@type\":\"ImageObject\",\"inLanguage\":\"es\",\"@id\":\"https:\\\/\\\/secure.gravatar.com\\\/avatar\\\/c7164ed6fdec453195284ad24a5ae5b6e1eed2b848477fa2a4787ba9adf39a41?s=96&d=mm&r=g\",\"url\":\"https:\\\/\\\/secure.gravatar.com\\\/avatar\\\/c7164ed6fdec453195284ad24a5ae5b6e1eed2b848477fa2a4787ba9adf39a41?s=96&d=mm&r=g\",\"contentUrl\":\"https:\\\/\\\/secure.gravatar.com\\\/avatar\\\/c7164ed6fdec453195284ad24a5ae5b6e1eed2b848477fa2a4787ba9adf39a41?s=96&d=mm&r=g\",\"caption\":\"Redacci\u00f3n QP\"},\"url\":\"https:\\\/\\\/quehacerpolitico.mx\\\/?author=2\"}]}<\/script>\n<!-- \/ Yoast SEO plugin. -->","yoast_head_json":{"title":"Vocera del CCH Naucalpan es golpeada, amenazada y apu\u00f1alada, denuncia la Asamblea Interuniversitaria -","robots":{"index":"index","follow":"follow","max-snippet":"max-snippet:-1","max-image-preview":"max-image-preview:large","max-video-preview":"max-video-preview:-1"},"canonical":"https:\/\/quehacerpolitico.mx\/?p=6922","og_locale":"es_MX","og_type":"article","og_title":"Vocera del CCH Naucalpan es golpeada, amenazada y apu\u00f1alada, denuncia la Asamblea Interuniversitaria -","og_description":"Vocera del CCH Naucalpan es golpeada, amenazada y apu\u00f1alada, denuncia la Asamblea Interuniversitaria Por Redacci\u00f3n QP","og_url":"https:\/\/quehacerpolitico.mx\/?p=6922","article_published_time":"2018-10-14T22:36:43+00:00","author":"Redacci\u00f3n QP","twitter_card":"summary_large_image","twitter_misc":{"Escrito por":"Redacci\u00f3n QP","Tiempo de lectura":"4 minutos"},"schema":{"@context":"https:\/\/schema.org","@graph":[{"@type":"Article","@id":"https:\/\/quehacerpolitico.mx\/?p=6922#article","isPartOf":{"@id":"https:\/\/quehacerpolitico.mx\/?p=6922"},"author":{"name":"Redacci\u00f3n QP","@id":"https:\/\/quehacerpolitico.mx\/#\/schema\/person\/496d8ad2d1d3f8036101dca7ee39e585"},"headline":"Vocera del CCH Naucalpan es golpeada, amenazada y apu\u00f1alada, denuncia la Asamblea Interuniversitaria","datePublished":"2018-10-14T22:36:43+00:00","mainEntityOfPage":{"@id":"https:\/\/quehacerpolitico.mx\/?p=6922"},"wordCount":746,"commentCount":0,"image":{"@id":"https:\/\/quehacerpolitico.mx\/?p=6922#primaryimage"},"thumbnailUrl":"","articleSection":["CDMX"],"inLanguage":"es","potentialAction":[{"@type":"CommentAction","name":"Comment","target":["https:\/\/quehacerpolitico.mx\/?p=6922#respond"]}]},{"@type":"WebPage","@id":"https:\/\/quehacerpolitico.mx\/?p=6922","url":"https:\/\/quehacerpolitico.mx\/?p=6922","name":"Vocera del CCH Naucalpan es golpeada, amenazada y apu\u00f1alada, denuncia la Asamblea Interuniversitaria -","isPartOf":{"@id":"https:\/\/quehacerpolitico.mx\/#website"},"primaryImageOfPage":{"@id":"https:\/\/quehacerpolitico.mx\/?p=6922#primaryimage"},"image":{"@id":"https:\/\/quehacerpolitico.mx\/?p=6922#primaryimage"},"thumbnailUrl":"","datePublished":"2018-10-14T22:36:43+00:00","author":{"@id":"https:\/\/quehacerpolitico.mx\/#\/schema\/person\/496d8ad2d1d3f8036101dca7ee39e585"},"breadcrumb":{"@id":"https:\/\/quehacerpolitico.mx\/?p=6922#breadcrumb"},"inLanguage":"es","potentialAction":[{"@type":"ReadAction","target":["https:\/\/quehacerpolitico.mx\/?p=6922"]}]},{"@type":"ImageObject","inLanguage":"es","@id":"https:\/\/quehacerpolitico.mx\/?p=6922#primaryimage","url":"","contentUrl":""},{"@type":"BreadcrumbList","@id":"https:\/\/quehacerpolitico.mx\/?p=6922#breadcrumb","itemListElement":[{"@type":"ListItem","position":1,"name":"Inicio","item":"https:\/\/quehacerpolitico.mx\/"},{"@type":"ListItem","position":2,"name":"Vocera del CCH Naucalpan es golpeada, amenazada y apu\u00f1alada, denuncia la Asamblea Interuniversitaria"}]},{"@type":"WebSite","@id":"https:\/\/quehacerpolitico.mx\/#website","url":"https:\/\/quehacerpolitico.mx\/","name":"","description":"","potentialAction":[{"@type":"SearchAction","target":{"@type":"EntryPoint","urlTemplate":"https:\/\/quehacerpolitico.mx\/?s={search_term_string}"},"query-input":{"@type":"PropertyValueSpecification","valueRequired":true,"valueName":"search_term_string"}}],"inLanguage":"es"},{"@type":"Person","@id":"https:\/\/quehacerpolitico.mx\/#\/schema\/person\/496d8ad2d1d3f8036101dca7ee39e585","name":"Redacci\u00f3n QP","image":{"@type":"ImageObject","inLanguage":"es","@id":"https:\/\/secure.gravatar.com\/avatar\/c7164ed6fdec453195284ad24a5ae5b6e1eed2b848477fa2a4787ba9adf39a41?s=96&d=mm&r=g","url":"https:\/\/secure.gravatar.com\/avatar\/c7164ed6fdec453195284ad24a5ae5b6e1eed2b848477fa2a4787ba9adf39a41?s=96&d=mm&r=g","contentUrl":"https:\/\/secure.gravatar.com\/avatar\/c7164ed6fdec453195284ad24a5ae5b6e1eed2b848477fa2a4787ba9adf39a41?s=96&d=mm&r=g","caption":"Redacci\u00f3n QP"},"url":"https:\/\/quehacerpolitico.mx\/?author=2"}]}},"featured_image_urls":{"full":"","thumbnail":"","medium":"","medium_large":"","large":"","1536x1536":"","2048x2048":"","covernews-featured":"","covernews-medium":""},"author_info":{"display_name":"Redacci\u00f3n QP","author_link":"https:\/\/quehacerpolitico.mx\/?author=2"},"category_info":"<a href=\"https:\/\/quehacerpolitico.mx\/?cat=55\" rel=\"category\">CDMX<\/a>","tag_info":"CDMX","comment_count":"0","_links":{"self":[{"href":"https:\/\/quehacerpolitico.mx\/index.php?rest_route=\/wp\/v2\/posts\/6922","targetHints":{"allow":["GET"]}}],"collection":[{"href":"https:\/\/quehacerpolitico.mx\/index.php?rest_route=\/wp\/v2\/posts"}],"about":[{"href":"https:\/\/quehacerpolitico.mx\/index.php?rest_route=\/wp\/v2\/types\/post"}],"author":[{"embeddable":true,"href":"https:\/\/quehacerpolitico.mx\/index.php?rest_route=\/wp\/v2\/users\/2"}],"replies":[{"embeddable":true,"href":"https:\/\/quehacerpolitico.mx\/index.php?rest_route=%2Fwp%2Fv2%2Fcomments&post=6922"}],"version-history":[{"count":0,"href":"https:\/\/quehacerpolitico.mx\/index.php?rest_route=\/wp\/v2\/posts\/6922\/revisions"}],"wp:featuredmedia":[{"embeddable":true,"href":"https:\/\/quehacerpolitico.mx\/index.php?rest_route=\/"}],"wp:attachment":[{"href":"https:\/\/quehacerpolitico.mx\/index.php?rest_route=%2Fwp%2Fv2%2Fmedia&parent=6922"}],"wp:term":[{"taxonomy":"category","embeddable":true,"href":"https:\/\/quehacerpolitico.mx\/index.php?rest_route=%2Fwp%2Fv2%2Fcategories&post=6922"},{"taxonomy":"post_tag","embeddable":true,"href":"https:\/\/quehacerpolitico.mx\/index.php?rest_route=%2Fwp%2Fv2%2Ftags&post=6922"}],"curies":[{"name":"wp","href":"https:\/\/api.w.org\/{rel}","templated":true}]}}