{"id":6917,"date":"2018-10-14T17:54:53","date_gmt":"2018-10-14T17:54:53","guid":{"rendered":"http:\/\/quehacerpolitico.mx\/ojo-aqui-las-482-colonias-afectadas-por-el-megacorte-de-agua\/"},"modified":"2018-10-14T17:54:53","modified_gmt":"2018-10-14T17:54:53","slug":"ojo-aqui-las-482-colonias-afectadas-por-el-megacorte-de-agua","status":"publish","type":"post","link":"https:\/\/quehacerpolitico.mx\/?p=6917","title":{"rendered":"\u00a1Ojo! Aqu\u00ed las 482 colonias afectadas por el megacorte de agua"},"content":{"rendered":"<p>Si quieres saber si en unas semanas tendr\u00e1s que extremar precauciones por la<strong> falta de agua,<\/strong> aqu\u00ed te dejamos la lista de las<strong> colonias afectadas<\/strong> por el megacorte de agua que se realizar\u00e1 a partir del <strong>31 de octubre<\/strong> y se extender\u00e1 durante al<strong> menos 96 horas.\u00a0<\/strong><\/p>\n<p>Ojo, seg\u00fan el <strong>Sistema de Aguas<\/strong> de la Ciudad, en Miguel Hidalgo, <strong>Cuajimalpa<\/strong>, Cuaht\u00e9moc y <strong>\u00c1lvaro<\/strong> <strong>Obreg\u00f3n<\/strong> la afectaci\u00f3n ser\u00e1 del 100%, por lo que en total son 172 colonias de estas alcald\u00edas las que no <strong>tendr\u00e1n agua.<\/strong><\/p>\n<p>En las otras 9 demarcaciones (<strong>Azcapotzalco<\/strong>, Benito Ju\u00e1rez, <strong>Magdalena Contreras,<\/strong>Tlalpan, <strong>Coyoc\u00e1n<\/strong>, Venustiano Carranza, <strong>Iztacalco<\/strong>, Iztapalapa y <strong>Tl\u00e1huac<\/strong>) habr\u00e1 310 colonias con reducci\u00f3n del suministro.<\/p>\n<p>Es decir que en total ser\u00e1n <strong>482 colonias<\/strong> con afectaciones, esto representa a m\u00e1s de 3 millones 852 mil chilangos que tendr\u00e1n problemas de abastecimiento.<\/p>\n<p>El corte se debe a que realizar\u00e1n labores de reparaci\u00f3n de tuber\u00eda en las <strong>l\u00edneas 1 <\/strong>y <strong>2<\/strong>, mantenimiento a la plaza potabilizadora <strong>Los Berros,<\/strong> as\u00ed como a las subestaciones de las <strong>plantas de bombeo.<\/strong><\/p>\n<p>A continuaci\u00f3n te dejamos el listado:<\/p>\n<p><img loading=\"lazy\" decoding=\"async\" class=\"alignnone  wp-image-254172\" src=\"https:\/\/elbigdata.mx\/wp-content\/uploads\/2018\/10\/Alcald%C3%ADa_cdmx-.jpg\" sizes=\"auto, (max-width: 579px) 100vw, 579px\" srcset=\"https:\/\/elbigdata.mx\/wp-content\/uploads\/2018\/10\/Alcald%C3%ADa_cdmx-.jpg 693w, https:\/\/elbigdata.mx\/wp-content\/uploads\/2018\/10\/Alcald%C3%ADa_cdmx--300x97.jpg 300w\" alt=\"\" width=\"579\" height=\"187\" \/><\/p>\n<p><img loading=\"lazy\" decoding=\"async\" class=\"alignnone  wp-image-254173\" src=\"https:\/\/elbigdata.mx\/wp-content\/uploads\/2018\/10\/alcald%C3%ADa_cdmx_1.png\" sizes=\"auto, (max-width: 573px) 100vw, 573px\" srcset=\"https:\/\/elbigdata.mx\/wp-content\/uploads\/2018\/10\/alcald%C3%ADa_cdmx_1.png 701w, https:\/\/elbigdata.mx\/wp-content\/uploads\/2018\/10\/alcald%C3%ADa_cdmx_1-300x149.png 300w\" alt=\"\" width=\"573\" height=\"285\" \/><\/p>\n<p><img loading=\"lazy\" decoding=\"async\" class=\"alignnone  wp-image-254174\" src=\"https:\/\/elbigdata.mx\/wp-content\/uploads\/2018\/10\/alcald%C3%ADa_cdmx_2.jpg\" sizes=\"auto, (max-width: 560px) 100vw, 560px\" srcset=\"https:\/\/elbigdata.mx\/wp-content\/uploads\/2018\/10\/alcald%C3%ADa_cdmx_2.jpg 696w, https:\/\/elbigdata.mx\/wp-content\/uploads\/2018\/10\/alcald%C3%ADa_cdmx_2-300x205.jpg 300w\" alt=\"\" width=\"560\" height=\"382\" \/><\/p>\n<p><img loading=\"lazy\" decoding=\"async\" class=\"alignnone  wp-image-254175\" src=\"https:\/\/elbigdata.mx\/wp-content\/uploads\/2018\/10\/alcald%C3%ADa_cdmx_3.jpg\" sizes=\"auto, (max-width: 552px) 100vw, 552px\" srcset=\"https:\/\/elbigdata.mx\/wp-content\/uploads\/2018\/10\/alcald%C3%ADa_cdmx_3.jpg 699w, https:\/\/elbigdata.mx\/wp-content\/uploads\/2018\/10\/alcald%C3%ADa_cdmx_3-300x96.jpg 300w\" alt=\"\" width=\"552\" height=\"177\" \/><\/p>\n<p><img loading=\"lazy\" decoding=\"async\" class=\"alignnone  wp-image-254176\" src=\"https:\/\/elbigdata.mx\/wp-content\/uploads\/2018\/10\/alcald%C3%ADa_cdmx_4.jpg\" sizes=\"auto, (max-width: 554px) 100vw, 554px\" srcset=\"https:\/\/elbigdata.mx\/wp-content\/uploads\/2018\/10\/alcald%C3%ADa_cdmx_4.jpg 694w, https:\/\/elbigdata.mx\/wp-content\/uploads\/2018\/10\/alcald%C3%ADa_cdmx_4-300x127.jpg 300w\" alt=\"\" width=\"554\" height=\"234\" \/><\/p>\n<p><img loading=\"lazy\" decoding=\"async\" class=\"alignnone  wp-image-254177\" src=\"https:\/\/elbigdata.mx\/wp-content\/uploads\/2018\/10\/alcald%C3%ADa_cdmx_6.png\" sizes=\"auto, (max-width: 562px) 100vw, 562px\" srcset=\"https:\/\/elbigdata.mx\/wp-content\/uploads\/2018\/10\/alcald%C3%ADa_cdmx_6.png 695w, https:\/\/elbigdata.mx\/wp-content\/uploads\/2018\/10\/alcald%C3%ADa_cdmx_6-300x203.png 300w\" alt=\"\" width=\"562\" height=\"381\" \/><\/p>\n<p><img loading=\"lazy\" decoding=\"async\" class=\"alignnone  wp-image-254178\" src=\"https:\/\/elbigdata.mx\/wp-content\/uploads\/2018\/10\/alcald%C3%ADa_cdmx_7.png\" sizes=\"auto, (max-width: 558px) 100vw, 558px\" srcset=\"https:\/\/elbigdata.mx\/wp-content\/uploads\/2018\/10\/alcald%C3%ADa_cdmx_7.png 695w, https:\/\/elbigdata.mx\/wp-content\/uploads\/2018\/10\/alcald%C3%ADa_cdmx_7-300x98.png 300w\" alt=\"\" width=\"558\" height=\"183\" \/><\/p>\n<p><img loading=\"lazy\" decoding=\"async\" class=\"alignnone  wp-image-254179\" src=\"https:\/\/elbigdata.mx\/wp-content\/uploads\/2018\/10\/alcald%C3%ADa_cdmx_8.jpg\" sizes=\"auto, (max-width: 556px) 100vw, 556px\" srcset=\"https:\/\/elbigdata.mx\/wp-content\/uploads\/2018\/10\/alcald%C3%ADa_cdmx_8.jpg 693w, https:\/\/elbigdata.mx\/wp-content\/uploads\/2018\/10\/alcald%C3%ADa_cdmx_8-300x131.jpg 300w\" alt=\"\" width=\"556\" height=\"242\" \/><\/p>\n<p><img loading=\"lazy\" decoding=\"async\" class=\"alignnone  wp-image-254180\" src=\"https:\/\/elbigdata.mx\/wp-content\/uploads\/2018\/10\/alcald%C3%ADa_cdmx_9.png\" sizes=\"auto, (max-width: 547px) 100vw, 547px\" srcset=\"https:\/\/elbigdata.mx\/wp-content\/uploads\/2018\/10\/alcald%C3%ADa_cdmx_9.png 698w, https:\/\/elbigdata.mx\/wp-content\/uploads\/2018\/10\/alcald%C3%ADa_cdmx_9-300x204.png 300w\" alt=\"\" width=\"547\" height=\"372\" \/><\/p>\n<p><img loading=\"lazy\" decoding=\"async\" class=\"alignnone  wp-image-254181\" src=\"https:\/\/elbigdata.mx\/wp-content\/uploads\/2018\/10\/alcald%C3%ADa_cdmx_10.png\" sizes=\"auto, (max-width: 543px) 100vw, 543px\" srcset=\"https:\/\/elbigdata.mx\/wp-content\/uploads\/2018\/10\/alcald%C3%ADa_cdmx_10.png 699w, https:\/\/elbigdata.mx\/wp-content\/uploads\/2018\/10\/alcald%C3%ADa_cdmx_10-300x199.png 300w\" alt=\"\" width=\"543\" height=\"360\" \/><\/p>\n<p><img loading=\"lazy\" decoding=\"async\" class=\"alignnone  wp-image-254182\" src=\"https:\/\/elbigdata.mx\/wp-content\/uploads\/2018\/10\/alcald%C3%ADa_cdmx_11.jpg\" sizes=\"auto, (max-width: 533px) 100vw, 533px\" srcset=\"https:\/\/elbigdata.mx\/wp-content\/uploads\/2018\/10\/alcald%C3%ADa_cdmx_11.jpg 696w, https:\/\/elbigdata.mx\/wp-content\/uploads\/2018\/10\/alcald%C3%ADa_cdmx_11-300x219.jpg 300w\" alt=\"\" width=\"533\" height=\"390\" \/><\/p>\n<p><img loading=\"lazy\" decoding=\"async\" class=\"alignnone  wp-image-254183\" src=\"https:\/\/elbigdata.mx\/wp-content\/uploads\/2018\/10\/alcald%C3%ADa_cdmx_12.jpg\" sizes=\"auto, (max-width: 531px) 100vw, 531px\" srcset=\"https:\/\/elbigdata.mx\/wp-content\/uploads\/2018\/10\/alcald%C3%ADa_cdmx_12.jpg 693w, https:\/\/elbigdata.mx\/wp-content\/uploads\/2018\/10\/alcald%C3%ADa_cdmx_12-300x106.jpg 300w\" alt=\"\" width=\"531\" height=\"187\" \/><\/p>\n","protected":false},"excerpt":{"rendered":"<p>\u00a1Ojo! Aqu\u00ed las 482 colonias afectadas por el megacorte de agua<br \/>\nPor Redacci\u00f3n QP<\/p>\n","protected":false},"author":2,"featured_media":6916,"comment_status":"open","ping_status":"open","sticky":false,"template":"","format":"standard","meta":{"_monsterinsights_skip_tracking":false,"_monsterinsights_sitenote_active":false,"_monsterinsights_sitenote_note":"","_monsterinsights_sitenote_category":0,"footnotes":""},"categories":[55],"tags":[],"class_list":["post-6917","post","type-post","status-publish","format-standard","has-post-thumbnail","hentry","category-cdmx"],"yoast_head":"<!-- This site is optimized with the Yoast SEO plugin v27.3 - https:\/\/yoast.com\/product\/yoast-seo-wordpress\/ -->\n<title>\u00a1Ojo! Aqu\u00ed las 482 colonias afectadas por el megacorte de agua -<\/title>\n<meta name=\"robots\" content=\"index, follow, max-snippet:-1, max-image-preview:large, max-video-preview:-1\" \/>\n<link rel=\"canonical\" href=\"https:\/\/quehacerpolitico.mx\/?p=6917\" \/>\n<meta property=\"og:locale\" content=\"es_MX\" \/>\n<meta property=\"og:type\" content=\"article\" \/>\n<meta property=\"og:title\" content=\"\u00a1Ojo! Aqu\u00ed las 482 colonias afectadas por el megacorte de agua -\" \/>\n<meta property=\"og:description\" content=\"\u00a1Ojo! Aqu\u00ed las 482 colonias afectadas por el megacorte de agua Por Redacci\u00f3n QP\" \/>\n<meta property=\"og:url\" content=\"https:\/\/quehacerpolitico.mx\/?p=6917\" \/>\n<meta property=\"article:published_time\" content=\"2018-10-14T17:54:53+00:00\" \/>\n<meta name=\"author\" content=\"Redacci\u00f3n QP\" \/>\n<meta name=\"twitter:card\" content=\"summary_large_image\" \/>\n<meta name=\"twitter:label1\" content=\"Escrito por\" \/>\n\t<meta name=\"twitter:data1\" content=\"Redacci\u00f3n QP\" \/>\n\t<meta name=\"twitter:label2\" content=\"Tiempo de lectura\" \/>\n\t<meta name=\"twitter:data2\" content=\"1 minuto\" \/>\n<script type=\"application\/ld+json\" class=\"yoast-schema-graph\">{\"@context\":\"https:\\\/\\\/schema.org\",\"@graph\":[{\"@type\":\"Article\",\"@id\":\"https:\\\/\\\/quehacerpolitico.mx\\\/?p=6917#article\",\"isPartOf\":{\"@id\":\"https:\\\/\\\/quehacerpolitico.mx\\\/?p=6917\"},\"author\":{\"name\":\"Redacci\u00f3n QP\",\"@id\":\"https:\\\/\\\/quehacerpolitico.mx\\\/#\\\/schema\\\/person\\\/496d8ad2d1d3f8036101dca7ee39e585\"},\"headline\":\"\u00a1Ojo! Aqu\u00ed las 482 colonias afectadas por el megacorte de agua\",\"datePublished\":\"2018-10-14T17:54:53+00:00\",\"mainEntityOfPage\":{\"@id\":\"https:\\\/\\\/quehacerpolitico.mx\\\/?p=6917\"},\"wordCount\":194,\"commentCount\":0,\"image\":{\"@id\":\"https:\\\/\\\/quehacerpolitico.mx\\\/?p=6917#primaryimage\"},\"thumbnailUrl\":\"\",\"articleSection\":[\"CDMX\"],\"inLanguage\":\"es\",\"potentialAction\":[{\"@type\":\"CommentAction\",\"name\":\"Comment\",\"target\":[\"https:\\\/\\\/quehacerpolitico.mx\\\/?p=6917#respond\"]}]},{\"@type\":\"WebPage\",\"@id\":\"https:\\\/\\\/quehacerpolitico.mx\\\/?p=6917\",\"url\":\"https:\\\/\\\/quehacerpolitico.mx\\\/?p=6917\",\"name\":\"\u00a1Ojo! Aqu\u00ed las 482 colonias afectadas por el megacorte de agua -\",\"isPartOf\":{\"@id\":\"https:\\\/\\\/quehacerpolitico.mx\\\/#website\"},\"primaryImageOfPage\":{\"@id\":\"https:\\\/\\\/quehacerpolitico.mx\\\/?p=6917#primaryimage\"},\"image\":{\"@id\":\"https:\\\/\\\/quehacerpolitico.mx\\\/?p=6917#primaryimage\"},\"thumbnailUrl\":\"\",\"datePublished\":\"2018-10-14T17:54:53+00:00\",\"author\":{\"@id\":\"https:\\\/\\\/quehacerpolitico.mx\\\/#\\\/schema\\\/person\\\/496d8ad2d1d3f8036101dca7ee39e585\"},\"breadcrumb\":{\"@id\":\"https:\\\/\\\/quehacerpolitico.mx\\\/?p=6917#breadcrumb\"},\"inLanguage\":\"es\",\"potentialAction\":[{\"@type\":\"ReadAction\",\"target\":[\"https:\\\/\\\/quehacerpolitico.mx\\\/?p=6917\"]}]},{\"@type\":\"ImageObject\",\"inLanguage\":\"es\",\"@id\":\"https:\\\/\\\/quehacerpolitico.mx\\\/?p=6917#primaryimage\",\"url\":\"\",\"contentUrl\":\"\"},{\"@type\":\"BreadcrumbList\",\"@id\":\"https:\\\/\\\/quehacerpolitico.mx\\\/?p=6917#breadcrumb\",\"itemListElement\":[{\"@type\":\"ListItem\",\"position\":1,\"name\":\"Inicio\",\"item\":\"https:\\\/\\\/quehacerpolitico.mx\\\/\"},{\"@type\":\"ListItem\",\"position\":2,\"name\":\"\u00a1Ojo! Aqu\u00ed las 482 colonias afectadas por el megacorte de agua\"}]},{\"@type\":\"WebSite\",\"@id\":\"https:\\\/\\\/quehacerpolitico.mx\\\/#website\",\"url\":\"https:\\\/\\\/quehacerpolitico.mx\\\/\",\"name\":\"\",\"description\":\"\",\"potentialAction\":[{\"@type\":\"SearchAction\",\"target\":{\"@type\":\"EntryPoint\",\"urlTemplate\":\"https:\\\/\\\/quehacerpolitico.mx\\\/?s={search_term_string}\"},\"query-input\":{\"@type\":\"PropertyValueSpecification\",\"valueRequired\":true,\"valueName\":\"search_term_string\"}}],\"inLanguage\":\"es\"},{\"@type\":\"Person\",\"@id\":\"https:\\\/\\\/quehacerpolitico.mx\\\/#\\\/schema\\\/person\\\/496d8ad2d1d3f8036101dca7ee39e585\",\"name\":\"Redacci\u00f3n QP\",\"image\":{\"@type\":\"ImageObject\",\"inLanguage\":\"es\",\"@id\":\"https:\\\/\\\/secure.gravatar.com\\\/avatar\\\/c7164ed6fdec453195284ad24a5ae5b6e1eed2b848477fa2a4787ba9adf39a41?s=96&d=mm&r=g\",\"url\":\"https:\\\/\\\/secure.gravatar.com\\\/avatar\\\/c7164ed6fdec453195284ad24a5ae5b6e1eed2b848477fa2a4787ba9adf39a41?s=96&d=mm&r=g\",\"contentUrl\":\"https:\\\/\\\/secure.gravatar.com\\\/avatar\\\/c7164ed6fdec453195284ad24a5ae5b6e1eed2b848477fa2a4787ba9adf39a41?s=96&d=mm&r=g\",\"caption\":\"Redacci\u00f3n QP\"},\"url\":\"https:\\\/\\\/quehacerpolitico.mx\\\/?author=2\"}]}<\/script>\n<!-- \/ Yoast SEO plugin. -->","yoast_head_json":{"title":"\u00a1Ojo! Aqu\u00ed las 482 colonias afectadas por el megacorte de agua -","robots":{"index":"index","follow":"follow","max-snippet":"max-snippet:-1","max-image-preview":"max-image-preview:large","max-video-preview":"max-video-preview:-1"},"canonical":"https:\/\/quehacerpolitico.mx\/?p=6917","og_locale":"es_MX","og_type":"article","og_title":"\u00a1Ojo! Aqu\u00ed las 482 colonias afectadas por el megacorte de agua -","og_description":"\u00a1Ojo! Aqu\u00ed las 482 colonias afectadas por el megacorte de agua Por Redacci\u00f3n QP","og_url":"https:\/\/quehacerpolitico.mx\/?p=6917","article_published_time":"2018-10-14T17:54:53+00:00","author":"Redacci\u00f3n QP","twitter_card":"summary_large_image","twitter_misc":{"Escrito por":"Redacci\u00f3n QP","Tiempo de lectura":"1 minuto"},"schema":{"@context":"https:\/\/schema.org","@graph":[{"@type":"Article","@id":"https:\/\/quehacerpolitico.mx\/?p=6917#article","isPartOf":{"@id":"https:\/\/quehacerpolitico.mx\/?p=6917"},"author":{"name":"Redacci\u00f3n QP","@id":"https:\/\/quehacerpolitico.mx\/#\/schema\/person\/496d8ad2d1d3f8036101dca7ee39e585"},"headline":"\u00a1Ojo! Aqu\u00ed las 482 colonias afectadas por el megacorte de agua","datePublished":"2018-10-14T17:54:53+00:00","mainEntityOfPage":{"@id":"https:\/\/quehacerpolitico.mx\/?p=6917"},"wordCount":194,"commentCount":0,"image":{"@id":"https:\/\/quehacerpolitico.mx\/?p=6917#primaryimage"},"thumbnailUrl":"","articleSection":["CDMX"],"inLanguage":"es","potentialAction":[{"@type":"CommentAction","name":"Comment","target":["https:\/\/quehacerpolitico.mx\/?p=6917#respond"]}]},{"@type":"WebPage","@id":"https:\/\/quehacerpolitico.mx\/?p=6917","url":"https:\/\/quehacerpolitico.mx\/?p=6917","name":"\u00a1Ojo! Aqu\u00ed las 482 colonias afectadas por el megacorte de agua -","isPartOf":{"@id":"https:\/\/quehacerpolitico.mx\/#website"},"primaryImageOfPage":{"@id":"https:\/\/quehacerpolitico.mx\/?p=6917#primaryimage"},"image":{"@id":"https:\/\/quehacerpolitico.mx\/?p=6917#primaryimage"},"thumbnailUrl":"","datePublished":"2018-10-14T17:54:53+00:00","author":{"@id":"https:\/\/quehacerpolitico.mx\/#\/schema\/person\/496d8ad2d1d3f8036101dca7ee39e585"},"breadcrumb":{"@id":"https:\/\/quehacerpolitico.mx\/?p=6917#breadcrumb"},"inLanguage":"es","potentialAction":[{"@type":"ReadAction","target":["https:\/\/quehacerpolitico.mx\/?p=6917"]}]},{"@type":"ImageObject","inLanguage":"es","@id":"https:\/\/quehacerpolitico.mx\/?p=6917#primaryimage","url":"","contentUrl":""},{"@type":"BreadcrumbList","@id":"https:\/\/quehacerpolitico.mx\/?p=6917#breadcrumb","itemListElement":[{"@type":"ListItem","position":1,"name":"Inicio","item":"https:\/\/quehacerpolitico.mx\/"},{"@type":"ListItem","position":2,"name":"\u00a1Ojo! Aqu\u00ed las 482 colonias afectadas por el megacorte de agua"}]},{"@type":"WebSite","@id":"https:\/\/quehacerpolitico.mx\/#website","url":"https:\/\/quehacerpolitico.mx\/","name":"","description":"","potentialAction":[{"@type":"SearchAction","target":{"@type":"EntryPoint","urlTemplate":"https:\/\/quehacerpolitico.mx\/?s={search_term_string}"},"query-input":{"@type":"PropertyValueSpecification","valueRequired":true,"valueName":"search_term_string"}}],"inLanguage":"es"},{"@type":"Person","@id":"https:\/\/quehacerpolitico.mx\/#\/schema\/person\/496d8ad2d1d3f8036101dca7ee39e585","name":"Redacci\u00f3n QP","image":{"@type":"ImageObject","inLanguage":"es","@id":"https:\/\/secure.gravatar.com\/avatar\/c7164ed6fdec453195284ad24a5ae5b6e1eed2b848477fa2a4787ba9adf39a41?s=96&d=mm&r=g","url":"https:\/\/secure.gravatar.com\/avatar\/c7164ed6fdec453195284ad24a5ae5b6e1eed2b848477fa2a4787ba9adf39a41?s=96&d=mm&r=g","contentUrl":"https:\/\/secure.gravatar.com\/avatar\/c7164ed6fdec453195284ad24a5ae5b6e1eed2b848477fa2a4787ba9adf39a41?s=96&d=mm&r=g","caption":"Redacci\u00f3n QP"},"url":"https:\/\/quehacerpolitico.mx\/?author=2"}]}},"featured_image_urls":{"full":"","thumbnail":"","medium":"","medium_large":"","large":"","1536x1536":"","2048x2048":"","covernews-featured":"","covernews-medium":""},"author_info":{"display_name":"Redacci\u00f3n QP","author_link":"https:\/\/quehacerpolitico.mx\/?author=2"},"category_info":"<a href=\"https:\/\/quehacerpolitico.mx\/?cat=55\" rel=\"category\">CDMX<\/a>","tag_info":"CDMX","comment_count":"0","_links":{"self":[{"href":"https:\/\/quehacerpolitico.mx\/index.php?rest_route=\/wp\/v2\/posts\/6917","targetHints":{"allow":["GET"]}}],"collection":[{"href":"https:\/\/quehacerpolitico.mx\/index.php?rest_route=\/wp\/v2\/posts"}],"about":[{"href":"https:\/\/quehacerpolitico.mx\/index.php?rest_route=\/wp\/v2\/types\/post"}],"author":[{"embeddable":true,"href":"https:\/\/quehacerpolitico.mx\/index.php?rest_route=\/wp\/v2\/users\/2"}],"replies":[{"embeddable":true,"href":"https:\/\/quehacerpolitico.mx\/index.php?rest_route=%2Fwp%2Fv2%2Fcomments&post=6917"}],"version-history":[{"count":0,"href":"https:\/\/quehacerpolitico.mx\/index.php?rest_route=\/wp\/v2\/posts\/6917\/revisions"}],"wp:featuredmedia":[{"embeddable":true,"href":"https:\/\/quehacerpolitico.mx\/index.php?rest_route=\/"}],"wp:attachment":[{"href":"https:\/\/quehacerpolitico.mx\/index.php?rest_route=%2Fwp%2Fv2%2Fmedia&parent=6917"}],"wp:term":[{"taxonomy":"category","embeddable":true,"href":"https:\/\/quehacerpolitico.mx\/index.php?rest_route=%2Fwp%2Fv2%2Fcategories&post=6917"},{"taxonomy":"post_tag","embeddable":true,"href":"https:\/\/quehacerpolitico.mx\/index.php?rest_route=%2Fwp%2Fv2%2Ftags&post=6917"}],"curies":[{"name":"wp","href":"https:\/\/api.w.org\/{rel}","templated":true}]}}