{"id":69073,"date":"2020-11-13T14:09:42","date_gmt":"2020-11-13T20:09:42","guid":{"rendered":"http:\/\/quehacerpolitico.mx\/?p=69073"},"modified":"2020-11-13T14:09:42","modified_gmt":"2020-11-13T20:09:42","slug":"alonso-ancira-si-sera-extraditado-a-mexico-confirma-espana","status":"publish","type":"post","link":"https:\/\/quehacerpolitico.mx\/?p=69073","title":{"rendered":"Alonso Ancira s\u00ed ser\u00e1 extraditado a M\u00e9xico, confirma Espa\u00f1a"},"content":{"rendered":"<h1>Alonso Ancira s\u00ed ser\u00e1 extraditado a M\u00e9xico, confirma Espa\u00f1a<br \/>\nPor Redacci\u00f3n QP<\/h1>\n<p>M\u00e9xico investiga millonarias transferencias entre Altos Hornos de M\u00e9xico de Alfoso Ancira y Tochos Holding, vinculada al exdirector general de Pemex, Emilio Lozoya<\/p>\n<p>El empresario <strong>Alonso Ancira<\/strong>, presidente de <strong>Altos Hornos de M\u00e9xico<\/strong> (AHMSA), s\u00ed ser\u00e1 <strong>extraditado<\/strong> a nuestro pa\u00eds, confirm\u00f3 la Audiencia Nacional de Espa\u00f1a, este viernes.<\/p>\n<p class=\"p1\">La Audiencia Nacional de Espa\u00f1a desestim\u00f3 el recurso de s\u00faplica presentado contra la autorizaci\u00f3n de la <strong>extradici\u00f3n<\/strong> a <strong>M\u00e9xico<\/strong> del presidente de Altos Hornos de M\u00e9xico (AHMSA), <strong>Alonso Ancira<\/strong>, para que haga frente a las acusaciones de fraude y corrupci\u00f3n que pesan sobre \u00e9l, en nuestro pa\u00eds.<\/p>\n<p class=\"p1\">El pasado mes de julio, el empresario deposit\u00f3 una <strong>fianza<\/strong> de un mill\u00f3n de euros que le impuso el juez de la Audiencia Nacional, Santiago Pedraz, para poder salir de prisi\u00f3n con medidas cautelares mientras se tramitaba su entrega. <span class=\"Apple-converted-space\">\u00a0 \u00a0 \u00a0<\/span><\/p>\n<p class=\"p1\">En un auto dado a conocer este viernes, el Pleno de la Sala de lo Penal de este \u00f3rgano confirm\u00f3 de forma un\u00e1nime la entrega de este empresario al considerar que los hechos por los que le persigue la justicia mexicana tambi\u00e9n son <strong>delito<\/strong>en <strong>Espa\u00f1a<\/strong> y concurre por ello el principio de doble incriminaci\u00f3n. <span class=\"Apple-converted-space\">\u00a0 \u00a0 \u00a0<\/span><\/p>\n<p class=\"p1\">La justicia mexicana investiga cuatro transferencias econ\u00f3micas emitidas entre junio y noviembre de 2012 de Altos Hornos de M\u00e9xico SA a la empresa Tochos Holding, vinculada al exdirector general de Pemex, <strong>Emilio Lozoya<\/strong>, por un importe de 3.4 millones de d\u00f3lares.<\/p>\n<p class=\"p1\">En noviembre del mismo a\u00f1o <strong>Emilio Lozoya<\/strong>adquiri\u00f3 un inmueble en una zona residencial de Ciudad de M\u00e9xico y un mes despu\u00e9s, una vez elegido director general de <strong>Pemex<\/strong> propuso rehabilitar y despu\u00e9s adquirir una planta para producir fertilizantes propiedad de AHMSA que llevaba inactiva 14 a\u00f1os y que se adquiri\u00f3 por 275 millones de d\u00f3lares, cuando su valor de tasaci\u00f3n se fij\u00f3 en unos 58 millones de d\u00f3lares americanos. <span class=\"Apple-converted-space\">\u00a0 \u00a0 \u00a0<\/span><\/p>\n<p class=\"p1\">Los hechos investigados, seg\u00fan los veinte magistrados que conforman la Sala de lo Penal de la Audiencia espa\u00f1ola, encajar\u00edan en delitos de <strong>cohecho,<\/strong> l<strong>avado de dinero, fraude<\/strong> o incluso en <strong>malversaci\u00f3n<\/strong> de recursos p\u00fablicos por lo que, seg\u00fan el tribunal, \u201crefuerza la\u00a0argumentaci\u00f3n de la instancia de que no se vulnera el principio de doble incriminaci\u00f3n\u201d, concluyen los magistrados.<\/p>\n<p class=\"p1\">El auto argumenta que <strong>Alonso Ancira<\/strong> cooper\u00f3 en el lavado de dinero de <strong>Lozoya,<\/strong> al ejecutar el concierto delictivo previo, \u201cpagando por adelantado (d\u00e1diva, mediante las correspondientes transferencias desde AHMSA a Tochos, de claro origen delictivo, pues el cohecho lo es) la contraprestaci\u00f3n por la que espera y consigue que el se\u00f1or <strong>Lozoya,<\/strong> cuando ya sea director general de la empresa estatal <strong>Pemex<\/strong> la contrapreste, mediante la adquisici\u00f3n de una empresa obsoleta e inoperativa por un precio tres veces mayor del que\u00a0realmente vale en el mercado, perjudicando con ello, adem\u00e1s los intereses p\u00fablicos\u201d. <span class=\"Apple-converted-space\">\u00a0 \u00a0 \u00a0<\/span><\/p>\n<p class=\"p1\">La Sala descarta la prescripci\u00f3n alegada por la defensa del empresario<span class=\"Apple-converted-space\">\u00a0 <\/span>al considerar que tanto la Fiscal\u00eda como un juzgado mexicano han entendido que los hechos no han prescrito y por tanto no se debe hurtar el rol de decidirlo a la <strong>justicia mexicana.<\/strong><span class=\"Apple-converted-space\">\u00a0 \u00a0 \u00a0<\/span><\/p>\n<h2 class=\"p1\">DESCARTA PERSECUCI\u00d3N POL\u00cdTICA <span class=\"Apple-converted-space\">\u00a0 \u00a0 \u00a0<\/span><\/h2>\n<p class=\"p1\">Rechaza igualmente los argumentos sobre una presunta <strong>persecuci\u00f3n pol\u00edtica<\/strong> alegada igualmente por el empresario<span class=\"Apple-converted-space\">\u00a0 <\/span>en tanto que se persigue un delito com\u00fan \u201cde clara <strong>corrupci\u00f3n<\/strong>donde deviene \u00ednsita legalmente la existencia de una Autoridad pol\u00edtica, que no es la persona del reclamado, sino su contraparte, y donde se denuncia un <strong>fraude<\/strong> por sobre precio en la compra de una inservible y obsoleta planta de agro nitrogenados que produjo un enorme perjuicio econ\u00f3mico a las arcas p\u00fablicas mexicanas y una contraprestaci\u00f3n en un inmueble<span class=\"Apple-converted-space\">\u00a0<\/span>de lujo en Ciudad de M\u00e9xico que es lo que constituye el n\u00facleo de los que se persigue ante el hecho de haber pretendido y moment\u00e1neamente conseguido ocultarlo\u201d. <span class=\"Apple-converted-space\">\u00a0 \u00a0 \u00a0<\/span><\/p>\n<p class=\"p1\">Insiste en que, seg\u00fan los indicios, <strong>Ancira<\/strong>introdujo en el <strong>mercado l\u00edcito mexicano<\/strong> el bien inmueble investigado mediante tan complicada operaci\u00f3n con triangulaci\u00f3n de env\u00edos econ\u00f3micos al extranjero, a empresa constituida en un para\u00edso off shore, en entregas fraccionadas de dinero, con la utilizaci\u00f3n de un testaferro familiar, y gran perjuicios al dinero p\u00fablico, circunstancias que, objetivamente, nada tienen que ver con la <strong>persecuci\u00f3n pol\u00edtica\u201d.<\/strong><\/p>\n<p class=\"p1\">De acuerdo con la justicia mexicana, <strong>Ancira<\/strong> est\u00e1 acusado de varios delitos de corrupci\u00f3n en colaboraci\u00f3n con otros miembros de la Administraci\u00f3n del expresidente <strong>Enrique Pe\u00f1a Nieto<\/strong>, como con <strong>Emilio Lozoya<\/strong>, tambi\u00e9n detenido en <strong>Espa\u00f1a,<\/strong> en relaci\u00f3n a unos negocios con la brasile\u00f1a <strong>Odebrecht.<\/strong><\/p>\n<p class=\"p1\"><em>Con informaci\u00f3n de Europa Press.<\/em><\/p>\n","protected":false},"excerpt":{"rendered":"<p>Alonso Ancira s\u00ed ser\u00e1 extraditado a M\u00e9xico, confirma Espa\u00f1a Por Redacci\u00f3n QP M\u00e9xico investiga millonarias&#8230;<\/p>\n","protected":false},"author":2,"featured_media":69074,"comment_status":"open","ping_status":"open","sticky":false,"template":"","format":"standard","meta":{"_monsterinsights_skip_tracking":false,"_monsterinsights_sitenote_active":false,"_monsterinsights_sitenote_note":"","_monsterinsights_sitenote_category":0,"footnotes":""},"categories":[2],"tags":[],"class_list":["post-69073","post","type-post","status-publish","format-standard","has-post-thumbnail","hentry","category-noticias"],"yoast_head":"<!-- This site is optimized with the Yoast SEO plugin v27.3 - https:\/\/yoast.com\/product\/yoast-seo-wordpress\/ -->\n<title>Alonso Ancira s\u00ed ser\u00e1 extraditado a M\u00e9xico, confirma Espa\u00f1a -<\/title>\n<meta name=\"robots\" content=\"index, follow, max-snippet:-1, max-image-preview:large, max-video-preview:-1\" \/>\n<link rel=\"canonical\" href=\"https:\/\/quehacerpolitico.mx\/?p=69073\" \/>\n<meta property=\"og:locale\" content=\"es_MX\" \/>\n<meta property=\"og:type\" content=\"article\" \/>\n<meta property=\"og:title\" content=\"Alonso Ancira s\u00ed ser\u00e1 extraditado a M\u00e9xico, confirma Espa\u00f1a -\" \/>\n<meta property=\"og:description\" content=\"Alonso Ancira s\u00ed ser\u00e1 extraditado a M\u00e9xico, confirma Espa\u00f1a Por Redacci\u00f3n QP M\u00e9xico investiga millonarias...\" \/>\n<meta property=\"og:url\" content=\"https:\/\/quehacerpolitico.mx\/?p=69073\" \/>\n<meta property=\"article:published_time\" content=\"2020-11-13T20:09:42+00:00\" \/>\n<meta property=\"og:image\" content=\"https:\/\/quehacerpolitico.mx\/wp-content\/uploads\/2020\/11\/0B7C1C45-A264-4FF6-BF0E-EC3926A2158E.jpeg\" \/>\n\t<meta property=\"og:image:width\" content=\"678\" \/>\n\t<meta property=\"og:image:height\" content=\"452\" \/>\n\t<meta property=\"og:image:type\" content=\"image\/jpeg\" \/>\n<meta name=\"author\" content=\"Redacci\u00f3n QP\" \/>\n<meta name=\"twitter:card\" content=\"summary_large_image\" \/>\n<meta name=\"twitter:label1\" content=\"Escrito por\" \/>\n\t<meta name=\"twitter:data1\" content=\"Redacci\u00f3n QP\" \/>\n\t<meta name=\"twitter:label2\" content=\"Tiempo de lectura\" \/>\n\t<meta name=\"twitter:data2\" content=\"4 minutos\" \/>\n<script type=\"application\/ld+json\" class=\"yoast-schema-graph\">{\"@context\":\"https:\\\/\\\/schema.org\",\"@graph\":[{\"@type\":\"Article\",\"@id\":\"https:\\\/\\\/quehacerpolitico.mx\\\/?p=69073#article\",\"isPartOf\":{\"@id\":\"https:\\\/\\\/quehacerpolitico.mx\\\/?p=69073\"},\"author\":{\"name\":\"Redacci\u00f3n QP\",\"@id\":\"https:\\\/\\\/quehacerpolitico.mx\\\/#\\\/schema\\\/person\\\/496d8ad2d1d3f8036101dca7ee39e585\"},\"headline\":\"Alonso Ancira s\u00ed ser\u00e1 extraditado a M\u00e9xico, confirma Espa\u00f1a\",\"datePublished\":\"2020-11-13T20:09:42+00:00\",\"mainEntityOfPage\":{\"@id\":\"https:\\\/\\\/quehacerpolitico.mx\\\/?p=69073\"},\"wordCount\":821,\"commentCount\":0,\"image\":{\"@id\":\"https:\\\/\\\/quehacerpolitico.mx\\\/?p=69073#primaryimage\"},\"thumbnailUrl\":\"https:\\\/\\\/quehacerpolitico.mx\\\/wp-content\\\/uploads\\\/2020\\\/11\\\/0B7C1C45-A264-4FF6-BF0E-EC3926A2158E.jpeg\",\"articleSection\":[\"Noticias\"],\"inLanguage\":\"es\",\"potentialAction\":[{\"@type\":\"CommentAction\",\"name\":\"Comment\",\"target\":[\"https:\\\/\\\/quehacerpolitico.mx\\\/?p=69073#respond\"]}]},{\"@type\":\"WebPage\",\"@id\":\"https:\\\/\\\/quehacerpolitico.mx\\\/?p=69073\",\"url\":\"https:\\\/\\\/quehacerpolitico.mx\\\/?p=69073\",\"name\":\"Alonso Ancira s\u00ed ser\u00e1 extraditado a M\u00e9xico, confirma Espa\u00f1a -\",\"isPartOf\":{\"@id\":\"https:\\\/\\\/quehacerpolitico.mx\\\/#website\"},\"primaryImageOfPage\":{\"@id\":\"https:\\\/\\\/quehacerpolitico.mx\\\/?p=69073#primaryimage\"},\"image\":{\"@id\":\"https:\\\/\\\/quehacerpolitico.mx\\\/?p=69073#primaryimage\"},\"thumbnailUrl\":\"https:\\\/\\\/quehacerpolitico.mx\\\/wp-content\\\/uploads\\\/2020\\\/11\\\/0B7C1C45-A264-4FF6-BF0E-EC3926A2158E.jpeg\",\"datePublished\":\"2020-11-13T20:09:42+00:00\",\"author\":{\"@id\":\"https:\\\/\\\/quehacerpolitico.mx\\\/#\\\/schema\\\/person\\\/496d8ad2d1d3f8036101dca7ee39e585\"},\"breadcrumb\":{\"@id\":\"https:\\\/\\\/quehacerpolitico.mx\\\/?p=69073#breadcrumb\"},\"inLanguage\":\"es\",\"potentialAction\":[{\"@type\":\"ReadAction\",\"target\":[\"https:\\\/\\\/quehacerpolitico.mx\\\/?p=69073\"]}]},{\"@type\":\"ImageObject\",\"inLanguage\":\"es\",\"@id\":\"https:\\\/\\\/quehacerpolitico.mx\\\/?p=69073#primaryimage\",\"url\":\"https:\\\/\\\/quehacerpolitico.mx\\\/wp-content\\\/uploads\\\/2020\\\/11\\\/0B7C1C45-A264-4FF6-BF0E-EC3926A2158E.jpeg\",\"contentUrl\":\"https:\\\/\\\/quehacerpolitico.mx\\\/wp-content\\\/uploads\\\/2020\\\/11\\\/0B7C1C45-A264-4FF6-BF0E-EC3926A2158E.jpeg\",\"width\":678,\"height\":452},{\"@type\":\"BreadcrumbList\",\"@id\":\"https:\\\/\\\/quehacerpolitico.mx\\\/?p=69073#breadcrumb\",\"itemListElement\":[{\"@type\":\"ListItem\",\"position\":1,\"name\":\"Inicio\",\"item\":\"https:\\\/\\\/quehacerpolitico.mx\\\/\"},{\"@type\":\"ListItem\",\"position\":2,\"name\":\"Alonso Ancira s\u00ed ser\u00e1 extraditado a M\u00e9xico, confirma Espa\u00f1a\"}]},{\"@type\":\"WebSite\",\"@id\":\"https:\\\/\\\/quehacerpolitico.mx\\\/#website\",\"url\":\"https:\\\/\\\/quehacerpolitico.mx\\\/\",\"name\":\"\",\"description\":\"\",\"potentialAction\":[{\"@type\":\"SearchAction\",\"target\":{\"@type\":\"EntryPoint\",\"urlTemplate\":\"https:\\\/\\\/quehacerpolitico.mx\\\/?s={search_term_string}\"},\"query-input\":{\"@type\":\"PropertyValueSpecification\",\"valueRequired\":true,\"valueName\":\"search_term_string\"}}],\"inLanguage\":\"es\"},{\"@type\":\"Person\",\"@id\":\"https:\\\/\\\/quehacerpolitico.mx\\\/#\\\/schema\\\/person\\\/496d8ad2d1d3f8036101dca7ee39e585\",\"name\":\"Redacci\u00f3n QP\",\"image\":{\"@type\":\"ImageObject\",\"inLanguage\":\"es\",\"@id\":\"https:\\\/\\\/secure.gravatar.com\\\/avatar\\\/c7164ed6fdec453195284ad24a5ae5b6e1eed2b848477fa2a4787ba9adf39a41?s=96&d=mm&r=g\",\"url\":\"https:\\\/\\\/secure.gravatar.com\\\/avatar\\\/c7164ed6fdec453195284ad24a5ae5b6e1eed2b848477fa2a4787ba9adf39a41?s=96&d=mm&r=g\",\"contentUrl\":\"https:\\\/\\\/secure.gravatar.com\\\/avatar\\\/c7164ed6fdec453195284ad24a5ae5b6e1eed2b848477fa2a4787ba9adf39a41?s=96&d=mm&r=g\",\"caption\":\"Redacci\u00f3n QP\"},\"url\":\"https:\\\/\\\/quehacerpolitico.mx\\\/?author=2\"}]}<\/script>\n<!-- \/ Yoast SEO plugin. -->","yoast_head_json":{"title":"Alonso Ancira s\u00ed ser\u00e1 extraditado a M\u00e9xico, confirma Espa\u00f1a -","robots":{"index":"index","follow":"follow","max-snippet":"max-snippet:-1","max-image-preview":"max-image-preview:large","max-video-preview":"max-video-preview:-1"},"canonical":"https:\/\/quehacerpolitico.mx\/?p=69073","og_locale":"es_MX","og_type":"article","og_title":"Alonso Ancira s\u00ed ser\u00e1 extraditado a M\u00e9xico, confirma Espa\u00f1a -","og_description":"Alonso Ancira s\u00ed ser\u00e1 extraditado a M\u00e9xico, confirma Espa\u00f1a Por Redacci\u00f3n QP M\u00e9xico investiga millonarias...","og_url":"https:\/\/quehacerpolitico.mx\/?p=69073","article_published_time":"2020-11-13T20:09:42+00:00","og_image":[{"width":678,"height":452,"url":"https:\/\/quehacerpolitico.mx\/wp-content\/uploads\/2020\/11\/0B7C1C45-A264-4FF6-BF0E-EC3926A2158E.jpeg","type":"image\/jpeg"}],"author":"Redacci\u00f3n QP","twitter_card":"summary_large_image","twitter_misc":{"Escrito por":"Redacci\u00f3n QP","Tiempo de lectura":"4 minutos"},"schema":{"@context":"https:\/\/schema.org","@graph":[{"@type":"Article","@id":"https:\/\/quehacerpolitico.mx\/?p=69073#article","isPartOf":{"@id":"https:\/\/quehacerpolitico.mx\/?p=69073"},"author":{"name":"Redacci\u00f3n QP","@id":"https:\/\/quehacerpolitico.mx\/#\/schema\/person\/496d8ad2d1d3f8036101dca7ee39e585"},"headline":"Alonso Ancira s\u00ed ser\u00e1 extraditado a M\u00e9xico, confirma Espa\u00f1a","datePublished":"2020-11-13T20:09:42+00:00","mainEntityOfPage":{"@id":"https:\/\/quehacerpolitico.mx\/?p=69073"},"wordCount":821,"commentCount":0,"image":{"@id":"https:\/\/quehacerpolitico.mx\/?p=69073#primaryimage"},"thumbnailUrl":"https:\/\/quehacerpolitico.mx\/wp-content\/uploads\/2020\/11\/0B7C1C45-A264-4FF6-BF0E-EC3926A2158E.jpeg","articleSection":["Noticias"],"inLanguage":"es","potentialAction":[{"@type":"CommentAction","name":"Comment","target":["https:\/\/quehacerpolitico.mx\/?p=69073#respond"]}]},{"@type":"WebPage","@id":"https:\/\/quehacerpolitico.mx\/?p=69073","url":"https:\/\/quehacerpolitico.mx\/?p=69073","name":"Alonso Ancira s\u00ed ser\u00e1 extraditado a M\u00e9xico, confirma Espa\u00f1a -","isPartOf":{"@id":"https:\/\/quehacerpolitico.mx\/#website"},"primaryImageOfPage":{"@id":"https:\/\/quehacerpolitico.mx\/?p=69073#primaryimage"},"image":{"@id":"https:\/\/quehacerpolitico.mx\/?p=69073#primaryimage"},"thumbnailUrl":"https:\/\/quehacerpolitico.mx\/wp-content\/uploads\/2020\/11\/0B7C1C45-A264-4FF6-BF0E-EC3926A2158E.jpeg","datePublished":"2020-11-13T20:09:42+00:00","author":{"@id":"https:\/\/quehacerpolitico.mx\/#\/schema\/person\/496d8ad2d1d3f8036101dca7ee39e585"},"breadcrumb":{"@id":"https:\/\/quehacerpolitico.mx\/?p=69073#breadcrumb"},"inLanguage":"es","potentialAction":[{"@type":"ReadAction","target":["https:\/\/quehacerpolitico.mx\/?p=69073"]}]},{"@type":"ImageObject","inLanguage":"es","@id":"https:\/\/quehacerpolitico.mx\/?p=69073#primaryimage","url":"https:\/\/quehacerpolitico.mx\/wp-content\/uploads\/2020\/11\/0B7C1C45-A264-4FF6-BF0E-EC3926A2158E.jpeg","contentUrl":"https:\/\/quehacerpolitico.mx\/wp-content\/uploads\/2020\/11\/0B7C1C45-A264-4FF6-BF0E-EC3926A2158E.jpeg","width":678,"height":452},{"@type":"BreadcrumbList","@id":"https:\/\/quehacerpolitico.mx\/?p=69073#breadcrumb","itemListElement":[{"@type":"ListItem","position":1,"name":"Inicio","item":"https:\/\/quehacerpolitico.mx\/"},{"@type":"ListItem","position":2,"name":"Alonso Ancira s\u00ed ser\u00e1 extraditado a M\u00e9xico, confirma Espa\u00f1a"}]},{"@type":"WebSite","@id":"https:\/\/quehacerpolitico.mx\/#website","url":"https:\/\/quehacerpolitico.mx\/","name":"","description":"","potentialAction":[{"@type":"SearchAction","target":{"@type":"EntryPoint","urlTemplate":"https:\/\/quehacerpolitico.mx\/?s={search_term_string}"},"query-input":{"@type":"PropertyValueSpecification","valueRequired":true,"valueName":"search_term_string"}}],"inLanguage":"es"},{"@type":"Person","@id":"https:\/\/quehacerpolitico.mx\/#\/schema\/person\/496d8ad2d1d3f8036101dca7ee39e585","name":"Redacci\u00f3n QP","image":{"@type":"ImageObject","inLanguage":"es","@id":"https:\/\/secure.gravatar.com\/avatar\/c7164ed6fdec453195284ad24a5ae5b6e1eed2b848477fa2a4787ba9adf39a41?s=96&d=mm&r=g","url":"https:\/\/secure.gravatar.com\/avatar\/c7164ed6fdec453195284ad24a5ae5b6e1eed2b848477fa2a4787ba9adf39a41?s=96&d=mm&r=g","contentUrl":"https:\/\/secure.gravatar.com\/avatar\/c7164ed6fdec453195284ad24a5ae5b6e1eed2b848477fa2a4787ba9adf39a41?s=96&d=mm&r=g","caption":"Redacci\u00f3n QP"},"url":"https:\/\/quehacerpolitico.mx\/?author=2"}]}},"featured_image_urls":{"full":["https:\/\/quehacerpolitico.mx\/wp-content\/uploads\/2020\/11\/0B7C1C45-A264-4FF6-BF0E-EC3926A2158E.jpeg",678,452,false],"thumbnail":["https:\/\/quehacerpolitico.mx\/wp-content\/uploads\/2020\/11\/0B7C1C45-A264-4FF6-BF0E-EC3926A2158E-150x150.jpeg",150,150,true],"medium":["https:\/\/quehacerpolitico.mx\/wp-content\/uploads\/2020\/11\/0B7C1C45-A264-4FF6-BF0E-EC3926A2158E-300x200.jpeg",300,200,true],"medium_large":["https:\/\/quehacerpolitico.mx\/wp-content\/uploads\/2020\/11\/0B7C1C45-A264-4FF6-BF0E-EC3926A2158E.jpeg",640,427,false],"large":["https:\/\/quehacerpolitico.mx\/wp-content\/uploads\/2020\/11\/0B7C1C45-A264-4FF6-BF0E-EC3926A2158E.jpeg",640,427,false],"1536x1536":["https:\/\/quehacerpolitico.mx\/wp-content\/uploads\/2020\/11\/0B7C1C45-A264-4FF6-BF0E-EC3926A2158E.jpeg",678,452,false],"2048x2048":["https:\/\/quehacerpolitico.mx\/wp-content\/uploads\/2020\/11\/0B7C1C45-A264-4FF6-BF0E-EC3926A2158E.jpeg",678,452,false],"covernews-featured":["https:\/\/quehacerpolitico.mx\/wp-content\/uploads\/2020\/11\/0B7C1C45-A264-4FF6-BF0E-EC3926A2158E.jpeg",678,452,false],"covernews-medium":["https:\/\/quehacerpolitico.mx\/wp-content\/uploads\/2020\/11\/0B7C1C45-A264-4FF6-BF0E-EC3926A2158E.jpeg",510,340,false]},"author_info":{"display_name":"Redacci\u00f3n QP","author_link":"https:\/\/quehacerpolitico.mx\/?author=2"},"category_info":"<a href=\"https:\/\/quehacerpolitico.mx\/?cat=2\" rel=\"category\">Noticias<\/a>","tag_info":"Noticias","comment_count":"0","_links":{"self":[{"href":"https:\/\/quehacerpolitico.mx\/index.php?rest_route=\/wp\/v2\/posts\/69073","targetHints":{"allow":["GET"]}}],"collection":[{"href":"https:\/\/quehacerpolitico.mx\/index.php?rest_route=\/wp\/v2\/posts"}],"about":[{"href":"https:\/\/quehacerpolitico.mx\/index.php?rest_route=\/wp\/v2\/types\/post"}],"author":[{"embeddable":true,"href":"https:\/\/quehacerpolitico.mx\/index.php?rest_route=\/wp\/v2\/users\/2"}],"replies":[{"embeddable":true,"href":"https:\/\/quehacerpolitico.mx\/index.php?rest_route=%2Fwp%2Fv2%2Fcomments&post=69073"}],"version-history":[{"count":0,"href":"https:\/\/quehacerpolitico.mx\/index.php?rest_route=\/wp\/v2\/posts\/69073\/revisions"}],"wp:featuredmedia":[{"embeddable":true,"href":"https:\/\/quehacerpolitico.mx\/index.php?rest_route=\/wp\/v2\/media\/69074"}],"wp:attachment":[{"href":"https:\/\/quehacerpolitico.mx\/index.php?rest_route=%2Fwp%2Fv2%2Fmedia&parent=69073"}],"wp:term":[{"taxonomy":"category","embeddable":true,"href":"https:\/\/quehacerpolitico.mx\/index.php?rest_route=%2Fwp%2Fv2%2Fcategories&post=69073"},{"taxonomy":"post_tag","embeddable":true,"href":"https:\/\/quehacerpolitico.mx\/index.php?rest_route=%2Fwp%2Fv2%2Ftags&post=69073"}],"curies":[{"name":"wp","href":"https:\/\/api.w.org\/{rel}","templated":true}]}}