{"id":69070,"date":"2020-11-13T13:58:31","date_gmt":"2020-11-13T19:58:31","guid":{"rendered":"http:\/\/quehacerpolitico.mx\/?p=69070"},"modified":"2020-11-13T13:58:31","modified_gmt":"2020-11-13T19:58:31","slug":"voces-del-periodista-desde-filomeno-mata-8-mouris-salloum-george-el-terror-como-estilo-de-vida-la-virtud-gubernamental-como-bandera","status":"publish","type":"post","link":"https:\/\/quehacerpolitico.mx\/?p=69070","title":{"rendered":"Voces del Periodista Desde Filomeno Mata 8\/\/\/Mouris Salloum George\/\/\/El terror como estilo de vida; la virtud gubernamental como bandera."},"content":{"rendered":"<h1 class=\"entry-title penci-entry-title penci-title-\">El terror como estilo de vida; la virtud gubernamental como bandera.<br \/>\nPor Mouris Salloum George<\/h1>\n<p>Director General Del Club de Periodistas de M\u00e9xico AC<\/p>\n<p>Los mexicanos hemos vivido los \u00faltimos tiempos en medio del torbellino del terror seco. En lugar de la convivencia pac\u00edfica a que seg\u00fan la Constituci\u00f3n tenemos todo el derecho del mundo, estamos enfrentados a una vor\u00e1gine de terror fiscal, a manos de las autoridades hacendarias y del SAT de Arturo Herrera y Raquel Buenrostro, y de las suspicacias amenazantes de Santiago Nieto, por parte de la quisquillosa Unidad de Inteligencia Financiera.<\/p>\n<p>Los brazos operativos de la recaudaci\u00f3n imposible en temporada de pandemia, se extienden a las barandillas de la polic\u00eda fiscal y a la expectativa de las bartolinas para todos aquellos que osen apartarse un mil\u00edmetro de lo pol\u00edticamente correcto en materia de constre\u00f1irse a lo estipulado por los que ya no saben qu\u00e9 cuerda tocar para cumplir las metas del presupuesto ancho y ajeno, quimera pura.<\/p>\n<p>El terrorismo hidr\u00e1ulico asoma sus fauces en las riberas del r\u00edo Grijalva en Villahermosa, azotada por la apertura inopinada de la presa de Pe\u00f1itas, poniendo a la poblaci\u00f3n de bajo el agua, abajo de varios metros de una inundaci\u00f3n ordenada sin avisar con tiempo a los habitantes que no pudieron evitar la hecatombe. Chiapas sufre tambi\u00e9n sin un Fondo Nacional de Desastres que acuda en su auxiliares; los altos funcionarios de la Federaci\u00f3n, act\u00faan como quien ve llover. Han desaparecido los dineros del ramo.<\/p>\n<p>El terrorismo pol\u00edtico de Donald Trump, que se aferra denodadamente al poder sin querer soltar un \u00e1pice, despu\u00e9s de que los organismos estatales electorales de los Estados Unidos han se\u00f1alado a Joe Biden como presidente electo y la falta de reconocimiento, amenaza las estructuras b\u00e1sicas no s\u00f3lo de la relaci\u00f3n diplom\u00e1tica, sino el futuro de las relaciones laborales, energ\u00e9ticas y ambientales M\u00e9xico- EEUU; no se sabe qu\u00e9 puede venir.<\/p>\n<p>El terror que se cierne sobre las estructuras agrarias productivas de alimentos no es menor. De importancia suprema ser\u00e1 adivinar hacia donde vamos a tener que jalar para resolver en el mediano plazo nuestras necesidades de productos b\u00e1sicos de primera necesidad. Es un acertijo que nadie se ha atrevido a explicar; el terror del hambre es una realidad en muchas partes de la Rep\u00fablica.<\/p>\n<p>El terror que se deriva de la m\u00e1quina de muerte echada a andar por la delincuencia organizada tiene muchas fauces que ense\u00f1ar todav\u00eda, sin autoridad al frente que la detenga. Los \u00edndices al alta de los feminicidios tan reprimidos, de los asesinatos en despoblado y de los delitos de alto impacto es verdaderamente de miedo.<\/p>\n<p>Durante los a\u00f1os de consolidaci\u00f3n de la revoluci\u00f3n francesa, Robespierre, -llamado \u201cel incorruptible\u201d\u2014, diputado y presidente de la Convenci\u00f3n Nacional, jefe indiscutible de la fracci\u00f3n m\u00e1s radical de los jacobinos y l\u00edder del Comit\u00e9 de Salvaci\u00f3n P\u00fablica, gobern\u00f3 Francia con mano de hierro durante el periodo del Terror. As\u00ed la pag\u00f3.<\/p>\n<p>Continuas ejecuciones por traici\u00f3n, sedici\u00f3n, conspiraci\u00f3n, entre muchos otros cr\u00edmenes revelaron a Robespierre firme, autoritario y decidido a purificar Francia de cualquier ciudadano opositor. La pena de muerte fue usada con cualquier pretexto; Robespierre era el \u00fanico puro de la revoluci\u00f3n, no compart\u00eda sus t\u00edtulos con nadie.<\/p>\n<p>Lleg\u00f3 a decir que actuaba en nombre de \u201cla virtud\u201d, ejercida individual y colectivamente como una de las claves de su pensamiento republicano. \u201cEl terror sin virtud es desastroso. La virtud sin terror es impotente\u201d era su credo de guerra en nombre de los valores de la Ilustraci\u00f3n.\u00a0 El infame era demasiado petulante.<\/p>\n<p>Su ca\u00edda pol\u00edtica fue ocasionada por la propia inestabilidad que \u00e9l mismo hab\u00eda generado. Su muerte fue seguida de una reacci\u00f3n termidoriana que desmantel\u00f3 el r\u00e9gimen del terror e hizo a\u00f1icos el gobierno revolucionario que fue reemplazado por el Directorio, de car\u00e1cter m\u00e1s conservador. Sus antiguos seguidores fueron sus peores verdugos.<\/p>\n<p>El cuerpo de Robespierre y de veinti\u00fan condenados fue enterrado en una fosa com\u00fan en el cementerio popular de Errancis; en la fosa se verti\u00f3 cal viva a fin de borrar todo rastro. Su ca\u00edda, desafortunadamente, acab\u00f3 con el Terror, al mismo tiempo que con el impulso democr\u00e1tico de la Rep\u00fablica. ?La \u00e9poca del Terror es una de las etapas m\u00e1s negras de la historia de las revoluciones y de la humanidad<\/p>\n<p>En su conocida \u201cronda de los animales\u201d, el pensador bilba\u00edno Miguel de Unamuno, puntal de la Generaci\u00f3n del \u201998, precis\u00f3: \u201cLa abeja zumba, la rana croe, muge la vaca, ulula el b\u00faho, el pato parpa, rebuzna el burro, el cuervo grazna, a\u00falla el lobo\u2026 y el hombre escucha\u201d. \u00bfSer\u00e1 cierto que el hombre a\u00fan puede escuchar?<\/p>\n<p>\u00bfHasta qu\u00e9 l\u00edmites puede aplicarse el terror en el seno de una sociedad pac\u00edfica?, \u00bfacaso se requiere?<\/p>\n","protected":false},"excerpt":{"rendered":"<p>El terror como estilo de vida; la virtud gubernamental como bandera. Por Mouris Salloum George&#8230;<\/p>\n","protected":false},"author":2,"featured_media":69071,"comment_status":"open","ping_status":"open","sticky":false,"template":"","format":"standard","meta":{"_monsterinsights_skip_tracking":false,"_monsterinsights_sitenote_active":false,"_monsterinsights_sitenote_note":"","_monsterinsights_sitenote_category":0,"footnotes":""},"categories":[2],"tags":[],"class_list":["post-69070","post","type-post","status-publish","format-standard","has-post-thumbnail","hentry","category-noticias"],"yoast_head":"<!-- This site is optimized with the Yoast SEO plugin v27.3 - https:\/\/yoast.com\/product\/yoast-seo-wordpress\/ -->\n<title>Voces del Periodista Desde Filomeno Mata 8\/\/\/Mouris Salloum George\/\/\/El terror como estilo de vida; la virtud gubernamental como bandera. -<\/title>\n<meta name=\"robots\" content=\"index, follow, max-snippet:-1, max-image-preview:large, max-video-preview:-1\" \/>\n<link rel=\"canonical\" href=\"https:\/\/quehacerpolitico.mx\/?p=69070\" \/>\n<meta property=\"og:locale\" content=\"es_MX\" \/>\n<meta property=\"og:type\" content=\"article\" \/>\n<meta property=\"og:title\" content=\"Voces del Periodista Desde Filomeno Mata 8\/\/\/Mouris Salloum George\/\/\/El terror como estilo de vida; la virtud gubernamental como bandera. -\" \/>\n<meta property=\"og:description\" content=\"El terror como estilo de vida; la virtud gubernamental como bandera. Por Mouris Salloum George...\" \/>\n<meta property=\"og:url\" content=\"https:\/\/quehacerpolitico.mx\/?p=69070\" \/>\n<meta property=\"article:published_time\" content=\"2020-11-13T19:58:31+00:00\" \/>\n<meta property=\"og:image\" content=\"https:\/\/quehacerpolitico.mx\/wp-content\/uploads\/2020\/11\/3A289BAB-CDDB-4E9A-B7CC-3A74CDB7857F.jpeg\" \/>\n\t<meta property=\"og:image:width\" content=\"400\" \/>\n\t<meta property=\"og:image:height\" content=\"400\" \/>\n\t<meta property=\"og:image:type\" content=\"image\/jpeg\" \/>\n<meta name=\"author\" content=\"Redacci\u00f3n QP\" \/>\n<meta name=\"twitter:card\" content=\"summary_large_image\" \/>\n<meta name=\"twitter:label1\" content=\"Escrito por\" \/>\n\t<meta name=\"twitter:data1\" content=\"Redacci\u00f3n QP\" \/>\n\t<meta name=\"twitter:label2\" content=\"Tiempo de lectura\" \/>\n\t<meta name=\"twitter:data2\" content=\"4 minutos\" \/>\n<script type=\"application\/ld+json\" class=\"yoast-schema-graph\">{\"@context\":\"https:\\\/\\\/schema.org\",\"@graph\":[{\"@type\":\"Article\",\"@id\":\"https:\\\/\\\/quehacerpolitico.mx\\\/?p=69070#article\",\"isPartOf\":{\"@id\":\"https:\\\/\\\/quehacerpolitico.mx\\\/?p=69070\"},\"author\":{\"name\":\"Redacci\u00f3n QP\",\"@id\":\"https:\\\/\\\/quehacerpolitico.mx\\\/#\\\/schema\\\/person\\\/496d8ad2d1d3f8036101dca7ee39e585\"},\"headline\":\"Voces del Periodista Desde Filomeno Mata 8\\\/\\\/\\\/Mouris Salloum George\\\/\\\/\\\/El terror como estilo de vida; la virtud gubernamental como bandera.\",\"datePublished\":\"2020-11-13T19:58:31+00:00\",\"mainEntityOfPage\":{\"@id\":\"https:\\\/\\\/quehacerpolitico.mx\\\/?p=69070\"},\"wordCount\":869,\"commentCount\":0,\"image\":{\"@id\":\"https:\\\/\\\/quehacerpolitico.mx\\\/?p=69070#primaryimage\"},\"thumbnailUrl\":\"https:\\\/\\\/quehacerpolitico.mx\\\/wp-content\\\/uploads\\\/2020\\\/11\\\/3A289BAB-CDDB-4E9A-B7CC-3A74CDB7857F.jpeg\",\"articleSection\":[\"Noticias\"],\"inLanguage\":\"es\",\"potentialAction\":[{\"@type\":\"CommentAction\",\"name\":\"Comment\",\"target\":[\"https:\\\/\\\/quehacerpolitico.mx\\\/?p=69070#respond\"]}]},{\"@type\":\"WebPage\",\"@id\":\"https:\\\/\\\/quehacerpolitico.mx\\\/?p=69070\",\"url\":\"https:\\\/\\\/quehacerpolitico.mx\\\/?p=69070\",\"name\":\"Voces del Periodista Desde Filomeno Mata 8\\\/\\\/\\\/Mouris Salloum George\\\/\\\/\\\/El terror como estilo de vida; la virtud gubernamental como bandera. -\",\"isPartOf\":{\"@id\":\"https:\\\/\\\/quehacerpolitico.mx\\\/#website\"},\"primaryImageOfPage\":{\"@id\":\"https:\\\/\\\/quehacerpolitico.mx\\\/?p=69070#primaryimage\"},\"image\":{\"@id\":\"https:\\\/\\\/quehacerpolitico.mx\\\/?p=69070#primaryimage\"},\"thumbnailUrl\":\"https:\\\/\\\/quehacerpolitico.mx\\\/wp-content\\\/uploads\\\/2020\\\/11\\\/3A289BAB-CDDB-4E9A-B7CC-3A74CDB7857F.jpeg\",\"datePublished\":\"2020-11-13T19:58:31+00:00\",\"author\":{\"@id\":\"https:\\\/\\\/quehacerpolitico.mx\\\/#\\\/schema\\\/person\\\/496d8ad2d1d3f8036101dca7ee39e585\"},\"breadcrumb\":{\"@id\":\"https:\\\/\\\/quehacerpolitico.mx\\\/?p=69070#breadcrumb\"},\"inLanguage\":\"es\",\"potentialAction\":[{\"@type\":\"ReadAction\",\"target\":[\"https:\\\/\\\/quehacerpolitico.mx\\\/?p=69070\"]}]},{\"@type\":\"ImageObject\",\"inLanguage\":\"es\",\"@id\":\"https:\\\/\\\/quehacerpolitico.mx\\\/?p=69070#primaryimage\",\"url\":\"https:\\\/\\\/quehacerpolitico.mx\\\/wp-content\\\/uploads\\\/2020\\\/11\\\/3A289BAB-CDDB-4E9A-B7CC-3A74CDB7857F.jpeg\",\"contentUrl\":\"https:\\\/\\\/quehacerpolitico.mx\\\/wp-content\\\/uploads\\\/2020\\\/11\\\/3A289BAB-CDDB-4E9A-B7CC-3A74CDB7857F.jpeg\",\"width\":400,\"height\":400},{\"@type\":\"BreadcrumbList\",\"@id\":\"https:\\\/\\\/quehacerpolitico.mx\\\/?p=69070#breadcrumb\",\"itemListElement\":[{\"@type\":\"ListItem\",\"position\":1,\"name\":\"Inicio\",\"item\":\"https:\\\/\\\/quehacerpolitico.mx\\\/\"},{\"@type\":\"ListItem\",\"position\":2,\"name\":\"Voces del Periodista Desde Filomeno Mata 8\\\/\\\/\\\/Mouris Salloum George\\\/\\\/\\\/El terror como estilo de vida; la virtud gubernamental como bandera.\"}]},{\"@type\":\"WebSite\",\"@id\":\"https:\\\/\\\/quehacerpolitico.mx\\\/#website\",\"url\":\"https:\\\/\\\/quehacerpolitico.mx\\\/\",\"name\":\"\",\"description\":\"\",\"potentialAction\":[{\"@type\":\"SearchAction\",\"target\":{\"@type\":\"EntryPoint\",\"urlTemplate\":\"https:\\\/\\\/quehacerpolitico.mx\\\/?s={search_term_string}\"},\"query-input\":{\"@type\":\"PropertyValueSpecification\",\"valueRequired\":true,\"valueName\":\"search_term_string\"}}],\"inLanguage\":\"es\"},{\"@type\":\"Person\",\"@id\":\"https:\\\/\\\/quehacerpolitico.mx\\\/#\\\/schema\\\/person\\\/496d8ad2d1d3f8036101dca7ee39e585\",\"name\":\"Redacci\u00f3n QP\",\"image\":{\"@type\":\"ImageObject\",\"inLanguage\":\"es\",\"@id\":\"https:\\\/\\\/secure.gravatar.com\\\/avatar\\\/c7164ed6fdec453195284ad24a5ae5b6e1eed2b848477fa2a4787ba9adf39a41?s=96&d=mm&r=g\",\"url\":\"https:\\\/\\\/secure.gravatar.com\\\/avatar\\\/c7164ed6fdec453195284ad24a5ae5b6e1eed2b848477fa2a4787ba9adf39a41?s=96&d=mm&r=g\",\"contentUrl\":\"https:\\\/\\\/secure.gravatar.com\\\/avatar\\\/c7164ed6fdec453195284ad24a5ae5b6e1eed2b848477fa2a4787ba9adf39a41?s=96&d=mm&r=g\",\"caption\":\"Redacci\u00f3n QP\"},\"url\":\"https:\\\/\\\/quehacerpolitico.mx\\\/?author=2\"}]}<\/script>\n<!-- \/ Yoast SEO plugin. -->","yoast_head_json":{"title":"Voces del Periodista Desde Filomeno Mata 8\/\/\/Mouris Salloum George\/\/\/El terror como estilo de vida; la virtud gubernamental como bandera. -","robots":{"index":"index","follow":"follow","max-snippet":"max-snippet:-1","max-image-preview":"max-image-preview:large","max-video-preview":"max-video-preview:-1"},"canonical":"https:\/\/quehacerpolitico.mx\/?p=69070","og_locale":"es_MX","og_type":"article","og_title":"Voces del Periodista Desde Filomeno Mata 8\/\/\/Mouris Salloum George\/\/\/El terror como estilo de vida; la virtud gubernamental como bandera. -","og_description":"El terror como estilo de vida; la virtud gubernamental como bandera. Por Mouris Salloum George...","og_url":"https:\/\/quehacerpolitico.mx\/?p=69070","article_published_time":"2020-11-13T19:58:31+00:00","og_image":[{"width":400,"height":400,"url":"https:\/\/quehacerpolitico.mx\/wp-content\/uploads\/2020\/11\/3A289BAB-CDDB-4E9A-B7CC-3A74CDB7857F.jpeg","type":"image\/jpeg"}],"author":"Redacci\u00f3n QP","twitter_card":"summary_large_image","twitter_misc":{"Escrito por":"Redacci\u00f3n QP","Tiempo de lectura":"4 minutos"},"schema":{"@context":"https:\/\/schema.org","@graph":[{"@type":"Article","@id":"https:\/\/quehacerpolitico.mx\/?p=69070#article","isPartOf":{"@id":"https:\/\/quehacerpolitico.mx\/?p=69070"},"author":{"name":"Redacci\u00f3n QP","@id":"https:\/\/quehacerpolitico.mx\/#\/schema\/person\/496d8ad2d1d3f8036101dca7ee39e585"},"headline":"Voces del Periodista Desde Filomeno Mata 8\/\/\/Mouris Salloum George\/\/\/El terror como estilo de vida; la virtud gubernamental como bandera.","datePublished":"2020-11-13T19:58:31+00:00","mainEntityOfPage":{"@id":"https:\/\/quehacerpolitico.mx\/?p=69070"},"wordCount":869,"commentCount":0,"image":{"@id":"https:\/\/quehacerpolitico.mx\/?p=69070#primaryimage"},"thumbnailUrl":"https:\/\/quehacerpolitico.mx\/wp-content\/uploads\/2020\/11\/3A289BAB-CDDB-4E9A-B7CC-3A74CDB7857F.jpeg","articleSection":["Noticias"],"inLanguage":"es","potentialAction":[{"@type":"CommentAction","name":"Comment","target":["https:\/\/quehacerpolitico.mx\/?p=69070#respond"]}]},{"@type":"WebPage","@id":"https:\/\/quehacerpolitico.mx\/?p=69070","url":"https:\/\/quehacerpolitico.mx\/?p=69070","name":"Voces del Periodista Desde Filomeno Mata 8\/\/\/Mouris Salloum George\/\/\/El terror como estilo de vida; la virtud gubernamental como bandera. -","isPartOf":{"@id":"https:\/\/quehacerpolitico.mx\/#website"},"primaryImageOfPage":{"@id":"https:\/\/quehacerpolitico.mx\/?p=69070#primaryimage"},"image":{"@id":"https:\/\/quehacerpolitico.mx\/?p=69070#primaryimage"},"thumbnailUrl":"https:\/\/quehacerpolitico.mx\/wp-content\/uploads\/2020\/11\/3A289BAB-CDDB-4E9A-B7CC-3A74CDB7857F.jpeg","datePublished":"2020-11-13T19:58:31+00:00","author":{"@id":"https:\/\/quehacerpolitico.mx\/#\/schema\/person\/496d8ad2d1d3f8036101dca7ee39e585"},"breadcrumb":{"@id":"https:\/\/quehacerpolitico.mx\/?p=69070#breadcrumb"},"inLanguage":"es","potentialAction":[{"@type":"ReadAction","target":["https:\/\/quehacerpolitico.mx\/?p=69070"]}]},{"@type":"ImageObject","inLanguage":"es","@id":"https:\/\/quehacerpolitico.mx\/?p=69070#primaryimage","url":"https:\/\/quehacerpolitico.mx\/wp-content\/uploads\/2020\/11\/3A289BAB-CDDB-4E9A-B7CC-3A74CDB7857F.jpeg","contentUrl":"https:\/\/quehacerpolitico.mx\/wp-content\/uploads\/2020\/11\/3A289BAB-CDDB-4E9A-B7CC-3A74CDB7857F.jpeg","width":400,"height":400},{"@type":"BreadcrumbList","@id":"https:\/\/quehacerpolitico.mx\/?p=69070#breadcrumb","itemListElement":[{"@type":"ListItem","position":1,"name":"Inicio","item":"https:\/\/quehacerpolitico.mx\/"},{"@type":"ListItem","position":2,"name":"Voces del Periodista Desde Filomeno Mata 8\/\/\/Mouris Salloum George\/\/\/El terror como estilo de vida; la virtud gubernamental como bandera."}]},{"@type":"WebSite","@id":"https:\/\/quehacerpolitico.mx\/#website","url":"https:\/\/quehacerpolitico.mx\/","name":"","description":"","potentialAction":[{"@type":"SearchAction","target":{"@type":"EntryPoint","urlTemplate":"https:\/\/quehacerpolitico.mx\/?s={search_term_string}"},"query-input":{"@type":"PropertyValueSpecification","valueRequired":true,"valueName":"search_term_string"}}],"inLanguage":"es"},{"@type":"Person","@id":"https:\/\/quehacerpolitico.mx\/#\/schema\/person\/496d8ad2d1d3f8036101dca7ee39e585","name":"Redacci\u00f3n QP","image":{"@type":"ImageObject","inLanguage":"es","@id":"https:\/\/secure.gravatar.com\/avatar\/c7164ed6fdec453195284ad24a5ae5b6e1eed2b848477fa2a4787ba9adf39a41?s=96&d=mm&r=g","url":"https:\/\/secure.gravatar.com\/avatar\/c7164ed6fdec453195284ad24a5ae5b6e1eed2b848477fa2a4787ba9adf39a41?s=96&d=mm&r=g","contentUrl":"https:\/\/secure.gravatar.com\/avatar\/c7164ed6fdec453195284ad24a5ae5b6e1eed2b848477fa2a4787ba9adf39a41?s=96&d=mm&r=g","caption":"Redacci\u00f3n QP"},"url":"https:\/\/quehacerpolitico.mx\/?author=2"}]}},"featured_image_urls":{"full":["https:\/\/quehacerpolitico.mx\/wp-content\/uploads\/2020\/11\/3A289BAB-CDDB-4E9A-B7CC-3A74CDB7857F.jpeg",400,400,false],"thumbnail":["https:\/\/quehacerpolitico.mx\/wp-content\/uploads\/2020\/11\/3A289BAB-CDDB-4E9A-B7CC-3A74CDB7857F-150x150.jpeg",150,150,true],"medium":["https:\/\/quehacerpolitico.mx\/wp-content\/uploads\/2020\/11\/3A289BAB-CDDB-4E9A-B7CC-3A74CDB7857F-300x300.jpeg",300,300,true],"medium_large":["https:\/\/quehacerpolitico.mx\/wp-content\/uploads\/2020\/11\/3A289BAB-CDDB-4E9A-B7CC-3A74CDB7857F.jpeg",400,400,false],"large":["https:\/\/quehacerpolitico.mx\/wp-content\/uploads\/2020\/11\/3A289BAB-CDDB-4E9A-B7CC-3A74CDB7857F.jpeg",400,400,false],"1536x1536":["https:\/\/quehacerpolitico.mx\/wp-content\/uploads\/2020\/11\/3A289BAB-CDDB-4E9A-B7CC-3A74CDB7857F.jpeg",400,400,false],"2048x2048":["https:\/\/quehacerpolitico.mx\/wp-content\/uploads\/2020\/11\/3A289BAB-CDDB-4E9A-B7CC-3A74CDB7857F.jpeg",400,400,false],"covernews-featured":["https:\/\/quehacerpolitico.mx\/wp-content\/uploads\/2020\/11\/3A289BAB-CDDB-4E9A-B7CC-3A74CDB7857F.jpeg",400,400,false],"covernews-medium":["https:\/\/quehacerpolitico.mx\/wp-content\/uploads\/2020\/11\/3A289BAB-CDDB-4E9A-B7CC-3A74CDB7857F.jpeg",340,340,false]},"author_info":{"display_name":"Redacci\u00f3n QP","author_link":"https:\/\/quehacerpolitico.mx\/?author=2"},"category_info":"<a href=\"https:\/\/quehacerpolitico.mx\/?cat=2\" rel=\"category\">Noticias<\/a>","tag_info":"Noticias","comment_count":"0","_links":{"self":[{"href":"https:\/\/quehacerpolitico.mx\/index.php?rest_route=\/wp\/v2\/posts\/69070","targetHints":{"allow":["GET"]}}],"collection":[{"href":"https:\/\/quehacerpolitico.mx\/index.php?rest_route=\/wp\/v2\/posts"}],"about":[{"href":"https:\/\/quehacerpolitico.mx\/index.php?rest_route=\/wp\/v2\/types\/post"}],"author":[{"embeddable":true,"href":"https:\/\/quehacerpolitico.mx\/index.php?rest_route=\/wp\/v2\/users\/2"}],"replies":[{"embeddable":true,"href":"https:\/\/quehacerpolitico.mx\/index.php?rest_route=%2Fwp%2Fv2%2Fcomments&post=69070"}],"version-history":[{"count":0,"href":"https:\/\/quehacerpolitico.mx\/index.php?rest_route=\/wp\/v2\/posts\/69070\/revisions"}],"wp:featuredmedia":[{"embeddable":true,"href":"https:\/\/quehacerpolitico.mx\/index.php?rest_route=\/wp\/v2\/media\/69071"}],"wp:attachment":[{"href":"https:\/\/quehacerpolitico.mx\/index.php?rest_route=%2Fwp%2Fv2%2Fmedia&parent=69070"}],"wp:term":[{"taxonomy":"category","embeddable":true,"href":"https:\/\/quehacerpolitico.mx\/index.php?rest_route=%2Fwp%2Fv2%2Fcategories&post=69070"},{"taxonomy":"post_tag","embeddable":true,"href":"https:\/\/quehacerpolitico.mx\/index.php?rest_route=%2Fwp%2Fv2%2Ftags&post=69070"}],"curies":[{"name":"wp","href":"https:\/\/api.w.org\/{rel}","templated":true}]}}