{"id":6905,"date":"2018-10-14T17:06:04","date_gmt":"2018-10-14T17:06:04","guid":{"rendered":"http:\/\/quehacerpolitico.mx\/atlas-tiene-la-mejor-aficion\/"},"modified":"2018-10-14T17:06:04","modified_gmt":"2018-10-14T17:06:04","slug":"atlas-tiene-la-mejor-aficion","status":"publish","type":"post","link":"https:\/\/quehacerpolitico.mx\/?p=6905","title":{"rendered":"Atlas tiene la mejor afici\u00f3n"},"content":{"rendered":"<p>Experiencia y conocimiento del tema lo tiene, vivi\u00f3 en las entra\u00f1as de la instituci\u00f3n por muchos a\u00f1os, velando siempre por los intereses del Club, m\u00e1s all\u00e1 de los propios. V\u00edctor Flores Cos\u00edo, quien fungiera como vicepresidente deportivo de Atlas de 2009 al 2013 cuando el presidente era Carlos Mart\u00edn del Campo, dijo en entrevista para esta casa editorial, que si algo tiene Atlas para respetar, es su afici\u00f3n, la que no abandona bajo ninguna circunstancia.<\/p>\n<div class=\"news-content\">\n<div class=\"news-body row\">\n<p>Sin embargo, lo que se pudo apreciar en el Estadio Jalisco, en el duelo ante los Zorros y los Diablos Rojos de Toluca, <strong>fue la peor entrada en a\u00f1os para ver al Atlas, ya que acudieron 15 mil 441 aficionados<\/strong>, en protesta a los malos manejos por parte de la directiva, lo que ha desembocado en p\u00e9simos resultados deportivos, que hoy tienen a los rojinegros en el \u00faltimo lugar de la tabla general con s\u00f3lo cinco puntos.<\/p>\n<p>\u201c<strong>Es y seguir\u00e1 siendo la mejor. Creo que el valor m\u00e1s grande que tiene Atlas es su gente, su afici\u00f3n, no lo digo de dientes para afuera, lo digo porque conozco, es el principal activo del Atlas, porque en qu\u00e9 deporte una afici\u00f3n puede seguir a un equipo cuando tiene 67 a\u00f1os sin un campeonato, pero en el atlista la ilusi\u00f3n siempre est\u00e1, siguen apoyando al equipo sin importar nada, es la mejor afici\u00f3n del pa\u00eds, no es la m\u00e1s escandalosa, pero es la m\u00e1s conocedora, prefiere jugar bien a ser ganadores jugando feo\u201d<\/strong>, dijo V\u00edctor Flores, quien actualmente es vicepresidente de Clubes Atlas, en donde el presidente es Miguel \u00c1ngel Fong, adem\u00e1s de que funge como presidente del Club Deportivo Tepatitl\u00e1n de la Tercera Divisi\u00f3n.<\/p>\n<p>Reiter\u00f3 la importancia que tiene la fanaticada para la parte directiva, al menos lo que sol\u00eda ser cuando \u00e9l era parte de la dirigencia atlista antes de la venta del equipo a Televisi\u00f3n Azteca.<\/p>\n<p>\u201cEs parte de la familia rojinegra, la afici\u00f3n, y todos tenemos obligaci\u00f3n de darles cuentas, ellos son los que mandan, nosotros s\u00f3lo \u00e9ramos los administradores del negocio\u201d, sigui\u00f3.<\/p>\n<h3>Contento con la venta<\/h3>\n<p>\u201cYo, conociendo la pol\u00edtica que maneja Azteca, que los conoc\u00ed cuando estaban en Morelia, cuando se dio la adquisici\u00f3n, yo me qued\u00e9 muy tranquilo, yo lo consider\u00e9 como dejar ir a un hijo a un mejor lugar, pero s\u00ed ten\u00eda conciencia o experiencia que Morelia era un equipo que pod\u00eda gastar, pero no tanto como otros del norte, la gente esperaba a un equipo tipo Am\u00e9rica, Tigres o Monterrey, Morelia no era as\u00ed, no tiraba el dinero, creo que la gente cre\u00eda que iba a ser un equipo superior al que hoy es\u201d<\/p>\n<h3>En su gesti\u00f3n<\/h3>\n<p>Durante su gesti\u00f3n al frente de la vicepresidencia del Atlas AC antes de vender a Grupo Salinas, V\u00edctor Flores Cos\u00edo era partidario de que la afici\u00f3n y el equipo de futbol estuvieran cerca, convivieran y se conocieran, hasta donde fuera posible. Hoy en d\u00eda eso ya no es posible. Desde que est\u00e1 la nueva administraci\u00f3n y desde que Atlas cambi\u00f3 de sede en sus entrenamientos, de Colomos a La Madriguera, la afici\u00f3n no ha podido ver a su equipo realizar una pr\u00e1ctica, algo que era com\u00fan en los anteriores clubes, tanto en Chapalita, como en Colomos.<\/p>\n<p><strong>\u201cDepende mucho de los t\u00e9cnicos, hoy marcan la pauta de si es abierta o cerrada, en mi caso siempre fue abierta, es que hab\u00eda gente que no pod\u00eda ir el s\u00e1bado al juego, pero que s\u00ed pod\u00eda ir a un entrenamiento, ten\u00edan la cercan\u00eda de ver al \u00eddolo y que les firmaran su playera, hoy hay jugadores que se pueden encontrar en una plaza y nadie los conoce, porque son m\u00e1s cerrados\u201d<\/strong>, platic\u00f3 Flores Cos\u00edo.<\/p>\n<h4>Lo malo<\/h4>\n<p>\u201cA veces descargar el peso de las contrataciones en los t\u00e9cnicos, como vicepresidente me correspond\u00eda analizar el futbol. Hoy es inteligencia deportiva, es un nombre rimbombante, pero creo que los momentos en donde le hicimos demasiado caso a algunos t\u00e9cnicos y no le dimos salida a varios jugadores que ven\u00edan fuerte. Nunca hay que dejarle las manos completas a los t\u00e9cnicos, ellos deben trabajar con lo que hay\u201d<\/p>\n<h4>Lo bueno<\/h4>\n<p>\u201cCreo que los a\u00f1os, pese a que no soy tan viejo, entr\u00e9 muy chico al mundo del futbol, he tenido oportunidad de conocer gente en todo el mundo, Espa\u00f1a, Argentina, Paraguay, Chile, Bolivia, he conocido periodistas, entrenadores, que me han ayudado mucho\u201d.<\/p>\n<table border=\"1\" cellspacing=\"1\" cellpadding=\"1\">\n<caption>\n<p><strong>Asistencias en el apertura 2018<\/strong><\/p>\n<\/caption>\n<tbody>\n<tr>\n<td colspan=\"3\"><strong>Atlas como local<\/strong><\/td>\n<\/tr>\n<tr>\n<td>Jornada 1<\/td>\n<td>Atlas 0-0 Quer\u00e9taro<\/td>\n<td>31.810<\/td>\n<\/tr>\n<tr>\n<td>Jornada 3<\/td>\n<td>Atlas 0-3 Pumas<\/td>\n<td>40, 207<\/td>\n<\/tr>\n<tr>\n<td>Jornada 5<\/td>\n<td>Atlas 0-1 Morelia\u00a0<\/td>\n<td>20, 987<\/td>\n<\/tr>\n<tr>\n<td>Jornada\u00a07<\/td>\n<td>Atlas 0-1 Chivas<\/td>\n<td>37.921<\/td>\n<\/tr>\n<tr>\n<td>Jornada 9<\/td>\n<td>Atlas 0-1 Tijuana<\/td>\n<td>22,057<\/td>\n<\/tr>\n<tr>\n<td>Jornada 11<\/td>\n<td>Atlas 2-0 Toluca<\/td>\n<td>15, 441<\/td>\n<\/tr>\n<\/tbody>\n<\/table>\n<\/div>\n<\/div>\n","protected":false},"excerpt":{"rendered":"<p>El ex directivo recuerda sus \u00e9pocas como vicepresidente del Atlas, en donde mostr\u00f3 una apertura importante hacia la afici\u00f3n<br \/>\nPor Redacci\u00f3n<\/p>\n","protected":false},"author":2,"featured_media":6904,"comment_status":"open","ping_status":"open","sticky":false,"template":"","format":"standard","meta":{"_monsterinsights_skip_tracking":false,"_monsterinsights_sitenote_active":false,"_monsterinsights_sitenote_note":"","_monsterinsights_sitenote_category":0,"footnotes":""},"categories":[54],"tags":[],"class_list":["post-6905","post","type-post","status-publish","format-standard","has-post-thumbnail","hentry","category-deportes"],"yoast_head":"<!-- This site is optimized with the Yoast SEO plugin v27.3 - https:\/\/yoast.com\/product\/yoast-seo-wordpress\/ -->\n<title>Atlas tiene la mejor afici\u00f3n -<\/title>\n<meta name=\"robots\" content=\"index, follow, max-snippet:-1, max-image-preview:large, max-video-preview:-1\" \/>\n<link rel=\"canonical\" href=\"https:\/\/quehacerpolitico.mx\/?p=6905\" \/>\n<meta property=\"og:locale\" content=\"es_MX\" \/>\n<meta property=\"og:type\" content=\"article\" \/>\n<meta property=\"og:title\" content=\"Atlas tiene la mejor afici\u00f3n -\" \/>\n<meta property=\"og:description\" content=\"El ex directivo recuerda sus \u00e9pocas como vicepresidente del Atlas, en donde mostr\u00f3 una apertura importante hacia la afici\u00f3n Por Redacci\u00f3n\" \/>\n<meta property=\"og:url\" content=\"https:\/\/quehacerpolitico.mx\/?p=6905\" \/>\n<meta property=\"article:published_time\" content=\"2018-10-14T17:06:04+00:00\" \/>\n<meta name=\"author\" content=\"Redacci\u00f3n QP\" \/>\n<meta name=\"twitter:card\" content=\"summary_large_image\" \/>\n<meta name=\"twitter:label1\" content=\"Escrito por\" \/>\n\t<meta name=\"twitter:data1\" content=\"Redacci\u00f3n QP\" \/>\n\t<meta name=\"twitter:label2\" content=\"Tiempo de lectura\" \/>\n\t<meta name=\"twitter:data2\" content=\"4 minutos\" \/>\n<script type=\"application\/ld+json\" class=\"yoast-schema-graph\">{\"@context\":\"https:\\\/\\\/schema.org\",\"@graph\":[{\"@type\":\"Article\",\"@id\":\"https:\\\/\\\/quehacerpolitico.mx\\\/?p=6905#article\",\"isPartOf\":{\"@id\":\"https:\\\/\\\/quehacerpolitico.mx\\\/?p=6905\"},\"author\":{\"name\":\"Redacci\u00f3n QP\",\"@id\":\"https:\\\/\\\/quehacerpolitico.mx\\\/#\\\/schema\\\/person\\\/496d8ad2d1d3f8036101dca7ee39e585\"},\"headline\":\"Atlas tiene la mejor afici\u00f3n\",\"datePublished\":\"2018-10-14T17:06:04+00:00\",\"mainEntityOfPage\":{\"@id\":\"https:\\\/\\\/quehacerpolitico.mx\\\/?p=6905\"},\"wordCount\":819,\"commentCount\":0,\"image\":{\"@id\":\"https:\\\/\\\/quehacerpolitico.mx\\\/?p=6905#primaryimage\"},\"thumbnailUrl\":\"\",\"articleSection\":[\"Deportes\"],\"inLanguage\":\"es\",\"potentialAction\":[{\"@type\":\"CommentAction\",\"name\":\"Comment\",\"target\":[\"https:\\\/\\\/quehacerpolitico.mx\\\/?p=6905#respond\"]}]},{\"@type\":\"WebPage\",\"@id\":\"https:\\\/\\\/quehacerpolitico.mx\\\/?p=6905\",\"url\":\"https:\\\/\\\/quehacerpolitico.mx\\\/?p=6905\",\"name\":\"Atlas tiene la mejor afici\u00f3n -\",\"isPartOf\":{\"@id\":\"https:\\\/\\\/quehacerpolitico.mx\\\/#website\"},\"primaryImageOfPage\":{\"@id\":\"https:\\\/\\\/quehacerpolitico.mx\\\/?p=6905#primaryimage\"},\"image\":{\"@id\":\"https:\\\/\\\/quehacerpolitico.mx\\\/?p=6905#primaryimage\"},\"thumbnailUrl\":\"\",\"datePublished\":\"2018-10-14T17:06:04+00:00\",\"author\":{\"@id\":\"https:\\\/\\\/quehacerpolitico.mx\\\/#\\\/schema\\\/person\\\/496d8ad2d1d3f8036101dca7ee39e585\"},\"breadcrumb\":{\"@id\":\"https:\\\/\\\/quehacerpolitico.mx\\\/?p=6905#breadcrumb\"},\"inLanguage\":\"es\",\"potentialAction\":[{\"@type\":\"ReadAction\",\"target\":[\"https:\\\/\\\/quehacerpolitico.mx\\\/?p=6905\"]}]},{\"@type\":\"ImageObject\",\"inLanguage\":\"es\",\"@id\":\"https:\\\/\\\/quehacerpolitico.mx\\\/?p=6905#primaryimage\",\"url\":\"\",\"contentUrl\":\"\"},{\"@type\":\"BreadcrumbList\",\"@id\":\"https:\\\/\\\/quehacerpolitico.mx\\\/?p=6905#breadcrumb\",\"itemListElement\":[{\"@type\":\"ListItem\",\"position\":1,\"name\":\"Inicio\",\"item\":\"https:\\\/\\\/quehacerpolitico.mx\\\/\"},{\"@type\":\"ListItem\",\"position\":2,\"name\":\"Atlas tiene la mejor afici\u00f3n\"}]},{\"@type\":\"WebSite\",\"@id\":\"https:\\\/\\\/quehacerpolitico.mx\\\/#website\",\"url\":\"https:\\\/\\\/quehacerpolitico.mx\\\/\",\"name\":\"\",\"description\":\"\",\"potentialAction\":[{\"@type\":\"SearchAction\",\"target\":{\"@type\":\"EntryPoint\",\"urlTemplate\":\"https:\\\/\\\/quehacerpolitico.mx\\\/?s={search_term_string}\"},\"query-input\":{\"@type\":\"PropertyValueSpecification\",\"valueRequired\":true,\"valueName\":\"search_term_string\"}}],\"inLanguage\":\"es\"},{\"@type\":\"Person\",\"@id\":\"https:\\\/\\\/quehacerpolitico.mx\\\/#\\\/schema\\\/person\\\/496d8ad2d1d3f8036101dca7ee39e585\",\"name\":\"Redacci\u00f3n QP\",\"image\":{\"@type\":\"ImageObject\",\"inLanguage\":\"es\",\"@id\":\"https:\\\/\\\/secure.gravatar.com\\\/avatar\\\/c7164ed6fdec453195284ad24a5ae5b6e1eed2b848477fa2a4787ba9adf39a41?s=96&d=mm&r=g\",\"url\":\"https:\\\/\\\/secure.gravatar.com\\\/avatar\\\/c7164ed6fdec453195284ad24a5ae5b6e1eed2b848477fa2a4787ba9adf39a41?s=96&d=mm&r=g\",\"contentUrl\":\"https:\\\/\\\/secure.gravatar.com\\\/avatar\\\/c7164ed6fdec453195284ad24a5ae5b6e1eed2b848477fa2a4787ba9adf39a41?s=96&d=mm&r=g\",\"caption\":\"Redacci\u00f3n QP\"},\"url\":\"https:\\\/\\\/quehacerpolitico.mx\\\/?author=2\"}]}<\/script>\n<!-- \/ Yoast SEO plugin. -->","yoast_head_json":{"title":"Atlas tiene la mejor afici\u00f3n -","robots":{"index":"index","follow":"follow","max-snippet":"max-snippet:-1","max-image-preview":"max-image-preview:large","max-video-preview":"max-video-preview:-1"},"canonical":"https:\/\/quehacerpolitico.mx\/?p=6905","og_locale":"es_MX","og_type":"article","og_title":"Atlas tiene la mejor afici\u00f3n -","og_description":"El ex directivo recuerda sus \u00e9pocas como vicepresidente del Atlas, en donde mostr\u00f3 una apertura importante hacia la afici\u00f3n Por Redacci\u00f3n","og_url":"https:\/\/quehacerpolitico.mx\/?p=6905","article_published_time":"2018-10-14T17:06:04+00:00","author":"Redacci\u00f3n QP","twitter_card":"summary_large_image","twitter_misc":{"Escrito por":"Redacci\u00f3n QP","Tiempo de lectura":"4 minutos"},"schema":{"@context":"https:\/\/schema.org","@graph":[{"@type":"Article","@id":"https:\/\/quehacerpolitico.mx\/?p=6905#article","isPartOf":{"@id":"https:\/\/quehacerpolitico.mx\/?p=6905"},"author":{"name":"Redacci\u00f3n QP","@id":"https:\/\/quehacerpolitico.mx\/#\/schema\/person\/496d8ad2d1d3f8036101dca7ee39e585"},"headline":"Atlas tiene la mejor afici\u00f3n","datePublished":"2018-10-14T17:06:04+00:00","mainEntityOfPage":{"@id":"https:\/\/quehacerpolitico.mx\/?p=6905"},"wordCount":819,"commentCount":0,"image":{"@id":"https:\/\/quehacerpolitico.mx\/?p=6905#primaryimage"},"thumbnailUrl":"","articleSection":["Deportes"],"inLanguage":"es","potentialAction":[{"@type":"CommentAction","name":"Comment","target":["https:\/\/quehacerpolitico.mx\/?p=6905#respond"]}]},{"@type":"WebPage","@id":"https:\/\/quehacerpolitico.mx\/?p=6905","url":"https:\/\/quehacerpolitico.mx\/?p=6905","name":"Atlas tiene la mejor afici\u00f3n -","isPartOf":{"@id":"https:\/\/quehacerpolitico.mx\/#website"},"primaryImageOfPage":{"@id":"https:\/\/quehacerpolitico.mx\/?p=6905#primaryimage"},"image":{"@id":"https:\/\/quehacerpolitico.mx\/?p=6905#primaryimage"},"thumbnailUrl":"","datePublished":"2018-10-14T17:06:04+00:00","author":{"@id":"https:\/\/quehacerpolitico.mx\/#\/schema\/person\/496d8ad2d1d3f8036101dca7ee39e585"},"breadcrumb":{"@id":"https:\/\/quehacerpolitico.mx\/?p=6905#breadcrumb"},"inLanguage":"es","potentialAction":[{"@type":"ReadAction","target":["https:\/\/quehacerpolitico.mx\/?p=6905"]}]},{"@type":"ImageObject","inLanguage":"es","@id":"https:\/\/quehacerpolitico.mx\/?p=6905#primaryimage","url":"","contentUrl":""},{"@type":"BreadcrumbList","@id":"https:\/\/quehacerpolitico.mx\/?p=6905#breadcrumb","itemListElement":[{"@type":"ListItem","position":1,"name":"Inicio","item":"https:\/\/quehacerpolitico.mx\/"},{"@type":"ListItem","position":2,"name":"Atlas tiene la mejor afici\u00f3n"}]},{"@type":"WebSite","@id":"https:\/\/quehacerpolitico.mx\/#website","url":"https:\/\/quehacerpolitico.mx\/","name":"","description":"","potentialAction":[{"@type":"SearchAction","target":{"@type":"EntryPoint","urlTemplate":"https:\/\/quehacerpolitico.mx\/?s={search_term_string}"},"query-input":{"@type":"PropertyValueSpecification","valueRequired":true,"valueName":"search_term_string"}}],"inLanguage":"es"},{"@type":"Person","@id":"https:\/\/quehacerpolitico.mx\/#\/schema\/person\/496d8ad2d1d3f8036101dca7ee39e585","name":"Redacci\u00f3n QP","image":{"@type":"ImageObject","inLanguage":"es","@id":"https:\/\/secure.gravatar.com\/avatar\/c7164ed6fdec453195284ad24a5ae5b6e1eed2b848477fa2a4787ba9adf39a41?s=96&d=mm&r=g","url":"https:\/\/secure.gravatar.com\/avatar\/c7164ed6fdec453195284ad24a5ae5b6e1eed2b848477fa2a4787ba9adf39a41?s=96&d=mm&r=g","contentUrl":"https:\/\/secure.gravatar.com\/avatar\/c7164ed6fdec453195284ad24a5ae5b6e1eed2b848477fa2a4787ba9adf39a41?s=96&d=mm&r=g","caption":"Redacci\u00f3n QP"},"url":"https:\/\/quehacerpolitico.mx\/?author=2"}]}},"featured_image_urls":{"full":"","thumbnail":"","medium":"","medium_large":"","large":"","1536x1536":"","2048x2048":"","covernews-featured":"","covernews-medium":""},"author_info":{"display_name":"Redacci\u00f3n QP","author_link":"https:\/\/quehacerpolitico.mx\/?author=2"},"category_info":"<a href=\"https:\/\/quehacerpolitico.mx\/?cat=54\" rel=\"category\">Deportes<\/a>","tag_info":"Deportes","comment_count":"0","_links":{"self":[{"href":"https:\/\/quehacerpolitico.mx\/index.php?rest_route=\/wp\/v2\/posts\/6905","targetHints":{"allow":["GET"]}}],"collection":[{"href":"https:\/\/quehacerpolitico.mx\/index.php?rest_route=\/wp\/v2\/posts"}],"about":[{"href":"https:\/\/quehacerpolitico.mx\/index.php?rest_route=\/wp\/v2\/types\/post"}],"author":[{"embeddable":true,"href":"https:\/\/quehacerpolitico.mx\/index.php?rest_route=\/wp\/v2\/users\/2"}],"replies":[{"embeddable":true,"href":"https:\/\/quehacerpolitico.mx\/index.php?rest_route=%2Fwp%2Fv2%2Fcomments&post=6905"}],"version-history":[{"count":0,"href":"https:\/\/quehacerpolitico.mx\/index.php?rest_route=\/wp\/v2\/posts\/6905\/revisions"}],"wp:featuredmedia":[{"embeddable":true,"href":"https:\/\/quehacerpolitico.mx\/index.php?rest_route=\/"}],"wp:attachment":[{"href":"https:\/\/quehacerpolitico.mx\/index.php?rest_route=%2Fwp%2Fv2%2Fmedia&parent=6905"}],"wp:term":[{"taxonomy":"category","embeddable":true,"href":"https:\/\/quehacerpolitico.mx\/index.php?rest_route=%2Fwp%2Fv2%2Fcategories&post=6905"},{"taxonomy":"post_tag","embeddable":true,"href":"https:\/\/quehacerpolitico.mx\/index.php?rest_route=%2Fwp%2Fv2%2Ftags&post=6905"}],"curies":[{"name":"wp","href":"https:\/\/api.w.org\/{rel}","templated":true}]}}