{"id":6899,"date":"2018-10-14T16:47:29","date_gmt":"2018-10-14T16:47:29","guid":{"rendered":"http:\/\/quehacerpolitico.mx\/descubren-en-jerusalen-centro-de-decapitacion-de-dos-mil-anos-de-antiguedad\/"},"modified":"2018-10-14T16:47:29","modified_gmt":"2018-10-14T16:47:29","slug":"descubren-en-jerusalen-centro-de-decapitacion-de-dos-mil-anos-de-antiguedad","status":"publish","type":"post","link":"https:\/\/quehacerpolitico.mx\/?p=6899","title":{"rendered":"Descubren en Jerusal\u00e9n centro de decapitaci\u00f3n de dos mil a\u00f1os de antig\u00fcedad"},"content":{"rendered":"<p>M\u00e1s de 20 v\u00e9rtebras del cuello &#8220;cortadas por un espada&#8221; son unas de la se\u00f1ales que ha llevado a descubrir en Jerusal\u00e9n un centro decapitaci\u00f3n masivo de unos dos mil a\u00f1os de antig\u00fcedad,<strong>perteneciente al reinado del rey y sumo sacerdote jud\u00edo asmoneo Alejandro Janneo.<\/strong><\/p>\n<p>Se trata, seg\u00fan los arque\u00f3logos autores del descubrimiento, de un testimonio del sangriento reinado de Janneo (125 a. C.-76 a. C.), <strong>efectuado en un patio de la alcald\u00eda de Jerusal\u00e9n, inform\u00f3 el diario Times of Israel.<\/strong><\/p>\n<p><strong>&#8220;Hemos descubierto en la cantera m\u00e1s de 20 v\u00e9rtebras del cuello cortadas por una espada&#8221;, describi\u00f3 el profesor Yosi Nagar<\/strong>, arque\u00f3logo de la Autoridad de Antig\u00fcedades de Israel (AAI).<\/p>\n<p>&#8220;Desenterramos tambi\u00e9n cuerpos y partes de cuerpos de ni\u00f1os y adultos, mujeres y hombres, que fueron probablemente v\u00edctimas de una brutal matanza&#8221;, agreg\u00f3.<\/p>\n<p>El monarca y sumo sacerdote del Segundo Templo, Alejandro Janneo, siguiendo la pol\u00edtica de su padre, Juan Hircano, conquist\u00f3 y convirti\u00f3 al juda\u00edsmo los territorios vecinos, expandiendo el reino asmoneo hasta su mayor extensi\u00f3n.<\/p>\n<p>Los historiadores convienen en que durante sus 27 a\u00f1os de gobierno, Janneo ejerci\u00f3 una tiran\u00eda despiadada y su reinado estuvo marcado por intrigas y luchas internas, especialmente contra los fariseos.<\/p>\n<p>Los arque\u00f3logos de la AAI Kfir Arbiv, Nagar y Tehil\u00e1 Lieberman, presentaron su macabro descubrimiento en una conferencia en la Universidad Hebrea de Jerusal\u00e9n titulada: &#8220;El enigma tras el centro de enterramiento masivo del Complejo Ruso&#8221; en el marco del d\u00e9cimo segundo congreso de Arqueolog\u00eda en Jerusal\u00e9n y la Regi\u00f3n.<\/p>\n<p><strong>Seg\u00fan un escrito de los rollos del Mar Muerto, llamado el libro de Nahum, Janneo castig\u00f3 a unos 800 enemigos pol\u00edticos a morir crucificados<\/strong>, mientras que orden\u00f3 que otros, como los descubiertos en el patio del Ayuntamiento de Jerusal\u00e9n, fueran decapitados y desmembrados.<\/p>\n<p>&#8220;Las fuentes hist\u00f3ricas cuentan que el rey capturaba y mataba a muchos de sus opositores jud\u00edos, as\u00ed como a sus hijos y esposas&#8221;, se\u00f1alaron los arque\u00f3logos.<\/p>\n<p>Entre los huesos desenterrados se encontraron &#8220;innumerables cortes por espada, que her\u00edan no solo el cuello, sino tambi\u00e9n la mand\u00edbula inferior e incluso a veces la base del cr\u00e1neo, lo que indica decapitaci\u00f3n&#8221;, detallaron.<\/p>\n","protected":false},"excerpt":{"rendered":"<p>&#8220;Hemos descubierto en la cantera m\u00e1s de 20 v\u00e9rtebras del cuello cortadas por una espada&#8221;, describe un arque\u00f3logo<br \/>\nPor Redacci\u00f3n QP<\/p>\n","protected":false},"author":2,"featured_media":6898,"comment_status":"open","ping_status":"open","sticky":false,"template":"","format":"standard","meta":{"_monsterinsights_skip_tracking":false,"_monsterinsights_sitenote_active":false,"_monsterinsights_sitenote_note":"","_monsterinsights_sitenote_category":0,"footnotes":""},"categories":[58],"tags":[],"class_list":["post-6899","post","type-post","status-publish","format-standard","has-post-thumbnail","hentry","category-cultura"],"yoast_head":"<!-- This site is optimized with the Yoast SEO plugin v27.3 - https:\/\/yoast.com\/product\/yoast-seo-wordpress\/ -->\n<title>Descubren en Jerusal\u00e9n centro de decapitaci\u00f3n de dos mil a\u00f1os de antig\u00fcedad -<\/title>\n<meta name=\"robots\" content=\"index, follow, max-snippet:-1, max-image-preview:large, max-video-preview:-1\" \/>\n<link rel=\"canonical\" href=\"https:\/\/quehacerpolitico.mx\/?p=6899\" \/>\n<meta property=\"og:locale\" content=\"es_MX\" \/>\n<meta property=\"og:type\" content=\"article\" \/>\n<meta property=\"og:title\" content=\"Descubren en Jerusal\u00e9n centro de decapitaci\u00f3n de dos mil a\u00f1os de antig\u00fcedad -\" \/>\n<meta property=\"og:description\" content=\"&quot;Hemos descubierto en la cantera m\u00e1s de 20 v\u00e9rtebras del cuello cortadas por una espada&quot;, describe un arque\u00f3logo Por Redacci\u00f3n QP\" \/>\n<meta property=\"og:url\" content=\"https:\/\/quehacerpolitico.mx\/?p=6899\" \/>\n<meta property=\"article:published_time\" content=\"2018-10-14T16:47:29+00:00\" \/>\n<meta name=\"author\" content=\"Redacci\u00f3n QP\" \/>\n<meta name=\"twitter:card\" content=\"summary_large_image\" \/>\n<meta name=\"twitter:label1\" content=\"Escrito por\" \/>\n\t<meta name=\"twitter:data1\" content=\"Redacci\u00f3n QP\" \/>\n\t<meta name=\"twitter:label2\" content=\"Tiempo de lectura\" \/>\n\t<meta name=\"twitter:data2\" content=\"2 minutos\" \/>\n<script type=\"application\/ld+json\" class=\"yoast-schema-graph\">{\"@context\":\"https:\\\/\\\/schema.org\",\"@graph\":[{\"@type\":\"Article\",\"@id\":\"https:\\\/\\\/quehacerpolitico.mx\\\/?p=6899#article\",\"isPartOf\":{\"@id\":\"https:\\\/\\\/quehacerpolitico.mx\\\/?p=6899\"},\"author\":{\"name\":\"Redacci\u00f3n QP\",\"@id\":\"https:\\\/\\\/quehacerpolitico.mx\\\/#\\\/schema\\\/person\\\/496d8ad2d1d3f8036101dca7ee39e585\"},\"headline\":\"Descubren en Jerusal\u00e9n centro de decapitaci\u00f3n de dos mil a\u00f1os de antig\u00fcedad\",\"datePublished\":\"2018-10-14T16:47:29+00:00\",\"mainEntityOfPage\":{\"@id\":\"https:\\\/\\\/quehacerpolitico.mx\\\/?p=6899\"},\"wordCount\":404,\"commentCount\":0,\"image\":{\"@id\":\"https:\\\/\\\/quehacerpolitico.mx\\\/?p=6899#primaryimage\"},\"thumbnailUrl\":\"\",\"articleSection\":[\"Cultura y Entretenimiento\"],\"inLanguage\":\"es\",\"potentialAction\":[{\"@type\":\"CommentAction\",\"name\":\"Comment\",\"target\":[\"https:\\\/\\\/quehacerpolitico.mx\\\/?p=6899#respond\"]}]},{\"@type\":\"WebPage\",\"@id\":\"https:\\\/\\\/quehacerpolitico.mx\\\/?p=6899\",\"url\":\"https:\\\/\\\/quehacerpolitico.mx\\\/?p=6899\",\"name\":\"Descubren en Jerusal\u00e9n centro de decapitaci\u00f3n de dos mil a\u00f1os de antig\u00fcedad -\",\"isPartOf\":{\"@id\":\"https:\\\/\\\/quehacerpolitico.mx\\\/#website\"},\"primaryImageOfPage\":{\"@id\":\"https:\\\/\\\/quehacerpolitico.mx\\\/?p=6899#primaryimage\"},\"image\":{\"@id\":\"https:\\\/\\\/quehacerpolitico.mx\\\/?p=6899#primaryimage\"},\"thumbnailUrl\":\"\",\"datePublished\":\"2018-10-14T16:47:29+00:00\",\"author\":{\"@id\":\"https:\\\/\\\/quehacerpolitico.mx\\\/#\\\/schema\\\/person\\\/496d8ad2d1d3f8036101dca7ee39e585\"},\"breadcrumb\":{\"@id\":\"https:\\\/\\\/quehacerpolitico.mx\\\/?p=6899#breadcrumb\"},\"inLanguage\":\"es\",\"potentialAction\":[{\"@type\":\"ReadAction\",\"target\":[\"https:\\\/\\\/quehacerpolitico.mx\\\/?p=6899\"]}]},{\"@type\":\"ImageObject\",\"inLanguage\":\"es\",\"@id\":\"https:\\\/\\\/quehacerpolitico.mx\\\/?p=6899#primaryimage\",\"url\":\"\",\"contentUrl\":\"\"},{\"@type\":\"BreadcrumbList\",\"@id\":\"https:\\\/\\\/quehacerpolitico.mx\\\/?p=6899#breadcrumb\",\"itemListElement\":[{\"@type\":\"ListItem\",\"position\":1,\"name\":\"Inicio\",\"item\":\"https:\\\/\\\/quehacerpolitico.mx\\\/\"},{\"@type\":\"ListItem\",\"position\":2,\"name\":\"Descubren en Jerusal\u00e9n centro de decapitaci\u00f3n de dos mil a\u00f1os de antig\u00fcedad\"}]},{\"@type\":\"WebSite\",\"@id\":\"https:\\\/\\\/quehacerpolitico.mx\\\/#website\",\"url\":\"https:\\\/\\\/quehacerpolitico.mx\\\/\",\"name\":\"\",\"description\":\"\",\"potentialAction\":[{\"@type\":\"SearchAction\",\"target\":{\"@type\":\"EntryPoint\",\"urlTemplate\":\"https:\\\/\\\/quehacerpolitico.mx\\\/?s={search_term_string}\"},\"query-input\":{\"@type\":\"PropertyValueSpecification\",\"valueRequired\":true,\"valueName\":\"search_term_string\"}}],\"inLanguage\":\"es\"},{\"@type\":\"Person\",\"@id\":\"https:\\\/\\\/quehacerpolitico.mx\\\/#\\\/schema\\\/person\\\/496d8ad2d1d3f8036101dca7ee39e585\",\"name\":\"Redacci\u00f3n QP\",\"image\":{\"@type\":\"ImageObject\",\"inLanguage\":\"es\",\"@id\":\"https:\\\/\\\/secure.gravatar.com\\\/avatar\\\/c7164ed6fdec453195284ad24a5ae5b6e1eed2b848477fa2a4787ba9adf39a41?s=96&d=mm&r=g\",\"url\":\"https:\\\/\\\/secure.gravatar.com\\\/avatar\\\/c7164ed6fdec453195284ad24a5ae5b6e1eed2b848477fa2a4787ba9adf39a41?s=96&d=mm&r=g\",\"contentUrl\":\"https:\\\/\\\/secure.gravatar.com\\\/avatar\\\/c7164ed6fdec453195284ad24a5ae5b6e1eed2b848477fa2a4787ba9adf39a41?s=96&d=mm&r=g\",\"caption\":\"Redacci\u00f3n QP\"},\"url\":\"https:\\\/\\\/quehacerpolitico.mx\\\/?author=2\"}]}<\/script>\n<!-- \/ Yoast SEO plugin. -->","yoast_head_json":{"title":"Descubren en Jerusal\u00e9n centro de decapitaci\u00f3n de dos mil a\u00f1os de antig\u00fcedad -","robots":{"index":"index","follow":"follow","max-snippet":"max-snippet:-1","max-image-preview":"max-image-preview:large","max-video-preview":"max-video-preview:-1"},"canonical":"https:\/\/quehacerpolitico.mx\/?p=6899","og_locale":"es_MX","og_type":"article","og_title":"Descubren en Jerusal\u00e9n centro de decapitaci\u00f3n de dos mil a\u00f1os de antig\u00fcedad -","og_description":"\"Hemos descubierto en la cantera m\u00e1s de 20 v\u00e9rtebras del cuello cortadas por una espada\", describe un arque\u00f3logo Por Redacci\u00f3n QP","og_url":"https:\/\/quehacerpolitico.mx\/?p=6899","article_published_time":"2018-10-14T16:47:29+00:00","author":"Redacci\u00f3n QP","twitter_card":"summary_large_image","twitter_misc":{"Escrito por":"Redacci\u00f3n QP","Tiempo de lectura":"2 minutos"},"schema":{"@context":"https:\/\/schema.org","@graph":[{"@type":"Article","@id":"https:\/\/quehacerpolitico.mx\/?p=6899#article","isPartOf":{"@id":"https:\/\/quehacerpolitico.mx\/?p=6899"},"author":{"name":"Redacci\u00f3n QP","@id":"https:\/\/quehacerpolitico.mx\/#\/schema\/person\/496d8ad2d1d3f8036101dca7ee39e585"},"headline":"Descubren en Jerusal\u00e9n centro de decapitaci\u00f3n de dos mil a\u00f1os de antig\u00fcedad","datePublished":"2018-10-14T16:47:29+00:00","mainEntityOfPage":{"@id":"https:\/\/quehacerpolitico.mx\/?p=6899"},"wordCount":404,"commentCount":0,"image":{"@id":"https:\/\/quehacerpolitico.mx\/?p=6899#primaryimage"},"thumbnailUrl":"","articleSection":["Cultura y Entretenimiento"],"inLanguage":"es","potentialAction":[{"@type":"CommentAction","name":"Comment","target":["https:\/\/quehacerpolitico.mx\/?p=6899#respond"]}]},{"@type":"WebPage","@id":"https:\/\/quehacerpolitico.mx\/?p=6899","url":"https:\/\/quehacerpolitico.mx\/?p=6899","name":"Descubren en Jerusal\u00e9n centro de decapitaci\u00f3n de dos mil a\u00f1os de antig\u00fcedad -","isPartOf":{"@id":"https:\/\/quehacerpolitico.mx\/#website"},"primaryImageOfPage":{"@id":"https:\/\/quehacerpolitico.mx\/?p=6899#primaryimage"},"image":{"@id":"https:\/\/quehacerpolitico.mx\/?p=6899#primaryimage"},"thumbnailUrl":"","datePublished":"2018-10-14T16:47:29+00:00","author":{"@id":"https:\/\/quehacerpolitico.mx\/#\/schema\/person\/496d8ad2d1d3f8036101dca7ee39e585"},"breadcrumb":{"@id":"https:\/\/quehacerpolitico.mx\/?p=6899#breadcrumb"},"inLanguage":"es","potentialAction":[{"@type":"ReadAction","target":["https:\/\/quehacerpolitico.mx\/?p=6899"]}]},{"@type":"ImageObject","inLanguage":"es","@id":"https:\/\/quehacerpolitico.mx\/?p=6899#primaryimage","url":"","contentUrl":""},{"@type":"BreadcrumbList","@id":"https:\/\/quehacerpolitico.mx\/?p=6899#breadcrumb","itemListElement":[{"@type":"ListItem","position":1,"name":"Inicio","item":"https:\/\/quehacerpolitico.mx\/"},{"@type":"ListItem","position":2,"name":"Descubren en Jerusal\u00e9n centro de decapitaci\u00f3n de dos mil a\u00f1os de antig\u00fcedad"}]},{"@type":"WebSite","@id":"https:\/\/quehacerpolitico.mx\/#website","url":"https:\/\/quehacerpolitico.mx\/","name":"","description":"","potentialAction":[{"@type":"SearchAction","target":{"@type":"EntryPoint","urlTemplate":"https:\/\/quehacerpolitico.mx\/?s={search_term_string}"},"query-input":{"@type":"PropertyValueSpecification","valueRequired":true,"valueName":"search_term_string"}}],"inLanguage":"es"},{"@type":"Person","@id":"https:\/\/quehacerpolitico.mx\/#\/schema\/person\/496d8ad2d1d3f8036101dca7ee39e585","name":"Redacci\u00f3n QP","image":{"@type":"ImageObject","inLanguage":"es","@id":"https:\/\/secure.gravatar.com\/avatar\/c7164ed6fdec453195284ad24a5ae5b6e1eed2b848477fa2a4787ba9adf39a41?s=96&d=mm&r=g","url":"https:\/\/secure.gravatar.com\/avatar\/c7164ed6fdec453195284ad24a5ae5b6e1eed2b848477fa2a4787ba9adf39a41?s=96&d=mm&r=g","contentUrl":"https:\/\/secure.gravatar.com\/avatar\/c7164ed6fdec453195284ad24a5ae5b6e1eed2b848477fa2a4787ba9adf39a41?s=96&d=mm&r=g","caption":"Redacci\u00f3n QP"},"url":"https:\/\/quehacerpolitico.mx\/?author=2"}]}},"featured_image_urls":{"full":"","thumbnail":"","medium":"","medium_large":"","large":"","1536x1536":"","2048x2048":"","covernews-featured":"","covernews-medium":""},"author_info":{"display_name":"Redacci\u00f3n QP","author_link":"https:\/\/quehacerpolitico.mx\/?author=2"},"category_info":"<a href=\"https:\/\/quehacerpolitico.mx\/?cat=58\" rel=\"category\">Cultura y Entretenimiento<\/a>","tag_info":"Cultura y Entretenimiento","comment_count":"0","_links":{"self":[{"href":"https:\/\/quehacerpolitico.mx\/index.php?rest_route=\/wp\/v2\/posts\/6899","targetHints":{"allow":["GET"]}}],"collection":[{"href":"https:\/\/quehacerpolitico.mx\/index.php?rest_route=\/wp\/v2\/posts"}],"about":[{"href":"https:\/\/quehacerpolitico.mx\/index.php?rest_route=\/wp\/v2\/types\/post"}],"author":[{"embeddable":true,"href":"https:\/\/quehacerpolitico.mx\/index.php?rest_route=\/wp\/v2\/users\/2"}],"replies":[{"embeddable":true,"href":"https:\/\/quehacerpolitico.mx\/index.php?rest_route=%2Fwp%2Fv2%2Fcomments&post=6899"}],"version-history":[{"count":0,"href":"https:\/\/quehacerpolitico.mx\/index.php?rest_route=\/wp\/v2\/posts\/6899\/revisions"}],"wp:featuredmedia":[{"embeddable":true,"href":"https:\/\/quehacerpolitico.mx\/index.php?rest_route=\/"}],"wp:attachment":[{"href":"https:\/\/quehacerpolitico.mx\/index.php?rest_route=%2Fwp%2Fv2%2Fmedia&parent=6899"}],"wp:term":[{"taxonomy":"category","embeddable":true,"href":"https:\/\/quehacerpolitico.mx\/index.php?rest_route=%2Fwp%2Fv2%2Fcategories&post=6899"},{"taxonomy":"post_tag","embeddable":true,"href":"https:\/\/quehacerpolitico.mx\/index.php?rest_route=%2Fwp%2Fv2%2Ftags&post=6899"}],"curies":[{"name":"wp","href":"https:\/\/api.w.org\/{rel}","templated":true}]}}