{"id":68853,"date":"2020-11-10T22:20:45","date_gmt":"2020-11-11T04:20:45","guid":{"rendered":"http:\/\/quehacerpolitico.mx\/?p=68853"},"modified":"2020-11-10T22:20:45","modified_gmt":"2020-11-11T04:20:45","slug":"alberto-capella-deja-la-ssp-de-quintana-roo-por-investigacion-tras-agresion-de-policias","status":"publish","type":"post","link":"https:\/\/quehacerpolitico.mx\/?p=68853","title":{"rendered":"Alberto Capella deja la SSP de Quintana Roo por investigaci\u00f3n tras agresi\u00f3n de polic\u00edas"},"content":{"rendered":"<p>Alberto Capella deja la SSP de Quintana Roo por investigaci\u00f3n tras agresi\u00f3n de polic\u00edas<br \/>\nPor Redacci\u00f3n QP<\/p>\n<p>El Gobernador de Quintana Roo, Carlos Joaqu\u00edn Gonz\u00e1lez, acept\u00f3 la separaci\u00f3n del Secretario de Seguridad P\u00fablica de Quintana Roo, Alberto Campella, para facilitar las investigaciones sobre lo ocurrido en Canc\u00fan.<\/p>\n<div class=\"field-paragraphs\">\n<div class=\"entity entity-paragraphs-item paragraphs-item-text-paragraph\">\n<div class=\"content\">\n<div class=\"field-text-paragraph\">\n<p>Tras lo ocurrido en las protestas de Canc\u00fan, donde polic\u00edas dispararon e hirieron a una periodista, el Gobernador de Quintana Roo, Carlos Joaqu\u00edn Gonz\u00e1lez ofreci\u00f3 disculpas p\u00fablicas por lo ocurrido adem\u00e1s de confirmar que acept\u00f3 la separaci\u00f3n de Alberto Campella Secretario de Seguridad P\u00fablica de la entidad.<\/p>\n<\/div>\n<\/div>\n<\/div>\n<\/div>\n<div class=\"field-paragraphs\">\n<div id=\"block-dfp-grid-1\" class=\"block block-dfp\">\n<div class=\"content\">\n<div id=\"dfp-ad-grid_1-wrapper\" class=\"dfp-tag-wrapper\">\n<h2>Periodista herida durante las manifestaciones de Canc\u00fan<\/h2>\n<p>En exclusiva para Telediario, platicamos con Cecilia Sol\u00eds, reportera del Diario de Quintana Roo, quien fue herida por una bala en su pierna durante la protesta de ayer; indica que los polic\u00edas disparaban a ciudadanos y prensa<\/p>\n<blockquote class=\"twitter-tweet\" data-width=\"550\" data-dnt=\"true\">\n<p lang=\"es\" dir=\"ltr\">Como lo anunci\u00e9 hubo consecuencias para los responsables de lo ocurrido ayer en <a href=\"https:\/\/twitter.com\/hashtag\/Canc%C3%BAn?src=hash&amp;ref_src=twsrc%5Etfw\">#Canc\u00fan<\/a>. La presidenta municipal <a href=\"https:\/\/twitter.com\/MaraLezama?ref_src=twsrc%5Etfw\">@MaraLezama<\/a> separ\u00f3 del cargo al Director de la Polic\u00eda de <a href=\"https:\/\/twitter.com\/hashtag\/BenitoJu%C3%A1rez?src=hash&amp;ref_src=twsrc%5Etfw\">#BenitoJu\u00e1rez<\/a> y acept\u00e9 la solicitud de separaci\u00f3n del cargo de Alberto Capella <a href=\"https:\/\/twitter.com\/kpya?ref_src=twsrc%5Etfw\">@kpya<\/a> Secretario de @SSP_QROO <a href=\"https:\/\/t.co\/cgAh83ON4a\">pic.twitter.com\/cgAh83ON4a<\/a><\/p>\n<p>&mdash; Carlos Joaqu\u00edn (@CarlosJoaquin) <a href=\"https:\/\/twitter.com\/CarlosJoaquin\/status\/1326354055623565312?ref_src=twsrc%5Etfw\">November 11, 2020<\/a><\/p><\/blockquote>\n<p><script async src=\"https:\/\/platform.twitter.com\/widgets.js\" charset=\"utf-8\"><\/script><\/p>\n<\/div>\n<\/div>\n<\/div>\n<\/div>\n","protected":false},"excerpt":{"rendered":"<p>Alberto Capella deja la SSP de Quintana Roo por investigaci\u00f3n tras agresi\u00f3n de polic\u00edas Por&#8230;<\/p>\n","protected":false},"author":2,"featured_media":68854,"comment_status":"open","ping_status":"open","sticky":false,"template":"","format":"standard","meta":{"_monsterinsights_skip_tracking":false,"_monsterinsights_sitenote_active":false,"_monsterinsights_sitenote_note":"","_monsterinsights_sitenote_category":0,"footnotes":""},"categories":[2],"tags":[],"class_list":["post-68853","post","type-post","status-publish","format-standard","has-post-thumbnail","hentry","category-noticias"],"yoast_head":"<!-- This site is optimized with the Yoast SEO plugin v27.3 - https:\/\/yoast.com\/product\/yoast-seo-wordpress\/ -->\n<title>Alberto Capella deja la SSP de Quintana Roo por investigaci\u00f3n tras agresi\u00f3n de polic\u00edas -<\/title>\n<meta name=\"robots\" content=\"index, follow, max-snippet:-1, max-image-preview:large, max-video-preview:-1\" \/>\n<link rel=\"canonical\" href=\"https:\/\/quehacerpolitico.mx\/?p=68853\" \/>\n<meta property=\"og:locale\" content=\"es_MX\" \/>\n<meta property=\"og:type\" content=\"article\" \/>\n<meta property=\"og:title\" content=\"Alberto Capella deja la SSP de Quintana Roo por investigaci\u00f3n tras agresi\u00f3n de polic\u00edas -\" \/>\n<meta property=\"og:description\" content=\"Alberto Capella deja la SSP de Quintana Roo por investigaci\u00f3n tras agresi\u00f3n de polic\u00edas Por...\" \/>\n<meta property=\"og:url\" content=\"https:\/\/quehacerpolitico.mx\/?p=68853\" \/>\n<meta property=\"article:published_time\" content=\"2020-11-11T04:20:45+00:00\" \/>\n<meta property=\"og:image\" content=\"https:\/\/quehacerpolitico.mx\/wp-content\/uploads\/2020\/11\/F10126DC-8BCC-406B-AC36-A2D8897B155E.jpeg\" \/>\n\t<meta property=\"og:image:width\" content=\"1242\" \/>\n\t<meta property=\"og:image:height\" content=\"669\" \/>\n\t<meta property=\"og:image:type\" content=\"image\/jpeg\" \/>\n<meta name=\"author\" content=\"Redacci\u00f3n QP\" \/>\n<meta name=\"twitter:card\" content=\"summary_large_image\" \/>\n<meta name=\"twitter:label1\" content=\"Escrito por\" \/>\n\t<meta name=\"twitter:data1\" content=\"Redacci\u00f3n QP\" \/>\n\t<meta name=\"twitter:label2\" content=\"Tiempo de lectura\" \/>\n\t<meta name=\"twitter:data2\" content=\"1 minuto\" \/>\n<script type=\"application\/ld+json\" class=\"yoast-schema-graph\">{\"@context\":\"https:\\\/\\\/schema.org\",\"@graph\":[{\"@type\":\"Article\",\"@id\":\"https:\\\/\\\/quehacerpolitico.mx\\\/?p=68853#article\",\"isPartOf\":{\"@id\":\"https:\\\/\\\/quehacerpolitico.mx\\\/?p=68853\"},\"author\":{\"name\":\"Redacci\u00f3n QP\",\"@id\":\"https:\\\/\\\/quehacerpolitico.mx\\\/#\\\/schema\\\/person\\\/496d8ad2d1d3f8036101dca7ee39e585\"},\"headline\":\"Alberto Capella deja la SSP de Quintana Roo por investigaci\u00f3n tras agresi\u00f3n de polic\u00edas\",\"datePublished\":\"2020-11-11T04:20:45+00:00\",\"mainEntityOfPage\":{\"@id\":\"https:\\\/\\\/quehacerpolitico.mx\\\/?p=68853\"},\"wordCount\":181,\"commentCount\":0,\"image\":{\"@id\":\"https:\\\/\\\/quehacerpolitico.mx\\\/?p=68853#primaryimage\"},\"thumbnailUrl\":\"https:\\\/\\\/quehacerpolitico.mx\\\/wp-content\\\/uploads\\\/2020\\\/11\\\/F10126DC-8BCC-406B-AC36-A2D8897B155E.jpeg\",\"articleSection\":[\"Noticias\"],\"inLanguage\":\"es\",\"potentialAction\":[{\"@type\":\"CommentAction\",\"name\":\"Comment\",\"target\":[\"https:\\\/\\\/quehacerpolitico.mx\\\/?p=68853#respond\"]}]},{\"@type\":\"WebPage\",\"@id\":\"https:\\\/\\\/quehacerpolitico.mx\\\/?p=68853\",\"url\":\"https:\\\/\\\/quehacerpolitico.mx\\\/?p=68853\",\"name\":\"Alberto Capella deja la SSP de Quintana Roo por investigaci\u00f3n tras agresi\u00f3n de polic\u00edas -\",\"isPartOf\":{\"@id\":\"https:\\\/\\\/quehacerpolitico.mx\\\/#website\"},\"primaryImageOfPage\":{\"@id\":\"https:\\\/\\\/quehacerpolitico.mx\\\/?p=68853#primaryimage\"},\"image\":{\"@id\":\"https:\\\/\\\/quehacerpolitico.mx\\\/?p=68853#primaryimage\"},\"thumbnailUrl\":\"https:\\\/\\\/quehacerpolitico.mx\\\/wp-content\\\/uploads\\\/2020\\\/11\\\/F10126DC-8BCC-406B-AC36-A2D8897B155E.jpeg\",\"datePublished\":\"2020-11-11T04:20:45+00:00\",\"author\":{\"@id\":\"https:\\\/\\\/quehacerpolitico.mx\\\/#\\\/schema\\\/person\\\/496d8ad2d1d3f8036101dca7ee39e585\"},\"breadcrumb\":{\"@id\":\"https:\\\/\\\/quehacerpolitico.mx\\\/?p=68853#breadcrumb\"},\"inLanguage\":\"es\",\"potentialAction\":[{\"@type\":\"ReadAction\",\"target\":[\"https:\\\/\\\/quehacerpolitico.mx\\\/?p=68853\"]}]},{\"@type\":\"ImageObject\",\"inLanguage\":\"es\",\"@id\":\"https:\\\/\\\/quehacerpolitico.mx\\\/?p=68853#primaryimage\",\"url\":\"https:\\\/\\\/quehacerpolitico.mx\\\/wp-content\\\/uploads\\\/2020\\\/11\\\/F10126DC-8BCC-406B-AC36-A2D8897B155E.jpeg\",\"contentUrl\":\"https:\\\/\\\/quehacerpolitico.mx\\\/wp-content\\\/uploads\\\/2020\\\/11\\\/F10126DC-8BCC-406B-AC36-A2D8897B155E.jpeg\",\"width\":1242,\"height\":669},{\"@type\":\"BreadcrumbList\",\"@id\":\"https:\\\/\\\/quehacerpolitico.mx\\\/?p=68853#breadcrumb\",\"itemListElement\":[{\"@type\":\"ListItem\",\"position\":1,\"name\":\"Inicio\",\"item\":\"https:\\\/\\\/quehacerpolitico.mx\\\/\"},{\"@type\":\"ListItem\",\"position\":2,\"name\":\"Alberto Capella deja la SSP de Quintana Roo por investigaci\u00f3n tras agresi\u00f3n de polic\u00edas\"}]},{\"@type\":\"WebSite\",\"@id\":\"https:\\\/\\\/quehacerpolitico.mx\\\/#website\",\"url\":\"https:\\\/\\\/quehacerpolitico.mx\\\/\",\"name\":\"\",\"description\":\"\",\"potentialAction\":[{\"@type\":\"SearchAction\",\"target\":{\"@type\":\"EntryPoint\",\"urlTemplate\":\"https:\\\/\\\/quehacerpolitico.mx\\\/?s={search_term_string}\"},\"query-input\":{\"@type\":\"PropertyValueSpecification\",\"valueRequired\":true,\"valueName\":\"search_term_string\"}}],\"inLanguage\":\"es\"},{\"@type\":\"Person\",\"@id\":\"https:\\\/\\\/quehacerpolitico.mx\\\/#\\\/schema\\\/person\\\/496d8ad2d1d3f8036101dca7ee39e585\",\"name\":\"Redacci\u00f3n QP\",\"image\":{\"@type\":\"ImageObject\",\"inLanguage\":\"es\",\"@id\":\"https:\\\/\\\/secure.gravatar.com\\\/avatar\\\/c7164ed6fdec453195284ad24a5ae5b6e1eed2b848477fa2a4787ba9adf39a41?s=96&d=mm&r=g\",\"url\":\"https:\\\/\\\/secure.gravatar.com\\\/avatar\\\/c7164ed6fdec453195284ad24a5ae5b6e1eed2b848477fa2a4787ba9adf39a41?s=96&d=mm&r=g\",\"contentUrl\":\"https:\\\/\\\/secure.gravatar.com\\\/avatar\\\/c7164ed6fdec453195284ad24a5ae5b6e1eed2b848477fa2a4787ba9adf39a41?s=96&d=mm&r=g\",\"caption\":\"Redacci\u00f3n QP\"},\"url\":\"https:\\\/\\\/quehacerpolitico.mx\\\/?author=2\"}]}<\/script>\n<!-- \/ Yoast SEO plugin. -->","yoast_head_json":{"title":"Alberto Capella deja la SSP de Quintana Roo por investigaci\u00f3n tras agresi\u00f3n de polic\u00edas -","robots":{"index":"index","follow":"follow","max-snippet":"max-snippet:-1","max-image-preview":"max-image-preview:large","max-video-preview":"max-video-preview:-1"},"canonical":"https:\/\/quehacerpolitico.mx\/?p=68853","og_locale":"es_MX","og_type":"article","og_title":"Alberto Capella deja la SSP de Quintana Roo por investigaci\u00f3n tras agresi\u00f3n de polic\u00edas -","og_description":"Alberto Capella deja la SSP de Quintana Roo por investigaci\u00f3n tras agresi\u00f3n de polic\u00edas Por...","og_url":"https:\/\/quehacerpolitico.mx\/?p=68853","article_published_time":"2020-11-11T04:20:45+00:00","og_image":[{"width":1242,"height":669,"url":"https:\/\/quehacerpolitico.mx\/wp-content\/uploads\/2020\/11\/F10126DC-8BCC-406B-AC36-A2D8897B155E.jpeg","type":"image\/jpeg"}],"author":"Redacci\u00f3n QP","twitter_card":"summary_large_image","twitter_misc":{"Escrito por":"Redacci\u00f3n QP","Tiempo de lectura":"1 minuto"},"schema":{"@context":"https:\/\/schema.org","@graph":[{"@type":"Article","@id":"https:\/\/quehacerpolitico.mx\/?p=68853#article","isPartOf":{"@id":"https:\/\/quehacerpolitico.mx\/?p=68853"},"author":{"name":"Redacci\u00f3n QP","@id":"https:\/\/quehacerpolitico.mx\/#\/schema\/person\/496d8ad2d1d3f8036101dca7ee39e585"},"headline":"Alberto Capella deja la SSP de Quintana Roo por investigaci\u00f3n tras agresi\u00f3n de polic\u00edas","datePublished":"2020-11-11T04:20:45+00:00","mainEntityOfPage":{"@id":"https:\/\/quehacerpolitico.mx\/?p=68853"},"wordCount":181,"commentCount":0,"image":{"@id":"https:\/\/quehacerpolitico.mx\/?p=68853#primaryimage"},"thumbnailUrl":"https:\/\/quehacerpolitico.mx\/wp-content\/uploads\/2020\/11\/F10126DC-8BCC-406B-AC36-A2D8897B155E.jpeg","articleSection":["Noticias"],"inLanguage":"es","potentialAction":[{"@type":"CommentAction","name":"Comment","target":["https:\/\/quehacerpolitico.mx\/?p=68853#respond"]}]},{"@type":"WebPage","@id":"https:\/\/quehacerpolitico.mx\/?p=68853","url":"https:\/\/quehacerpolitico.mx\/?p=68853","name":"Alberto Capella deja la SSP de Quintana Roo por investigaci\u00f3n tras agresi\u00f3n de polic\u00edas -","isPartOf":{"@id":"https:\/\/quehacerpolitico.mx\/#website"},"primaryImageOfPage":{"@id":"https:\/\/quehacerpolitico.mx\/?p=68853#primaryimage"},"image":{"@id":"https:\/\/quehacerpolitico.mx\/?p=68853#primaryimage"},"thumbnailUrl":"https:\/\/quehacerpolitico.mx\/wp-content\/uploads\/2020\/11\/F10126DC-8BCC-406B-AC36-A2D8897B155E.jpeg","datePublished":"2020-11-11T04:20:45+00:00","author":{"@id":"https:\/\/quehacerpolitico.mx\/#\/schema\/person\/496d8ad2d1d3f8036101dca7ee39e585"},"breadcrumb":{"@id":"https:\/\/quehacerpolitico.mx\/?p=68853#breadcrumb"},"inLanguage":"es","potentialAction":[{"@type":"ReadAction","target":["https:\/\/quehacerpolitico.mx\/?p=68853"]}]},{"@type":"ImageObject","inLanguage":"es","@id":"https:\/\/quehacerpolitico.mx\/?p=68853#primaryimage","url":"https:\/\/quehacerpolitico.mx\/wp-content\/uploads\/2020\/11\/F10126DC-8BCC-406B-AC36-A2D8897B155E.jpeg","contentUrl":"https:\/\/quehacerpolitico.mx\/wp-content\/uploads\/2020\/11\/F10126DC-8BCC-406B-AC36-A2D8897B155E.jpeg","width":1242,"height":669},{"@type":"BreadcrumbList","@id":"https:\/\/quehacerpolitico.mx\/?p=68853#breadcrumb","itemListElement":[{"@type":"ListItem","position":1,"name":"Inicio","item":"https:\/\/quehacerpolitico.mx\/"},{"@type":"ListItem","position":2,"name":"Alberto Capella deja la SSP de Quintana Roo por investigaci\u00f3n tras agresi\u00f3n de polic\u00edas"}]},{"@type":"WebSite","@id":"https:\/\/quehacerpolitico.mx\/#website","url":"https:\/\/quehacerpolitico.mx\/","name":"","description":"","potentialAction":[{"@type":"SearchAction","target":{"@type":"EntryPoint","urlTemplate":"https:\/\/quehacerpolitico.mx\/?s={search_term_string}"},"query-input":{"@type":"PropertyValueSpecification","valueRequired":true,"valueName":"search_term_string"}}],"inLanguage":"es"},{"@type":"Person","@id":"https:\/\/quehacerpolitico.mx\/#\/schema\/person\/496d8ad2d1d3f8036101dca7ee39e585","name":"Redacci\u00f3n QP","image":{"@type":"ImageObject","inLanguage":"es","@id":"https:\/\/secure.gravatar.com\/avatar\/c7164ed6fdec453195284ad24a5ae5b6e1eed2b848477fa2a4787ba9adf39a41?s=96&d=mm&r=g","url":"https:\/\/secure.gravatar.com\/avatar\/c7164ed6fdec453195284ad24a5ae5b6e1eed2b848477fa2a4787ba9adf39a41?s=96&d=mm&r=g","contentUrl":"https:\/\/secure.gravatar.com\/avatar\/c7164ed6fdec453195284ad24a5ae5b6e1eed2b848477fa2a4787ba9adf39a41?s=96&d=mm&r=g","caption":"Redacci\u00f3n QP"},"url":"https:\/\/quehacerpolitico.mx\/?author=2"}]}},"featured_image_urls":{"full":["https:\/\/quehacerpolitico.mx\/wp-content\/uploads\/2020\/11\/F10126DC-8BCC-406B-AC36-A2D8897B155E.jpeg",1242,669,false],"thumbnail":["https:\/\/quehacerpolitico.mx\/wp-content\/uploads\/2020\/11\/F10126DC-8BCC-406B-AC36-A2D8897B155E-150x150.jpeg",150,150,true],"medium":["https:\/\/quehacerpolitico.mx\/wp-content\/uploads\/2020\/11\/F10126DC-8BCC-406B-AC36-A2D8897B155E-300x162.jpeg",300,162,true],"medium_large":["https:\/\/quehacerpolitico.mx\/wp-content\/uploads\/2020\/11\/F10126DC-8BCC-406B-AC36-A2D8897B155E-768x414.jpeg",640,345,true],"large":["https:\/\/quehacerpolitico.mx\/wp-content\/uploads\/2020\/11\/F10126DC-8BCC-406B-AC36-A2D8897B155E-1024x552.jpeg",640,345,true],"1536x1536":["https:\/\/quehacerpolitico.mx\/wp-content\/uploads\/2020\/11\/F10126DC-8BCC-406B-AC36-A2D8897B155E.jpeg",1242,669,false],"2048x2048":["https:\/\/quehacerpolitico.mx\/wp-content\/uploads\/2020\/11\/F10126DC-8BCC-406B-AC36-A2D8897B155E.jpeg",1242,669,false],"covernews-featured":["https:\/\/quehacerpolitico.mx\/wp-content\/uploads\/2020\/11\/F10126DC-8BCC-406B-AC36-A2D8897B155E.jpeg",1024,552,false],"covernews-medium":["https:\/\/quehacerpolitico.mx\/wp-content\/uploads\/2020\/11\/F10126DC-8BCC-406B-AC36-A2D8897B155E.jpeg",540,291,false]},"author_info":{"display_name":"Redacci\u00f3n QP","author_link":"https:\/\/quehacerpolitico.mx\/?author=2"},"category_info":"<a href=\"https:\/\/quehacerpolitico.mx\/?cat=2\" rel=\"category\">Noticias<\/a>","tag_info":"Noticias","comment_count":"0","_links":{"self":[{"href":"https:\/\/quehacerpolitico.mx\/index.php?rest_route=\/wp\/v2\/posts\/68853","targetHints":{"allow":["GET"]}}],"collection":[{"href":"https:\/\/quehacerpolitico.mx\/index.php?rest_route=\/wp\/v2\/posts"}],"about":[{"href":"https:\/\/quehacerpolitico.mx\/index.php?rest_route=\/wp\/v2\/types\/post"}],"author":[{"embeddable":true,"href":"https:\/\/quehacerpolitico.mx\/index.php?rest_route=\/wp\/v2\/users\/2"}],"replies":[{"embeddable":true,"href":"https:\/\/quehacerpolitico.mx\/index.php?rest_route=%2Fwp%2Fv2%2Fcomments&post=68853"}],"version-history":[{"count":0,"href":"https:\/\/quehacerpolitico.mx\/index.php?rest_route=\/wp\/v2\/posts\/68853\/revisions"}],"wp:featuredmedia":[{"embeddable":true,"href":"https:\/\/quehacerpolitico.mx\/index.php?rest_route=\/wp\/v2\/media\/68854"}],"wp:attachment":[{"href":"https:\/\/quehacerpolitico.mx\/index.php?rest_route=%2Fwp%2Fv2%2Fmedia&parent=68853"}],"wp:term":[{"taxonomy":"category","embeddable":true,"href":"https:\/\/quehacerpolitico.mx\/index.php?rest_route=%2Fwp%2Fv2%2Fcategories&post=68853"},{"taxonomy":"post_tag","embeddable":true,"href":"https:\/\/quehacerpolitico.mx\/index.php?rest_route=%2Fwp%2Fv2%2Ftags&post=68853"}],"curies":[{"name":"wp","href":"https:\/\/api.w.org\/{rel}","templated":true}]}}