{"id":68850,"date":"2020-11-10T22:05:36","date_gmt":"2020-11-11T04:05:36","guid":{"rendered":"http:\/\/quehacerpolitico.mx\/?p=68850"},"modified":"2020-11-10T22:05:36","modified_gmt":"2020-11-11T04:05:36","slug":"helicoptero-de-la-policia-de-cdmx-traslada-a-recien-nacido-con-crisis-convulsiva","status":"publish","type":"post","link":"https:\/\/quehacerpolitico.mx\/?p=68850","title":{"rendered":"Helic\u00f3ptero de la polic\u00eda de CDMX traslada a reci\u00e9n nacido con crisis convulsiva"},"content":{"rendered":"<p>Helic\u00f3ptero de la polic\u00eda de CDMX traslada a reci\u00e9n nacido con crisis convulsiva<br \/>\nPor Redacci\u00f3n QP<\/p>\n<p>Afortunadamente, el menor logr\u00f3 llegar a salvo a la unidad medica donde recibe la atenci\u00f3n necesaria.<\/p>\n<p>Personal de la <strong>Secretar\u00eda de Seguridad Ciudadana<\/strong> (SSC) de la <strong>Ciudad de M\u00e9xico<\/strong>, a trav\u00e9s del uso de los helic\u00f3pteros \u2019Condores apoy\u00f3 en el trasladado de un<strong> reci\u00e9n nacido<\/strong> de tres d\u00edas de edad, que sufri\u00f3 hidrocefalia, <strong>crisis convulsivas<\/strong> y bajo peso.<\/p>\n<blockquote class=\"twitter-tweet\" data-width=\"550\" data-dnt=\"true\">\n<p lang=\"es\" dir=\"ltr\">Un helic\u00f3ptero del agrupamiento <a href=\"https:\/\/twitter.com\/hashtag\/C%C3%B3ndores?src=hash&amp;ref_src=twsrc%5Etfw\">#C\u00f3ndores<\/a> de la <a href=\"https:\/\/twitter.com\/hashtag\/SSC?src=hash&amp;ref_src=twsrc%5Etfw\">#SSC<\/a>, ayud\u00f3 en el traslado de un beb\u00e9 reci\u00e9n nacido con crisis convulsiva. <a href=\"https:\/\/t.co\/XZxDu9orV9\">https:\/\/t.co\/XZxDu9orV9<\/a> <a href=\"https:\/\/t.co\/Cbt9XxT61D\">pic.twitter.com\/Cbt9XxT61D<\/a><\/p>\n<p>&mdash; SSC CDMX (@SSC_CDMX) <a href=\"https:\/\/twitter.com\/SSC_CDMX\/status\/1326363914305724418?ref_src=twsrc%5Etfw\">November 11, 2020<\/a><\/p><\/blockquote>\n<p><script async src=\"https:\/\/platform.twitter.com\/widgets.js\" charset=\"utf-8\"><\/script><\/p>\n<p>Tras el diagn\u00f3stico del beb\u00e9, personal de C\u00f3ndores acudi\u00f3 al <strong>Hospital General de Tl\u00e1huac<\/strong>, donde m\u00e9dicos entregaron al peque\u00f1o paciente quien, durante el vuelo, recibi\u00f3 los cuidados pertinentes con el fin de <strong>salvaguardar su vida<\/strong>.<\/p>\n<p>En cuesti\u00f3n de minutos el helic\u00f3ptero descendi\u00f3 en un estacionamiento ubicado en la calzada <strong>M\u00e9xico-Tacuba<\/strong>, donde una ambulancia del Centro Regulador de Urgencias M\u00e9dicas continu\u00f3 con el trasladado hasta el Hospital Infantil de Legaria, para la oportuna intervenci\u00f3n del menor.<\/p>\n<p>Afortunadamente, el menor logr\u00f3 llegar a salvo a la unidad medica donde recibe la<strong> atenci\u00f3n necesaria<\/strong>.<\/p>\n","protected":false},"excerpt":{"rendered":"<p>Helic\u00f3ptero de la polic\u00eda de CDMX traslada a reci\u00e9n nacido con crisis convulsiva Por Redacci\u00f3n&#8230;<\/p>\n","protected":false},"author":2,"featured_media":68851,"comment_status":"open","ping_status":"open","sticky":false,"template":"","format":"standard","meta":{"_monsterinsights_skip_tracking":false,"_monsterinsights_sitenote_active":false,"_monsterinsights_sitenote_note":"","_monsterinsights_sitenote_category":0,"footnotes":""},"categories":[55],"tags":[],"class_list":["post-68850","post","type-post","status-publish","format-standard","has-post-thumbnail","hentry","category-cdmx"],"yoast_head":"<!-- This site is optimized with the Yoast SEO plugin v27.3 - https:\/\/yoast.com\/product\/yoast-seo-wordpress\/ -->\n<title>Helic\u00f3ptero de la polic\u00eda de CDMX traslada a reci\u00e9n nacido con crisis convulsiva -<\/title>\n<meta name=\"robots\" content=\"index, follow, max-snippet:-1, max-image-preview:large, max-video-preview:-1\" \/>\n<link rel=\"canonical\" href=\"https:\/\/quehacerpolitico.mx\/?p=68850\" \/>\n<meta property=\"og:locale\" content=\"es_MX\" \/>\n<meta property=\"og:type\" content=\"article\" \/>\n<meta property=\"og:title\" content=\"Helic\u00f3ptero de la polic\u00eda de CDMX traslada a reci\u00e9n nacido con crisis convulsiva -\" \/>\n<meta property=\"og:description\" content=\"Helic\u00f3ptero de la polic\u00eda de CDMX traslada a reci\u00e9n nacido con crisis convulsiva Por Redacci\u00f3n...\" \/>\n<meta property=\"og:url\" content=\"https:\/\/quehacerpolitico.mx\/?p=68850\" \/>\n<meta property=\"article:published_time\" content=\"2020-11-11T04:05:36+00:00\" \/>\n<meta property=\"og:image\" content=\"https:\/\/quehacerpolitico.mx\/wp-content\/uploads\/2020\/11\/4C7A0D2F-C53B-4C2C-815C-704EDE34BD54.jpeg\" \/>\n\t<meta property=\"og:image:width\" content=\"696\" \/>\n\t<meta property=\"og:image:height\" content=\"424\" \/>\n\t<meta property=\"og:image:type\" content=\"image\/jpeg\" \/>\n<meta name=\"author\" content=\"Redacci\u00f3n QP\" \/>\n<meta name=\"twitter:card\" content=\"summary_large_image\" \/>\n<meta name=\"twitter:label1\" content=\"Escrito por\" \/>\n\t<meta name=\"twitter:data1\" content=\"Redacci\u00f3n QP\" \/>\n\t<meta name=\"twitter:label2\" content=\"Tiempo de lectura\" \/>\n\t<meta name=\"twitter:data2\" content=\"1 minuto\" \/>\n<script type=\"application\/ld+json\" class=\"yoast-schema-graph\">{\"@context\":\"https:\\\/\\\/schema.org\",\"@graph\":[{\"@type\":\"Article\",\"@id\":\"https:\\\/\\\/quehacerpolitico.mx\\\/?p=68850#article\",\"isPartOf\":{\"@id\":\"https:\\\/\\\/quehacerpolitico.mx\\\/?p=68850\"},\"author\":{\"name\":\"Redacci\u00f3n QP\",\"@id\":\"https:\\\/\\\/quehacerpolitico.mx\\\/#\\\/schema\\\/person\\\/496d8ad2d1d3f8036101dca7ee39e585\"},\"headline\":\"Helic\u00f3ptero de la polic\u00eda de CDMX traslada a reci\u00e9n nacido con crisis convulsiva\",\"datePublished\":\"2020-11-11T04:05:36+00:00\",\"mainEntityOfPage\":{\"@id\":\"https:\\\/\\\/quehacerpolitico.mx\\\/?p=68850\"},\"wordCount\":210,\"commentCount\":0,\"image\":{\"@id\":\"https:\\\/\\\/quehacerpolitico.mx\\\/?p=68850#primaryimage\"},\"thumbnailUrl\":\"https:\\\/\\\/quehacerpolitico.mx\\\/wp-content\\\/uploads\\\/2020\\\/11\\\/4C7A0D2F-C53B-4C2C-815C-704EDE34BD54.jpeg\",\"articleSection\":[\"CDMX\"],\"inLanguage\":\"es\",\"potentialAction\":[{\"@type\":\"CommentAction\",\"name\":\"Comment\",\"target\":[\"https:\\\/\\\/quehacerpolitico.mx\\\/?p=68850#respond\"]}]},{\"@type\":\"WebPage\",\"@id\":\"https:\\\/\\\/quehacerpolitico.mx\\\/?p=68850\",\"url\":\"https:\\\/\\\/quehacerpolitico.mx\\\/?p=68850\",\"name\":\"Helic\u00f3ptero de la polic\u00eda de CDMX traslada a reci\u00e9n nacido con crisis convulsiva -\",\"isPartOf\":{\"@id\":\"https:\\\/\\\/quehacerpolitico.mx\\\/#website\"},\"primaryImageOfPage\":{\"@id\":\"https:\\\/\\\/quehacerpolitico.mx\\\/?p=68850#primaryimage\"},\"image\":{\"@id\":\"https:\\\/\\\/quehacerpolitico.mx\\\/?p=68850#primaryimage\"},\"thumbnailUrl\":\"https:\\\/\\\/quehacerpolitico.mx\\\/wp-content\\\/uploads\\\/2020\\\/11\\\/4C7A0D2F-C53B-4C2C-815C-704EDE34BD54.jpeg\",\"datePublished\":\"2020-11-11T04:05:36+00:00\",\"author\":{\"@id\":\"https:\\\/\\\/quehacerpolitico.mx\\\/#\\\/schema\\\/person\\\/496d8ad2d1d3f8036101dca7ee39e585\"},\"breadcrumb\":{\"@id\":\"https:\\\/\\\/quehacerpolitico.mx\\\/?p=68850#breadcrumb\"},\"inLanguage\":\"es\",\"potentialAction\":[{\"@type\":\"ReadAction\",\"target\":[\"https:\\\/\\\/quehacerpolitico.mx\\\/?p=68850\"]}]},{\"@type\":\"ImageObject\",\"inLanguage\":\"es\",\"@id\":\"https:\\\/\\\/quehacerpolitico.mx\\\/?p=68850#primaryimage\",\"url\":\"https:\\\/\\\/quehacerpolitico.mx\\\/wp-content\\\/uploads\\\/2020\\\/11\\\/4C7A0D2F-C53B-4C2C-815C-704EDE34BD54.jpeg\",\"contentUrl\":\"https:\\\/\\\/quehacerpolitico.mx\\\/wp-content\\\/uploads\\\/2020\\\/11\\\/4C7A0D2F-C53B-4C2C-815C-704EDE34BD54.jpeg\",\"width\":696,\"height\":424},{\"@type\":\"BreadcrumbList\",\"@id\":\"https:\\\/\\\/quehacerpolitico.mx\\\/?p=68850#breadcrumb\",\"itemListElement\":[{\"@type\":\"ListItem\",\"position\":1,\"name\":\"Inicio\",\"item\":\"https:\\\/\\\/quehacerpolitico.mx\\\/\"},{\"@type\":\"ListItem\",\"position\":2,\"name\":\"Helic\u00f3ptero de la polic\u00eda de CDMX traslada a reci\u00e9n nacido con crisis convulsiva\"}]},{\"@type\":\"WebSite\",\"@id\":\"https:\\\/\\\/quehacerpolitico.mx\\\/#website\",\"url\":\"https:\\\/\\\/quehacerpolitico.mx\\\/\",\"name\":\"\",\"description\":\"\",\"potentialAction\":[{\"@type\":\"SearchAction\",\"target\":{\"@type\":\"EntryPoint\",\"urlTemplate\":\"https:\\\/\\\/quehacerpolitico.mx\\\/?s={search_term_string}\"},\"query-input\":{\"@type\":\"PropertyValueSpecification\",\"valueRequired\":true,\"valueName\":\"search_term_string\"}}],\"inLanguage\":\"es\"},{\"@type\":\"Person\",\"@id\":\"https:\\\/\\\/quehacerpolitico.mx\\\/#\\\/schema\\\/person\\\/496d8ad2d1d3f8036101dca7ee39e585\",\"name\":\"Redacci\u00f3n QP\",\"image\":{\"@type\":\"ImageObject\",\"inLanguage\":\"es\",\"@id\":\"https:\\\/\\\/secure.gravatar.com\\\/avatar\\\/c7164ed6fdec453195284ad24a5ae5b6e1eed2b848477fa2a4787ba9adf39a41?s=96&d=mm&r=g\",\"url\":\"https:\\\/\\\/secure.gravatar.com\\\/avatar\\\/c7164ed6fdec453195284ad24a5ae5b6e1eed2b848477fa2a4787ba9adf39a41?s=96&d=mm&r=g\",\"contentUrl\":\"https:\\\/\\\/secure.gravatar.com\\\/avatar\\\/c7164ed6fdec453195284ad24a5ae5b6e1eed2b848477fa2a4787ba9adf39a41?s=96&d=mm&r=g\",\"caption\":\"Redacci\u00f3n QP\"},\"url\":\"https:\\\/\\\/quehacerpolitico.mx\\\/?author=2\"}]}<\/script>\n<!-- \/ Yoast SEO plugin. -->","yoast_head_json":{"title":"Helic\u00f3ptero de la polic\u00eda de CDMX traslada a reci\u00e9n nacido con crisis convulsiva -","robots":{"index":"index","follow":"follow","max-snippet":"max-snippet:-1","max-image-preview":"max-image-preview:large","max-video-preview":"max-video-preview:-1"},"canonical":"https:\/\/quehacerpolitico.mx\/?p=68850","og_locale":"es_MX","og_type":"article","og_title":"Helic\u00f3ptero de la polic\u00eda de CDMX traslada a reci\u00e9n nacido con crisis convulsiva -","og_description":"Helic\u00f3ptero de la polic\u00eda de CDMX traslada a reci\u00e9n nacido con crisis convulsiva Por Redacci\u00f3n...","og_url":"https:\/\/quehacerpolitico.mx\/?p=68850","article_published_time":"2020-11-11T04:05:36+00:00","og_image":[{"width":696,"height":424,"url":"https:\/\/quehacerpolitico.mx\/wp-content\/uploads\/2020\/11\/4C7A0D2F-C53B-4C2C-815C-704EDE34BD54.jpeg","type":"image\/jpeg"}],"author":"Redacci\u00f3n QP","twitter_card":"summary_large_image","twitter_misc":{"Escrito por":"Redacci\u00f3n QP","Tiempo de lectura":"1 minuto"},"schema":{"@context":"https:\/\/schema.org","@graph":[{"@type":"Article","@id":"https:\/\/quehacerpolitico.mx\/?p=68850#article","isPartOf":{"@id":"https:\/\/quehacerpolitico.mx\/?p=68850"},"author":{"name":"Redacci\u00f3n QP","@id":"https:\/\/quehacerpolitico.mx\/#\/schema\/person\/496d8ad2d1d3f8036101dca7ee39e585"},"headline":"Helic\u00f3ptero de la polic\u00eda de CDMX traslada a reci\u00e9n nacido con crisis convulsiva","datePublished":"2020-11-11T04:05:36+00:00","mainEntityOfPage":{"@id":"https:\/\/quehacerpolitico.mx\/?p=68850"},"wordCount":210,"commentCount":0,"image":{"@id":"https:\/\/quehacerpolitico.mx\/?p=68850#primaryimage"},"thumbnailUrl":"https:\/\/quehacerpolitico.mx\/wp-content\/uploads\/2020\/11\/4C7A0D2F-C53B-4C2C-815C-704EDE34BD54.jpeg","articleSection":["CDMX"],"inLanguage":"es","potentialAction":[{"@type":"CommentAction","name":"Comment","target":["https:\/\/quehacerpolitico.mx\/?p=68850#respond"]}]},{"@type":"WebPage","@id":"https:\/\/quehacerpolitico.mx\/?p=68850","url":"https:\/\/quehacerpolitico.mx\/?p=68850","name":"Helic\u00f3ptero de la polic\u00eda de CDMX traslada a reci\u00e9n nacido con crisis convulsiva -","isPartOf":{"@id":"https:\/\/quehacerpolitico.mx\/#website"},"primaryImageOfPage":{"@id":"https:\/\/quehacerpolitico.mx\/?p=68850#primaryimage"},"image":{"@id":"https:\/\/quehacerpolitico.mx\/?p=68850#primaryimage"},"thumbnailUrl":"https:\/\/quehacerpolitico.mx\/wp-content\/uploads\/2020\/11\/4C7A0D2F-C53B-4C2C-815C-704EDE34BD54.jpeg","datePublished":"2020-11-11T04:05:36+00:00","author":{"@id":"https:\/\/quehacerpolitico.mx\/#\/schema\/person\/496d8ad2d1d3f8036101dca7ee39e585"},"breadcrumb":{"@id":"https:\/\/quehacerpolitico.mx\/?p=68850#breadcrumb"},"inLanguage":"es","potentialAction":[{"@type":"ReadAction","target":["https:\/\/quehacerpolitico.mx\/?p=68850"]}]},{"@type":"ImageObject","inLanguage":"es","@id":"https:\/\/quehacerpolitico.mx\/?p=68850#primaryimage","url":"https:\/\/quehacerpolitico.mx\/wp-content\/uploads\/2020\/11\/4C7A0D2F-C53B-4C2C-815C-704EDE34BD54.jpeg","contentUrl":"https:\/\/quehacerpolitico.mx\/wp-content\/uploads\/2020\/11\/4C7A0D2F-C53B-4C2C-815C-704EDE34BD54.jpeg","width":696,"height":424},{"@type":"BreadcrumbList","@id":"https:\/\/quehacerpolitico.mx\/?p=68850#breadcrumb","itemListElement":[{"@type":"ListItem","position":1,"name":"Inicio","item":"https:\/\/quehacerpolitico.mx\/"},{"@type":"ListItem","position":2,"name":"Helic\u00f3ptero de la polic\u00eda de CDMX traslada a reci\u00e9n nacido con crisis convulsiva"}]},{"@type":"WebSite","@id":"https:\/\/quehacerpolitico.mx\/#website","url":"https:\/\/quehacerpolitico.mx\/","name":"","description":"","potentialAction":[{"@type":"SearchAction","target":{"@type":"EntryPoint","urlTemplate":"https:\/\/quehacerpolitico.mx\/?s={search_term_string}"},"query-input":{"@type":"PropertyValueSpecification","valueRequired":true,"valueName":"search_term_string"}}],"inLanguage":"es"},{"@type":"Person","@id":"https:\/\/quehacerpolitico.mx\/#\/schema\/person\/496d8ad2d1d3f8036101dca7ee39e585","name":"Redacci\u00f3n QP","image":{"@type":"ImageObject","inLanguage":"es","@id":"https:\/\/secure.gravatar.com\/avatar\/c7164ed6fdec453195284ad24a5ae5b6e1eed2b848477fa2a4787ba9adf39a41?s=96&d=mm&r=g","url":"https:\/\/secure.gravatar.com\/avatar\/c7164ed6fdec453195284ad24a5ae5b6e1eed2b848477fa2a4787ba9adf39a41?s=96&d=mm&r=g","contentUrl":"https:\/\/secure.gravatar.com\/avatar\/c7164ed6fdec453195284ad24a5ae5b6e1eed2b848477fa2a4787ba9adf39a41?s=96&d=mm&r=g","caption":"Redacci\u00f3n QP"},"url":"https:\/\/quehacerpolitico.mx\/?author=2"}]}},"featured_image_urls":{"full":["https:\/\/quehacerpolitico.mx\/wp-content\/uploads\/2020\/11\/4C7A0D2F-C53B-4C2C-815C-704EDE34BD54.jpeg",696,424,false],"thumbnail":["https:\/\/quehacerpolitico.mx\/wp-content\/uploads\/2020\/11\/4C7A0D2F-C53B-4C2C-815C-704EDE34BD54-150x150.jpeg",150,150,true],"medium":["https:\/\/quehacerpolitico.mx\/wp-content\/uploads\/2020\/11\/4C7A0D2F-C53B-4C2C-815C-704EDE34BD54-300x183.jpeg",300,183,true],"medium_large":["https:\/\/quehacerpolitico.mx\/wp-content\/uploads\/2020\/11\/4C7A0D2F-C53B-4C2C-815C-704EDE34BD54.jpeg",640,390,false],"large":["https:\/\/quehacerpolitico.mx\/wp-content\/uploads\/2020\/11\/4C7A0D2F-C53B-4C2C-815C-704EDE34BD54.jpeg",640,390,false],"1536x1536":["https:\/\/quehacerpolitico.mx\/wp-content\/uploads\/2020\/11\/4C7A0D2F-C53B-4C2C-815C-704EDE34BD54.jpeg",696,424,false],"2048x2048":["https:\/\/quehacerpolitico.mx\/wp-content\/uploads\/2020\/11\/4C7A0D2F-C53B-4C2C-815C-704EDE34BD54.jpeg",696,424,false],"covernews-featured":["https:\/\/quehacerpolitico.mx\/wp-content\/uploads\/2020\/11\/4C7A0D2F-C53B-4C2C-815C-704EDE34BD54.jpeg",696,424,false],"covernews-medium":["https:\/\/quehacerpolitico.mx\/wp-content\/uploads\/2020\/11\/4C7A0D2F-C53B-4C2C-815C-704EDE34BD54.jpeg",540,329,false]},"author_info":{"display_name":"Redacci\u00f3n QP","author_link":"https:\/\/quehacerpolitico.mx\/?author=2"},"category_info":"<a href=\"https:\/\/quehacerpolitico.mx\/?cat=55\" rel=\"category\">CDMX<\/a>","tag_info":"CDMX","comment_count":"0","_links":{"self":[{"href":"https:\/\/quehacerpolitico.mx\/index.php?rest_route=\/wp\/v2\/posts\/68850","targetHints":{"allow":["GET"]}}],"collection":[{"href":"https:\/\/quehacerpolitico.mx\/index.php?rest_route=\/wp\/v2\/posts"}],"about":[{"href":"https:\/\/quehacerpolitico.mx\/index.php?rest_route=\/wp\/v2\/types\/post"}],"author":[{"embeddable":true,"href":"https:\/\/quehacerpolitico.mx\/index.php?rest_route=\/wp\/v2\/users\/2"}],"replies":[{"embeddable":true,"href":"https:\/\/quehacerpolitico.mx\/index.php?rest_route=%2Fwp%2Fv2%2Fcomments&post=68850"}],"version-history":[{"count":0,"href":"https:\/\/quehacerpolitico.mx\/index.php?rest_route=\/wp\/v2\/posts\/68850\/revisions"}],"wp:featuredmedia":[{"embeddable":true,"href":"https:\/\/quehacerpolitico.mx\/index.php?rest_route=\/wp\/v2\/media\/68851"}],"wp:attachment":[{"href":"https:\/\/quehacerpolitico.mx\/index.php?rest_route=%2Fwp%2Fv2%2Fmedia&parent=68850"}],"wp:term":[{"taxonomy":"category","embeddable":true,"href":"https:\/\/quehacerpolitico.mx\/index.php?rest_route=%2Fwp%2Fv2%2Fcategories&post=68850"},{"taxonomy":"post_tag","embeddable":true,"href":"https:\/\/quehacerpolitico.mx\/index.php?rest_route=%2Fwp%2Fv2%2Ftags&post=68850"}],"curies":[{"name":"wp","href":"https:\/\/api.w.org\/{rel}","templated":true}]}}