{"id":6877,"date":"2018-10-14T03:38:03","date_gmt":"2018-10-14T03:38:03","guid":{"rendered":"http:\/\/quehacerpolitico.mx\/el-pri-debe-ser-mas-democratico-y-abierto-ruiz-massieu\/"},"modified":"2018-10-14T03:38:03","modified_gmt":"2018-10-14T03:38:03","slug":"el-pri-debe-ser-mas-democratico-y-abierto-ruiz-massieu","status":"publish","type":"post","link":"https:\/\/quehacerpolitico.mx\/?p=6877","title":{"rendered":"El PRI debe ser m\u00e1s democr\u00e1tico y abierto: Ruiz Massieu"},"content":{"rendered":"<p>La presidenta del Partido Revolucionario Institucional (PRI), Claudia Ruiz Massieu, afirm\u00f3 que <strong>este instituto pol\u00edtico debe ser m\u00e1s democr\u00e1tico, m\u00e1s abierto, flexible y menos burocr\u00e1tico para responderle a la sociedad.<\/strong><\/p>\n<blockquote>\n<p>&#8220;Los priistas estamos obligados a hablarnos con la verdad y profundizar en la cultura democr\u00e1tica del partido, para no volver a cometer los mismos errores del pasado&#8221;<\/p>\n<\/blockquote>\n<p>Durante los Di\u00e1logos con la Militancia que sostuvo en Queretaro,\u00a0indic\u00f3 que luego de los resultados del pasado proceso electoral, &#8220;los priistas estamos obligados a hablarnos con la verdad y profundizar en la cultura democr\u00e1tica del partido, para no volver a cometer los mismos errores del pasado&#8221;.<\/p>\n<p>Hizo notar que en la transformaci\u00f3n de este partido pol\u00edtico, <strong>los priistas deben escucharse a s\u00ed mismos y no a las voces de fuera y que sea de manera interna como se defina el rumbo futuro del PRI.<\/strong><\/p>\n<p>Ruiz massieu destac\u00f3 que el momento actual es una magn\u00edfica oportunidad para recuperar la vocaci\u00f3n social que siempre ha caracterizado al Revolucionario Institucional, tanto por su historia como por la identidad que tiene con millones de mexicanos<\/p>\n<p>En el caso de Quer\u00e9taro, se comprometi\u00f3 a que la pr\u00f3xima semana designar\u00e1 a un delegado o delegada del Comit\u00e9 Ejecutivo Nacional, y se iniciar\u00e1n los procesos para la renovaci\u00f3n de los Comit\u00e9s Seccionales y las dirigencias del Instituto Reyes Heroles y de la Red de J\u00f3venes por M\u00e9xico en esa entidad.<\/p>\n<p>En el evento, la dirigente nacional priista estuvo acompa\u00f1ada por el secretario de operaci\u00f3n pol\u00edtica, Jorge M\u00e1rquez Montes; el presidente del Instituto Reyes Heroles, Paul Ospital, y el exgobernador de Quer\u00e9taro, Enrique Burgos.<\/p>\n<p>Tambi\u00e9n asistieron el presidente y la secretaria general del Comit\u00e9 Directivo Estatal, Juan Jos\u00e9 Ruiz Rodr\u00edguez y Graciela Ju\u00e1rez Montes, respectivamente, as\u00ed como presidentes y expresidentes municipales, legisladores locales y federales del estado.<\/p>\n","protected":false},"excerpt":{"rendered":"<p>La presidenta del partido destac\u00f3 que este momento es una buena oportunidad para recuperar la vocaci\u00f3n social que siempre los ha caracterizado<br \/>\nPor Redacci\u00f3n QP<\/p>\n","protected":false},"author":2,"featured_media":6876,"comment_status":"open","ping_status":"open","sticky":false,"template":"","format":"standard","meta":{"_monsterinsights_skip_tracking":false,"_monsterinsights_sitenote_active":false,"_monsterinsights_sitenote_note":"","_monsterinsights_sitenote_category":0,"footnotes":""},"categories":[2],"tags":[],"class_list":["post-6877","post","type-post","status-publish","format-standard","has-post-thumbnail","hentry","category-noticias"],"yoast_head":"<!-- This site is optimized with the Yoast SEO plugin v27.3 - https:\/\/yoast.com\/product\/yoast-seo-wordpress\/ -->\n<title>El PRI debe ser m\u00e1s democr\u00e1tico y abierto: Ruiz Massieu -<\/title>\n<meta name=\"robots\" content=\"index, follow, max-snippet:-1, max-image-preview:large, max-video-preview:-1\" \/>\n<link rel=\"canonical\" href=\"https:\/\/quehacerpolitico.mx\/?p=6877\" \/>\n<meta property=\"og:locale\" content=\"es_MX\" \/>\n<meta property=\"og:type\" content=\"article\" \/>\n<meta property=\"og:title\" content=\"El PRI debe ser m\u00e1s democr\u00e1tico y abierto: Ruiz Massieu -\" \/>\n<meta property=\"og:description\" content=\"La presidenta del partido destac\u00f3 que este momento es una buena oportunidad para recuperar la vocaci\u00f3n social que siempre los ha caracterizado Por Redacci\u00f3n QP\" \/>\n<meta property=\"og:url\" content=\"https:\/\/quehacerpolitico.mx\/?p=6877\" \/>\n<meta property=\"article:published_time\" content=\"2018-10-14T03:38:03+00:00\" \/>\n<meta name=\"author\" content=\"Redacci\u00f3n QP\" \/>\n<meta name=\"twitter:card\" content=\"summary_large_image\" \/>\n<meta name=\"twitter:label1\" content=\"Escrito por\" \/>\n\t<meta name=\"twitter:data1\" content=\"Redacci\u00f3n QP\" \/>\n\t<meta name=\"twitter:label2\" content=\"Tiempo de lectura\" \/>\n\t<meta name=\"twitter:data2\" content=\"2 minutos\" \/>\n<script type=\"application\/ld+json\" class=\"yoast-schema-graph\">{\"@context\":\"https:\\\/\\\/schema.org\",\"@graph\":[{\"@type\":\"Article\",\"@id\":\"https:\\\/\\\/quehacerpolitico.mx\\\/?p=6877#article\",\"isPartOf\":{\"@id\":\"https:\\\/\\\/quehacerpolitico.mx\\\/?p=6877\"},\"author\":{\"name\":\"Redacci\u00f3n QP\",\"@id\":\"https:\\\/\\\/quehacerpolitico.mx\\\/#\\\/schema\\\/person\\\/496d8ad2d1d3f8036101dca7ee39e585\"},\"headline\":\"El PRI debe ser m\u00e1s democr\u00e1tico y abierto: Ruiz Massieu\",\"datePublished\":\"2018-10-14T03:38:03+00:00\",\"mainEntityOfPage\":{\"@id\":\"https:\\\/\\\/quehacerpolitico.mx\\\/?p=6877\"},\"wordCount\":336,\"commentCount\":0,\"image\":{\"@id\":\"https:\\\/\\\/quehacerpolitico.mx\\\/?p=6877#primaryimage\"},\"thumbnailUrl\":\"\",\"articleSection\":[\"Noticias\"],\"inLanguage\":\"es\",\"potentialAction\":[{\"@type\":\"CommentAction\",\"name\":\"Comment\",\"target\":[\"https:\\\/\\\/quehacerpolitico.mx\\\/?p=6877#respond\"]}]},{\"@type\":\"WebPage\",\"@id\":\"https:\\\/\\\/quehacerpolitico.mx\\\/?p=6877\",\"url\":\"https:\\\/\\\/quehacerpolitico.mx\\\/?p=6877\",\"name\":\"El PRI debe ser m\u00e1s democr\u00e1tico y abierto: Ruiz Massieu -\",\"isPartOf\":{\"@id\":\"https:\\\/\\\/quehacerpolitico.mx\\\/#website\"},\"primaryImageOfPage\":{\"@id\":\"https:\\\/\\\/quehacerpolitico.mx\\\/?p=6877#primaryimage\"},\"image\":{\"@id\":\"https:\\\/\\\/quehacerpolitico.mx\\\/?p=6877#primaryimage\"},\"thumbnailUrl\":\"\",\"datePublished\":\"2018-10-14T03:38:03+00:00\",\"author\":{\"@id\":\"https:\\\/\\\/quehacerpolitico.mx\\\/#\\\/schema\\\/person\\\/496d8ad2d1d3f8036101dca7ee39e585\"},\"breadcrumb\":{\"@id\":\"https:\\\/\\\/quehacerpolitico.mx\\\/?p=6877#breadcrumb\"},\"inLanguage\":\"es\",\"potentialAction\":[{\"@type\":\"ReadAction\",\"target\":[\"https:\\\/\\\/quehacerpolitico.mx\\\/?p=6877\"]}]},{\"@type\":\"ImageObject\",\"inLanguage\":\"es\",\"@id\":\"https:\\\/\\\/quehacerpolitico.mx\\\/?p=6877#primaryimage\",\"url\":\"\",\"contentUrl\":\"\"},{\"@type\":\"BreadcrumbList\",\"@id\":\"https:\\\/\\\/quehacerpolitico.mx\\\/?p=6877#breadcrumb\",\"itemListElement\":[{\"@type\":\"ListItem\",\"position\":1,\"name\":\"Inicio\",\"item\":\"https:\\\/\\\/quehacerpolitico.mx\\\/\"},{\"@type\":\"ListItem\",\"position\":2,\"name\":\"El PRI debe ser m\u00e1s democr\u00e1tico y abierto: Ruiz Massieu\"}]},{\"@type\":\"WebSite\",\"@id\":\"https:\\\/\\\/quehacerpolitico.mx\\\/#website\",\"url\":\"https:\\\/\\\/quehacerpolitico.mx\\\/\",\"name\":\"\",\"description\":\"\",\"potentialAction\":[{\"@type\":\"SearchAction\",\"target\":{\"@type\":\"EntryPoint\",\"urlTemplate\":\"https:\\\/\\\/quehacerpolitico.mx\\\/?s={search_term_string}\"},\"query-input\":{\"@type\":\"PropertyValueSpecification\",\"valueRequired\":true,\"valueName\":\"search_term_string\"}}],\"inLanguage\":\"es\"},{\"@type\":\"Person\",\"@id\":\"https:\\\/\\\/quehacerpolitico.mx\\\/#\\\/schema\\\/person\\\/496d8ad2d1d3f8036101dca7ee39e585\",\"name\":\"Redacci\u00f3n QP\",\"image\":{\"@type\":\"ImageObject\",\"inLanguage\":\"es\",\"@id\":\"https:\\\/\\\/secure.gravatar.com\\\/avatar\\\/c7164ed6fdec453195284ad24a5ae5b6e1eed2b848477fa2a4787ba9adf39a41?s=96&d=mm&r=g\",\"url\":\"https:\\\/\\\/secure.gravatar.com\\\/avatar\\\/c7164ed6fdec453195284ad24a5ae5b6e1eed2b848477fa2a4787ba9adf39a41?s=96&d=mm&r=g\",\"contentUrl\":\"https:\\\/\\\/secure.gravatar.com\\\/avatar\\\/c7164ed6fdec453195284ad24a5ae5b6e1eed2b848477fa2a4787ba9adf39a41?s=96&d=mm&r=g\",\"caption\":\"Redacci\u00f3n QP\"},\"url\":\"https:\\\/\\\/quehacerpolitico.mx\\\/?author=2\"}]}<\/script>\n<!-- \/ Yoast SEO plugin. -->","yoast_head_json":{"title":"El PRI debe ser m\u00e1s democr\u00e1tico y abierto: Ruiz Massieu -","robots":{"index":"index","follow":"follow","max-snippet":"max-snippet:-1","max-image-preview":"max-image-preview:large","max-video-preview":"max-video-preview:-1"},"canonical":"https:\/\/quehacerpolitico.mx\/?p=6877","og_locale":"es_MX","og_type":"article","og_title":"El PRI debe ser m\u00e1s democr\u00e1tico y abierto: Ruiz Massieu -","og_description":"La presidenta del partido destac\u00f3 que este momento es una buena oportunidad para recuperar la vocaci\u00f3n social que siempre los ha caracterizado Por Redacci\u00f3n QP","og_url":"https:\/\/quehacerpolitico.mx\/?p=6877","article_published_time":"2018-10-14T03:38:03+00:00","author":"Redacci\u00f3n QP","twitter_card":"summary_large_image","twitter_misc":{"Escrito por":"Redacci\u00f3n QP","Tiempo de lectura":"2 minutos"},"schema":{"@context":"https:\/\/schema.org","@graph":[{"@type":"Article","@id":"https:\/\/quehacerpolitico.mx\/?p=6877#article","isPartOf":{"@id":"https:\/\/quehacerpolitico.mx\/?p=6877"},"author":{"name":"Redacci\u00f3n QP","@id":"https:\/\/quehacerpolitico.mx\/#\/schema\/person\/496d8ad2d1d3f8036101dca7ee39e585"},"headline":"El PRI debe ser m\u00e1s democr\u00e1tico y abierto: Ruiz Massieu","datePublished":"2018-10-14T03:38:03+00:00","mainEntityOfPage":{"@id":"https:\/\/quehacerpolitico.mx\/?p=6877"},"wordCount":336,"commentCount":0,"image":{"@id":"https:\/\/quehacerpolitico.mx\/?p=6877#primaryimage"},"thumbnailUrl":"","articleSection":["Noticias"],"inLanguage":"es","potentialAction":[{"@type":"CommentAction","name":"Comment","target":["https:\/\/quehacerpolitico.mx\/?p=6877#respond"]}]},{"@type":"WebPage","@id":"https:\/\/quehacerpolitico.mx\/?p=6877","url":"https:\/\/quehacerpolitico.mx\/?p=6877","name":"El PRI debe ser m\u00e1s democr\u00e1tico y abierto: Ruiz Massieu -","isPartOf":{"@id":"https:\/\/quehacerpolitico.mx\/#website"},"primaryImageOfPage":{"@id":"https:\/\/quehacerpolitico.mx\/?p=6877#primaryimage"},"image":{"@id":"https:\/\/quehacerpolitico.mx\/?p=6877#primaryimage"},"thumbnailUrl":"","datePublished":"2018-10-14T03:38:03+00:00","author":{"@id":"https:\/\/quehacerpolitico.mx\/#\/schema\/person\/496d8ad2d1d3f8036101dca7ee39e585"},"breadcrumb":{"@id":"https:\/\/quehacerpolitico.mx\/?p=6877#breadcrumb"},"inLanguage":"es","potentialAction":[{"@type":"ReadAction","target":["https:\/\/quehacerpolitico.mx\/?p=6877"]}]},{"@type":"ImageObject","inLanguage":"es","@id":"https:\/\/quehacerpolitico.mx\/?p=6877#primaryimage","url":"","contentUrl":""},{"@type":"BreadcrumbList","@id":"https:\/\/quehacerpolitico.mx\/?p=6877#breadcrumb","itemListElement":[{"@type":"ListItem","position":1,"name":"Inicio","item":"https:\/\/quehacerpolitico.mx\/"},{"@type":"ListItem","position":2,"name":"El PRI debe ser m\u00e1s democr\u00e1tico y abierto: Ruiz Massieu"}]},{"@type":"WebSite","@id":"https:\/\/quehacerpolitico.mx\/#website","url":"https:\/\/quehacerpolitico.mx\/","name":"","description":"","potentialAction":[{"@type":"SearchAction","target":{"@type":"EntryPoint","urlTemplate":"https:\/\/quehacerpolitico.mx\/?s={search_term_string}"},"query-input":{"@type":"PropertyValueSpecification","valueRequired":true,"valueName":"search_term_string"}}],"inLanguage":"es"},{"@type":"Person","@id":"https:\/\/quehacerpolitico.mx\/#\/schema\/person\/496d8ad2d1d3f8036101dca7ee39e585","name":"Redacci\u00f3n QP","image":{"@type":"ImageObject","inLanguage":"es","@id":"https:\/\/secure.gravatar.com\/avatar\/c7164ed6fdec453195284ad24a5ae5b6e1eed2b848477fa2a4787ba9adf39a41?s=96&d=mm&r=g","url":"https:\/\/secure.gravatar.com\/avatar\/c7164ed6fdec453195284ad24a5ae5b6e1eed2b848477fa2a4787ba9adf39a41?s=96&d=mm&r=g","contentUrl":"https:\/\/secure.gravatar.com\/avatar\/c7164ed6fdec453195284ad24a5ae5b6e1eed2b848477fa2a4787ba9adf39a41?s=96&d=mm&r=g","caption":"Redacci\u00f3n QP"},"url":"https:\/\/quehacerpolitico.mx\/?author=2"}]}},"featured_image_urls":{"full":"","thumbnail":"","medium":"","medium_large":"","large":"","1536x1536":"","2048x2048":"","covernews-featured":"","covernews-medium":""},"author_info":{"display_name":"Redacci\u00f3n QP","author_link":"https:\/\/quehacerpolitico.mx\/?author=2"},"category_info":"<a href=\"https:\/\/quehacerpolitico.mx\/?cat=2\" rel=\"category\">Noticias<\/a>","tag_info":"Noticias","comment_count":"0","_links":{"self":[{"href":"https:\/\/quehacerpolitico.mx\/index.php?rest_route=\/wp\/v2\/posts\/6877","targetHints":{"allow":["GET"]}}],"collection":[{"href":"https:\/\/quehacerpolitico.mx\/index.php?rest_route=\/wp\/v2\/posts"}],"about":[{"href":"https:\/\/quehacerpolitico.mx\/index.php?rest_route=\/wp\/v2\/types\/post"}],"author":[{"embeddable":true,"href":"https:\/\/quehacerpolitico.mx\/index.php?rest_route=\/wp\/v2\/users\/2"}],"replies":[{"embeddable":true,"href":"https:\/\/quehacerpolitico.mx\/index.php?rest_route=%2Fwp%2Fv2%2Fcomments&post=6877"}],"version-history":[{"count":0,"href":"https:\/\/quehacerpolitico.mx\/index.php?rest_route=\/wp\/v2\/posts\/6877\/revisions"}],"wp:featuredmedia":[{"embeddable":true,"href":"https:\/\/quehacerpolitico.mx\/index.php?rest_route=\/"}],"wp:attachment":[{"href":"https:\/\/quehacerpolitico.mx\/index.php?rest_route=%2Fwp%2Fv2%2Fmedia&parent=6877"}],"wp:term":[{"taxonomy":"category","embeddable":true,"href":"https:\/\/quehacerpolitico.mx\/index.php?rest_route=%2Fwp%2Fv2%2Fcategories&post=6877"},{"taxonomy":"post_tag","embeddable":true,"href":"https:\/\/quehacerpolitico.mx\/index.php?rest_route=%2Fwp%2Fv2%2Ftags&post=6877"}],"curies":[{"name":"wp","href":"https:\/\/api.w.org\/{rel}","templated":true}]}}