{"id":6863,"date":"2018-10-13T19:44:11","date_gmt":"2018-10-13T19:44:11","guid":{"rendered":"http:\/\/quehacerpolitico.mx\/inauguran-xviii-feria-internacional-del-libro-en-el-zocalo-capitalino-participan-800-casas-editoriales-y-mas-de-300-expositores\/"},"modified":"2018-10-13T19:44:11","modified_gmt":"2018-10-13T19:44:11","slug":"inauguran-xviii-feria-internacional-del-libro-en-el-zocalo-capitalino-participan-800-casas-editoriales-y-mas-de-300-expositores","status":"publish","type":"post","link":"https:\/\/quehacerpolitico.mx\/?p=6863","title":{"rendered":"INAUGURAN XVIII FERIA INTERNACIONAL DEL LIBRO EN EL Z\u00d3CALO CAPITALINO; PARTICIPAN 800 CASAS EDITORIALES Y M\u00c1S DE 300 EXPOSITORES"},"content":{"rendered":"<p class=\"yiv2275956310MsoNormal\"><span lang=\"ES\">Con el lema &#8220;Derechos y libertades&#8221; y las Letras del Caribe como invitadas de honor, autoridades capitalinas inauguraron la XVIII Feria Internacional del Libro en el Z\u00f3calo de la Ciudad de M\u00e9xico 2018 (FIL Z\u00f3calo) que estar\u00e1 presente hasta el 21 de octubre en la Plaza de la Constituci\u00f3n.<\/span><\/p>\n<p class=\"yiv2275956310MsoNormal\"><span lang=\"ES\">El lema busca reflexionar, discutir y visibilizar diversos derechos que se extienden a individuos, grupos y colectivos que tradicionalmente no han podido disfrutar de ellos. Se trata de abrir el di\u00e1logo p\u00fablico a temas de gran relevancia y actualidad internacional que caracterizan la cotidianidad, en voz de los diversos autores invitados, tanto nacionales e internacionales, como del Caribe.<\/span><\/p>\n<p class=\"yiv2275956310MsoNormal\"><span lang=\"ES\">El Jefe de Gobierno, Jos\u00e9 Ram\u00f3n Amieva G\u00e1lvez, afirm\u00f3 que la FIL Z\u00f3calo cumple como un medio de acercamiento, difusi\u00f3n y conocimiento, as\u00ed como de una instancia facilitadora y replicadora para que las personas tengan acceso a la cultura y al ejercicio de libertad de pensamiento.<\/span><\/p>\n<p class=\"yiv2275956310MsoNormal\"><span lang=\"ES\">\u00a0<\/span><span lang=\"ES\">&#8220;Un libro, una obra, una expresi\u00f3n cultural se convierte en una m\u00e1quina del tiempo, nos permite trasladarlos y vivir; no importa cu\u00e1l sea el momento, no importa cu\u00e1l sea el tema de la historia pasada o de lo que nos viene. Se convierte en una cizalla que nos permite cortar las cadenas que nos permite liberarnos y nos permite so\u00f1ar&#8221;, puntualiz\u00f3.<\/span><\/p>\n<p class=\"yiv2275956310MsoNormal\"><span lang=\"ES\">Luego de realizar un recorrido por los stands de la feria, el mandatario capitalino reiter\u00f3 que con la FIL Z\u00f3calo se ejerce el derecho a la cultura, a la educaci\u00f3n, a conocer la forma de pensamiento y a la libertad de pensamiento de todas las personas. Adem\u00e1s, indic\u00f3 que los libros se convierten tambi\u00e9n en una fuente para tener un desarrollo intelectual, conocer m\u00e1s experiencias y adquirir nuevos conocimientos.<\/span><\/p>\n<p class=\"yiv2275956310MsoNormal\"><span lang=\"ES\">Tambi\u00e9n expres\u00f3 que se convierten en un v\u00ednculo generacional porque &#8220;nosotros tenemos contacto con las generaciones anteriores y con las generaciones presentes que continuar\u00e1n habitando esta ciudad y este pa\u00eds, a trav\u00e9s de los mensajes, del contenido y de la sensaci\u00f3n que los libros despiertan en todas y en todos nosotros&#8221;.<\/span><\/p>\n<p class=\"yiv2275956310MsoNormal\"><span lang=\"ES\">Autoridades capitalinas entregaron los premios literarios de la Ciudad de M\u00e9xico: VIII edici\u00f3n del Premio al M\u00e9rito Cultural &#8220;Carlos Monsiv\u00e1is&#8221; 2018; V edici\u00f3n del Premio de Poes\u00eda Joven &#8220;Alejandro Aura&#8221; 2018; y XI Premio Iberoamericano de Novela &#8220;Elena Poniatowska&#8221; 2018.<\/span><\/p>\n<p class=\"yiv2275956310MsoNormal\"><span lang=\"ES\">El secretario de Cultura de la CDMX, Eduardo V\u00e1zquez Mart\u00edn, asegur\u00f3 que la FIL Z\u00f3calo es accesible porque es una de las ferias m\u00e1s baratas para las grandes y peque\u00f1as editoriales. Adem\u00e1s, dijo, el gobierno local participa en coordinaci\u00f3n con otras asociaciones para la organizaci\u00f3n e invitaciones de autores.<\/span><\/p>\n<p class=\"yiv2275956310MsoNormal\"><span lang=\"ES\">&#8220;Esta ciudad, es una ciudad que ha luchado mucho por los derechos y libertades. Es un referente en nuestro pa\u00eds, pero tambi\u00e9n en el mundo, de derechos de la mujer, de derechos de las minor\u00edas de la diversidad sexual, de los pueblos ind\u00edgenas; hay un trabajo para que los derechos y las libertades sean fundamento de esta ciudad&#8221;, subray\u00f3.<\/span><\/p>\n<p class=\"yiv2275956310MsoNormal\"><span lang=\"ES\">La directora general del Instituto de la Juventud (INJUVE), Mar\u00eda Fernanda Olvera Cabrera, apunt\u00f3 que la FIL en el Z\u00f3calo es reflejo de que el GCDMX tiene una vocaci\u00f3n plena al uso del espacio p\u00fablico, porque permite ser un punto de encuentro hacia las diversas expresiones de pensamiento.<\/span><\/p>\n<p class=\"yiv2275956310MsoNormal\"><span lang=\"ES\">La secretaria de la Asociaci\u00f3n Cultural El Estanquillo, Beatriz S\u00e1nchez Monsiv\u00e1is, expres\u00f3 que la feria es una gran fiesta cultural que fomenta la lectura y reconoci\u00f3 al gobierno capitalino por los trabajos para la difusi\u00f3n de la cultura en la urbe.<\/span><\/p>\n<p class=\"yiv2275956310MsoNormal\"><span lang=\"ES\">Desde 2001, la FIL Z\u00f3calo se presenta cada a\u00f1o en octubre en la Plaza de la Constituci\u00f3n, espacio de libre acceso donde se pone al alcance del p\u00fablico la producci\u00f3n editorial contempor\u00e1nea, tanto de editoriales grandes como independientes, adem\u00e1s de favorecer la formaci\u00f3n de redes entre editores, escritores, artistas, organizaciones y colectivos. En esta edici\u00f3n cuenta con la participaci\u00f3n de 800 casas editoriales y m\u00e1s de 300 expositores.<\/span><\/p>\n<p class=\"yiv2275956310MsoNormal\"><span lang=\"ES\">A trav\u00e9s de presentaciones de libros, conferencias, charlas, actividades multidisciplinarias y esc\u00e9nicas, mesas de di\u00e1logo, talleres y conciertos, se pondr\u00e1 \u00e9nfasis en los derechos y libertades que cobraron importancia a partir del Movimiento Estudiantil de 1968 \u2014con el fin de visibilizar su esp\u00edritu contestatario, antiautoritario, democratizador y cr\u00edtico\u2014, as\u00ed como derechos de gran pertinencia como los derechos humanos, culturales, de las mujeres, ambientales, ind\u00edgenas, de la diversidad sexual, de g\u00e9nero, de la libertad de expresi\u00f3n y manifestaci\u00f3n, entre otros.<\/span><\/p>\n<p class=\"yiv2275956310MsoNormal\"><span lang=\"ES\">Para mayor informaci\u00f3n consulte\u00a0<\/span><span lang=\"ES\"><a href=\"http:\/\/www.filzocalo.cdmx.gob.mx\/\" target=\"_blank\" rel=\"nofollow noopener\">http:\/\/www.filzocalo.cdmx.gob.mx<\/a><\/span><span lang=\"ES\">. La cartelera de la Secretar\u00eda de Cultura de la Ciudad de M\u00e9xico est\u00e1 disponible en<\/span><span lang=\"ES\"><a href=\"http:\/\/www.cultura.cdmx.gob.mx\/\" target=\"_blank\" rel=\"nofollow noopener\">http:\/\/www.cultura.cdmx.gob.mx<\/a><\/span><span lang=\"ES\">\u00a0y en el sitio\u00a0<\/span><span lang=\"ES\"><a href=\"http:\/\/www.cartelera.cdmx.gob.mx\/\" target=\"_blank\" rel=\"nofollow noopener\">http:\/\/www.cartelera.cdmx.gob.mx<\/a><\/span><span id=\"yMail_cursorElementTracker_1539457600381\" lang=\"ES\">; en redes sociales (Twitter, Facebook e Instagram) @CulturaCDMX.<\/span><\/p>\n","protected":false},"excerpt":{"rendered":"<p>INAUGURAN XVIII FERIA INTERNACIONAL DEL LIBRO EN EL Z\u00d3CALO CAPITALINO; PARTICIPAN 800 CASAS EDITORIALES Y M\u00c1S DE 300 EXPOSITORES<br \/>\nPor Redacci\u00f3n QP<\/p>\n","protected":false},"author":2,"featured_media":6862,"comment_status":"open","ping_status":"open","sticky":false,"template":"","format":"standard","meta":{"_monsterinsights_skip_tracking":false,"_monsterinsights_sitenote_active":false,"_monsterinsights_sitenote_note":"","_monsterinsights_sitenote_category":0,"footnotes":""},"categories":[55],"tags":[],"class_list":["post-6863","post","type-post","status-publish","format-standard","has-post-thumbnail","hentry","category-cdmx"],"yoast_head":"<!-- This site is optimized with the Yoast SEO plugin v27.3 - https:\/\/yoast.com\/product\/yoast-seo-wordpress\/ -->\n<title>INAUGURAN XVIII FERIA INTERNACIONAL DEL LIBRO EN EL Z\u00d3CALO CAPITALINO; PARTICIPAN 800 CASAS EDITORIALES Y M\u00c1S DE 300 EXPOSITORES -<\/title>\n<meta name=\"robots\" content=\"index, follow, max-snippet:-1, max-image-preview:large, max-video-preview:-1\" \/>\n<link rel=\"canonical\" href=\"https:\/\/quehacerpolitico.mx\/?p=6863\" \/>\n<meta property=\"og:locale\" content=\"es_MX\" \/>\n<meta property=\"og:type\" content=\"article\" \/>\n<meta property=\"og:title\" content=\"INAUGURAN XVIII FERIA INTERNACIONAL DEL LIBRO EN EL Z\u00d3CALO CAPITALINO; PARTICIPAN 800 CASAS EDITORIALES Y M\u00c1S DE 300 EXPOSITORES -\" \/>\n<meta property=\"og:description\" content=\"INAUGURAN XVIII FERIA INTERNACIONAL DEL LIBRO EN EL Z\u00d3CALO CAPITALINO; PARTICIPAN 800 CASAS EDITORIALES Y M\u00c1S DE 300 EXPOSITORES Por Redacci\u00f3n QP\" \/>\n<meta property=\"og:url\" content=\"https:\/\/quehacerpolitico.mx\/?p=6863\" \/>\n<meta property=\"article:published_time\" content=\"2018-10-13T19:44:11+00:00\" \/>\n<meta name=\"author\" content=\"Redacci\u00f3n QP\" \/>\n<meta name=\"twitter:card\" content=\"summary_large_image\" \/>\n<meta name=\"twitter:label1\" content=\"Escrito por\" \/>\n\t<meta name=\"twitter:data1\" content=\"Redacci\u00f3n QP\" \/>\n\t<meta name=\"twitter:label2\" content=\"Tiempo de lectura\" \/>\n\t<meta name=\"twitter:data2\" content=\"4 minutos\" \/>\n<script type=\"application\/ld+json\" class=\"yoast-schema-graph\">{\"@context\":\"https:\\\/\\\/schema.org\",\"@graph\":[{\"@type\":\"Article\",\"@id\":\"https:\\\/\\\/quehacerpolitico.mx\\\/?p=6863#article\",\"isPartOf\":{\"@id\":\"https:\\\/\\\/quehacerpolitico.mx\\\/?p=6863\"},\"author\":{\"name\":\"Redacci\u00f3n QP\",\"@id\":\"https:\\\/\\\/quehacerpolitico.mx\\\/#\\\/schema\\\/person\\\/496d8ad2d1d3f8036101dca7ee39e585\"},\"headline\":\"INAUGURAN XVIII FERIA INTERNACIONAL DEL LIBRO EN EL Z\u00d3CALO CAPITALINO; PARTICIPAN 800 CASAS EDITORIALES Y M\u00c1S DE 300 EXPOSITORES\",\"datePublished\":\"2018-10-13T19:44:11+00:00\",\"mainEntityOfPage\":{\"@id\":\"https:\\\/\\\/quehacerpolitico.mx\\\/?p=6863\"},\"wordCount\":852,\"commentCount\":0,\"image\":{\"@id\":\"https:\\\/\\\/quehacerpolitico.mx\\\/?p=6863#primaryimage\"},\"thumbnailUrl\":\"\",\"articleSection\":[\"CDMX\"],\"inLanguage\":\"es\",\"potentialAction\":[{\"@type\":\"CommentAction\",\"name\":\"Comment\",\"target\":[\"https:\\\/\\\/quehacerpolitico.mx\\\/?p=6863#respond\"]}]},{\"@type\":\"WebPage\",\"@id\":\"https:\\\/\\\/quehacerpolitico.mx\\\/?p=6863\",\"url\":\"https:\\\/\\\/quehacerpolitico.mx\\\/?p=6863\",\"name\":\"INAUGURAN XVIII FERIA INTERNACIONAL DEL LIBRO EN EL Z\u00d3CALO CAPITALINO; PARTICIPAN 800 CASAS EDITORIALES Y M\u00c1S DE 300 EXPOSITORES -\",\"isPartOf\":{\"@id\":\"https:\\\/\\\/quehacerpolitico.mx\\\/#website\"},\"primaryImageOfPage\":{\"@id\":\"https:\\\/\\\/quehacerpolitico.mx\\\/?p=6863#primaryimage\"},\"image\":{\"@id\":\"https:\\\/\\\/quehacerpolitico.mx\\\/?p=6863#primaryimage\"},\"thumbnailUrl\":\"\",\"datePublished\":\"2018-10-13T19:44:11+00:00\",\"author\":{\"@id\":\"https:\\\/\\\/quehacerpolitico.mx\\\/#\\\/schema\\\/person\\\/496d8ad2d1d3f8036101dca7ee39e585\"},\"breadcrumb\":{\"@id\":\"https:\\\/\\\/quehacerpolitico.mx\\\/?p=6863#breadcrumb\"},\"inLanguage\":\"es\",\"potentialAction\":[{\"@type\":\"ReadAction\",\"target\":[\"https:\\\/\\\/quehacerpolitico.mx\\\/?p=6863\"]}]},{\"@type\":\"ImageObject\",\"inLanguage\":\"es\",\"@id\":\"https:\\\/\\\/quehacerpolitico.mx\\\/?p=6863#primaryimage\",\"url\":\"\",\"contentUrl\":\"\"},{\"@type\":\"BreadcrumbList\",\"@id\":\"https:\\\/\\\/quehacerpolitico.mx\\\/?p=6863#breadcrumb\",\"itemListElement\":[{\"@type\":\"ListItem\",\"position\":1,\"name\":\"Inicio\",\"item\":\"https:\\\/\\\/quehacerpolitico.mx\\\/\"},{\"@type\":\"ListItem\",\"position\":2,\"name\":\"INAUGURAN XVIII FERIA INTERNACIONAL DEL LIBRO EN EL Z\u00d3CALO CAPITALINO; PARTICIPAN 800 CASAS EDITORIALES Y M\u00c1S DE 300 EXPOSITORES\"}]},{\"@type\":\"WebSite\",\"@id\":\"https:\\\/\\\/quehacerpolitico.mx\\\/#website\",\"url\":\"https:\\\/\\\/quehacerpolitico.mx\\\/\",\"name\":\"\",\"description\":\"\",\"potentialAction\":[{\"@type\":\"SearchAction\",\"target\":{\"@type\":\"EntryPoint\",\"urlTemplate\":\"https:\\\/\\\/quehacerpolitico.mx\\\/?s={search_term_string}\"},\"query-input\":{\"@type\":\"PropertyValueSpecification\",\"valueRequired\":true,\"valueName\":\"search_term_string\"}}],\"inLanguage\":\"es\"},{\"@type\":\"Person\",\"@id\":\"https:\\\/\\\/quehacerpolitico.mx\\\/#\\\/schema\\\/person\\\/496d8ad2d1d3f8036101dca7ee39e585\",\"name\":\"Redacci\u00f3n QP\",\"image\":{\"@type\":\"ImageObject\",\"inLanguage\":\"es\",\"@id\":\"https:\\\/\\\/secure.gravatar.com\\\/avatar\\\/c7164ed6fdec453195284ad24a5ae5b6e1eed2b848477fa2a4787ba9adf39a41?s=96&d=mm&r=g\",\"url\":\"https:\\\/\\\/secure.gravatar.com\\\/avatar\\\/c7164ed6fdec453195284ad24a5ae5b6e1eed2b848477fa2a4787ba9adf39a41?s=96&d=mm&r=g\",\"contentUrl\":\"https:\\\/\\\/secure.gravatar.com\\\/avatar\\\/c7164ed6fdec453195284ad24a5ae5b6e1eed2b848477fa2a4787ba9adf39a41?s=96&d=mm&r=g\",\"caption\":\"Redacci\u00f3n QP\"},\"url\":\"https:\\\/\\\/quehacerpolitico.mx\\\/?author=2\"}]}<\/script>\n<!-- \/ Yoast SEO plugin. -->","yoast_head_json":{"title":"INAUGURAN XVIII FERIA INTERNACIONAL DEL LIBRO EN EL Z\u00d3CALO CAPITALINO; PARTICIPAN 800 CASAS EDITORIALES Y M\u00c1S DE 300 EXPOSITORES -","robots":{"index":"index","follow":"follow","max-snippet":"max-snippet:-1","max-image-preview":"max-image-preview:large","max-video-preview":"max-video-preview:-1"},"canonical":"https:\/\/quehacerpolitico.mx\/?p=6863","og_locale":"es_MX","og_type":"article","og_title":"INAUGURAN XVIII FERIA INTERNACIONAL DEL LIBRO EN EL Z\u00d3CALO CAPITALINO; PARTICIPAN 800 CASAS EDITORIALES Y M\u00c1S DE 300 EXPOSITORES -","og_description":"INAUGURAN XVIII FERIA INTERNACIONAL DEL LIBRO EN EL Z\u00d3CALO CAPITALINO; PARTICIPAN 800 CASAS EDITORIALES Y M\u00c1S DE 300 EXPOSITORES Por Redacci\u00f3n QP","og_url":"https:\/\/quehacerpolitico.mx\/?p=6863","article_published_time":"2018-10-13T19:44:11+00:00","author":"Redacci\u00f3n QP","twitter_card":"summary_large_image","twitter_misc":{"Escrito por":"Redacci\u00f3n QP","Tiempo de lectura":"4 minutos"},"schema":{"@context":"https:\/\/schema.org","@graph":[{"@type":"Article","@id":"https:\/\/quehacerpolitico.mx\/?p=6863#article","isPartOf":{"@id":"https:\/\/quehacerpolitico.mx\/?p=6863"},"author":{"name":"Redacci\u00f3n QP","@id":"https:\/\/quehacerpolitico.mx\/#\/schema\/person\/496d8ad2d1d3f8036101dca7ee39e585"},"headline":"INAUGURAN XVIII FERIA INTERNACIONAL DEL LIBRO EN EL Z\u00d3CALO CAPITALINO; PARTICIPAN 800 CASAS EDITORIALES Y M\u00c1S DE 300 EXPOSITORES","datePublished":"2018-10-13T19:44:11+00:00","mainEntityOfPage":{"@id":"https:\/\/quehacerpolitico.mx\/?p=6863"},"wordCount":852,"commentCount":0,"image":{"@id":"https:\/\/quehacerpolitico.mx\/?p=6863#primaryimage"},"thumbnailUrl":"","articleSection":["CDMX"],"inLanguage":"es","potentialAction":[{"@type":"CommentAction","name":"Comment","target":["https:\/\/quehacerpolitico.mx\/?p=6863#respond"]}]},{"@type":"WebPage","@id":"https:\/\/quehacerpolitico.mx\/?p=6863","url":"https:\/\/quehacerpolitico.mx\/?p=6863","name":"INAUGURAN XVIII FERIA INTERNACIONAL DEL LIBRO EN EL Z\u00d3CALO CAPITALINO; PARTICIPAN 800 CASAS EDITORIALES Y M\u00c1S DE 300 EXPOSITORES -","isPartOf":{"@id":"https:\/\/quehacerpolitico.mx\/#website"},"primaryImageOfPage":{"@id":"https:\/\/quehacerpolitico.mx\/?p=6863#primaryimage"},"image":{"@id":"https:\/\/quehacerpolitico.mx\/?p=6863#primaryimage"},"thumbnailUrl":"","datePublished":"2018-10-13T19:44:11+00:00","author":{"@id":"https:\/\/quehacerpolitico.mx\/#\/schema\/person\/496d8ad2d1d3f8036101dca7ee39e585"},"breadcrumb":{"@id":"https:\/\/quehacerpolitico.mx\/?p=6863#breadcrumb"},"inLanguage":"es","potentialAction":[{"@type":"ReadAction","target":["https:\/\/quehacerpolitico.mx\/?p=6863"]}]},{"@type":"ImageObject","inLanguage":"es","@id":"https:\/\/quehacerpolitico.mx\/?p=6863#primaryimage","url":"","contentUrl":""},{"@type":"BreadcrumbList","@id":"https:\/\/quehacerpolitico.mx\/?p=6863#breadcrumb","itemListElement":[{"@type":"ListItem","position":1,"name":"Inicio","item":"https:\/\/quehacerpolitico.mx\/"},{"@type":"ListItem","position":2,"name":"INAUGURAN XVIII FERIA INTERNACIONAL DEL LIBRO EN EL Z\u00d3CALO CAPITALINO; PARTICIPAN 800 CASAS EDITORIALES Y M\u00c1S DE 300 EXPOSITORES"}]},{"@type":"WebSite","@id":"https:\/\/quehacerpolitico.mx\/#website","url":"https:\/\/quehacerpolitico.mx\/","name":"","description":"","potentialAction":[{"@type":"SearchAction","target":{"@type":"EntryPoint","urlTemplate":"https:\/\/quehacerpolitico.mx\/?s={search_term_string}"},"query-input":{"@type":"PropertyValueSpecification","valueRequired":true,"valueName":"search_term_string"}}],"inLanguage":"es"},{"@type":"Person","@id":"https:\/\/quehacerpolitico.mx\/#\/schema\/person\/496d8ad2d1d3f8036101dca7ee39e585","name":"Redacci\u00f3n QP","image":{"@type":"ImageObject","inLanguage":"es","@id":"https:\/\/secure.gravatar.com\/avatar\/c7164ed6fdec453195284ad24a5ae5b6e1eed2b848477fa2a4787ba9adf39a41?s=96&d=mm&r=g","url":"https:\/\/secure.gravatar.com\/avatar\/c7164ed6fdec453195284ad24a5ae5b6e1eed2b848477fa2a4787ba9adf39a41?s=96&d=mm&r=g","contentUrl":"https:\/\/secure.gravatar.com\/avatar\/c7164ed6fdec453195284ad24a5ae5b6e1eed2b848477fa2a4787ba9adf39a41?s=96&d=mm&r=g","caption":"Redacci\u00f3n QP"},"url":"https:\/\/quehacerpolitico.mx\/?author=2"}]}},"featured_image_urls":{"full":"","thumbnail":"","medium":"","medium_large":"","large":"","1536x1536":"","2048x2048":"","covernews-featured":"","covernews-medium":""},"author_info":{"display_name":"Redacci\u00f3n QP","author_link":"https:\/\/quehacerpolitico.mx\/?author=2"},"category_info":"<a href=\"https:\/\/quehacerpolitico.mx\/?cat=55\" rel=\"category\">CDMX<\/a>","tag_info":"CDMX","comment_count":"0","_links":{"self":[{"href":"https:\/\/quehacerpolitico.mx\/index.php?rest_route=\/wp\/v2\/posts\/6863","targetHints":{"allow":["GET"]}}],"collection":[{"href":"https:\/\/quehacerpolitico.mx\/index.php?rest_route=\/wp\/v2\/posts"}],"about":[{"href":"https:\/\/quehacerpolitico.mx\/index.php?rest_route=\/wp\/v2\/types\/post"}],"author":[{"embeddable":true,"href":"https:\/\/quehacerpolitico.mx\/index.php?rest_route=\/wp\/v2\/users\/2"}],"replies":[{"embeddable":true,"href":"https:\/\/quehacerpolitico.mx\/index.php?rest_route=%2Fwp%2Fv2%2Fcomments&post=6863"}],"version-history":[{"count":0,"href":"https:\/\/quehacerpolitico.mx\/index.php?rest_route=\/wp\/v2\/posts\/6863\/revisions"}],"wp:featuredmedia":[{"embeddable":true,"href":"https:\/\/quehacerpolitico.mx\/index.php?rest_route=\/"}],"wp:attachment":[{"href":"https:\/\/quehacerpolitico.mx\/index.php?rest_route=%2Fwp%2Fv2%2Fmedia&parent=6863"}],"wp:term":[{"taxonomy":"category","embeddable":true,"href":"https:\/\/quehacerpolitico.mx\/index.php?rest_route=%2Fwp%2Fv2%2Fcategories&post=6863"},{"taxonomy":"post_tag","embeddable":true,"href":"https:\/\/quehacerpolitico.mx\/index.php?rest_route=%2Fwp%2Fv2%2Ftags&post=6863"}],"curies":[{"name":"wp","href":"https:\/\/api.w.org\/{rel}","templated":true}]}}