{"id":6849,"date":"2018-10-13T17:53:15","date_gmt":"2018-10-13T17:53:15","guid":{"rendered":"http:\/\/quehacerpolitico.mx\/diputado-del-prd-pasa-del-ponido-al-resolvido\/"},"modified":"2018-10-13T17:53:15","modified_gmt":"2018-10-13T17:53:15","slug":"diputado-del-prd-pasa-del-ponido-al-resolvido","status":"publish","type":"post","link":"https:\/\/quehacerpolitico.mx\/?p=6849","title":{"rendered":"Diputado del PRD pasa del &#8220;ponido&#8221; al &#8220;resolvido&#8221;"},"content":{"rendered":"<p>Tras el incidente en tribuna, Ricardo Gallardo Cardona, coordinador de la bancada del Partido de la Revoluci\u00f3n Democr\u00e1tica (PRD) en la C\u00e1mara de Diputados, <strong>cay\u00f3 en otro error al pronunciar la palabra &#8220;resolvido&#8221; en lugar de &#8220;resuelto&#8221;, mientras otorgaba una rueda de prensa a medios locales potosinos.<\/strong><\/p>\n<blockquote>\n<p>&#8220;No podemos abrir o aprobar un paquete econ\u00f3mico donde primero no hemos resolvido, resuelto, perd\u00f3n, las principales causas que afectan al pa\u00eds&#8221;<\/p>\n<\/blockquote>\n<p>El legislador, que forma parte de la Comisi\u00f3n de Presupuesto, hablaba de las promesas de campa\u00f1a de Andres Manuel L\u00f3pez Obrador\u00a0como las becas a &#8220;ninis&#8221;, la creaci\u00f3n de nuevas universidades y la cantidad de recursos que se requieren para llevarlas a cabo, lo que contrast\u00f3 con otros temas que no se han resuelto en materia de oportunidades para la ciudadan\u00eda.<\/p>\n<p>&#8220;No podemos abrir o aprobar un paquete econ\u00f3mico <strong>donde primero no hemos resolvido(sic), resuelto, perd\u00f3n, las principales causas que afectan al pa\u00ed<\/strong>s. Es importante que primero paremos los aumentos a la gasolina, es importante que primero se reduzca (el costo de) la electricidad&#8221;, se\u00f1al\u00f3.<\/p>\n<p>El perredista detect\u00f3 el error y de inmediato corrigi\u00f3, sin embargo, <strong>el momento ya hab\u00eda quedado registrado en las c\u00e1maras y grabadoras de los periodistas presentes.<\/strong><\/p>\n<blockquote class=\"twitter-tweet\" data-width=\"550\" data-dnt=\"true\">\n<p lang=\"es\" dir=\"ltr\">NoEsBroma <\/p>\n<p>DEL &quot;PONIDO&quot; AL &quot;RESOLVIDO&quot; EL POLLO GALLARDO LO VUELVE HACER.<\/p>\n<p>Hpy en una rueda de prensa con reporteros potosinos el Coordinador del <a href=\"https:\/\/twitter.com\/PRDMexico?ref_src=twsrc%5Etfw\">@PRDMexico<\/a> Ricardo Gallardo volvi\u00f3 a exhibir su poca preparaci\u00f3n<\/p>\n<p>Escuchen el nivel de nuestro representante en San L\u00e1zaro  \ud83d\udc47 <a href=\"https:\/\/t.co\/PKuPqbPBQn\">pic.twitter.com\/PKuPqbPBQn<\/a><\/p>\n<p>&mdash; Omar Ni\u00f1o (@OmarNino13) <a href=\"https:\/\/twitter.com\/OmarNino13\/status\/1050834228932268032?ref_src=twsrc%5Etfw\">October 12, 2018<\/a><\/p><\/blockquote>\n<p><script async src=\"https:\/\/platform.twitter.com\/widgets.js\" charset=\"utf-8\"><\/script><\/p>\n<p>Luego de su pasado lapsus, el diputado\u00a0federal asegur\u00f3 haber realizado planas para corregir su lenguaje, luego de que en tribuna se le escapara un &#8220;ponido&#8221; mientras expon\u00eda la postura de su partido respecto al plan de trabajo trazado por Andr\u00e9s Manuel L\u00f3pez Obrador, presidente electo, en materia salarial.<\/p>\n","protected":false},"excerpt":{"rendered":"<p>Ricardo Gallardo cay\u00f3 en otro error durante una rueda de prensa en San Luis Potos\u00ed<br \/>\nPor Redacci\u00f3n QP<\/p>\n","protected":false},"author":2,"featured_media":6848,"comment_status":"open","ping_status":"open","sticky":false,"template":"","format":"standard","meta":{"_monsterinsights_skip_tracking":false,"_monsterinsights_sitenote_active":false,"_monsterinsights_sitenote_note":"","_monsterinsights_sitenote_category":0,"footnotes":""},"categories":[2],"tags":[],"class_list":["post-6849","post","type-post","status-publish","format-standard","has-post-thumbnail","hentry","category-noticias"],"yoast_head":"<!-- This site is optimized with the Yoast SEO plugin v27.3 - https:\/\/yoast.com\/product\/yoast-seo-wordpress\/ -->\n<title>Diputado del PRD pasa del &quot;ponido&quot; al &quot;resolvido&quot; -<\/title>\n<meta name=\"robots\" content=\"index, follow, max-snippet:-1, max-image-preview:large, max-video-preview:-1\" \/>\n<link rel=\"canonical\" href=\"https:\/\/quehacerpolitico.mx\/?p=6849\" \/>\n<meta property=\"og:locale\" content=\"es_MX\" \/>\n<meta property=\"og:type\" content=\"article\" \/>\n<meta property=\"og:title\" content=\"Diputado del PRD pasa del &quot;ponido&quot; al &quot;resolvido&quot; -\" \/>\n<meta property=\"og:description\" content=\"Ricardo Gallardo cay\u00f3 en otro error durante una rueda de prensa en San Luis Potos\u00ed Por Redacci\u00f3n QP\" \/>\n<meta property=\"og:url\" content=\"https:\/\/quehacerpolitico.mx\/?p=6849\" \/>\n<meta property=\"article:published_time\" content=\"2018-10-13T17:53:15+00:00\" \/>\n<meta name=\"author\" content=\"Redacci\u00f3n QP\" \/>\n<meta name=\"twitter:card\" content=\"summary_large_image\" \/>\n<meta name=\"twitter:label1\" content=\"Escrito por\" \/>\n\t<meta name=\"twitter:data1\" content=\"Redacci\u00f3n QP\" \/>\n\t<meta name=\"twitter:label2\" content=\"Tiempo de lectura\" \/>\n\t<meta name=\"twitter:data2\" content=\"1 minuto\" \/>\n<script type=\"application\/ld+json\" class=\"yoast-schema-graph\">{\"@context\":\"https:\\\/\\\/schema.org\",\"@graph\":[{\"@type\":\"Article\",\"@id\":\"https:\\\/\\\/quehacerpolitico.mx\\\/?p=6849#article\",\"isPartOf\":{\"@id\":\"https:\\\/\\\/quehacerpolitico.mx\\\/?p=6849\"},\"author\":{\"name\":\"Redacci\u00f3n QP\",\"@id\":\"https:\\\/\\\/quehacerpolitico.mx\\\/#\\\/schema\\\/person\\\/496d8ad2d1d3f8036101dca7ee39e585\"},\"headline\":\"Diputado del PRD pasa del &#8220;ponido&#8221; al &#8220;resolvido&#8221;\",\"datePublished\":\"2018-10-13T17:53:15+00:00\",\"mainEntityOfPage\":{\"@id\":\"https:\\\/\\\/quehacerpolitico.mx\\\/?p=6849\"},\"wordCount\":284,\"commentCount\":0,\"image\":{\"@id\":\"https:\\\/\\\/quehacerpolitico.mx\\\/?p=6849#primaryimage\"},\"thumbnailUrl\":\"\",\"articleSection\":[\"Noticias\"],\"inLanguage\":\"es\",\"potentialAction\":[{\"@type\":\"CommentAction\",\"name\":\"Comment\",\"target\":[\"https:\\\/\\\/quehacerpolitico.mx\\\/?p=6849#respond\"]}]},{\"@type\":\"WebPage\",\"@id\":\"https:\\\/\\\/quehacerpolitico.mx\\\/?p=6849\",\"url\":\"https:\\\/\\\/quehacerpolitico.mx\\\/?p=6849\",\"name\":\"Diputado del PRD pasa del \\\"ponido\\\" al \\\"resolvido\\\" -\",\"isPartOf\":{\"@id\":\"https:\\\/\\\/quehacerpolitico.mx\\\/#website\"},\"primaryImageOfPage\":{\"@id\":\"https:\\\/\\\/quehacerpolitico.mx\\\/?p=6849#primaryimage\"},\"image\":{\"@id\":\"https:\\\/\\\/quehacerpolitico.mx\\\/?p=6849#primaryimage\"},\"thumbnailUrl\":\"\",\"datePublished\":\"2018-10-13T17:53:15+00:00\",\"author\":{\"@id\":\"https:\\\/\\\/quehacerpolitico.mx\\\/#\\\/schema\\\/person\\\/496d8ad2d1d3f8036101dca7ee39e585\"},\"breadcrumb\":{\"@id\":\"https:\\\/\\\/quehacerpolitico.mx\\\/?p=6849#breadcrumb\"},\"inLanguage\":\"es\",\"potentialAction\":[{\"@type\":\"ReadAction\",\"target\":[\"https:\\\/\\\/quehacerpolitico.mx\\\/?p=6849\"]}]},{\"@type\":\"ImageObject\",\"inLanguage\":\"es\",\"@id\":\"https:\\\/\\\/quehacerpolitico.mx\\\/?p=6849#primaryimage\",\"url\":\"\",\"contentUrl\":\"\"},{\"@type\":\"BreadcrumbList\",\"@id\":\"https:\\\/\\\/quehacerpolitico.mx\\\/?p=6849#breadcrumb\",\"itemListElement\":[{\"@type\":\"ListItem\",\"position\":1,\"name\":\"Inicio\",\"item\":\"https:\\\/\\\/quehacerpolitico.mx\\\/\"},{\"@type\":\"ListItem\",\"position\":2,\"name\":\"Diputado del PRD pasa del &#8220;ponido&#8221; al &#8220;resolvido&#8221;\"}]},{\"@type\":\"WebSite\",\"@id\":\"https:\\\/\\\/quehacerpolitico.mx\\\/#website\",\"url\":\"https:\\\/\\\/quehacerpolitico.mx\\\/\",\"name\":\"\",\"description\":\"\",\"potentialAction\":[{\"@type\":\"SearchAction\",\"target\":{\"@type\":\"EntryPoint\",\"urlTemplate\":\"https:\\\/\\\/quehacerpolitico.mx\\\/?s={search_term_string}\"},\"query-input\":{\"@type\":\"PropertyValueSpecification\",\"valueRequired\":true,\"valueName\":\"search_term_string\"}}],\"inLanguage\":\"es\"},{\"@type\":\"Person\",\"@id\":\"https:\\\/\\\/quehacerpolitico.mx\\\/#\\\/schema\\\/person\\\/496d8ad2d1d3f8036101dca7ee39e585\",\"name\":\"Redacci\u00f3n QP\",\"image\":{\"@type\":\"ImageObject\",\"inLanguage\":\"es\",\"@id\":\"https:\\\/\\\/secure.gravatar.com\\\/avatar\\\/c7164ed6fdec453195284ad24a5ae5b6e1eed2b848477fa2a4787ba9adf39a41?s=96&d=mm&r=g\",\"url\":\"https:\\\/\\\/secure.gravatar.com\\\/avatar\\\/c7164ed6fdec453195284ad24a5ae5b6e1eed2b848477fa2a4787ba9adf39a41?s=96&d=mm&r=g\",\"contentUrl\":\"https:\\\/\\\/secure.gravatar.com\\\/avatar\\\/c7164ed6fdec453195284ad24a5ae5b6e1eed2b848477fa2a4787ba9adf39a41?s=96&d=mm&r=g\",\"caption\":\"Redacci\u00f3n QP\"},\"url\":\"https:\\\/\\\/quehacerpolitico.mx\\\/?author=2\"}]}<\/script>\n<!-- \/ Yoast SEO plugin. -->","yoast_head_json":{"title":"Diputado del PRD pasa del \"ponido\" al \"resolvido\" -","robots":{"index":"index","follow":"follow","max-snippet":"max-snippet:-1","max-image-preview":"max-image-preview:large","max-video-preview":"max-video-preview:-1"},"canonical":"https:\/\/quehacerpolitico.mx\/?p=6849","og_locale":"es_MX","og_type":"article","og_title":"Diputado del PRD pasa del \"ponido\" al \"resolvido\" -","og_description":"Ricardo Gallardo cay\u00f3 en otro error durante una rueda de prensa en San Luis Potos\u00ed Por Redacci\u00f3n QP","og_url":"https:\/\/quehacerpolitico.mx\/?p=6849","article_published_time":"2018-10-13T17:53:15+00:00","author":"Redacci\u00f3n QP","twitter_card":"summary_large_image","twitter_misc":{"Escrito por":"Redacci\u00f3n QP","Tiempo de lectura":"1 minuto"},"schema":{"@context":"https:\/\/schema.org","@graph":[{"@type":"Article","@id":"https:\/\/quehacerpolitico.mx\/?p=6849#article","isPartOf":{"@id":"https:\/\/quehacerpolitico.mx\/?p=6849"},"author":{"name":"Redacci\u00f3n QP","@id":"https:\/\/quehacerpolitico.mx\/#\/schema\/person\/496d8ad2d1d3f8036101dca7ee39e585"},"headline":"Diputado del PRD pasa del &#8220;ponido&#8221; al &#8220;resolvido&#8221;","datePublished":"2018-10-13T17:53:15+00:00","mainEntityOfPage":{"@id":"https:\/\/quehacerpolitico.mx\/?p=6849"},"wordCount":284,"commentCount":0,"image":{"@id":"https:\/\/quehacerpolitico.mx\/?p=6849#primaryimage"},"thumbnailUrl":"","articleSection":["Noticias"],"inLanguage":"es","potentialAction":[{"@type":"CommentAction","name":"Comment","target":["https:\/\/quehacerpolitico.mx\/?p=6849#respond"]}]},{"@type":"WebPage","@id":"https:\/\/quehacerpolitico.mx\/?p=6849","url":"https:\/\/quehacerpolitico.mx\/?p=6849","name":"Diputado del PRD pasa del \"ponido\" al \"resolvido\" -","isPartOf":{"@id":"https:\/\/quehacerpolitico.mx\/#website"},"primaryImageOfPage":{"@id":"https:\/\/quehacerpolitico.mx\/?p=6849#primaryimage"},"image":{"@id":"https:\/\/quehacerpolitico.mx\/?p=6849#primaryimage"},"thumbnailUrl":"","datePublished":"2018-10-13T17:53:15+00:00","author":{"@id":"https:\/\/quehacerpolitico.mx\/#\/schema\/person\/496d8ad2d1d3f8036101dca7ee39e585"},"breadcrumb":{"@id":"https:\/\/quehacerpolitico.mx\/?p=6849#breadcrumb"},"inLanguage":"es","potentialAction":[{"@type":"ReadAction","target":["https:\/\/quehacerpolitico.mx\/?p=6849"]}]},{"@type":"ImageObject","inLanguage":"es","@id":"https:\/\/quehacerpolitico.mx\/?p=6849#primaryimage","url":"","contentUrl":""},{"@type":"BreadcrumbList","@id":"https:\/\/quehacerpolitico.mx\/?p=6849#breadcrumb","itemListElement":[{"@type":"ListItem","position":1,"name":"Inicio","item":"https:\/\/quehacerpolitico.mx\/"},{"@type":"ListItem","position":2,"name":"Diputado del PRD pasa del &#8220;ponido&#8221; al &#8220;resolvido&#8221;"}]},{"@type":"WebSite","@id":"https:\/\/quehacerpolitico.mx\/#website","url":"https:\/\/quehacerpolitico.mx\/","name":"","description":"","potentialAction":[{"@type":"SearchAction","target":{"@type":"EntryPoint","urlTemplate":"https:\/\/quehacerpolitico.mx\/?s={search_term_string}"},"query-input":{"@type":"PropertyValueSpecification","valueRequired":true,"valueName":"search_term_string"}}],"inLanguage":"es"},{"@type":"Person","@id":"https:\/\/quehacerpolitico.mx\/#\/schema\/person\/496d8ad2d1d3f8036101dca7ee39e585","name":"Redacci\u00f3n QP","image":{"@type":"ImageObject","inLanguage":"es","@id":"https:\/\/secure.gravatar.com\/avatar\/c7164ed6fdec453195284ad24a5ae5b6e1eed2b848477fa2a4787ba9adf39a41?s=96&d=mm&r=g","url":"https:\/\/secure.gravatar.com\/avatar\/c7164ed6fdec453195284ad24a5ae5b6e1eed2b848477fa2a4787ba9adf39a41?s=96&d=mm&r=g","contentUrl":"https:\/\/secure.gravatar.com\/avatar\/c7164ed6fdec453195284ad24a5ae5b6e1eed2b848477fa2a4787ba9adf39a41?s=96&d=mm&r=g","caption":"Redacci\u00f3n QP"},"url":"https:\/\/quehacerpolitico.mx\/?author=2"}]}},"featured_image_urls":{"full":"","thumbnail":"","medium":"","medium_large":"","large":"","1536x1536":"","2048x2048":"","covernews-featured":"","covernews-medium":""},"author_info":{"display_name":"Redacci\u00f3n QP","author_link":"https:\/\/quehacerpolitico.mx\/?author=2"},"category_info":"<a href=\"https:\/\/quehacerpolitico.mx\/?cat=2\" rel=\"category\">Noticias<\/a>","tag_info":"Noticias","comment_count":"0","_links":{"self":[{"href":"https:\/\/quehacerpolitico.mx\/index.php?rest_route=\/wp\/v2\/posts\/6849","targetHints":{"allow":["GET"]}}],"collection":[{"href":"https:\/\/quehacerpolitico.mx\/index.php?rest_route=\/wp\/v2\/posts"}],"about":[{"href":"https:\/\/quehacerpolitico.mx\/index.php?rest_route=\/wp\/v2\/types\/post"}],"author":[{"embeddable":true,"href":"https:\/\/quehacerpolitico.mx\/index.php?rest_route=\/wp\/v2\/users\/2"}],"replies":[{"embeddable":true,"href":"https:\/\/quehacerpolitico.mx\/index.php?rest_route=%2Fwp%2Fv2%2Fcomments&post=6849"}],"version-history":[{"count":0,"href":"https:\/\/quehacerpolitico.mx\/index.php?rest_route=\/wp\/v2\/posts\/6849\/revisions"}],"wp:featuredmedia":[{"embeddable":true,"href":"https:\/\/quehacerpolitico.mx\/index.php?rest_route=\/"}],"wp:attachment":[{"href":"https:\/\/quehacerpolitico.mx\/index.php?rest_route=%2Fwp%2Fv2%2Fmedia&parent=6849"}],"wp:term":[{"taxonomy":"category","embeddable":true,"href":"https:\/\/quehacerpolitico.mx\/index.php?rest_route=%2Fwp%2Fv2%2Fcategories&post=6849"},{"taxonomy":"post_tag","embeddable":true,"href":"https:\/\/quehacerpolitico.mx\/index.php?rest_route=%2Fwp%2Fv2%2Ftags&post=6849"}],"curies":[{"name":"wp","href":"https:\/\/api.w.org\/{rel}","templated":true}]}}