{"id":6833,"date":"2018-10-13T16:44:03","date_gmt":"2018-10-13T16:44:03","guid":{"rendered":"http:\/\/quehacerpolitico.mx\/el-cunado-de-isaias-gomez-pareja-de-sharis-cid-es-detenido-como-presunto-coautor-del-crimen\/"},"modified":"2018-10-13T16:44:03","modified_gmt":"2018-10-13T16:44:03","slug":"el-cunado-de-isaias-gomez-pareja-de-sharis-cid-es-detenido-como-presunto-coautor-del-crimen","status":"publish","type":"post","link":"https:\/\/quehacerpolitico.mx\/?p=6833","title":{"rendered":"El cu\u00f1ado de Isa\u00edas G\u00f3mez, pareja de Sharis Cid, es detenido como presunto coautor del crimen"},"content":{"rendered":"<h3>Este viernes un juez habr\u00eda dictado auto de vinculaci\u00f3n a proceso contra el cu\u00f1ado de\u00a0Isa\u00edas G\u00f3mez, H\u00e9ctor Francisco \u201cN\u201d, como probable coautor del homicidio doloso, Isa\u00edas fue asesinado la tarde del pasado domingo a unos metros de un lugar emblem\u00e1tico de San Miguel de Allende\u00a0 como es el mirador Pedro Vargas, que en esos momentos se encontraba repleto de turistas ya que la ciudad celebraba las fiestas patronales en honor de San Miguel Arc\u00e1ngel.<\/h3>\n<p>Fue detenido un hombre acusado de ser el coautor del crimen del <strong>empresario Isa\u00edas G\u00f3mez<\/strong>, novio de la<strong> actriz Sharis Cid<\/strong>, <strong>asesinado<\/strong> a fines de septiembre en el Mirador de San Miguel de <strong>Allende,<\/strong><strong>Guanajuato<\/strong>. El sujeto fue identificado como<strong>H\u00e9ctor Francisco \u201cN\u201d<\/strong>, pareja de Edelmira G\u00f3mez, hermana de Isa\u00edas, y por tanto, <strong>cu\u00f1ado<\/strong>del hoy occiso.<\/p>\n<p>El crimen fue cometido la tarde del domingo 30 de septiembre, en plenas fiestas patronales y con gran cantidad de turistas, en la Salida Real a Quer\u00e9taro. Las c\u00e1maras de la Polic\u00eda captaron el momento. El video grabado por una c\u00e1mara de seguridad del C4 de la Polic\u00eda de\u00a0<strong>San Miguel de Allende\u00a0<\/strong>capt\u00f3 la escena donde se observa c\u00f3mo el empresario y su pareja regresaban en un autom\u00f3vil a su lugar de hospedaje. De pronto, un hombre que viajaba en una motocicleta les cierra el paso y dispara en varias ocasiones contra Isa\u00edas.<\/p>\n<p>Una vez perpetrado el ataque, el sujeto abandon\u00f3 su motocicleta y huyo corriendo del lugar hacia Paseo de los Conspiradores.<\/p>\n<p>El <strong>homicidio<\/strong> del <strong>empresario<\/strong> oblig\u00f3 al cierre de los dos negocios que hab\u00eda inaugurado d\u00edas antes: el Hotel \u201cCantera y Plata\u201d y el Restaurante \u201cMiguela\u201d, de reciente creaci\u00f3n, ambos ubicados en la colonia Atascadero. Y fue precisamente Edelmira G\u00f3mez, hermana del fallecido, quien habr\u00eda hablado con los empleados, agradeci\u00e9ndoles su trabajo y pidi\u00e9ndoles su comprensi\u00f3n por la situaci\u00f3n que estaban pasando.<\/p>\n<p>Este viernes un juez dict\u00f3 auto de vinculaci\u00f3n a proceso contra el cu\u00f1ado de la v\u00edctima, <strong>H\u00e9ctor Francisco \u201cN\u201d<\/strong>,\u00a0como probable coautor del homicidio doloso, seg\u00fan la investigaci\u00f3n presentada por la Procuradur\u00eda General de Justicia del Estado.<\/p>\n<p>Extraoficialmente tambi\u00e9n se mencion\u00f3 que Edelmira G\u00f3mez ser\u00e1 citada a declarar en los pr\u00f3ximos d\u00edas.<\/p>\n<p><strong>Sharis Cid<\/strong>, es una actriz y conductora mexicana originaria de Torre\u00f3n Coahuila, particip\u00f3 en telenovelas como\u00a0<em>La intrusa<\/em>,\u00a0<em>Bajo la misma piel<\/em>,\u00a0<em>Rebelde<\/em>,\u00a0<em>Tres milagros<\/em>, entre otras.<\/p>\n","protected":false},"excerpt":{"rendered":"<p>El cu\u00f1ado de Isa\u00edas G\u00f3mez, pareja de Sharis Cid, es detenido como presunto coautor del crimen<br \/>\nPor Redacci\u00f3n QP<\/p>\n","protected":false},"author":2,"featured_media":6832,"comment_status":"open","ping_status":"open","sticky":false,"template":"","format":"standard","meta":{"_monsterinsights_skip_tracking":false,"_monsterinsights_sitenote_active":false,"_monsterinsights_sitenote_note":"","_monsterinsights_sitenote_category":0,"footnotes":""},"categories":[2],"tags":[],"class_list":["post-6833","post","type-post","status-publish","format-standard","has-post-thumbnail","hentry","category-noticias"],"yoast_head":"<!-- This site is optimized with the Yoast SEO plugin v27.3 - https:\/\/yoast.com\/product\/yoast-seo-wordpress\/ -->\n<title>El cu\u00f1ado de Isa\u00edas G\u00f3mez, pareja de Sharis Cid, es detenido como presunto coautor del crimen -<\/title>\n<meta name=\"robots\" content=\"index, follow, max-snippet:-1, max-image-preview:large, max-video-preview:-1\" \/>\n<link rel=\"canonical\" href=\"https:\/\/quehacerpolitico.mx\/?p=6833\" \/>\n<meta property=\"og:locale\" content=\"es_MX\" \/>\n<meta property=\"og:type\" content=\"article\" \/>\n<meta property=\"og:title\" content=\"El cu\u00f1ado de Isa\u00edas G\u00f3mez, pareja de Sharis Cid, es detenido como presunto coautor del crimen -\" \/>\n<meta property=\"og:description\" content=\"El cu\u00f1ado de Isa\u00edas G\u00f3mez, pareja de Sharis Cid, es detenido como presunto coautor del crimen Por Redacci\u00f3n QP\" \/>\n<meta property=\"og:url\" content=\"https:\/\/quehacerpolitico.mx\/?p=6833\" \/>\n<meta property=\"article:published_time\" content=\"2018-10-13T16:44:03+00:00\" \/>\n<meta name=\"author\" content=\"Redacci\u00f3n QP\" \/>\n<meta name=\"twitter:card\" content=\"summary_large_image\" \/>\n<meta name=\"twitter:label1\" content=\"Escrito por\" \/>\n\t<meta name=\"twitter:data1\" content=\"Redacci\u00f3n QP\" \/>\n\t<meta name=\"twitter:label2\" content=\"Tiempo de lectura\" \/>\n\t<meta name=\"twitter:data2\" content=\"2 minutos\" \/>\n<script type=\"application\/ld+json\" class=\"yoast-schema-graph\">{\"@context\":\"https:\\\/\\\/schema.org\",\"@graph\":[{\"@type\":\"Article\",\"@id\":\"https:\\\/\\\/quehacerpolitico.mx\\\/?p=6833#article\",\"isPartOf\":{\"@id\":\"https:\\\/\\\/quehacerpolitico.mx\\\/?p=6833\"},\"author\":{\"name\":\"Redacci\u00f3n QP\",\"@id\":\"https:\\\/\\\/quehacerpolitico.mx\\\/#\\\/schema\\\/person\\\/496d8ad2d1d3f8036101dca7ee39e585\"},\"headline\":\"El cu\u00f1ado de Isa\u00edas G\u00f3mez, pareja de Sharis Cid, es detenido como presunto coautor del crimen\",\"datePublished\":\"2018-10-13T16:44:03+00:00\",\"mainEntityOfPage\":{\"@id\":\"https:\\\/\\\/quehacerpolitico.mx\\\/?p=6833\"},\"wordCount\":446,\"commentCount\":0,\"image\":{\"@id\":\"https:\\\/\\\/quehacerpolitico.mx\\\/?p=6833#primaryimage\"},\"thumbnailUrl\":\"\",\"articleSection\":[\"Noticias\"],\"inLanguage\":\"es\",\"potentialAction\":[{\"@type\":\"CommentAction\",\"name\":\"Comment\",\"target\":[\"https:\\\/\\\/quehacerpolitico.mx\\\/?p=6833#respond\"]}]},{\"@type\":\"WebPage\",\"@id\":\"https:\\\/\\\/quehacerpolitico.mx\\\/?p=6833\",\"url\":\"https:\\\/\\\/quehacerpolitico.mx\\\/?p=6833\",\"name\":\"El cu\u00f1ado de Isa\u00edas G\u00f3mez, pareja de Sharis Cid, es detenido como presunto coautor del crimen -\",\"isPartOf\":{\"@id\":\"https:\\\/\\\/quehacerpolitico.mx\\\/#website\"},\"primaryImageOfPage\":{\"@id\":\"https:\\\/\\\/quehacerpolitico.mx\\\/?p=6833#primaryimage\"},\"image\":{\"@id\":\"https:\\\/\\\/quehacerpolitico.mx\\\/?p=6833#primaryimage\"},\"thumbnailUrl\":\"\",\"datePublished\":\"2018-10-13T16:44:03+00:00\",\"author\":{\"@id\":\"https:\\\/\\\/quehacerpolitico.mx\\\/#\\\/schema\\\/person\\\/496d8ad2d1d3f8036101dca7ee39e585\"},\"breadcrumb\":{\"@id\":\"https:\\\/\\\/quehacerpolitico.mx\\\/?p=6833#breadcrumb\"},\"inLanguage\":\"es\",\"potentialAction\":[{\"@type\":\"ReadAction\",\"target\":[\"https:\\\/\\\/quehacerpolitico.mx\\\/?p=6833\"]}]},{\"@type\":\"ImageObject\",\"inLanguage\":\"es\",\"@id\":\"https:\\\/\\\/quehacerpolitico.mx\\\/?p=6833#primaryimage\",\"url\":\"\",\"contentUrl\":\"\"},{\"@type\":\"BreadcrumbList\",\"@id\":\"https:\\\/\\\/quehacerpolitico.mx\\\/?p=6833#breadcrumb\",\"itemListElement\":[{\"@type\":\"ListItem\",\"position\":1,\"name\":\"Inicio\",\"item\":\"https:\\\/\\\/quehacerpolitico.mx\\\/\"},{\"@type\":\"ListItem\",\"position\":2,\"name\":\"El cu\u00f1ado de Isa\u00edas G\u00f3mez, pareja de Sharis Cid, es detenido como presunto coautor del crimen\"}]},{\"@type\":\"WebSite\",\"@id\":\"https:\\\/\\\/quehacerpolitico.mx\\\/#website\",\"url\":\"https:\\\/\\\/quehacerpolitico.mx\\\/\",\"name\":\"\",\"description\":\"\",\"potentialAction\":[{\"@type\":\"SearchAction\",\"target\":{\"@type\":\"EntryPoint\",\"urlTemplate\":\"https:\\\/\\\/quehacerpolitico.mx\\\/?s={search_term_string}\"},\"query-input\":{\"@type\":\"PropertyValueSpecification\",\"valueRequired\":true,\"valueName\":\"search_term_string\"}}],\"inLanguage\":\"es\"},{\"@type\":\"Person\",\"@id\":\"https:\\\/\\\/quehacerpolitico.mx\\\/#\\\/schema\\\/person\\\/496d8ad2d1d3f8036101dca7ee39e585\",\"name\":\"Redacci\u00f3n QP\",\"image\":{\"@type\":\"ImageObject\",\"inLanguage\":\"es\",\"@id\":\"https:\\\/\\\/secure.gravatar.com\\\/avatar\\\/c7164ed6fdec453195284ad24a5ae5b6e1eed2b848477fa2a4787ba9adf39a41?s=96&d=mm&r=g\",\"url\":\"https:\\\/\\\/secure.gravatar.com\\\/avatar\\\/c7164ed6fdec453195284ad24a5ae5b6e1eed2b848477fa2a4787ba9adf39a41?s=96&d=mm&r=g\",\"contentUrl\":\"https:\\\/\\\/secure.gravatar.com\\\/avatar\\\/c7164ed6fdec453195284ad24a5ae5b6e1eed2b848477fa2a4787ba9adf39a41?s=96&d=mm&r=g\",\"caption\":\"Redacci\u00f3n QP\"},\"url\":\"https:\\\/\\\/quehacerpolitico.mx\\\/?author=2\"}]}<\/script>\n<!-- \/ Yoast SEO plugin. -->","yoast_head_json":{"title":"El cu\u00f1ado de Isa\u00edas G\u00f3mez, pareja de Sharis Cid, es detenido como presunto coautor del crimen -","robots":{"index":"index","follow":"follow","max-snippet":"max-snippet:-1","max-image-preview":"max-image-preview:large","max-video-preview":"max-video-preview:-1"},"canonical":"https:\/\/quehacerpolitico.mx\/?p=6833","og_locale":"es_MX","og_type":"article","og_title":"El cu\u00f1ado de Isa\u00edas G\u00f3mez, pareja de Sharis Cid, es detenido como presunto coautor del crimen -","og_description":"El cu\u00f1ado de Isa\u00edas G\u00f3mez, pareja de Sharis Cid, es detenido como presunto coautor del crimen Por Redacci\u00f3n QP","og_url":"https:\/\/quehacerpolitico.mx\/?p=6833","article_published_time":"2018-10-13T16:44:03+00:00","author":"Redacci\u00f3n QP","twitter_card":"summary_large_image","twitter_misc":{"Escrito por":"Redacci\u00f3n QP","Tiempo de lectura":"2 minutos"},"schema":{"@context":"https:\/\/schema.org","@graph":[{"@type":"Article","@id":"https:\/\/quehacerpolitico.mx\/?p=6833#article","isPartOf":{"@id":"https:\/\/quehacerpolitico.mx\/?p=6833"},"author":{"name":"Redacci\u00f3n QP","@id":"https:\/\/quehacerpolitico.mx\/#\/schema\/person\/496d8ad2d1d3f8036101dca7ee39e585"},"headline":"El cu\u00f1ado de Isa\u00edas G\u00f3mez, pareja de Sharis Cid, es detenido como presunto coautor del crimen","datePublished":"2018-10-13T16:44:03+00:00","mainEntityOfPage":{"@id":"https:\/\/quehacerpolitico.mx\/?p=6833"},"wordCount":446,"commentCount":0,"image":{"@id":"https:\/\/quehacerpolitico.mx\/?p=6833#primaryimage"},"thumbnailUrl":"","articleSection":["Noticias"],"inLanguage":"es","potentialAction":[{"@type":"CommentAction","name":"Comment","target":["https:\/\/quehacerpolitico.mx\/?p=6833#respond"]}]},{"@type":"WebPage","@id":"https:\/\/quehacerpolitico.mx\/?p=6833","url":"https:\/\/quehacerpolitico.mx\/?p=6833","name":"El cu\u00f1ado de Isa\u00edas G\u00f3mez, pareja de Sharis Cid, es detenido como presunto coautor del crimen -","isPartOf":{"@id":"https:\/\/quehacerpolitico.mx\/#website"},"primaryImageOfPage":{"@id":"https:\/\/quehacerpolitico.mx\/?p=6833#primaryimage"},"image":{"@id":"https:\/\/quehacerpolitico.mx\/?p=6833#primaryimage"},"thumbnailUrl":"","datePublished":"2018-10-13T16:44:03+00:00","author":{"@id":"https:\/\/quehacerpolitico.mx\/#\/schema\/person\/496d8ad2d1d3f8036101dca7ee39e585"},"breadcrumb":{"@id":"https:\/\/quehacerpolitico.mx\/?p=6833#breadcrumb"},"inLanguage":"es","potentialAction":[{"@type":"ReadAction","target":["https:\/\/quehacerpolitico.mx\/?p=6833"]}]},{"@type":"ImageObject","inLanguage":"es","@id":"https:\/\/quehacerpolitico.mx\/?p=6833#primaryimage","url":"","contentUrl":""},{"@type":"BreadcrumbList","@id":"https:\/\/quehacerpolitico.mx\/?p=6833#breadcrumb","itemListElement":[{"@type":"ListItem","position":1,"name":"Inicio","item":"https:\/\/quehacerpolitico.mx\/"},{"@type":"ListItem","position":2,"name":"El cu\u00f1ado de Isa\u00edas G\u00f3mez, pareja de Sharis Cid, es detenido como presunto coautor del crimen"}]},{"@type":"WebSite","@id":"https:\/\/quehacerpolitico.mx\/#website","url":"https:\/\/quehacerpolitico.mx\/","name":"","description":"","potentialAction":[{"@type":"SearchAction","target":{"@type":"EntryPoint","urlTemplate":"https:\/\/quehacerpolitico.mx\/?s={search_term_string}"},"query-input":{"@type":"PropertyValueSpecification","valueRequired":true,"valueName":"search_term_string"}}],"inLanguage":"es"},{"@type":"Person","@id":"https:\/\/quehacerpolitico.mx\/#\/schema\/person\/496d8ad2d1d3f8036101dca7ee39e585","name":"Redacci\u00f3n QP","image":{"@type":"ImageObject","inLanguage":"es","@id":"https:\/\/secure.gravatar.com\/avatar\/c7164ed6fdec453195284ad24a5ae5b6e1eed2b848477fa2a4787ba9adf39a41?s=96&d=mm&r=g","url":"https:\/\/secure.gravatar.com\/avatar\/c7164ed6fdec453195284ad24a5ae5b6e1eed2b848477fa2a4787ba9adf39a41?s=96&d=mm&r=g","contentUrl":"https:\/\/secure.gravatar.com\/avatar\/c7164ed6fdec453195284ad24a5ae5b6e1eed2b848477fa2a4787ba9adf39a41?s=96&d=mm&r=g","caption":"Redacci\u00f3n QP"},"url":"https:\/\/quehacerpolitico.mx\/?author=2"}]}},"featured_image_urls":{"full":"","thumbnail":"","medium":"","medium_large":"","large":"","1536x1536":"","2048x2048":"","covernews-featured":"","covernews-medium":""},"author_info":{"display_name":"Redacci\u00f3n QP","author_link":"https:\/\/quehacerpolitico.mx\/?author=2"},"category_info":"<a href=\"https:\/\/quehacerpolitico.mx\/?cat=2\" rel=\"category\">Noticias<\/a>","tag_info":"Noticias","comment_count":"0","_links":{"self":[{"href":"https:\/\/quehacerpolitico.mx\/index.php?rest_route=\/wp\/v2\/posts\/6833","targetHints":{"allow":["GET"]}}],"collection":[{"href":"https:\/\/quehacerpolitico.mx\/index.php?rest_route=\/wp\/v2\/posts"}],"about":[{"href":"https:\/\/quehacerpolitico.mx\/index.php?rest_route=\/wp\/v2\/types\/post"}],"author":[{"embeddable":true,"href":"https:\/\/quehacerpolitico.mx\/index.php?rest_route=\/wp\/v2\/users\/2"}],"replies":[{"embeddable":true,"href":"https:\/\/quehacerpolitico.mx\/index.php?rest_route=%2Fwp%2Fv2%2Fcomments&post=6833"}],"version-history":[{"count":0,"href":"https:\/\/quehacerpolitico.mx\/index.php?rest_route=\/wp\/v2\/posts\/6833\/revisions"}],"wp:featuredmedia":[{"embeddable":true,"href":"https:\/\/quehacerpolitico.mx\/index.php?rest_route=\/"}],"wp:attachment":[{"href":"https:\/\/quehacerpolitico.mx\/index.php?rest_route=%2Fwp%2Fv2%2Fmedia&parent=6833"}],"wp:term":[{"taxonomy":"category","embeddable":true,"href":"https:\/\/quehacerpolitico.mx\/index.php?rest_route=%2Fwp%2Fv2%2Fcategories&post=6833"},{"taxonomy":"post_tag","embeddable":true,"href":"https:\/\/quehacerpolitico.mx\/index.php?rest_route=%2Fwp%2Fv2%2Ftags&post=6833"}],"curies":[{"name":"wp","href":"https:\/\/api.w.org\/{rel}","templated":true}]}}