{"id":6829,"date":"2018-10-13T16:05:54","date_gmt":"2018-10-13T16:05:54","guid":{"rendered":"http:\/\/quehacerpolitico.mx\/laura-26-anos-es-violada-asesinada-y-abandonada-en-la-central-de-abasto-de-tepeaca-puebla\/"},"modified":"2018-10-13T16:05:54","modified_gmt":"2018-10-13T16:05:54","slug":"laura-26-anos-es-violada-asesinada-y-abandonada-en-la-central-de-abasto-de-tepeaca-puebla","status":"publish","type":"post","link":"https:\/\/quehacerpolitico.mx\/?p=6829","title":{"rendered":"Laura, 26 a\u00f1os, es violada, asesinada y abandonada en la Central de Abasto de Tepeaca, Puebla"},"content":{"rendered":"<h3>Una mujer de 26 a\u00f1os de edad fue encontrada sin vida dentro de la Central de Abastos del municipio de\u00a0Tepeaca, estaba desnuda y a su lado hab\u00eda una piedra con la que se presume fue ultimada. Primeros informes indican que la joven era vecina del barrio El Calvario, pero originaria de Pachuca, Hidalgo.<\/h3>\n<p><strong>Laura O. Z.<\/strong>, de <strong>26 a\u00f1os<\/strong> de edad fue <strong>violada<\/strong> y despu\u00e9s <strong>asesinada<\/strong> en <strong>Tepeaca, Puebla<\/strong>; su cuerpo fue hallado dentro de la <strong>Central de Abasto<\/strong> de dicho municipio.<\/p>\n<p>Fueron los tianguistas quienes, cerca de la bodega 46, encontraron el cad\u00e1ver de <strong>Laura<\/strong> la ma\u00f1ana de ayer. El cuerpo estaba desnudo y a su lado hab\u00eda una piedra con la que habr\u00eda sido. De inmediato, se solicit\u00f3 la presencia de las autoridades en el lugar.<\/p>\n<p>Primeros informes indican que Laura era vecina del barrio El Calvario, en el municipio Tepeaca, pero era originaria de Pachuca, Hidalgo.<\/p>\n<p>El lugar fue acordonado por polic\u00edas municipales y m\u00e1s\u00a0tarde acudi\u00f3 personal de la Fiscal\u00eda de Tepeaca para enviar el cad\u00e1ver a la morgue municipal, mientras se investiga el hecho.<\/p>\n<p>Tan solo en lo que va del a\u00f1o suman al menos 80 los feminicidios en Puebla, esto de acuerdo con un conteo elaborado por\u00a0<em>Peri\u00f3dico Central.<\/em><\/p>\n<p><strong>ESTELA, OBLIGADA A CASARSE A LOS 13<\/strong><\/p>\n<p>La violencia contra las mujeres es una constante en la entidad, muestra de ello es el caso de\u00a0\u00a0Estela Cruz Clemente, quien permanece en el\u00a0Hospital de Traumatismo y Ortopedia, en Puebla, desde el 20 de septiembre. Tiene 40 por ciento de su\u00a0cuerpo quemado, desde el abdomen hasta las rodillas. Est\u00e1 al cuidado de su hija\u00a0Cindy Guadalupe Cruz, quien repite,\u00a0con dolor, la historia de c\u00f3mo su padre le avent\u00f3 una botella de gasolina y le prendi\u00f3 fuego porque \u201cno pudo soportar\u201d que lo ignorara cuando, borracho, le pidi\u00f3 un taco.<\/p>\n<p>A Estela la casaron a los 13 a\u00f1os, por la fuerza. En M\u00e9xico todav\u00eda sucede, y m\u00e1s de lo que se reconoce. Desde entonces su vida ha sido de humillaciones que ha suavizado con el amor de los hijos.<\/p>\n<p>Estela tiene dolor hasta para orinar. El hombre que la ha maltratado le quem\u00f3 hasta las v\u00edas urinarias y la vagina. Necesita medicamentos, muchos, y ninguno de ellos es barato. Cuestan alrededor de 800 pesos y deben ser surtidos cada tres d\u00edas para ayudar a su recuperaci\u00f3n. Pero ni ella ni su familia tienen dinero para adquirirlos. Se trata de \u00e1cido asc\u00f3rbico, multivitam\u00ednico y una pomada nitrofural. La cuenta es de 869 pesos y debe ser pagada, si quieren que se recupere.<\/p>\n<p>Con Informaci\u00f3n de Peri\u00f3dico Central<\/p>\n","protected":false},"excerpt":{"rendered":"<p>Laura, 26 a\u00f1os, es violada, asesinada y abandonada en la Central de Abasto de Tepeaca, Puebla<br \/>\nPor Redacci\u00f3n QP<\/p>\n","protected":false},"author":2,"featured_media":6828,"comment_status":"open","ping_status":"open","sticky":false,"template":"","format":"standard","meta":{"_monsterinsights_skip_tracking":false,"_monsterinsights_sitenote_active":false,"_monsterinsights_sitenote_note":"","_monsterinsights_sitenote_category":0,"footnotes":""},"categories":[2],"tags":[],"class_list":["post-6829","post","type-post","status-publish","format-standard","has-post-thumbnail","hentry","category-noticias"],"yoast_head":"<!-- This site is optimized with the Yoast SEO plugin v27.3 - https:\/\/yoast.com\/product\/yoast-seo-wordpress\/ -->\n<title>Laura, 26 a\u00f1os, es violada, asesinada y abandonada en la Central de Abasto de Tepeaca, Puebla -<\/title>\n<meta name=\"robots\" content=\"index, follow, max-snippet:-1, max-image-preview:large, max-video-preview:-1\" \/>\n<link rel=\"canonical\" href=\"https:\/\/quehacerpolitico.mx\/?p=6829\" \/>\n<meta property=\"og:locale\" content=\"es_MX\" \/>\n<meta property=\"og:type\" content=\"article\" \/>\n<meta property=\"og:title\" content=\"Laura, 26 a\u00f1os, es violada, asesinada y abandonada en la Central de Abasto de Tepeaca, Puebla -\" \/>\n<meta property=\"og:description\" content=\"Laura, 26 a\u00f1os, es violada, asesinada y abandonada en la Central de Abasto de Tepeaca, Puebla Por Redacci\u00f3n QP\" \/>\n<meta property=\"og:url\" content=\"https:\/\/quehacerpolitico.mx\/?p=6829\" \/>\n<meta property=\"article:published_time\" content=\"2018-10-13T16:05:54+00:00\" \/>\n<meta name=\"author\" content=\"Redacci\u00f3n QP\" \/>\n<meta name=\"twitter:card\" content=\"summary_large_image\" \/>\n<meta name=\"twitter:label1\" content=\"Escrito por\" \/>\n\t<meta name=\"twitter:data1\" content=\"Redacci\u00f3n QP\" \/>\n\t<meta name=\"twitter:label2\" content=\"Tiempo de lectura\" \/>\n\t<meta name=\"twitter:data2\" content=\"2 minutos\" \/>\n<script type=\"application\/ld+json\" class=\"yoast-schema-graph\">{\"@context\":\"https:\\\/\\\/schema.org\",\"@graph\":[{\"@type\":\"Article\",\"@id\":\"https:\\\/\\\/quehacerpolitico.mx\\\/?p=6829#article\",\"isPartOf\":{\"@id\":\"https:\\\/\\\/quehacerpolitico.mx\\\/?p=6829\"},\"author\":{\"name\":\"Redacci\u00f3n QP\",\"@id\":\"https:\\\/\\\/quehacerpolitico.mx\\\/#\\\/schema\\\/person\\\/496d8ad2d1d3f8036101dca7ee39e585\"},\"headline\":\"Laura, 26 a\u00f1os, es violada, asesinada y abandonada en la Central de Abasto de Tepeaca, Puebla\",\"datePublished\":\"2018-10-13T16:05:54+00:00\",\"mainEntityOfPage\":{\"@id\":\"https:\\\/\\\/quehacerpolitico.mx\\\/?p=6829\"},\"wordCount\":464,\"commentCount\":0,\"image\":{\"@id\":\"https:\\\/\\\/quehacerpolitico.mx\\\/?p=6829#primaryimage\"},\"thumbnailUrl\":\"\",\"articleSection\":[\"Noticias\"],\"inLanguage\":\"es\",\"potentialAction\":[{\"@type\":\"CommentAction\",\"name\":\"Comment\",\"target\":[\"https:\\\/\\\/quehacerpolitico.mx\\\/?p=6829#respond\"]}]},{\"@type\":\"WebPage\",\"@id\":\"https:\\\/\\\/quehacerpolitico.mx\\\/?p=6829\",\"url\":\"https:\\\/\\\/quehacerpolitico.mx\\\/?p=6829\",\"name\":\"Laura, 26 a\u00f1os, es violada, asesinada y abandonada en la Central de Abasto de Tepeaca, Puebla -\",\"isPartOf\":{\"@id\":\"https:\\\/\\\/quehacerpolitico.mx\\\/#website\"},\"primaryImageOfPage\":{\"@id\":\"https:\\\/\\\/quehacerpolitico.mx\\\/?p=6829#primaryimage\"},\"image\":{\"@id\":\"https:\\\/\\\/quehacerpolitico.mx\\\/?p=6829#primaryimage\"},\"thumbnailUrl\":\"\",\"datePublished\":\"2018-10-13T16:05:54+00:00\",\"author\":{\"@id\":\"https:\\\/\\\/quehacerpolitico.mx\\\/#\\\/schema\\\/person\\\/496d8ad2d1d3f8036101dca7ee39e585\"},\"breadcrumb\":{\"@id\":\"https:\\\/\\\/quehacerpolitico.mx\\\/?p=6829#breadcrumb\"},\"inLanguage\":\"es\",\"potentialAction\":[{\"@type\":\"ReadAction\",\"target\":[\"https:\\\/\\\/quehacerpolitico.mx\\\/?p=6829\"]}]},{\"@type\":\"ImageObject\",\"inLanguage\":\"es\",\"@id\":\"https:\\\/\\\/quehacerpolitico.mx\\\/?p=6829#primaryimage\",\"url\":\"\",\"contentUrl\":\"\"},{\"@type\":\"BreadcrumbList\",\"@id\":\"https:\\\/\\\/quehacerpolitico.mx\\\/?p=6829#breadcrumb\",\"itemListElement\":[{\"@type\":\"ListItem\",\"position\":1,\"name\":\"Inicio\",\"item\":\"https:\\\/\\\/quehacerpolitico.mx\\\/\"},{\"@type\":\"ListItem\",\"position\":2,\"name\":\"Laura, 26 a\u00f1os, es violada, asesinada y abandonada en la Central de Abasto de Tepeaca, Puebla\"}]},{\"@type\":\"WebSite\",\"@id\":\"https:\\\/\\\/quehacerpolitico.mx\\\/#website\",\"url\":\"https:\\\/\\\/quehacerpolitico.mx\\\/\",\"name\":\"\",\"description\":\"\",\"potentialAction\":[{\"@type\":\"SearchAction\",\"target\":{\"@type\":\"EntryPoint\",\"urlTemplate\":\"https:\\\/\\\/quehacerpolitico.mx\\\/?s={search_term_string}\"},\"query-input\":{\"@type\":\"PropertyValueSpecification\",\"valueRequired\":true,\"valueName\":\"search_term_string\"}}],\"inLanguage\":\"es\"},{\"@type\":\"Person\",\"@id\":\"https:\\\/\\\/quehacerpolitico.mx\\\/#\\\/schema\\\/person\\\/496d8ad2d1d3f8036101dca7ee39e585\",\"name\":\"Redacci\u00f3n QP\",\"image\":{\"@type\":\"ImageObject\",\"inLanguage\":\"es\",\"@id\":\"https:\\\/\\\/secure.gravatar.com\\\/avatar\\\/c7164ed6fdec453195284ad24a5ae5b6e1eed2b848477fa2a4787ba9adf39a41?s=96&d=mm&r=g\",\"url\":\"https:\\\/\\\/secure.gravatar.com\\\/avatar\\\/c7164ed6fdec453195284ad24a5ae5b6e1eed2b848477fa2a4787ba9adf39a41?s=96&d=mm&r=g\",\"contentUrl\":\"https:\\\/\\\/secure.gravatar.com\\\/avatar\\\/c7164ed6fdec453195284ad24a5ae5b6e1eed2b848477fa2a4787ba9adf39a41?s=96&d=mm&r=g\",\"caption\":\"Redacci\u00f3n QP\"},\"url\":\"https:\\\/\\\/quehacerpolitico.mx\\\/?author=2\"}]}<\/script>\n<!-- \/ Yoast SEO plugin. -->","yoast_head_json":{"title":"Laura, 26 a\u00f1os, es violada, asesinada y abandonada en la Central de Abasto de Tepeaca, Puebla -","robots":{"index":"index","follow":"follow","max-snippet":"max-snippet:-1","max-image-preview":"max-image-preview:large","max-video-preview":"max-video-preview:-1"},"canonical":"https:\/\/quehacerpolitico.mx\/?p=6829","og_locale":"es_MX","og_type":"article","og_title":"Laura, 26 a\u00f1os, es violada, asesinada y abandonada en la Central de Abasto de Tepeaca, Puebla -","og_description":"Laura, 26 a\u00f1os, es violada, asesinada y abandonada en la Central de Abasto de Tepeaca, Puebla Por Redacci\u00f3n QP","og_url":"https:\/\/quehacerpolitico.mx\/?p=6829","article_published_time":"2018-10-13T16:05:54+00:00","author":"Redacci\u00f3n QP","twitter_card":"summary_large_image","twitter_misc":{"Escrito por":"Redacci\u00f3n QP","Tiempo de lectura":"2 minutos"},"schema":{"@context":"https:\/\/schema.org","@graph":[{"@type":"Article","@id":"https:\/\/quehacerpolitico.mx\/?p=6829#article","isPartOf":{"@id":"https:\/\/quehacerpolitico.mx\/?p=6829"},"author":{"name":"Redacci\u00f3n QP","@id":"https:\/\/quehacerpolitico.mx\/#\/schema\/person\/496d8ad2d1d3f8036101dca7ee39e585"},"headline":"Laura, 26 a\u00f1os, es violada, asesinada y abandonada en la Central de Abasto de Tepeaca, Puebla","datePublished":"2018-10-13T16:05:54+00:00","mainEntityOfPage":{"@id":"https:\/\/quehacerpolitico.mx\/?p=6829"},"wordCount":464,"commentCount":0,"image":{"@id":"https:\/\/quehacerpolitico.mx\/?p=6829#primaryimage"},"thumbnailUrl":"","articleSection":["Noticias"],"inLanguage":"es","potentialAction":[{"@type":"CommentAction","name":"Comment","target":["https:\/\/quehacerpolitico.mx\/?p=6829#respond"]}]},{"@type":"WebPage","@id":"https:\/\/quehacerpolitico.mx\/?p=6829","url":"https:\/\/quehacerpolitico.mx\/?p=6829","name":"Laura, 26 a\u00f1os, es violada, asesinada y abandonada en la Central de Abasto de Tepeaca, Puebla -","isPartOf":{"@id":"https:\/\/quehacerpolitico.mx\/#website"},"primaryImageOfPage":{"@id":"https:\/\/quehacerpolitico.mx\/?p=6829#primaryimage"},"image":{"@id":"https:\/\/quehacerpolitico.mx\/?p=6829#primaryimage"},"thumbnailUrl":"","datePublished":"2018-10-13T16:05:54+00:00","author":{"@id":"https:\/\/quehacerpolitico.mx\/#\/schema\/person\/496d8ad2d1d3f8036101dca7ee39e585"},"breadcrumb":{"@id":"https:\/\/quehacerpolitico.mx\/?p=6829#breadcrumb"},"inLanguage":"es","potentialAction":[{"@type":"ReadAction","target":["https:\/\/quehacerpolitico.mx\/?p=6829"]}]},{"@type":"ImageObject","inLanguage":"es","@id":"https:\/\/quehacerpolitico.mx\/?p=6829#primaryimage","url":"","contentUrl":""},{"@type":"BreadcrumbList","@id":"https:\/\/quehacerpolitico.mx\/?p=6829#breadcrumb","itemListElement":[{"@type":"ListItem","position":1,"name":"Inicio","item":"https:\/\/quehacerpolitico.mx\/"},{"@type":"ListItem","position":2,"name":"Laura, 26 a\u00f1os, es violada, asesinada y abandonada en la Central de Abasto de Tepeaca, Puebla"}]},{"@type":"WebSite","@id":"https:\/\/quehacerpolitico.mx\/#website","url":"https:\/\/quehacerpolitico.mx\/","name":"","description":"","potentialAction":[{"@type":"SearchAction","target":{"@type":"EntryPoint","urlTemplate":"https:\/\/quehacerpolitico.mx\/?s={search_term_string}"},"query-input":{"@type":"PropertyValueSpecification","valueRequired":true,"valueName":"search_term_string"}}],"inLanguage":"es"},{"@type":"Person","@id":"https:\/\/quehacerpolitico.mx\/#\/schema\/person\/496d8ad2d1d3f8036101dca7ee39e585","name":"Redacci\u00f3n QP","image":{"@type":"ImageObject","inLanguage":"es","@id":"https:\/\/secure.gravatar.com\/avatar\/c7164ed6fdec453195284ad24a5ae5b6e1eed2b848477fa2a4787ba9adf39a41?s=96&d=mm&r=g","url":"https:\/\/secure.gravatar.com\/avatar\/c7164ed6fdec453195284ad24a5ae5b6e1eed2b848477fa2a4787ba9adf39a41?s=96&d=mm&r=g","contentUrl":"https:\/\/secure.gravatar.com\/avatar\/c7164ed6fdec453195284ad24a5ae5b6e1eed2b848477fa2a4787ba9adf39a41?s=96&d=mm&r=g","caption":"Redacci\u00f3n QP"},"url":"https:\/\/quehacerpolitico.mx\/?author=2"}]}},"featured_image_urls":{"full":"","thumbnail":"","medium":"","medium_large":"","large":"","1536x1536":"","2048x2048":"","covernews-featured":"","covernews-medium":""},"author_info":{"display_name":"Redacci\u00f3n QP","author_link":"https:\/\/quehacerpolitico.mx\/?author=2"},"category_info":"<a href=\"https:\/\/quehacerpolitico.mx\/?cat=2\" rel=\"category\">Noticias<\/a>","tag_info":"Noticias","comment_count":"0","_links":{"self":[{"href":"https:\/\/quehacerpolitico.mx\/index.php?rest_route=\/wp\/v2\/posts\/6829","targetHints":{"allow":["GET"]}}],"collection":[{"href":"https:\/\/quehacerpolitico.mx\/index.php?rest_route=\/wp\/v2\/posts"}],"about":[{"href":"https:\/\/quehacerpolitico.mx\/index.php?rest_route=\/wp\/v2\/types\/post"}],"author":[{"embeddable":true,"href":"https:\/\/quehacerpolitico.mx\/index.php?rest_route=\/wp\/v2\/users\/2"}],"replies":[{"embeddable":true,"href":"https:\/\/quehacerpolitico.mx\/index.php?rest_route=%2Fwp%2Fv2%2Fcomments&post=6829"}],"version-history":[{"count":0,"href":"https:\/\/quehacerpolitico.mx\/index.php?rest_route=\/wp\/v2\/posts\/6829\/revisions"}],"wp:featuredmedia":[{"embeddable":true,"href":"https:\/\/quehacerpolitico.mx\/index.php?rest_route=\/"}],"wp:attachment":[{"href":"https:\/\/quehacerpolitico.mx\/index.php?rest_route=%2Fwp%2Fv2%2Fmedia&parent=6829"}],"wp:term":[{"taxonomy":"category","embeddable":true,"href":"https:\/\/quehacerpolitico.mx\/index.php?rest_route=%2Fwp%2Fv2%2Fcategories&post=6829"},{"taxonomy":"post_tag","embeddable":true,"href":"https:\/\/quehacerpolitico.mx\/index.php?rest_route=%2Fwp%2Fv2%2Ftags&post=6829"}],"curies":[{"name":"wp","href":"https:\/\/api.w.org\/{rel}","templated":true}]}}