{"id":6791,"date":"2018-10-12T19:15:00","date_gmt":"2018-10-12T19:15:00","guid":{"rendered":"http:\/\/quehacerpolitico.mx\/ahora-tenemos-tres-luces-en-forma-de-triangulo-pilotos-de-6-aviones-comerciales-ven-algo-en-el-cielo\/"},"modified":"2018-10-12T19:15:00","modified_gmt":"2018-10-12T19:15:00","slug":"ahora-tenemos-tres-luces-en-forma-de-triangulo-pilotos-de-6-aviones-comerciales-ven-algo-en-el-cielo","status":"publish","type":"post","link":"https:\/\/quehacerpolitico.mx\/?p=6791","title":{"rendered":"\u201cAhora tenemos tres luces en forma de tri\u00e1ngulo\u201d: pilotos de 6 aviones comerciales ven algo en el cielo"},"content":{"rendered":"<p><iframe loading=\"lazy\" title=\"Sorprendente avistamiento OVNI en Antofagasta, Chile en Mayo de 2018\" width=\"640\" height=\"360\" src=\"https:\/\/www.youtube.com\/embed\/JHhXTDpP8X8?feature=oembed\" frameborder=\"0\" allow=\"accelerometer; autoplay; clipboard-write; encrypted-media; gyroscope; picture-in-picture; web-share\" referrerpolicy=\"strict-origin-when-cross-origin\" allowfullscreen><\/iframe><\/p>\n<h3>Pilotos de naves que volaban en cielo chileno dijeron observar ovnis. El piloto del vuelo 174 de Copa, narro que \u201ca la altura del puesto Livor (un puesto de control que est\u00e1 ubicado en el cielo, a unos 380 kil\u00f3metros de la costa de Antofagasta) aparecieron tres luces\u201d.<\/h3>\n<p>Los pilotos de <strong>seis aviones comerciales chilenos<\/strong> habr\u00eda avistado una serie de <strong>Objetos Volantes No Identificados (Ovnis)<\/strong> en el cielo del pa\u00eds, tal y como ha documentado el Comit\u00e9 de Fen\u00f3menos A\u00e9reos An\u00f3males (Cefaa).<\/p>\n<p>Este organismo ha publicado un video en YouTube en el que se narra como algunos pilotos que se encontraban volando por el cielo de Antofagasta el 7 de mayo observaron algo ins\u00f3lito.<\/p>\n<p>El piloto del vuelo COPA 174 narra que \u201ca la altura del puesto Livor (un puesto de control que est\u00e1 ubicado en el cielo, a unos 380 kil\u00f3metros de la costa de Antofagasta) aparecen tres luces\u201d.<\/p>\n<blockquote>\n<p>\u201cNo tenemos reportado tr\u00e1fico y no sabemos qu\u00e9 es (\u2026). Al momento una luz desapareci\u00f3\u201d, ha asegurado el piloto.<\/p>\n<\/blockquote>\n<p>El piloto del Copa reitera que \u201clas luces se est\u00e1n moviendo y aumentan la intensidad y la disminuyen tambi\u00e9n. De hecho vamos a virar a la derecha porque parece que se est\u00e1n acercando\u201d.<\/p>\n<blockquote>\n<p>\u201cQu\u00e9 fen\u00f3meno m\u00e1s extra\u00f1o. Ahora tenemos tres luces en forma de tri\u00e1ngulo\u201d a\u00f1ade el piloto del Copa.<\/p>\n<\/blockquote>\n<p>Por su parte, y casi en el mismo momento, el piloto del Lan 639 contact\u00f3 con la torre de control para intentar identificar una luz. \u201cA nivel del mar, una luz muy peque\u00f1a, aparece y desaparece\u201d, asegura el piloto.<\/p>\n<p>En total, hasta seis aviones identificaron este extra\u00f1o movimiento de luces, tal y como ha informado \u201920 Minutos\u2019.<\/p>\n<p>Chile es el quinto pa\u00eds del mundo, por detr\u00e1s de Estados Unidos, Per\u00fa, Brasil y Rusia, en avistamiento de ovnis, con un total de m\u00e1s de 600 avistamientos en los \u00faltimos 65 a\u00f1os.<\/p>\n<p>Expertos en esta materia han asegurado que 60 millones de personas en todo el mundo han visto ovnis, aunque solo se informe del 10 por ciento de estas experiencias.<\/p>\n<p>Con Informaci\u00f3n de Europa Press<\/p>\n","protected":false},"excerpt":{"rendered":"<p>\u201cAhora tenemos tres luces en forma de tri\u00e1ngulo\u201d: pilotos de 6 aviones comerciales ven algo en el cielo<br \/>\nPor Redacci\u00f3n QP<\/p>\n","protected":false},"author":2,"featured_media":6790,"comment_status":"open","ping_status":"open","sticky":false,"template":"","format":"standard","meta":{"_monsterinsights_skip_tracking":false,"_monsterinsights_sitenote_active":false,"_monsterinsights_sitenote_note":"","_monsterinsights_sitenote_category":0,"footnotes":""},"categories":[2],"tags":[],"class_list":["post-6791","post","type-post","status-publish","format-standard","has-post-thumbnail","hentry","category-noticias"],"yoast_head":"<!-- This site is optimized with the Yoast SEO plugin v27.3 - https:\/\/yoast.com\/product\/yoast-seo-wordpress\/ -->\n<title>\u201cAhora tenemos tres luces en forma de tri\u00e1ngulo\u201d: pilotos de 6 aviones comerciales ven algo en el cielo -<\/title>\n<meta name=\"robots\" content=\"index, follow, max-snippet:-1, max-image-preview:large, max-video-preview:-1\" \/>\n<link rel=\"canonical\" href=\"https:\/\/quehacerpolitico.mx\/?p=6791\" \/>\n<meta property=\"og:locale\" content=\"es_MX\" \/>\n<meta property=\"og:type\" content=\"article\" \/>\n<meta property=\"og:title\" content=\"\u201cAhora tenemos tres luces en forma de tri\u00e1ngulo\u201d: pilotos de 6 aviones comerciales ven algo en el cielo -\" \/>\n<meta property=\"og:description\" content=\"\u201cAhora tenemos tres luces en forma de tri\u00e1ngulo\u201d: pilotos de 6 aviones comerciales ven algo en el cielo Por Redacci\u00f3n QP\" \/>\n<meta property=\"og:url\" content=\"https:\/\/quehacerpolitico.mx\/?p=6791\" \/>\n<meta property=\"article:published_time\" content=\"2018-10-12T19:15:00+00:00\" \/>\n<meta name=\"author\" content=\"Redacci\u00f3n QP\" \/>\n<meta name=\"twitter:card\" content=\"summary_large_image\" \/>\n<meta name=\"twitter:label1\" content=\"Escrito por\" \/>\n\t<meta name=\"twitter:data1\" content=\"Redacci\u00f3n QP\" \/>\n\t<meta name=\"twitter:label2\" content=\"Tiempo de lectura\" \/>\n\t<meta name=\"twitter:data2\" content=\"2 minutos\" \/>\n<script type=\"application\/ld+json\" class=\"yoast-schema-graph\">{\"@context\":\"https:\\\/\\\/schema.org\",\"@graph\":[{\"@type\":\"Article\",\"@id\":\"https:\\\/\\\/quehacerpolitico.mx\\\/?p=6791#article\",\"isPartOf\":{\"@id\":\"https:\\\/\\\/quehacerpolitico.mx\\\/?p=6791\"},\"author\":{\"name\":\"Redacci\u00f3n QP\",\"@id\":\"https:\\\/\\\/quehacerpolitico.mx\\\/#\\\/schema\\\/person\\\/496d8ad2d1d3f8036101dca7ee39e585\"},\"headline\":\"\u201cAhora tenemos tres luces en forma de tri\u00e1ngulo\u201d: pilotos de 6 aviones comerciales ven algo en el cielo\",\"datePublished\":\"2018-10-12T19:15:00+00:00\",\"mainEntityOfPage\":{\"@id\":\"https:\\\/\\\/quehacerpolitico.mx\\\/?p=6791\"},\"wordCount\":378,\"commentCount\":0,\"image\":{\"@id\":\"https:\\\/\\\/quehacerpolitico.mx\\\/?p=6791#primaryimage\"},\"thumbnailUrl\":\"\",\"articleSection\":[\"Noticias\"],\"inLanguage\":\"es\",\"potentialAction\":[{\"@type\":\"CommentAction\",\"name\":\"Comment\",\"target\":[\"https:\\\/\\\/quehacerpolitico.mx\\\/?p=6791#respond\"]}]},{\"@type\":\"WebPage\",\"@id\":\"https:\\\/\\\/quehacerpolitico.mx\\\/?p=6791\",\"url\":\"https:\\\/\\\/quehacerpolitico.mx\\\/?p=6791\",\"name\":\"\u201cAhora tenemos tres luces en forma de tri\u00e1ngulo\u201d: pilotos de 6 aviones comerciales ven algo en el cielo -\",\"isPartOf\":{\"@id\":\"https:\\\/\\\/quehacerpolitico.mx\\\/#website\"},\"primaryImageOfPage\":{\"@id\":\"https:\\\/\\\/quehacerpolitico.mx\\\/?p=6791#primaryimage\"},\"image\":{\"@id\":\"https:\\\/\\\/quehacerpolitico.mx\\\/?p=6791#primaryimage\"},\"thumbnailUrl\":\"\",\"datePublished\":\"2018-10-12T19:15:00+00:00\",\"author\":{\"@id\":\"https:\\\/\\\/quehacerpolitico.mx\\\/#\\\/schema\\\/person\\\/496d8ad2d1d3f8036101dca7ee39e585\"},\"breadcrumb\":{\"@id\":\"https:\\\/\\\/quehacerpolitico.mx\\\/?p=6791#breadcrumb\"},\"inLanguage\":\"es\",\"potentialAction\":[{\"@type\":\"ReadAction\",\"target\":[\"https:\\\/\\\/quehacerpolitico.mx\\\/?p=6791\"]}]},{\"@type\":\"ImageObject\",\"inLanguage\":\"es\",\"@id\":\"https:\\\/\\\/quehacerpolitico.mx\\\/?p=6791#primaryimage\",\"url\":\"\",\"contentUrl\":\"\"},{\"@type\":\"BreadcrumbList\",\"@id\":\"https:\\\/\\\/quehacerpolitico.mx\\\/?p=6791#breadcrumb\",\"itemListElement\":[{\"@type\":\"ListItem\",\"position\":1,\"name\":\"Inicio\",\"item\":\"https:\\\/\\\/quehacerpolitico.mx\\\/\"},{\"@type\":\"ListItem\",\"position\":2,\"name\":\"\u201cAhora tenemos tres luces en forma de tri\u00e1ngulo\u201d: pilotos de 6 aviones comerciales ven algo en el cielo\"}]},{\"@type\":\"WebSite\",\"@id\":\"https:\\\/\\\/quehacerpolitico.mx\\\/#website\",\"url\":\"https:\\\/\\\/quehacerpolitico.mx\\\/\",\"name\":\"\",\"description\":\"\",\"potentialAction\":[{\"@type\":\"SearchAction\",\"target\":{\"@type\":\"EntryPoint\",\"urlTemplate\":\"https:\\\/\\\/quehacerpolitico.mx\\\/?s={search_term_string}\"},\"query-input\":{\"@type\":\"PropertyValueSpecification\",\"valueRequired\":true,\"valueName\":\"search_term_string\"}}],\"inLanguage\":\"es\"},{\"@type\":\"Person\",\"@id\":\"https:\\\/\\\/quehacerpolitico.mx\\\/#\\\/schema\\\/person\\\/496d8ad2d1d3f8036101dca7ee39e585\",\"name\":\"Redacci\u00f3n QP\",\"image\":{\"@type\":\"ImageObject\",\"inLanguage\":\"es\",\"@id\":\"https:\\\/\\\/secure.gravatar.com\\\/avatar\\\/c7164ed6fdec453195284ad24a5ae5b6e1eed2b848477fa2a4787ba9adf39a41?s=96&d=mm&r=g\",\"url\":\"https:\\\/\\\/secure.gravatar.com\\\/avatar\\\/c7164ed6fdec453195284ad24a5ae5b6e1eed2b848477fa2a4787ba9adf39a41?s=96&d=mm&r=g\",\"contentUrl\":\"https:\\\/\\\/secure.gravatar.com\\\/avatar\\\/c7164ed6fdec453195284ad24a5ae5b6e1eed2b848477fa2a4787ba9adf39a41?s=96&d=mm&r=g\",\"caption\":\"Redacci\u00f3n QP\"},\"url\":\"https:\\\/\\\/quehacerpolitico.mx\\\/?author=2\"}]}<\/script>\n<!-- \/ Yoast SEO plugin. -->","yoast_head_json":{"title":"\u201cAhora tenemos tres luces en forma de tri\u00e1ngulo\u201d: pilotos de 6 aviones comerciales ven algo en el cielo -","robots":{"index":"index","follow":"follow","max-snippet":"max-snippet:-1","max-image-preview":"max-image-preview:large","max-video-preview":"max-video-preview:-1"},"canonical":"https:\/\/quehacerpolitico.mx\/?p=6791","og_locale":"es_MX","og_type":"article","og_title":"\u201cAhora tenemos tres luces en forma de tri\u00e1ngulo\u201d: pilotos de 6 aviones comerciales ven algo en el cielo -","og_description":"\u201cAhora tenemos tres luces en forma de tri\u00e1ngulo\u201d: pilotos de 6 aviones comerciales ven algo en el cielo Por Redacci\u00f3n QP","og_url":"https:\/\/quehacerpolitico.mx\/?p=6791","article_published_time":"2018-10-12T19:15:00+00:00","author":"Redacci\u00f3n QP","twitter_card":"summary_large_image","twitter_misc":{"Escrito por":"Redacci\u00f3n QP","Tiempo de lectura":"2 minutos"},"schema":{"@context":"https:\/\/schema.org","@graph":[{"@type":"Article","@id":"https:\/\/quehacerpolitico.mx\/?p=6791#article","isPartOf":{"@id":"https:\/\/quehacerpolitico.mx\/?p=6791"},"author":{"name":"Redacci\u00f3n QP","@id":"https:\/\/quehacerpolitico.mx\/#\/schema\/person\/496d8ad2d1d3f8036101dca7ee39e585"},"headline":"\u201cAhora tenemos tres luces en forma de tri\u00e1ngulo\u201d: pilotos de 6 aviones comerciales ven algo en el cielo","datePublished":"2018-10-12T19:15:00+00:00","mainEntityOfPage":{"@id":"https:\/\/quehacerpolitico.mx\/?p=6791"},"wordCount":378,"commentCount":0,"image":{"@id":"https:\/\/quehacerpolitico.mx\/?p=6791#primaryimage"},"thumbnailUrl":"","articleSection":["Noticias"],"inLanguage":"es","potentialAction":[{"@type":"CommentAction","name":"Comment","target":["https:\/\/quehacerpolitico.mx\/?p=6791#respond"]}]},{"@type":"WebPage","@id":"https:\/\/quehacerpolitico.mx\/?p=6791","url":"https:\/\/quehacerpolitico.mx\/?p=6791","name":"\u201cAhora tenemos tres luces en forma de tri\u00e1ngulo\u201d: pilotos de 6 aviones comerciales ven algo en el cielo -","isPartOf":{"@id":"https:\/\/quehacerpolitico.mx\/#website"},"primaryImageOfPage":{"@id":"https:\/\/quehacerpolitico.mx\/?p=6791#primaryimage"},"image":{"@id":"https:\/\/quehacerpolitico.mx\/?p=6791#primaryimage"},"thumbnailUrl":"","datePublished":"2018-10-12T19:15:00+00:00","author":{"@id":"https:\/\/quehacerpolitico.mx\/#\/schema\/person\/496d8ad2d1d3f8036101dca7ee39e585"},"breadcrumb":{"@id":"https:\/\/quehacerpolitico.mx\/?p=6791#breadcrumb"},"inLanguage":"es","potentialAction":[{"@type":"ReadAction","target":["https:\/\/quehacerpolitico.mx\/?p=6791"]}]},{"@type":"ImageObject","inLanguage":"es","@id":"https:\/\/quehacerpolitico.mx\/?p=6791#primaryimage","url":"","contentUrl":""},{"@type":"BreadcrumbList","@id":"https:\/\/quehacerpolitico.mx\/?p=6791#breadcrumb","itemListElement":[{"@type":"ListItem","position":1,"name":"Inicio","item":"https:\/\/quehacerpolitico.mx\/"},{"@type":"ListItem","position":2,"name":"\u201cAhora tenemos tres luces en forma de tri\u00e1ngulo\u201d: pilotos de 6 aviones comerciales ven algo en el cielo"}]},{"@type":"WebSite","@id":"https:\/\/quehacerpolitico.mx\/#website","url":"https:\/\/quehacerpolitico.mx\/","name":"","description":"","potentialAction":[{"@type":"SearchAction","target":{"@type":"EntryPoint","urlTemplate":"https:\/\/quehacerpolitico.mx\/?s={search_term_string}"},"query-input":{"@type":"PropertyValueSpecification","valueRequired":true,"valueName":"search_term_string"}}],"inLanguage":"es"},{"@type":"Person","@id":"https:\/\/quehacerpolitico.mx\/#\/schema\/person\/496d8ad2d1d3f8036101dca7ee39e585","name":"Redacci\u00f3n QP","image":{"@type":"ImageObject","inLanguage":"es","@id":"https:\/\/secure.gravatar.com\/avatar\/c7164ed6fdec453195284ad24a5ae5b6e1eed2b848477fa2a4787ba9adf39a41?s=96&d=mm&r=g","url":"https:\/\/secure.gravatar.com\/avatar\/c7164ed6fdec453195284ad24a5ae5b6e1eed2b848477fa2a4787ba9adf39a41?s=96&d=mm&r=g","contentUrl":"https:\/\/secure.gravatar.com\/avatar\/c7164ed6fdec453195284ad24a5ae5b6e1eed2b848477fa2a4787ba9adf39a41?s=96&d=mm&r=g","caption":"Redacci\u00f3n QP"},"url":"https:\/\/quehacerpolitico.mx\/?author=2"}]}},"featured_image_urls":{"full":"","thumbnail":"","medium":"","medium_large":"","large":"","1536x1536":"","2048x2048":"","covernews-featured":"","covernews-medium":""},"author_info":{"display_name":"Redacci\u00f3n QP","author_link":"https:\/\/quehacerpolitico.mx\/?author=2"},"category_info":"<a href=\"https:\/\/quehacerpolitico.mx\/?cat=2\" rel=\"category\">Noticias<\/a>","tag_info":"Noticias","comment_count":"0","_links":{"self":[{"href":"https:\/\/quehacerpolitico.mx\/index.php?rest_route=\/wp\/v2\/posts\/6791","targetHints":{"allow":["GET"]}}],"collection":[{"href":"https:\/\/quehacerpolitico.mx\/index.php?rest_route=\/wp\/v2\/posts"}],"about":[{"href":"https:\/\/quehacerpolitico.mx\/index.php?rest_route=\/wp\/v2\/types\/post"}],"author":[{"embeddable":true,"href":"https:\/\/quehacerpolitico.mx\/index.php?rest_route=\/wp\/v2\/users\/2"}],"replies":[{"embeddable":true,"href":"https:\/\/quehacerpolitico.mx\/index.php?rest_route=%2Fwp%2Fv2%2Fcomments&post=6791"}],"version-history":[{"count":0,"href":"https:\/\/quehacerpolitico.mx\/index.php?rest_route=\/wp\/v2\/posts\/6791\/revisions"}],"wp:featuredmedia":[{"embeddable":true,"href":"https:\/\/quehacerpolitico.mx\/index.php?rest_route=\/"}],"wp:attachment":[{"href":"https:\/\/quehacerpolitico.mx\/index.php?rest_route=%2Fwp%2Fv2%2Fmedia&parent=6791"}],"wp:term":[{"taxonomy":"category","embeddable":true,"href":"https:\/\/quehacerpolitico.mx\/index.php?rest_route=%2Fwp%2Fv2%2Fcategories&post=6791"},{"taxonomy":"post_tag","embeddable":true,"href":"https:\/\/quehacerpolitico.mx\/index.php?rest_route=%2Fwp%2Fv2%2Ftags&post=6791"}],"curies":[{"name":"wp","href":"https:\/\/api.w.org\/{rel}","templated":true}]}}