{"id":6789,"date":"2018-10-12T16:33:26","date_gmt":"2018-10-12T16:33:26","guid":{"rendered":"http:\/\/quehacerpolitico.mx\/la-tormenta-sergio-atraviesa-bc-y-se-mete-a-los-desiertos-entre-sonora-primero-y-chihuahua\/"},"modified":"2018-10-12T16:33:26","modified_gmt":"2018-10-12T16:33:26","slug":"la-tormenta-sergio-atraviesa-bc-y-se-mete-a-los-desiertos-entre-sonora-primero-y-chihuahua","status":"publish","type":"post","link":"https:\/\/quehacerpolitico.mx\/?p=6789","title":{"rendered":"La tormenta \u201cSergio\u201d atraviesa BC y se mete a los desiertos entre Sonora (primero) y Chihuahua"},"content":{"rendered":"<h3>El centro de \u201cSergio\u201d toc\u00f3 tierra alrededor de las 05:30 de la ma\u00f1ana y, de continuar con su actuales direcci\u00f3n y velocidad, saldr\u00e1 al Golfo de California en las pr\u00f3ximas horas y tendr\u00e1 un segundo impacto en las costas de Sonora, entre Bah\u00eda de Kino y Guaymas, alrededor de la 13:00 de la tarde.<\/h3>\n<p><strong>La tormenta tropical \u201cSergio\u201d<\/strong> ha atravesado la pen\u00ednsula de\u00a0<strong>Baja California<\/strong>\u00a0y se dirige hacia la zona de los desiertos entre Sonora, a donde llegar\u00e1 primero, y Chihuahua. Genera potencial de <strong>precipitaciones de muy fuertes a intensas<\/strong> en varios estados del norte de M\u00e9xico, indic\u00f3 hoy el <strong>Servicio Meteorol\u00f3gico Nacional<\/strong> (SMN).<\/p>\n<p>El SMN inform\u00f3 en su reporte de las 07:15 hora local (12:15 GMT) que el fen\u00f3meno se encuentra a 75 kil\u00f3metros al este de Punta Abreojos, Baja California Sur (noroeste), y a 75 kil\u00f3metros al suroeste de Santa Rosal\u00eda, en el mismo estado. Ahora avanza sobre Sonora con rumbo a Ciudad Ju\u00e1rez, Chihuahua.<\/p>\n<p>El pron\u00f3stico es que vaya perdiendo fuerza conforme atraviese los desiertos.<\/p>\n<p>En coordinaci\u00f3n con el Centro Nacional de Huracanes de Miami, Estados Unidos, el SMN estableci\u00f3 una zona de vigilancia desde Punta Eugenia hasta Cabo San L\u00e1zaro, en la costa occidental de Baja California Sur, y desde Bah\u00eda San Juan Bautista hasta Muleg\u00e9, en la costa oriental del mismo estado.<\/p>\n<blockquote class=\"twitter-tweet\" data-width=\"550\" data-dnt=\"true\">\n<p lang=\"es\" dir=\"ltr\">Durante la madrugada de hoy <a href=\"https:\/\/twitter.com\/hashtag\/Sergio?src=hash&amp;ref_src=twsrc%5Etfw\">#Sergio<\/a> toc\u00f3 tierra aproximadamente a 80 km al sur-sureste de Punta Abreojos, <a href=\"https:\/\/twitter.com\/hashtag\/BajaCaliforniaSur?src=hash&amp;ref_src=twsrc%5Etfw\">#BajaCaliforniaSur<\/a> <a href=\"https:\/\/t.co\/4KqQFYLEEz\">https:\/\/t.co\/4KqQFYLEEz<\/a> <a href=\"https:\/\/t.co\/tByiObsS2h\">pic.twitter.com\/tByiObsS2h<\/a><\/p>\n<p>&mdash; Conagua (@conagua_mx) <a href=\"https:\/\/twitter.com\/conagua_mx\/status\/1050733485680447488?ref_src=twsrc%5Etfw\">October 12, 2018<\/a><\/p><\/blockquote>\n<p><script async src=\"https:\/\/platform.twitter.com\/widgets.js\" charset=\"utf-8\"><\/script><\/p>\n<p>El meteoro se desplaza hacia el noreste a 39 kil\u00f3metros por hora, desarrollando vientos sostenidos de 70 kil\u00f3metros por hora y rachas de 85 kil\u00f3metros por hora.<\/p>\n<p>El centro de <strong>\u201cSergio\u201d<\/strong> toc\u00f3 tierra alrededor de las 05.30 hora del centro de M\u00e9xico (10.30 GMT) y, de continuar con su actuales direcci\u00f3n y velocidad, saldr\u00e1 al Golfo de California en las pr\u00f3ximas horas y tendr\u00e1 un segundo impacto en las costas de Sonora (noroeste), entre Bah\u00eda de Kino y Guaymas, alrededor de las 13.00 hora local (18.00 GMT).<\/p>\n<blockquote class=\"twitter-tweet\" data-width=\"550\" data-dnt=\"true\">\n<p lang=\"es\" dir=\"ltr\">Por efectos de la <a href=\"https:\/\/twitter.com\/hashtag\/TormentaTropical?src=hash&amp;ref_src=twsrc%5Etfw\">#TormentaTropical<\/a> <a href=\"https:\/\/twitter.com\/hashtag\/Sergio?src=hash&amp;ref_src=twsrc%5Etfw\">#Sergio<\/a> se mantiene zona de vigilancia en la costa occidental de <a href=\"https:\/\/twitter.com\/hashtag\/BajaCaliforniaSur?src=hash&amp;ref_src=twsrc%5Etfw\">#BajaCaliforniaSur<\/a>, desde Punta Eugenia hasta Cabo San L\u00e1zaro, y en la costa oriental, desde Bah\u00eda San Juan Bautista hasta Muleg\u00e9. <a href=\"https:\/\/t.co\/oobntmbtIm\">pic.twitter.com\/oobntmbtIm<\/a><\/p>\n<p>&mdash; CONAGUA Clima (@conagua_clima) <a href=\"https:\/\/twitter.com\/conagua_clima\/status\/1050763773215105030?ref_src=twsrc%5Etfw\">October 12, 2018<\/a><\/p><\/blockquote>\n<p><script async src=\"https:\/\/platform.twitter.com\/widgets.js\" charset=\"utf-8\"><\/script><\/p>\n<p>Las bandas nubosas de la tormenta se extienden sobre la Pen\u00ednsula de Baja California y el noroeste de M\u00e9xico, provocando potencial de tormentas muy fuertes a puntuales intensas en el sur de Baja California, norte de Baja California Sur y Sonora, y tormentas puntuales muy fuertes en Chihuahua (norte).<\/p>\n<p>Asimismo, se prev\u00e9n rachas de viento superiores a 60 kil\u00f3metros por hora y oleaje de 3 a 6 metros en la costa occidental de Baja California Sur y de 2 a 5 metros en la costa sur de Baja California y en Sonora, adem\u00e1s de la posible formaci\u00f3n de trombas marinas en la costa occidente de Baja California Sur.<\/p>\n<p>Por ello, el SMN recomend\u00f3 extremar precauciones a la poblaci\u00f3n en general y a la navegaci\u00f3n mar\u00edtima en esos estados por lluvias, viento y oleaje, y atender las recomendaciones de las autoridades del Sistema Nacional de Protecci\u00f3n Civil.<\/p>\n<p>El Gobierno del estado de Baja California Sur declar\u00f3 ayer la alerta por <strong>\u201cSergio\u201d<\/strong>, suspendi\u00f3 la actividad escolar para este viernes y mantiene en operaci\u00f3n 27 refugios para los pobladores de la zona afectada.<\/p>\n<blockquote class=\"twitter-tweet\" data-width=\"550\" data-dnt=\"true\">\n<p lang=\"es\" dir=\"ltr\">El centro de la <a href=\"https:\/\/twitter.com\/hashtag\/TormentaTropical?src=hash&amp;ref_src=twsrc%5Etfw\">#TormentaTropical<\/a> <a href=\"https:\/\/twitter.com\/hashtag\/Sergio?src=hash&amp;ref_src=twsrc%5Etfw\">#Sergio<\/a> se localiza sobre el <a href=\"https:\/\/twitter.com\/hashtag\/GolfoDeCalifornia?src=hash&amp;ref_src=twsrc%5Etfw\">#GolfoDeCalifornia<\/a>, a 45 km al este-noreste de Santa Rosal\u00eda <a href=\"https:\/\/twitter.com\/hashtag\/BajaCaliforniaSur?src=hash&amp;ref_src=twsrc%5Etfw\">#BajaCaliforniaSur<\/a> y a 115 km al oeste-suroeste de Guaymas <a href=\"https:\/\/twitter.com\/hashtag\/Sonora?src=hash&amp;ref_src=twsrc%5Etfw\">#Sonora<\/a> con vientos de 65 km\/h, rachas de 85 km\/h y desplazamiento hacia el noreste a 39 km\/h <a href=\"https:\/\/t.co\/YWOz8ISwTK\">pic.twitter.com\/YWOz8ISwTK<\/a><\/p>\n<p>&mdash; CONAGUA Clima (@conagua_clima) <a href=\"https:\/\/twitter.com\/conagua_clima\/status\/1050763736233852928?ref_src=twsrc%5Etfw\">October 12, 2018<\/a><\/p><\/blockquote>\n<p><script async src=\"https:\/\/platform.twitter.com\/widgets.js\" charset=\"utf-8\"><\/script><\/p>\n<p><strong>\u201cSergio<\/strong>\u201d se convirti\u00f3 en tormenta tropical el pasado 29 de septiembre en el Pac\u00edfico central mexicano y como hurac\u00e1n alcanz\u00f3 la categor\u00eda 4 de la escala Saffir-Simpson el 3 de octubre pasado, para comenzar a perder fuerza a medida que se dirig\u00eda a tierra.<\/p>\n<p>Con Informaci\u00f3n de EFE<\/p>\n","protected":false},"excerpt":{"rendered":"<p>La tormenta \u201cSergio\u201d atraviesa BC y se mete a los desiertos entre Sonora (primero) y Chihuahua<br \/>\nPor Redacci\u00f3n QP<\/p>\n","protected":false},"author":2,"featured_media":6788,"comment_status":"open","ping_status":"open","sticky":false,"template":"","format":"standard","meta":{"_monsterinsights_skip_tracking":false,"_monsterinsights_sitenote_active":false,"_monsterinsights_sitenote_note":"","_monsterinsights_sitenote_category":0,"footnotes":""},"categories":[2],"tags":[],"class_list":["post-6789","post","type-post","status-publish","format-standard","has-post-thumbnail","hentry","category-noticias"],"yoast_head":"<!-- This site is optimized with the Yoast SEO plugin v27.3 - https:\/\/yoast.com\/product\/yoast-seo-wordpress\/ -->\n<title>La tormenta \u201cSergio\u201d atraviesa BC y se mete a los desiertos entre Sonora (primero) y Chihuahua -<\/title>\n<meta name=\"robots\" content=\"index, follow, max-snippet:-1, max-image-preview:large, max-video-preview:-1\" \/>\n<link rel=\"canonical\" href=\"https:\/\/quehacerpolitico.mx\/?p=6789\" \/>\n<meta property=\"og:locale\" content=\"es_MX\" \/>\n<meta property=\"og:type\" content=\"article\" \/>\n<meta property=\"og:title\" content=\"La tormenta \u201cSergio\u201d atraviesa BC y se mete a los desiertos entre Sonora (primero) y Chihuahua -\" \/>\n<meta property=\"og:description\" content=\"La tormenta \u201cSergio\u201d atraviesa BC y se mete a los desiertos entre Sonora (primero) y Chihuahua Por Redacci\u00f3n QP\" \/>\n<meta property=\"og:url\" content=\"https:\/\/quehacerpolitico.mx\/?p=6789\" \/>\n<meta property=\"article:published_time\" content=\"2018-10-12T16:33:26+00:00\" \/>\n<meta name=\"author\" content=\"Redacci\u00f3n QP\" \/>\n<meta name=\"twitter:card\" content=\"summary_large_image\" \/>\n<meta name=\"twitter:label1\" content=\"Escrito por\" \/>\n\t<meta name=\"twitter:data1\" content=\"Redacci\u00f3n QP\" \/>\n\t<meta name=\"twitter:label2\" content=\"Tiempo de lectura\" \/>\n\t<meta name=\"twitter:data2\" content=\"3 minutos\" \/>\n<script type=\"application\/ld+json\" class=\"yoast-schema-graph\">{\"@context\":\"https:\\\/\\\/schema.org\",\"@graph\":[{\"@type\":\"Article\",\"@id\":\"https:\\\/\\\/quehacerpolitico.mx\\\/?p=6789#article\",\"isPartOf\":{\"@id\":\"https:\\\/\\\/quehacerpolitico.mx\\\/?p=6789\"},\"author\":{\"name\":\"Redacci\u00f3n QP\",\"@id\":\"https:\\\/\\\/quehacerpolitico.mx\\\/#\\\/schema\\\/person\\\/496d8ad2d1d3f8036101dca7ee39e585\"},\"headline\":\"La tormenta \u201cSergio\u201d atraviesa BC y se mete a los desiertos entre Sonora (primero) y Chihuahua\",\"datePublished\":\"2018-10-12T16:33:26+00:00\",\"mainEntityOfPage\":{\"@id\":\"https:\\\/\\\/quehacerpolitico.mx\\\/?p=6789\"},\"wordCount\":587,\"commentCount\":0,\"image\":{\"@id\":\"https:\\\/\\\/quehacerpolitico.mx\\\/?p=6789#primaryimage\"},\"thumbnailUrl\":\"\",\"articleSection\":[\"Noticias\"],\"inLanguage\":\"es\",\"potentialAction\":[{\"@type\":\"CommentAction\",\"name\":\"Comment\",\"target\":[\"https:\\\/\\\/quehacerpolitico.mx\\\/?p=6789#respond\"]}]},{\"@type\":\"WebPage\",\"@id\":\"https:\\\/\\\/quehacerpolitico.mx\\\/?p=6789\",\"url\":\"https:\\\/\\\/quehacerpolitico.mx\\\/?p=6789\",\"name\":\"La tormenta \u201cSergio\u201d atraviesa BC y se mete a los desiertos entre Sonora (primero) y Chihuahua -\",\"isPartOf\":{\"@id\":\"https:\\\/\\\/quehacerpolitico.mx\\\/#website\"},\"primaryImageOfPage\":{\"@id\":\"https:\\\/\\\/quehacerpolitico.mx\\\/?p=6789#primaryimage\"},\"image\":{\"@id\":\"https:\\\/\\\/quehacerpolitico.mx\\\/?p=6789#primaryimage\"},\"thumbnailUrl\":\"\",\"datePublished\":\"2018-10-12T16:33:26+00:00\",\"author\":{\"@id\":\"https:\\\/\\\/quehacerpolitico.mx\\\/#\\\/schema\\\/person\\\/496d8ad2d1d3f8036101dca7ee39e585\"},\"breadcrumb\":{\"@id\":\"https:\\\/\\\/quehacerpolitico.mx\\\/?p=6789#breadcrumb\"},\"inLanguage\":\"es\",\"potentialAction\":[{\"@type\":\"ReadAction\",\"target\":[\"https:\\\/\\\/quehacerpolitico.mx\\\/?p=6789\"]}]},{\"@type\":\"ImageObject\",\"inLanguage\":\"es\",\"@id\":\"https:\\\/\\\/quehacerpolitico.mx\\\/?p=6789#primaryimage\",\"url\":\"\",\"contentUrl\":\"\"},{\"@type\":\"BreadcrumbList\",\"@id\":\"https:\\\/\\\/quehacerpolitico.mx\\\/?p=6789#breadcrumb\",\"itemListElement\":[{\"@type\":\"ListItem\",\"position\":1,\"name\":\"Inicio\",\"item\":\"https:\\\/\\\/quehacerpolitico.mx\\\/\"},{\"@type\":\"ListItem\",\"position\":2,\"name\":\"La tormenta \u201cSergio\u201d atraviesa BC y se mete a los desiertos entre Sonora (primero) y Chihuahua\"}]},{\"@type\":\"WebSite\",\"@id\":\"https:\\\/\\\/quehacerpolitico.mx\\\/#website\",\"url\":\"https:\\\/\\\/quehacerpolitico.mx\\\/\",\"name\":\"\",\"description\":\"\",\"potentialAction\":[{\"@type\":\"SearchAction\",\"target\":{\"@type\":\"EntryPoint\",\"urlTemplate\":\"https:\\\/\\\/quehacerpolitico.mx\\\/?s={search_term_string}\"},\"query-input\":{\"@type\":\"PropertyValueSpecification\",\"valueRequired\":true,\"valueName\":\"search_term_string\"}}],\"inLanguage\":\"es\"},{\"@type\":\"Person\",\"@id\":\"https:\\\/\\\/quehacerpolitico.mx\\\/#\\\/schema\\\/person\\\/496d8ad2d1d3f8036101dca7ee39e585\",\"name\":\"Redacci\u00f3n QP\",\"image\":{\"@type\":\"ImageObject\",\"inLanguage\":\"es\",\"@id\":\"https:\\\/\\\/secure.gravatar.com\\\/avatar\\\/c7164ed6fdec453195284ad24a5ae5b6e1eed2b848477fa2a4787ba9adf39a41?s=96&d=mm&r=g\",\"url\":\"https:\\\/\\\/secure.gravatar.com\\\/avatar\\\/c7164ed6fdec453195284ad24a5ae5b6e1eed2b848477fa2a4787ba9adf39a41?s=96&d=mm&r=g\",\"contentUrl\":\"https:\\\/\\\/secure.gravatar.com\\\/avatar\\\/c7164ed6fdec453195284ad24a5ae5b6e1eed2b848477fa2a4787ba9adf39a41?s=96&d=mm&r=g\",\"caption\":\"Redacci\u00f3n QP\"},\"url\":\"https:\\\/\\\/quehacerpolitico.mx\\\/?author=2\"}]}<\/script>\n<!-- \/ Yoast SEO plugin. -->","yoast_head_json":{"title":"La tormenta \u201cSergio\u201d atraviesa BC y se mete a los desiertos entre Sonora (primero) y Chihuahua -","robots":{"index":"index","follow":"follow","max-snippet":"max-snippet:-1","max-image-preview":"max-image-preview:large","max-video-preview":"max-video-preview:-1"},"canonical":"https:\/\/quehacerpolitico.mx\/?p=6789","og_locale":"es_MX","og_type":"article","og_title":"La tormenta \u201cSergio\u201d atraviesa BC y se mete a los desiertos entre Sonora (primero) y Chihuahua -","og_description":"La tormenta \u201cSergio\u201d atraviesa BC y se mete a los desiertos entre Sonora (primero) y Chihuahua Por Redacci\u00f3n QP","og_url":"https:\/\/quehacerpolitico.mx\/?p=6789","article_published_time":"2018-10-12T16:33:26+00:00","author":"Redacci\u00f3n QP","twitter_card":"summary_large_image","twitter_misc":{"Escrito por":"Redacci\u00f3n QP","Tiempo de lectura":"3 minutos"},"schema":{"@context":"https:\/\/schema.org","@graph":[{"@type":"Article","@id":"https:\/\/quehacerpolitico.mx\/?p=6789#article","isPartOf":{"@id":"https:\/\/quehacerpolitico.mx\/?p=6789"},"author":{"name":"Redacci\u00f3n QP","@id":"https:\/\/quehacerpolitico.mx\/#\/schema\/person\/496d8ad2d1d3f8036101dca7ee39e585"},"headline":"La tormenta \u201cSergio\u201d atraviesa BC y se mete a los desiertos entre Sonora (primero) y Chihuahua","datePublished":"2018-10-12T16:33:26+00:00","mainEntityOfPage":{"@id":"https:\/\/quehacerpolitico.mx\/?p=6789"},"wordCount":587,"commentCount":0,"image":{"@id":"https:\/\/quehacerpolitico.mx\/?p=6789#primaryimage"},"thumbnailUrl":"","articleSection":["Noticias"],"inLanguage":"es","potentialAction":[{"@type":"CommentAction","name":"Comment","target":["https:\/\/quehacerpolitico.mx\/?p=6789#respond"]}]},{"@type":"WebPage","@id":"https:\/\/quehacerpolitico.mx\/?p=6789","url":"https:\/\/quehacerpolitico.mx\/?p=6789","name":"La tormenta \u201cSergio\u201d atraviesa BC y se mete a los desiertos entre Sonora (primero) y Chihuahua -","isPartOf":{"@id":"https:\/\/quehacerpolitico.mx\/#website"},"primaryImageOfPage":{"@id":"https:\/\/quehacerpolitico.mx\/?p=6789#primaryimage"},"image":{"@id":"https:\/\/quehacerpolitico.mx\/?p=6789#primaryimage"},"thumbnailUrl":"","datePublished":"2018-10-12T16:33:26+00:00","author":{"@id":"https:\/\/quehacerpolitico.mx\/#\/schema\/person\/496d8ad2d1d3f8036101dca7ee39e585"},"breadcrumb":{"@id":"https:\/\/quehacerpolitico.mx\/?p=6789#breadcrumb"},"inLanguage":"es","potentialAction":[{"@type":"ReadAction","target":["https:\/\/quehacerpolitico.mx\/?p=6789"]}]},{"@type":"ImageObject","inLanguage":"es","@id":"https:\/\/quehacerpolitico.mx\/?p=6789#primaryimage","url":"","contentUrl":""},{"@type":"BreadcrumbList","@id":"https:\/\/quehacerpolitico.mx\/?p=6789#breadcrumb","itemListElement":[{"@type":"ListItem","position":1,"name":"Inicio","item":"https:\/\/quehacerpolitico.mx\/"},{"@type":"ListItem","position":2,"name":"La tormenta \u201cSergio\u201d atraviesa BC y se mete a los desiertos entre Sonora (primero) y Chihuahua"}]},{"@type":"WebSite","@id":"https:\/\/quehacerpolitico.mx\/#website","url":"https:\/\/quehacerpolitico.mx\/","name":"","description":"","potentialAction":[{"@type":"SearchAction","target":{"@type":"EntryPoint","urlTemplate":"https:\/\/quehacerpolitico.mx\/?s={search_term_string}"},"query-input":{"@type":"PropertyValueSpecification","valueRequired":true,"valueName":"search_term_string"}}],"inLanguage":"es"},{"@type":"Person","@id":"https:\/\/quehacerpolitico.mx\/#\/schema\/person\/496d8ad2d1d3f8036101dca7ee39e585","name":"Redacci\u00f3n QP","image":{"@type":"ImageObject","inLanguage":"es","@id":"https:\/\/secure.gravatar.com\/avatar\/c7164ed6fdec453195284ad24a5ae5b6e1eed2b848477fa2a4787ba9adf39a41?s=96&d=mm&r=g","url":"https:\/\/secure.gravatar.com\/avatar\/c7164ed6fdec453195284ad24a5ae5b6e1eed2b848477fa2a4787ba9adf39a41?s=96&d=mm&r=g","contentUrl":"https:\/\/secure.gravatar.com\/avatar\/c7164ed6fdec453195284ad24a5ae5b6e1eed2b848477fa2a4787ba9adf39a41?s=96&d=mm&r=g","caption":"Redacci\u00f3n QP"},"url":"https:\/\/quehacerpolitico.mx\/?author=2"}]}},"featured_image_urls":{"full":"","thumbnail":"","medium":"","medium_large":"","large":"","1536x1536":"","2048x2048":"","covernews-featured":"","covernews-medium":""},"author_info":{"display_name":"Redacci\u00f3n QP","author_link":"https:\/\/quehacerpolitico.mx\/?author=2"},"category_info":"<a href=\"https:\/\/quehacerpolitico.mx\/?cat=2\" rel=\"category\">Noticias<\/a>","tag_info":"Noticias","comment_count":"0","_links":{"self":[{"href":"https:\/\/quehacerpolitico.mx\/index.php?rest_route=\/wp\/v2\/posts\/6789","targetHints":{"allow":["GET"]}}],"collection":[{"href":"https:\/\/quehacerpolitico.mx\/index.php?rest_route=\/wp\/v2\/posts"}],"about":[{"href":"https:\/\/quehacerpolitico.mx\/index.php?rest_route=\/wp\/v2\/types\/post"}],"author":[{"embeddable":true,"href":"https:\/\/quehacerpolitico.mx\/index.php?rest_route=\/wp\/v2\/users\/2"}],"replies":[{"embeddable":true,"href":"https:\/\/quehacerpolitico.mx\/index.php?rest_route=%2Fwp%2Fv2%2Fcomments&post=6789"}],"version-history":[{"count":0,"href":"https:\/\/quehacerpolitico.mx\/index.php?rest_route=\/wp\/v2\/posts\/6789\/revisions"}],"wp:featuredmedia":[{"embeddable":true,"href":"https:\/\/quehacerpolitico.mx\/index.php?rest_route=\/"}],"wp:attachment":[{"href":"https:\/\/quehacerpolitico.mx\/index.php?rest_route=%2Fwp%2Fv2%2Fmedia&parent=6789"}],"wp:term":[{"taxonomy":"category","embeddable":true,"href":"https:\/\/quehacerpolitico.mx\/index.php?rest_route=%2Fwp%2Fv2%2Fcategories&post=6789"},{"taxonomy":"post_tag","embeddable":true,"href":"https:\/\/quehacerpolitico.mx\/index.php?rest_route=%2Fwp%2Fv2%2Ftags&post=6789"}],"curies":[{"name":"wp","href":"https:\/\/api.w.org\/{rel}","templated":true}]}}