{"id":6783,"date":"2018-10-12T15:57:34","date_gmt":"2018-10-12T15:57:34","guid":{"rendered":"http:\/\/quehacerpolitico.mx\/habra-justicia-en-caso-del-ex-gobernador-de-quintana-roo-mario-villanueva-amlo\/"},"modified":"2018-10-12T15:57:34","modified_gmt":"2018-10-12T15:57:34","slug":"habra-justicia-en-caso-del-ex-gobernador-de-quintana-roo-mario-villanueva-amlo","status":"publish","type":"post","link":"https:\/\/quehacerpolitico.mx\/?p=6783","title":{"rendered":"Habr\u00e1 justicia en caso del ex gobernador de Quintana Roo, Mario Villanueva: AMLO"},"content":{"rendered":"<p>El presidente electo de M\u00e9xico,<strong> Andr\u00e9s Manuel L\u00f3pez Obrador<\/strong>, confirm\u00f3 que el ex gobernador de Quintana Roo, Mario Villanueva (actualmente preso por sus presuntos nexos con el <strong>C\u00e1rtel de Ciudad Ju\u00e1rez)<\/strong>, le envi\u00f3 una carta para exponerle su caso.<\/p>\n<p>Durante la gira que realiz\u00f3 ayer por la entidad, asegur\u00f3 que \u201chabr\u00e1 justicia\u201d, sin aclarar si el ex mandatario obtendr\u00e1 la amnist\u00eda propuesta por el tabasque\u00f1o o seguir\u00e1 en la c\u00e1rcel.<\/p>\n<p>El 28 de septiembre, <strong>Villanueva Madrid<\/strong> le env\u00edo una carta al presidente electo en la que reclama que la Procuradur\u00eda General de la Rep\u00fablica le impuso 4 \u00f3rdenes de aprehensi\u00f3n por 13 delitos con 25 testigos protegidos.<\/p>\n<p>Desde el a\u00f1o 1993 se le vincul\u00f3 con la organizaci\u00f3n criminal que comandaba Amado Carrillo Fuentes <strong>\u2018El Se\u00f1or de los Cielos\u2019<\/strong>.<\/p>\n<p>El contubernio dur\u00f3 de 1994 a 1999, a\u00f1os en el que la fortuna de <strong>Villanueva<\/strong> creci\u00f3 considerablemente. Manej\u00f3 cuentas en bancos de<strong> Estados Unidos, Suiza, Panam\u00e1 y Bahamas<\/strong>.<\/p>\n<p>Dos d\u00edas antes de que concluyera su mandato, en 1999 desapareci\u00f3 y env\u00edo una carta en la que aseguraba que las autoridades lo persegu\u00edan sin pruebas.<\/p>\n<p>Fue detenido en<strong> Canc\u00fan el 24 de mayo de 2001.<\/strong><\/p>\n<p>El 8 de mayo del 2010 sali\u00f3 de la c\u00e1rcel mexicana para ser entregado a la justicia estadounidense.<\/p>\n<p>El pasado 22 de diciembre de 2016 fue liberado de la c\u00e1rcel de Lexington, <strong>Estados Unidos.<\/strong><\/p>\n<p>Despu\u00e9s regres\u00f3 a M\u00e9xico a cumplir una sentencia que lo mantiene en el penal de C<strong>hetumal, Quintana Roo.<\/strong><\/p>\n","protected":false},"excerpt":{"rendered":"<p>Habr\u00e1 justicia en caso del ex gobernador de Quintana Roo, Mario Villanueva: AMLO<\/p>\n","protected":false},"author":2,"featured_media":6782,"comment_status":"open","ping_status":"open","sticky":false,"template":"","format":"standard","meta":{"_monsterinsights_skip_tracking":false,"_monsterinsights_sitenote_active":false,"_monsterinsights_sitenote_note":"","_monsterinsights_sitenote_category":0,"footnotes":""},"categories":[2],"tags":[],"class_list":["post-6783","post","type-post","status-publish","format-standard","has-post-thumbnail","hentry","category-noticias"],"yoast_head":"<!-- This site is optimized with the Yoast SEO plugin v27.3 - https:\/\/yoast.com\/product\/yoast-seo-wordpress\/ -->\n<title>Habr\u00e1 justicia en caso del ex gobernador de Quintana Roo, Mario Villanueva: AMLO -<\/title>\n<meta name=\"robots\" content=\"index, follow, max-snippet:-1, max-image-preview:large, max-video-preview:-1\" \/>\n<link rel=\"canonical\" href=\"https:\/\/quehacerpolitico.mx\/?p=6783\" \/>\n<meta property=\"og:locale\" content=\"es_MX\" \/>\n<meta property=\"og:type\" content=\"article\" \/>\n<meta property=\"og:title\" content=\"Habr\u00e1 justicia en caso del ex gobernador de Quintana Roo, Mario Villanueva: AMLO -\" \/>\n<meta property=\"og:description\" content=\"Habr\u00e1 justicia en caso del ex gobernador de Quintana Roo, Mario Villanueva: AMLO\" \/>\n<meta property=\"og:url\" content=\"https:\/\/quehacerpolitico.mx\/?p=6783\" \/>\n<meta property=\"article:published_time\" content=\"2018-10-12T15:57:34+00:00\" \/>\n<meta name=\"author\" content=\"Redacci\u00f3n QP\" \/>\n<meta name=\"twitter:card\" content=\"summary_large_image\" \/>\n<meta name=\"twitter:label1\" content=\"Escrito por\" \/>\n\t<meta name=\"twitter:data1\" content=\"Redacci\u00f3n QP\" \/>\n\t<meta name=\"twitter:label2\" content=\"Tiempo de lectura\" \/>\n\t<meta name=\"twitter:data2\" content=\"1 minuto\" \/>\n<script type=\"application\/ld+json\" class=\"yoast-schema-graph\">{\"@context\":\"https:\\\/\\\/schema.org\",\"@graph\":[{\"@type\":\"Article\",\"@id\":\"https:\\\/\\\/quehacerpolitico.mx\\\/?p=6783#article\",\"isPartOf\":{\"@id\":\"https:\\\/\\\/quehacerpolitico.mx\\\/?p=6783\"},\"author\":{\"name\":\"Redacci\u00f3n QP\",\"@id\":\"https:\\\/\\\/quehacerpolitico.mx\\\/#\\\/schema\\\/person\\\/496d8ad2d1d3f8036101dca7ee39e585\"},\"headline\":\"Habr\u00e1 justicia en caso del ex gobernador de Quintana Roo, Mario Villanueva: AMLO\",\"datePublished\":\"2018-10-12T15:57:34+00:00\",\"mainEntityOfPage\":{\"@id\":\"https:\\\/\\\/quehacerpolitico.mx\\\/?p=6783\"},\"wordCount\":267,\"commentCount\":0,\"image\":{\"@id\":\"https:\\\/\\\/quehacerpolitico.mx\\\/?p=6783#primaryimage\"},\"thumbnailUrl\":\"\",\"articleSection\":[\"Noticias\"],\"inLanguage\":\"es\",\"potentialAction\":[{\"@type\":\"CommentAction\",\"name\":\"Comment\",\"target\":[\"https:\\\/\\\/quehacerpolitico.mx\\\/?p=6783#respond\"]}]},{\"@type\":\"WebPage\",\"@id\":\"https:\\\/\\\/quehacerpolitico.mx\\\/?p=6783\",\"url\":\"https:\\\/\\\/quehacerpolitico.mx\\\/?p=6783\",\"name\":\"Habr\u00e1 justicia en caso del ex gobernador de Quintana Roo, Mario Villanueva: AMLO -\",\"isPartOf\":{\"@id\":\"https:\\\/\\\/quehacerpolitico.mx\\\/#website\"},\"primaryImageOfPage\":{\"@id\":\"https:\\\/\\\/quehacerpolitico.mx\\\/?p=6783#primaryimage\"},\"image\":{\"@id\":\"https:\\\/\\\/quehacerpolitico.mx\\\/?p=6783#primaryimage\"},\"thumbnailUrl\":\"\",\"datePublished\":\"2018-10-12T15:57:34+00:00\",\"author\":{\"@id\":\"https:\\\/\\\/quehacerpolitico.mx\\\/#\\\/schema\\\/person\\\/496d8ad2d1d3f8036101dca7ee39e585\"},\"breadcrumb\":{\"@id\":\"https:\\\/\\\/quehacerpolitico.mx\\\/?p=6783#breadcrumb\"},\"inLanguage\":\"es\",\"potentialAction\":[{\"@type\":\"ReadAction\",\"target\":[\"https:\\\/\\\/quehacerpolitico.mx\\\/?p=6783\"]}]},{\"@type\":\"ImageObject\",\"inLanguage\":\"es\",\"@id\":\"https:\\\/\\\/quehacerpolitico.mx\\\/?p=6783#primaryimage\",\"url\":\"\",\"contentUrl\":\"\"},{\"@type\":\"BreadcrumbList\",\"@id\":\"https:\\\/\\\/quehacerpolitico.mx\\\/?p=6783#breadcrumb\",\"itemListElement\":[{\"@type\":\"ListItem\",\"position\":1,\"name\":\"Inicio\",\"item\":\"https:\\\/\\\/quehacerpolitico.mx\\\/\"},{\"@type\":\"ListItem\",\"position\":2,\"name\":\"Habr\u00e1 justicia en caso del ex gobernador de Quintana Roo, Mario Villanueva: AMLO\"}]},{\"@type\":\"WebSite\",\"@id\":\"https:\\\/\\\/quehacerpolitico.mx\\\/#website\",\"url\":\"https:\\\/\\\/quehacerpolitico.mx\\\/\",\"name\":\"\",\"description\":\"\",\"potentialAction\":[{\"@type\":\"SearchAction\",\"target\":{\"@type\":\"EntryPoint\",\"urlTemplate\":\"https:\\\/\\\/quehacerpolitico.mx\\\/?s={search_term_string}\"},\"query-input\":{\"@type\":\"PropertyValueSpecification\",\"valueRequired\":true,\"valueName\":\"search_term_string\"}}],\"inLanguage\":\"es\"},{\"@type\":\"Person\",\"@id\":\"https:\\\/\\\/quehacerpolitico.mx\\\/#\\\/schema\\\/person\\\/496d8ad2d1d3f8036101dca7ee39e585\",\"name\":\"Redacci\u00f3n QP\",\"image\":{\"@type\":\"ImageObject\",\"inLanguage\":\"es\",\"@id\":\"https:\\\/\\\/secure.gravatar.com\\\/avatar\\\/c7164ed6fdec453195284ad24a5ae5b6e1eed2b848477fa2a4787ba9adf39a41?s=96&d=mm&r=g\",\"url\":\"https:\\\/\\\/secure.gravatar.com\\\/avatar\\\/c7164ed6fdec453195284ad24a5ae5b6e1eed2b848477fa2a4787ba9adf39a41?s=96&d=mm&r=g\",\"contentUrl\":\"https:\\\/\\\/secure.gravatar.com\\\/avatar\\\/c7164ed6fdec453195284ad24a5ae5b6e1eed2b848477fa2a4787ba9adf39a41?s=96&d=mm&r=g\",\"caption\":\"Redacci\u00f3n QP\"},\"url\":\"https:\\\/\\\/quehacerpolitico.mx\\\/?author=2\"}]}<\/script>\n<!-- \/ Yoast SEO plugin. -->","yoast_head_json":{"title":"Habr\u00e1 justicia en caso del ex gobernador de Quintana Roo, Mario Villanueva: AMLO -","robots":{"index":"index","follow":"follow","max-snippet":"max-snippet:-1","max-image-preview":"max-image-preview:large","max-video-preview":"max-video-preview:-1"},"canonical":"https:\/\/quehacerpolitico.mx\/?p=6783","og_locale":"es_MX","og_type":"article","og_title":"Habr\u00e1 justicia en caso del ex gobernador de Quintana Roo, Mario Villanueva: AMLO -","og_description":"Habr\u00e1 justicia en caso del ex gobernador de Quintana Roo, Mario Villanueva: AMLO","og_url":"https:\/\/quehacerpolitico.mx\/?p=6783","article_published_time":"2018-10-12T15:57:34+00:00","author":"Redacci\u00f3n QP","twitter_card":"summary_large_image","twitter_misc":{"Escrito por":"Redacci\u00f3n QP","Tiempo de lectura":"1 minuto"},"schema":{"@context":"https:\/\/schema.org","@graph":[{"@type":"Article","@id":"https:\/\/quehacerpolitico.mx\/?p=6783#article","isPartOf":{"@id":"https:\/\/quehacerpolitico.mx\/?p=6783"},"author":{"name":"Redacci\u00f3n QP","@id":"https:\/\/quehacerpolitico.mx\/#\/schema\/person\/496d8ad2d1d3f8036101dca7ee39e585"},"headline":"Habr\u00e1 justicia en caso del ex gobernador de Quintana Roo, Mario Villanueva: AMLO","datePublished":"2018-10-12T15:57:34+00:00","mainEntityOfPage":{"@id":"https:\/\/quehacerpolitico.mx\/?p=6783"},"wordCount":267,"commentCount":0,"image":{"@id":"https:\/\/quehacerpolitico.mx\/?p=6783#primaryimage"},"thumbnailUrl":"","articleSection":["Noticias"],"inLanguage":"es","potentialAction":[{"@type":"CommentAction","name":"Comment","target":["https:\/\/quehacerpolitico.mx\/?p=6783#respond"]}]},{"@type":"WebPage","@id":"https:\/\/quehacerpolitico.mx\/?p=6783","url":"https:\/\/quehacerpolitico.mx\/?p=6783","name":"Habr\u00e1 justicia en caso del ex gobernador de Quintana Roo, Mario Villanueva: AMLO -","isPartOf":{"@id":"https:\/\/quehacerpolitico.mx\/#website"},"primaryImageOfPage":{"@id":"https:\/\/quehacerpolitico.mx\/?p=6783#primaryimage"},"image":{"@id":"https:\/\/quehacerpolitico.mx\/?p=6783#primaryimage"},"thumbnailUrl":"","datePublished":"2018-10-12T15:57:34+00:00","author":{"@id":"https:\/\/quehacerpolitico.mx\/#\/schema\/person\/496d8ad2d1d3f8036101dca7ee39e585"},"breadcrumb":{"@id":"https:\/\/quehacerpolitico.mx\/?p=6783#breadcrumb"},"inLanguage":"es","potentialAction":[{"@type":"ReadAction","target":["https:\/\/quehacerpolitico.mx\/?p=6783"]}]},{"@type":"ImageObject","inLanguage":"es","@id":"https:\/\/quehacerpolitico.mx\/?p=6783#primaryimage","url":"","contentUrl":""},{"@type":"BreadcrumbList","@id":"https:\/\/quehacerpolitico.mx\/?p=6783#breadcrumb","itemListElement":[{"@type":"ListItem","position":1,"name":"Inicio","item":"https:\/\/quehacerpolitico.mx\/"},{"@type":"ListItem","position":2,"name":"Habr\u00e1 justicia en caso del ex gobernador de Quintana Roo, Mario Villanueva: AMLO"}]},{"@type":"WebSite","@id":"https:\/\/quehacerpolitico.mx\/#website","url":"https:\/\/quehacerpolitico.mx\/","name":"","description":"","potentialAction":[{"@type":"SearchAction","target":{"@type":"EntryPoint","urlTemplate":"https:\/\/quehacerpolitico.mx\/?s={search_term_string}"},"query-input":{"@type":"PropertyValueSpecification","valueRequired":true,"valueName":"search_term_string"}}],"inLanguage":"es"},{"@type":"Person","@id":"https:\/\/quehacerpolitico.mx\/#\/schema\/person\/496d8ad2d1d3f8036101dca7ee39e585","name":"Redacci\u00f3n QP","image":{"@type":"ImageObject","inLanguage":"es","@id":"https:\/\/secure.gravatar.com\/avatar\/c7164ed6fdec453195284ad24a5ae5b6e1eed2b848477fa2a4787ba9adf39a41?s=96&d=mm&r=g","url":"https:\/\/secure.gravatar.com\/avatar\/c7164ed6fdec453195284ad24a5ae5b6e1eed2b848477fa2a4787ba9adf39a41?s=96&d=mm&r=g","contentUrl":"https:\/\/secure.gravatar.com\/avatar\/c7164ed6fdec453195284ad24a5ae5b6e1eed2b848477fa2a4787ba9adf39a41?s=96&d=mm&r=g","caption":"Redacci\u00f3n QP"},"url":"https:\/\/quehacerpolitico.mx\/?author=2"}]}},"featured_image_urls":{"full":"","thumbnail":"","medium":"","medium_large":"","large":"","1536x1536":"","2048x2048":"","covernews-featured":"","covernews-medium":""},"author_info":{"display_name":"Redacci\u00f3n QP","author_link":"https:\/\/quehacerpolitico.mx\/?author=2"},"category_info":"<a href=\"https:\/\/quehacerpolitico.mx\/?cat=2\" rel=\"category\">Noticias<\/a>","tag_info":"Noticias","comment_count":"0","_links":{"self":[{"href":"https:\/\/quehacerpolitico.mx\/index.php?rest_route=\/wp\/v2\/posts\/6783","targetHints":{"allow":["GET"]}}],"collection":[{"href":"https:\/\/quehacerpolitico.mx\/index.php?rest_route=\/wp\/v2\/posts"}],"about":[{"href":"https:\/\/quehacerpolitico.mx\/index.php?rest_route=\/wp\/v2\/types\/post"}],"author":[{"embeddable":true,"href":"https:\/\/quehacerpolitico.mx\/index.php?rest_route=\/wp\/v2\/users\/2"}],"replies":[{"embeddable":true,"href":"https:\/\/quehacerpolitico.mx\/index.php?rest_route=%2Fwp%2Fv2%2Fcomments&post=6783"}],"version-history":[{"count":0,"href":"https:\/\/quehacerpolitico.mx\/index.php?rest_route=\/wp\/v2\/posts\/6783\/revisions"}],"wp:featuredmedia":[{"embeddable":true,"href":"https:\/\/quehacerpolitico.mx\/index.php?rest_route=\/"}],"wp:attachment":[{"href":"https:\/\/quehacerpolitico.mx\/index.php?rest_route=%2Fwp%2Fv2%2Fmedia&parent=6783"}],"wp:term":[{"taxonomy":"category","embeddable":true,"href":"https:\/\/quehacerpolitico.mx\/index.php?rest_route=%2Fwp%2Fv2%2Fcategories&post=6783"},{"taxonomy":"post_tag","embeddable":true,"href":"https:\/\/quehacerpolitico.mx\/index.php?rest_route=%2Fwp%2Fv2%2Ftags&post=6783"}],"curies":[{"name":"wp","href":"https:\/\/api.w.org\/{rel}","templated":true}]}}