{"id":6767,"date":"2018-10-12T14:27:09","date_gmt":"2018-10-12T14:27:09","guid":{"rendered":"http:\/\/quehacerpolitico.mx\/internacionales-carolina-alonso-romei-el-papa-acepta-la-renuncia-del-cardenal-de-washington-eu-por-encubrir-abusos-sexuales\/"},"modified":"2018-10-12T14:27:09","modified_gmt":"2018-10-12T14:27:09","slug":"internacionales-carolina-alonso-romei-el-papa-acepta-la-renuncia-del-cardenal-de-washington-eu-por-encubrir-abusos-sexuales","status":"publish","type":"post","link":"https:\/\/quehacerpolitico.mx\/?p=6767","title":{"rendered":"Internacionales\/\/\/\/Carolina Alonso Romei\/\/\/El Papa acepta la renuncia del cardenal de Washington, EU, por encubrir abusos sexuales"},"content":{"rendered":"<h3>Despu\u00e9s de ser se\u00f1alado como responsable de encubrimiento en casos de abuso sexual, el cardenal de Washington, Donald Wuerl tuvo que enviar su renuncia al Papa Francisco. Con este caso, la iglesia recibe otro duro golpe, hace apenas unas semanas el arzobispo Theodore McCarrick, predecesor de Wuerl, tambi\u00e9n renunci\u00f3 tras ser acusado de abusar de al menos dos menores.<\/h3>\n<h3>La iglesia cat\u00f3lica en EU se ha visto involucrada desde hace meses en casos de abuso sexual, en agosto, la corte suprema de Pensilvania present\u00f3 un informe que document\u00f3 al menos 300 casos de violencia sexual contra menores de edad, que habr\u00edan sido cometidos por miembros del clero estadounidense. La actuaci\u00f3n de la Iglesia, y del Papa como m\u00e1ximo responsable, ha recibido cr\u00edticas, incluso dentro del Vaticano.<\/h3>\n<p>El <strong>Papa Francisco<\/strong> acept\u00f3 la renuncia del <strong>cardenal de Washington, Donald Wuerl<\/strong>, tras verse implicado en dos grandes esc\u00e1ndalos de <strong>encubrimiento de abusos sexuales<\/strong> y perder el apoyo de sus fieles, dijo el viernes el <strong>Vaticano<\/strong>.<\/p>\n<p>Wuerl, quien cumplir\u00e1 78 a\u00f1os en noviembre, es el prelado de mayor rango en caer en el esc\u00e1ndalo que afecta a la Iglesia luego de que su predecesor en el arzobispado de Washington, <strong>Theodore McCarrick<\/strong>, se viese obligado a dimitir como cardenal por acusaciones de que abus\u00f3 de al menos dos menores y de seminaristas adultos.<\/p>\n<p>El pont\u00edfice acept\u00f3 la renuncia pero no nombr\u00f3 a su sustituto, explic\u00f3 el Vaticano en un comunicado. La oficina de Wuerl dijo que se le pidi\u00f3 que siga en el cargo de forma interina hasta que se encuentre a un nuevo arzobispo.<\/p>\n<p>En un primer momento, el cardenal rest\u00f3 importancia al esc\u00e1ndalo e insisti\u00f3 en su buena reputaci\u00f3n, pero con el paso del tiempo lleg\u00f3 a la conclusi\u00f3n de que no pod\u00eda seguir al frente de la arquidi\u00f3cesis.<\/p>\n<p>En su carta aceptando la dimisi\u00f3n, el Papa dijo que, al pedir la jubilaci\u00f3n, Wuerl hab\u00eda antepuesto los intereses y la unidad de su congregaci\u00f3n a sus propias ambiciones, como deben hacer todos los pastores.<\/p>\n<blockquote>\n<p>\u201cUsted tiene elementos suficientes para justificar sus acciones y distinguir entre lo que significa encubrir delitos o no enfrentar los problemas, y cometer algunos errores\u201d, escribi\u00f3 el pont\u00edfice. \u201cSin embargo, su nobleza le ha llevado a no elegir esa forma de defensa. Por ello estoy orgulloso y le doy las gracias\u201d.<\/p>\n<\/blockquote>\n<p>Wuerl hab\u00eda presentado su renuncia a Francisco hace casi tres a\u00f1os, cuando cumpli\u00f3 75, la edad habitual de jubilaci\u00f3n para los obispos. Pero Francisco lo mantuvo en el cargo, como suelen hacer los papas con los obispos sanos con los que comparten prioridades pastorales.<\/p>\n<p>Un informe de un jurado investigador publicado en agosto sobre los abusos sexuales en la di\u00f3cesis de Pennsylvania acus\u00f3 a Wuerl de ayudar a proteger a algunos de los sacerdotes que abusaron de menores durante su etapa como obispo de Pittsburgh, entre 1988 y 2006. De forma simult\u00e1nea, Wuerl enfrent\u00f3 un escepticismo generalizado ante su insistencia en que no sab\u00eda nada acerca de los a\u00f1os de supuesta mala conducta sexual de McCarrick.<\/p>\n<p>Wuerl no ha sido acusado de delito alguno pero su nombre aparece varias veces en el reporte, que detalla los casos en los que permiti\u00f3 que curas acusados de abusos fueran reasignados o recuperasen sus cargos.<\/p>\n<p>El cardenal se disculp\u00f3 por el da\u00f1o causado a las v\u00edctimas pero defendi\u00f3 sus esfuerzos para combatir los abusos cometidos por el clero.<\/p>\n","protected":false},"excerpt":{"rendered":"<p>El Papa acepta la renuncia del cardenal de Washington, EU, por encubrir abusos sexuales<br \/>\nPor Carolina Alonso Romei<br \/>\nInternacionalista<\/p>\n","protected":false},"author":2,"featured_media":6766,"comment_status":"open","ping_status":"open","sticky":false,"template":"","format":"standard","meta":{"_monsterinsights_skip_tracking":false,"_monsterinsights_sitenote_active":false,"_monsterinsights_sitenote_note":"","_monsterinsights_sitenote_category":0,"footnotes":""},"categories":[1],"tags":[],"class_list":["post-6767","post","type-post","status-publish","format-standard","has-post-thumbnail","hentry","category-sin-categoria"],"yoast_head":"<!-- This site is optimized with the Yoast SEO plugin v27.3 - https:\/\/yoast.com\/product\/yoast-seo-wordpress\/ -->\n<title>Internacionales\/\/\/\/Carolina Alonso Romei\/\/\/El Papa acepta la renuncia del cardenal de Washington, EU, por encubrir abusos sexuales -<\/title>\n<meta name=\"robots\" content=\"index, follow, max-snippet:-1, max-image-preview:large, max-video-preview:-1\" \/>\n<link rel=\"canonical\" href=\"https:\/\/quehacerpolitico.mx\/?p=6767\" \/>\n<meta property=\"og:locale\" content=\"es_MX\" \/>\n<meta property=\"og:type\" content=\"article\" \/>\n<meta property=\"og:title\" content=\"Internacionales\/\/\/\/Carolina Alonso Romei\/\/\/El Papa acepta la renuncia del cardenal de Washington, EU, por encubrir abusos sexuales -\" \/>\n<meta property=\"og:description\" content=\"El Papa acepta la renuncia del cardenal de Washington, EU, por encubrir abusos sexuales Por Carolina Alonso Romei Internacionalista\" \/>\n<meta property=\"og:url\" content=\"https:\/\/quehacerpolitico.mx\/?p=6767\" \/>\n<meta property=\"article:published_time\" content=\"2018-10-12T14:27:09+00:00\" \/>\n<meta name=\"author\" content=\"Redacci\u00f3n QP\" \/>\n<meta name=\"twitter:card\" content=\"summary_large_image\" \/>\n<meta name=\"twitter:label1\" content=\"Escrito por\" \/>\n\t<meta name=\"twitter:data1\" content=\"Redacci\u00f3n QP\" \/>\n\t<meta name=\"twitter:label2\" content=\"Tiempo de lectura\" \/>\n\t<meta name=\"twitter:data2\" content=\"3 minutos\" \/>\n<script type=\"application\/ld+json\" class=\"yoast-schema-graph\">{\"@context\":\"https:\\\/\\\/schema.org\",\"@graph\":[{\"@type\":\"Article\",\"@id\":\"https:\\\/\\\/quehacerpolitico.mx\\\/?p=6767#article\",\"isPartOf\":{\"@id\":\"https:\\\/\\\/quehacerpolitico.mx\\\/?p=6767\"},\"author\":{\"name\":\"Redacci\u00f3n QP\",\"@id\":\"https:\\\/\\\/quehacerpolitico.mx\\\/#\\\/schema\\\/person\\\/496d8ad2d1d3f8036101dca7ee39e585\"},\"headline\":\"Internacionales\\\/\\\/\\\/\\\/Carolina Alonso Romei\\\/\\\/\\\/El Papa acepta la renuncia del cardenal de Washington, EU, por encubrir abusos sexuales\",\"datePublished\":\"2018-10-12T14:27:09+00:00\",\"mainEntityOfPage\":{\"@id\":\"https:\\\/\\\/quehacerpolitico.mx\\\/?p=6767\"},\"wordCount\":601,\"commentCount\":0,\"image\":{\"@id\":\"https:\\\/\\\/quehacerpolitico.mx\\\/?p=6767#primaryimage\"},\"thumbnailUrl\":\"\",\"articleSection\":[\"Internacionales\"],\"inLanguage\":\"es\",\"potentialAction\":[{\"@type\":\"CommentAction\",\"name\":\"Comment\",\"target\":[\"https:\\\/\\\/quehacerpolitico.mx\\\/?p=6767#respond\"]}]},{\"@type\":\"WebPage\",\"@id\":\"https:\\\/\\\/quehacerpolitico.mx\\\/?p=6767\",\"url\":\"https:\\\/\\\/quehacerpolitico.mx\\\/?p=6767\",\"name\":\"Internacionales\\\/\\\/\\\/\\\/Carolina Alonso Romei\\\/\\\/\\\/El Papa acepta la renuncia del cardenal de Washington, EU, por encubrir abusos sexuales -\",\"isPartOf\":{\"@id\":\"https:\\\/\\\/quehacerpolitico.mx\\\/#website\"},\"primaryImageOfPage\":{\"@id\":\"https:\\\/\\\/quehacerpolitico.mx\\\/?p=6767#primaryimage\"},\"image\":{\"@id\":\"https:\\\/\\\/quehacerpolitico.mx\\\/?p=6767#primaryimage\"},\"thumbnailUrl\":\"\",\"datePublished\":\"2018-10-12T14:27:09+00:00\",\"author\":{\"@id\":\"https:\\\/\\\/quehacerpolitico.mx\\\/#\\\/schema\\\/person\\\/496d8ad2d1d3f8036101dca7ee39e585\"},\"breadcrumb\":{\"@id\":\"https:\\\/\\\/quehacerpolitico.mx\\\/?p=6767#breadcrumb\"},\"inLanguage\":\"es\",\"potentialAction\":[{\"@type\":\"ReadAction\",\"target\":[\"https:\\\/\\\/quehacerpolitico.mx\\\/?p=6767\"]}]},{\"@type\":\"ImageObject\",\"inLanguage\":\"es\",\"@id\":\"https:\\\/\\\/quehacerpolitico.mx\\\/?p=6767#primaryimage\",\"url\":\"\",\"contentUrl\":\"\"},{\"@type\":\"BreadcrumbList\",\"@id\":\"https:\\\/\\\/quehacerpolitico.mx\\\/?p=6767#breadcrumb\",\"itemListElement\":[{\"@type\":\"ListItem\",\"position\":1,\"name\":\"Inicio\",\"item\":\"https:\\\/\\\/quehacerpolitico.mx\\\/\"},{\"@type\":\"ListItem\",\"position\":2,\"name\":\"Internacionales\\\/\\\/\\\/\\\/Carolina Alonso Romei\\\/\\\/\\\/El Papa acepta la renuncia del cardenal de Washington, EU, por encubrir abusos sexuales\"}]},{\"@type\":\"WebSite\",\"@id\":\"https:\\\/\\\/quehacerpolitico.mx\\\/#website\",\"url\":\"https:\\\/\\\/quehacerpolitico.mx\\\/\",\"name\":\"\",\"description\":\"\",\"potentialAction\":[{\"@type\":\"SearchAction\",\"target\":{\"@type\":\"EntryPoint\",\"urlTemplate\":\"https:\\\/\\\/quehacerpolitico.mx\\\/?s={search_term_string}\"},\"query-input\":{\"@type\":\"PropertyValueSpecification\",\"valueRequired\":true,\"valueName\":\"search_term_string\"}}],\"inLanguage\":\"es\"},{\"@type\":\"Person\",\"@id\":\"https:\\\/\\\/quehacerpolitico.mx\\\/#\\\/schema\\\/person\\\/496d8ad2d1d3f8036101dca7ee39e585\",\"name\":\"Redacci\u00f3n QP\",\"image\":{\"@type\":\"ImageObject\",\"inLanguage\":\"es\",\"@id\":\"https:\\\/\\\/secure.gravatar.com\\\/avatar\\\/c7164ed6fdec453195284ad24a5ae5b6e1eed2b848477fa2a4787ba9adf39a41?s=96&d=mm&r=g\",\"url\":\"https:\\\/\\\/secure.gravatar.com\\\/avatar\\\/c7164ed6fdec453195284ad24a5ae5b6e1eed2b848477fa2a4787ba9adf39a41?s=96&d=mm&r=g\",\"contentUrl\":\"https:\\\/\\\/secure.gravatar.com\\\/avatar\\\/c7164ed6fdec453195284ad24a5ae5b6e1eed2b848477fa2a4787ba9adf39a41?s=96&d=mm&r=g\",\"caption\":\"Redacci\u00f3n QP\"},\"url\":\"https:\\\/\\\/quehacerpolitico.mx\\\/?author=2\"}]}<\/script>\n<!-- \/ Yoast SEO plugin. -->","yoast_head_json":{"title":"Internacionales\/\/\/\/Carolina Alonso Romei\/\/\/El Papa acepta la renuncia del cardenal de Washington, EU, por encubrir abusos sexuales -","robots":{"index":"index","follow":"follow","max-snippet":"max-snippet:-1","max-image-preview":"max-image-preview:large","max-video-preview":"max-video-preview:-1"},"canonical":"https:\/\/quehacerpolitico.mx\/?p=6767","og_locale":"es_MX","og_type":"article","og_title":"Internacionales\/\/\/\/Carolina Alonso Romei\/\/\/El Papa acepta la renuncia del cardenal de Washington, EU, por encubrir abusos sexuales -","og_description":"El Papa acepta la renuncia del cardenal de Washington, EU, por encubrir abusos sexuales Por Carolina Alonso Romei Internacionalista","og_url":"https:\/\/quehacerpolitico.mx\/?p=6767","article_published_time":"2018-10-12T14:27:09+00:00","author":"Redacci\u00f3n QP","twitter_card":"summary_large_image","twitter_misc":{"Escrito por":"Redacci\u00f3n QP","Tiempo de lectura":"3 minutos"},"schema":{"@context":"https:\/\/schema.org","@graph":[{"@type":"Article","@id":"https:\/\/quehacerpolitico.mx\/?p=6767#article","isPartOf":{"@id":"https:\/\/quehacerpolitico.mx\/?p=6767"},"author":{"name":"Redacci\u00f3n QP","@id":"https:\/\/quehacerpolitico.mx\/#\/schema\/person\/496d8ad2d1d3f8036101dca7ee39e585"},"headline":"Internacionales\/\/\/\/Carolina Alonso Romei\/\/\/El Papa acepta la renuncia del cardenal de Washington, EU, por encubrir abusos sexuales","datePublished":"2018-10-12T14:27:09+00:00","mainEntityOfPage":{"@id":"https:\/\/quehacerpolitico.mx\/?p=6767"},"wordCount":601,"commentCount":0,"image":{"@id":"https:\/\/quehacerpolitico.mx\/?p=6767#primaryimage"},"thumbnailUrl":"","articleSection":["Internacionales"],"inLanguage":"es","potentialAction":[{"@type":"CommentAction","name":"Comment","target":["https:\/\/quehacerpolitico.mx\/?p=6767#respond"]}]},{"@type":"WebPage","@id":"https:\/\/quehacerpolitico.mx\/?p=6767","url":"https:\/\/quehacerpolitico.mx\/?p=6767","name":"Internacionales\/\/\/\/Carolina Alonso Romei\/\/\/El Papa acepta la renuncia del cardenal de Washington, EU, por encubrir abusos sexuales -","isPartOf":{"@id":"https:\/\/quehacerpolitico.mx\/#website"},"primaryImageOfPage":{"@id":"https:\/\/quehacerpolitico.mx\/?p=6767#primaryimage"},"image":{"@id":"https:\/\/quehacerpolitico.mx\/?p=6767#primaryimage"},"thumbnailUrl":"","datePublished":"2018-10-12T14:27:09+00:00","author":{"@id":"https:\/\/quehacerpolitico.mx\/#\/schema\/person\/496d8ad2d1d3f8036101dca7ee39e585"},"breadcrumb":{"@id":"https:\/\/quehacerpolitico.mx\/?p=6767#breadcrumb"},"inLanguage":"es","potentialAction":[{"@type":"ReadAction","target":["https:\/\/quehacerpolitico.mx\/?p=6767"]}]},{"@type":"ImageObject","inLanguage":"es","@id":"https:\/\/quehacerpolitico.mx\/?p=6767#primaryimage","url":"","contentUrl":""},{"@type":"BreadcrumbList","@id":"https:\/\/quehacerpolitico.mx\/?p=6767#breadcrumb","itemListElement":[{"@type":"ListItem","position":1,"name":"Inicio","item":"https:\/\/quehacerpolitico.mx\/"},{"@type":"ListItem","position":2,"name":"Internacionales\/\/\/\/Carolina Alonso Romei\/\/\/El Papa acepta la renuncia del cardenal de Washington, EU, por encubrir abusos sexuales"}]},{"@type":"WebSite","@id":"https:\/\/quehacerpolitico.mx\/#website","url":"https:\/\/quehacerpolitico.mx\/","name":"","description":"","potentialAction":[{"@type":"SearchAction","target":{"@type":"EntryPoint","urlTemplate":"https:\/\/quehacerpolitico.mx\/?s={search_term_string}"},"query-input":{"@type":"PropertyValueSpecification","valueRequired":true,"valueName":"search_term_string"}}],"inLanguage":"es"},{"@type":"Person","@id":"https:\/\/quehacerpolitico.mx\/#\/schema\/person\/496d8ad2d1d3f8036101dca7ee39e585","name":"Redacci\u00f3n QP","image":{"@type":"ImageObject","inLanguage":"es","@id":"https:\/\/secure.gravatar.com\/avatar\/c7164ed6fdec453195284ad24a5ae5b6e1eed2b848477fa2a4787ba9adf39a41?s=96&d=mm&r=g","url":"https:\/\/secure.gravatar.com\/avatar\/c7164ed6fdec453195284ad24a5ae5b6e1eed2b848477fa2a4787ba9adf39a41?s=96&d=mm&r=g","contentUrl":"https:\/\/secure.gravatar.com\/avatar\/c7164ed6fdec453195284ad24a5ae5b6e1eed2b848477fa2a4787ba9adf39a41?s=96&d=mm&r=g","caption":"Redacci\u00f3n QP"},"url":"https:\/\/quehacerpolitico.mx\/?author=2"}]}},"featured_image_urls":{"full":"","thumbnail":"","medium":"","medium_large":"","large":"","1536x1536":"","2048x2048":"","covernews-featured":"","covernews-medium":""},"author_info":{"display_name":"Redacci\u00f3n QP","author_link":"https:\/\/quehacerpolitico.mx\/?author=2"},"category_info":"<a href=\"https:\/\/quehacerpolitico.mx\/?cat=1\" rel=\"category\">Internacionales<\/a>","tag_info":"Internacionales","comment_count":"0","_links":{"self":[{"href":"https:\/\/quehacerpolitico.mx\/index.php?rest_route=\/wp\/v2\/posts\/6767","targetHints":{"allow":["GET"]}}],"collection":[{"href":"https:\/\/quehacerpolitico.mx\/index.php?rest_route=\/wp\/v2\/posts"}],"about":[{"href":"https:\/\/quehacerpolitico.mx\/index.php?rest_route=\/wp\/v2\/types\/post"}],"author":[{"embeddable":true,"href":"https:\/\/quehacerpolitico.mx\/index.php?rest_route=\/wp\/v2\/users\/2"}],"replies":[{"embeddable":true,"href":"https:\/\/quehacerpolitico.mx\/index.php?rest_route=%2Fwp%2Fv2%2Fcomments&post=6767"}],"version-history":[{"count":0,"href":"https:\/\/quehacerpolitico.mx\/index.php?rest_route=\/wp\/v2\/posts\/6767\/revisions"}],"wp:featuredmedia":[{"embeddable":true,"href":"https:\/\/quehacerpolitico.mx\/index.php?rest_route=\/"}],"wp:attachment":[{"href":"https:\/\/quehacerpolitico.mx\/index.php?rest_route=%2Fwp%2Fv2%2Fmedia&parent=6767"}],"wp:term":[{"taxonomy":"category","embeddable":true,"href":"https:\/\/quehacerpolitico.mx\/index.php?rest_route=%2Fwp%2Fv2%2Fcategories&post=6767"},{"taxonomy":"post_tag","embeddable":true,"href":"https:\/\/quehacerpolitico.mx\/index.php?rest_route=%2Fwp%2Fv2%2Ftags&post=6767"}],"curies":[{"name":"wp","href":"https:\/\/api.w.org\/{rel}","templated":true}]}}