{"id":6753,"date":"2018-10-12T03:46:06","date_gmt":"2018-10-12T03:46:06","guid":{"rendered":"http:\/\/quehacerpolitico.mx\/se-equivocaron-los-que-dijeron-que-si-ganabamos-iba-a-haber-inestabilidad-afirma-amlo\/"},"modified":"2018-10-12T03:46:06","modified_gmt":"2018-10-12T03:46:06","slug":"se-equivocaron-los-que-dijeron-que-si-ganabamos-iba-a-haber-inestabilidad-afirma-amlo","status":"publish","type":"post","link":"https:\/\/quehacerpolitico.mx\/?p=6753","title":{"rendered":"\u201cSe equivocaron los que dijeron que si gan\u00e1bamos iba a haber inestabilidad\u201d, afirma AMLO"},"content":{"rendered":"<h3 class=\"p1\">El Presidente electo tambi\u00e9n asegur\u00f3 que \u201ca nivel mundial hay una gran admiraci\u00f3n por lo que sucedi\u00f3 el 1 de julio, por lo que ustedes hicieron. En todos los pa\u00edses del mundo est\u00e1n sorprendidos de que se gan\u00f3 con mucha ventaja\u201d.<\/h3>\n<h3>Dijo que incluso ha hablado en dos ocasiones con el Presidente de Estados Unidos, Donald Trump, quien \u201cha expresado su respeto a nuestra independencia a nuestra soberan\u00eda nacional.<\/h3>\n<p>El Presidente electo de M\u00e9xico, <strong>Andr\u00e9s Manuel L\u00f3pez Obrador<\/strong>, destac\u00f3 hoy que los que dijeron que su triunfo iba a traer<strong> inestabilidad econ\u00f3mica<\/strong> al pa\u00eds se equivocaron y asegur\u00f3 que luego del 1 de julio, la<strong> econom\u00eda mexicana se fortaleci\u00f3<\/strong>.<\/p>\n<blockquote>\n<p class=\"p1\">\u201cHay estabilidad econ\u00f3mica, hay estabilidad financiera. Se equivocaron los que dijeron que si gan\u00e1bamos iba a haber inestabilidad, nada de eso ha pasado, hasta se fortaleci\u00f3 en estos meses nuestra moneda\u201d, dijo desde un mitin en Canc\u00fan, Quintana Roo.<\/p>\n<\/blockquote>\n<p class=\"p1\">El Presidente electo tambi\u00e9n asegur\u00f3 que \u201ca nivel mundial hay una gran admiraci\u00f3n por lo que sucedi\u00f3 el 1 de julio, por lo que ustedes hicieron. En todos los pa\u00edses del mundo est\u00e1n sorprendidos de que se gan\u00f3 con mucha ventaja\u201d.<\/p>\n<p>Dijo que incluso ha hablado en dos ocasiones con el Presidente de Estados Unidos, Donald Trump, quien \u201cha expresado su respeto a nuestra independencia a nuestra soberan\u00eda nacional\u201d.<\/p>\n<p>Destac\u00f3 la participaci\u00f3n de su futuro Gobierno, con Jes\u00fas Seade como observador en las negociaciones, para que M\u00e9xico lograra un acuerdo con Estados Unidos antes incluso que Canad\u00e1.<\/p>\n<p>Detall\u00f3 que fueron dos temas fundamentales los que hicieron que volteara a ver la negociaci\u00f3n entre el Gobierno de Enrique Pe\u00f1a Nieto y el de Donald Trump.<\/p>\n<blockquote>\n<p>\u201cPrimero, porque se va aumentar los sueldos de los trabajadores mexicanos de la industria automotriz. Hoy el trabajador de la industria automotriz, de una empresa de auto partes, gana 3 d\u00f3lares la hora, en EU y Canad\u00e1, hasta 30 d\u00f3lares. Eso ya qued\u00f3 en el tratado que deben aumentar los sueldos en M\u00e9xico, las plantas que est\u00e1n en M\u00e9xico van a tener que pagar m\u00e1s a los trabajadores y por eso aceptamos ese tratado\u201d, destac\u00f3.<\/p>\n<\/blockquote>\n<p>\u201cLo segundo: cuando conocimos el texto que se estaba negociando, hab\u00eda un voluminoso cap\u00edtulo de energ\u00eda y nos quitaban independencia sobre nuestros recursos naturales, y sobre todo nos quitaban la posibilidad de decidir libremente sobre el petr\u00f3leo y la energ\u00eda, y dijimos eso no lo aceptamos\u201d, a\u00f1adi\u00f3.<\/p>\n<p>Precis\u00f3 que incluso los funcionarios de Estados Unidos tuvieron que consultar a Trump al respecto. \u201cY \u00e9l dijo: que quede el texto que est\u00e1 proponiendo el Presidente electo de M\u00e9xico\u201d, asever\u00f3.<\/p>\n<div id=\"attachment_3483327\" class=\"wp-caption alignnone\"><img loading=\"lazy\" decoding=\"async\" class=\"size-full wp-image-3483327\" src=\"http:\/\/www.sinembargo.mx\/wp-content\/uploads\/2018\/10\/11-octubre-2018-amlo-carlos-manuel-joaquin-gonzalez-1.jpeg\" sizes=\"auto, (max-width: 700px) 100vw, 700px\" srcset=\"http:\/\/www.sinembargo.mx\/wp-content\/uploads\/2018\/10\/11-octubre-2018-amlo-carlos-manuel-joaquin-gonzalez-1.jpeg 700w, http:\/\/www.sinembargo.mx\/wp-content\/uploads\/2018\/10\/11-octubre-2018-amlo-carlos-manuel-joaquin-gonzalez-1-300x220.jpeg 300w\" alt=\"\" width=\"700\" height=\"514\" \/><\/p>\n<p class=\"wp-caption-text\">AMLO se reuni\u00f3 por la ma\u00f1ana con el Gobernador Carlos Joaqu\u00edn. Foto: Prensa AMLO<\/p>\n<\/div>\n<p><strong>VE OPORTUNIDAD EN AEROPUERTO DE TOLUCA<\/strong><\/p>\n<p>Horas antes, L\u00f3pez Obrador\u00a0dijo\u00a0 que ayer el Gobernador del Estado de M\u00e9xico, Alfredo del Mazo Maza, le dio una \u201cbuena noticia\u201d pues le dijo que el Aeropuerto de Toluca no est\u00e1 siendo utilizado al cien por ciento. \u201c Ah\u00ed hay un potencial para resolver lo de la saturaci\u00f3n del actual aeropuerto\u201d, consider\u00f3 el tabasque\u00f1o.<\/p>\n<blockquote>\n<p>\u201cAyer me dio una muy buena noticia el Gobernador del Edomex, resulta que el aeropuerto de Toluca tiene actualmente 600 mil usuarios porque se redujo el n\u00famero de usuarios de ese aeropuerto. No quiero especular por qu\u00e9 le sucedi\u00f3 eso. Me coment\u00f3 el Gobernador ayer de que tiene capacidad ese aeropuerto para 8 millones y est\u00e1 dando servicio a 600 mil pasajeros. Ah\u00ed hay un potencial para resolver lo de la saturaci\u00f3n del actual aeropuerto\u201d, inform\u00f3.<\/p>\n<\/blockquote>\n<p>L\u00f3pez Obrador detall\u00f3 AMLO ve \u201cpotencial\u201d en el aeropuerto de Toluca para resolver saturaci\u00f3n del AICM. El Presidente electo detall\u00f3 que \u201cindependientemente de lo que resulte de la consulta, vamos a hablar con las l\u00edneas a\u00e9reas para que se utilice el aeropuerto de Toluca\u201d.<\/p>\n<p>\u201cYo estoy seguro de que las l\u00edneas a\u00e9reas van a aceptar, porque est\u00e1n ayudando\u201d, dijo en un mensaje conjunto con el Gobernador de Quintana Roo, Carlos Joaqu\u00edn Gonz\u00e1lez.<\/p>\n<p><strong>SE RESPETAR\u00c1 CONSULTA<\/strong><\/p>\n<p>En relaci\u00f3n con la consulta del NAIM, pidi\u00f3 a los presentes que no tengan miedo de preguntar a la gente sobre este tema, porque su Gobierno garantizar\u00e1 la inversiones y el cumplimiento de los contratos.<\/p>\n<blockquote>\n<p>\u201cEs una consulta vinculatoria y esa decisi\u00f3n es la que vamos a tomar. Aclaro tambi\u00e9n que nadie tenga miedo, para empezar no hay que tenerle miedo al pueblo, no hay que tenerle miedo a la democracia, porque las inversiones que hay en bonos que est\u00e1n en el mercado o los contratos de las empresas que est\u00e1n trabajando en Texcoco, en el caso de que la gente decidiera por construir dos pistas en Santa Luc\u00eda, el Gobierno de la Rep\u00fablica garantiza esas inversiones y el cumplimiento de los contratos.\u201d<\/p>\n<p>Asever\u00f3 que en su administraci\u00f3n no va a haber ninguna arbitrariedad, \u201cse va a garantizar la inversi\u00f3n se van a hacer efectivos los contratos\u201d.<\/p>\n<p>La idea \u2013agreg\u00f3 el morenista\u2013\u00a0es decidir de acuerdo a lo que conviene al inter\u00e9s nacional \u201cporque no es cualquier obra\u201d.<\/p>\n<blockquote>\n<p>\u201cEn caso de que se decida por el Aeropuerto de Texcoco, nos va a llevar todo el sexenio terminarlo, lo vamos a poder inaugurar y eso estando todos los d\u00edas, dando seguimiento a la obra, de acuerdo a lo que se estima se concluye esa obra hasta 2024\u201d.<\/p>\n<\/blockquote>\n<p>Asimismo, dijo se va a respetar el inter\u00e9s ciudadano.<\/p>\n<blockquote>\n<p>\u201cSiempre hemos luchado por la democracia, nunca hemos hecho un fraude electoral, nosotros no acarreamos, no compramos votos, somos respetuosos de la voluntad del pueblo, en esa consulta libremente los ciudadanos van a expresar lo que consideren mejor para el inter\u00e9s\u201d.<\/p>\n<p>En otro tema, el tabasque\u00f1o record\u00f3 que hizo el compromiso de iniciar el programa de la Zona Libre en toda la frontera norte, en toda la zona fronteriza con Estados Unidos, desde el d\u00eda 1 de enero va a bajar el IVA del 16 al 18 por ciento. se va a reducir el ISR, se van a homologar los precios de los combustibles y va a aumentar el salario m\u00ednimo al doble en toda la franja fronteriza del norte.<\/p>\n<blockquote>\n<p>\u201cAcabo de hacer el compromiso que inmediatamente despu\u00e9s se va a aplicar el mismo programa de apoyo en Chetumal, va a haber zona libre. Vamos a blindar primero la zona norte, para que no haya evasi\u00f3n fiscal. Probando el sistema en el norte, inmediatamente despu\u00e9s aplica en Chetumal\u201d, a\u00f1adi\u00f3.<\/p>\n<\/blockquote>\n<p>Asimismo,\u00a0agradeci\u00f3 el apoyo y la cooperaci\u00f3n del Gobernador para trabajar de manera coordinada durante la transici\u00f3n.<\/p>\n<blockquote>\n<p>\u201cSe lleg\u00f3 al acuerdo en lo esencial de trabajar de manera conjunta, hay condiciones para eso porque el ciudadano Gobernador Carlos Joaqu\u00edn Gonz\u00e1lez est\u00e1 ayudando mucho para que en esta transici\u00f3n se avance y se inicien los programas para mejorar las condiciones de vida, de trabajo en Quintana Roo, para garantizar la paz, la tranquilidad, enfrentar el grave problema de inseguridad\u201d.<\/p>\n<\/blockquote>\n<\/blockquote>\n<\/blockquote>\n","protected":false},"excerpt":{"rendered":"<p>\u201cSe equivocaron los que dijeron que si gan\u00e1bamos iba a haber inestabilidad\u201d, afirma AMLO<br \/>\nPor Redacci\u00f3n QP<\/p>\n","protected":false},"author":2,"featured_media":6752,"comment_status":"open","ping_status":"open","sticky":false,"template":"","format":"standard","meta":{"_monsterinsights_skip_tracking":false,"_monsterinsights_sitenote_active":false,"_monsterinsights_sitenote_note":"","_monsterinsights_sitenote_category":0,"footnotes":""},"categories":[2],"tags":[],"class_list":["post-6753","post","type-post","status-publish","format-standard","has-post-thumbnail","hentry","category-noticias"],"yoast_head":"<!-- This site is optimized with the Yoast SEO plugin v27.3 - https:\/\/yoast.com\/product\/yoast-seo-wordpress\/ -->\n<title>\u201cSe equivocaron los que dijeron que si gan\u00e1bamos iba a haber inestabilidad\u201d, afirma AMLO -<\/title>\n<meta name=\"robots\" content=\"index, follow, max-snippet:-1, max-image-preview:large, max-video-preview:-1\" \/>\n<link rel=\"canonical\" href=\"https:\/\/quehacerpolitico.mx\/?p=6753\" \/>\n<meta property=\"og:locale\" content=\"es_MX\" \/>\n<meta property=\"og:type\" content=\"article\" \/>\n<meta property=\"og:title\" content=\"\u201cSe equivocaron los que dijeron que si gan\u00e1bamos iba a haber inestabilidad\u201d, afirma AMLO -\" \/>\n<meta property=\"og:description\" content=\"\u201cSe equivocaron los que dijeron que si gan\u00e1bamos iba a haber inestabilidad\u201d, afirma AMLO Por Redacci\u00f3n QP\" \/>\n<meta property=\"og:url\" content=\"https:\/\/quehacerpolitico.mx\/?p=6753\" \/>\n<meta property=\"article:published_time\" content=\"2018-10-12T03:46:06+00:00\" \/>\n<meta name=\"author\" content=\"Redacci\u00f3n QP\" \/>\n<meta name=\"twitter:card\" content=\"summary_large_image\" \/>\n<meta name=\"twitter:label1\" content=\"Escrito por\" \/>\n\t<meta name=\"twitter:data1\" content=\"Redacci\u00f3n QP\" \/>\n\t<meta name=\"twitter:label2\" content=\"Tiempo de lectura\" \/>\n\t<meta name=\"twitter:data2\" content=\"6 minutos\" \/>\n<script type=\"application\/ld+json\" class=\"yoast-schema-graph\">{\"@context\":\"https:\\\/\\\/schema.org\",\"@graph\":[{\"@type\":\"Article\",\"@id\":\"https:\\\/\\\/quehacerpolitico.mx\\\/?p=6753#article\",\"isPartOf\":{\"@id\":\"https:\\\/\\\/quehacerpolitico.mx\\\/?p=6753\"},\"author\":{\"name\":\"Redacci\u00f3n QP\",\"@id\":\"https:\\\/\\\/quehacerpolitico.mx\\\/#\\\/schema\\\/person\\\/496d8ad2d1d3f8036101dca7ee39e585\"},\"headline\":\"\u201cSe equivocaron los que dijeron que si gan\u00e1bamos iba a haber inestabilidad\u201d, afirma AMLO\",\"datePublished\":\"2018-10-12T03:46:06+00:00\",\"mainEntityOfPage\":{\"@id\":\"https:\\\/\\\/quehacerpolitico.mx\\\/?p=6753\"},\"wordCount\":1204,\"commentCount\":0,\"image\":{\"@id\":\"https:\\\/\\\/quehacerpolitico.mx\\\/?p=6753#primaryimage\"},\"thumbnailUrl\":\"\",\"articleSection\":[\"Noticias\"],\"inLanguage\":\"es\",\"potentialAction\":[{\"@type\":\"CommentAction\",\"name\":\"Comment\",\"target\":[\"https:\\\/\\\/quehacerpolitico.mx\\\/?p=6753#respond\"]}]},{\"@type\":\"WebPage\",\"@id\":\"https:\\\/\\\/quehacerpolitico.mx\\\/?p=6753\",\"url\":\"https:\\\/\\\/quehacerpolitico.mx\\\/?p=6753\",\"name\":\"\u201cSe equivocaron los que dijeron que si gan\u00e1bamos iba a haber inestabilidad\u201d, afirma AMLO -\",\"isPartOf\":{\"@id\":\"https:\\\/\\\/quehacerpolitico.mx\\\/#website\"},\"primaryImageOfPage\":{\"@id\":\"https:\\\/\\\/quehacerpolitico.mx\\\/?p=6753#primaryimage\"},\"image\":{\"@id\":\"https:\\\/\\\/quehacerpolitico.mx\\\/?p=6753#primaryimage\"},\"thumbnailUrl\":\"\",\"datePublished\":\"2018-10-12T03:46:06+00:00\",\"author\":{\"@id\":\"https:\\\/\\\/quehacerpolitico.mx\\\/#\\\/schema\\\/person\\\/496d8ad2d1d3f8036101dca7ee39e585\"},\"breadcrumb\":{\"@id\":\"https:\\\/\\\/quehacerpolitico.mx\\\/?p=6753#breadcrumb\"},\"inLanguage\":\"es\",\"potentialAction\":[{\"@type\":\"ReadAction\",\"target\":[\"https:\\\/\\\/quehacerpolitico.mx\\\/?p=6753\"]}]},{\"@type\":\"ImageObject\",\"inLanguage\":\"es\",\"@id\":\"https:\\\/\\\/quehacerpolitico.mx\\\/?p=6753#primaryimage\",\"url\":\"\",\"contentUrl\":\"\"},{\"@type\":\"BreadcrumbList\",\"@id\":\"https:\\\/\\\/quehacerpolitico.mx\\\/?p=6753#breadcrumb\",\"itemListElement\":[{\"@type\":\"ListItem\",\"position\":1,\"name\":\"Inicio\",\"item\":\"https:\\\/\\\/quehacerpolitico.mx\\\/\"},{\"@type\":\"ListItem\",\"position\":2,\"name\":\"\u201cSe equivocaron los que dijeron que si gan\u00e1bamos iba a haber inestabilidad\u201d, afirma AMLO\"}]},{\"@type\":\"WebSite\",\"@id\":\"https:\\\/\\\/quehacerpolitico.mx\\\/#website\",\"url\":\"https:\\\/\\\/quehacerpolitico.mx\\\/\",\"name\":\"\",\"description\":\"\",\"potentialAction\":[{\"@type\":\"SearchAction\",\"target\":{\"@type\":\"EntryPoint\",\"urlTemplate\":\"https:\\\/\\\/quehacerpolitico.mx\\\/?s={search_term_string}\"},\"query-input\":{\"@type\":\"PropertyValueSpecification\",\"valueRequired\":true,\"valueName\":\"search_term_string\"}}],\"inLanguage\":\"es\"},{\"@type\":\"Person\",\"@id\":\"https:\\\/\\\/quehacerpolitico.mx\\\/#\\\/schema\\\/person\\\/496d8ad2d1d3f8036101dca7ee39e585\",\"name\":\"Redacci\u00f3n QP\",\"image\":{\"@type\":\"ImageObject\",\"inLanguage\":\"es\",\"@id\":\"https:\\\/\\\/secure.gravatar.com\\\/avatar\\\/c7164ed6fdec453195284ad24a5ae5b6e1eed2b848477fa2a4787ba9adf39a41?s=96&d=mm&r=g\",\"url\":\"https:\\\/\\\/secure.gravatar.com\\\/avatar\\\/c7164ed6fdec453195284ad24a5ae5b6e1eed2b848477fa2a4787ba9adf39a41?s=96&d=mm&r=g\",\"contentUrl\":\"https:\\\/\\\/secure.gravatar.com\\\/avatar\\\/c7164ed6fdec453195284ad24a5ae5b6e1eed2b848477fa2a4787ba9adf39a41?s=96&d=mm&r=g\",\"caption\":\"Redacci\u00f3n QP\"},\"url\":\"https:\\\/\\\/quehacerpolitico.mx\\\/?author=2\"}]}<\/script>\n<!-- \/ Yoast SEO plugin. -->","yoast_head_json":{"title":"\u201cSe equivocaron los que dijeron que si gan\u00e1bamos iba a haber inestabilidad\u201d, afirma AMLO -","robots":{"index":"index","follow":"follow","max-snippet":"max-snippet:-1","max-image-preview":"max-image-preview:large","max-video-preview":"max-video-preview:-1"},"canonical":"https:\/\/quehacerpolitico.mx\/?p=6753","og_locale":"es_MX","og_type":"article","og_title":"\u201cSe equivocaron los que dijeron que si gan\u00e1bamos iba a haber inestabilidad\u201d, afirma AMLO -","og_description":"\u201cSe equivocaron los que dijeron que si gan\u00e1bamos iba a haber inestabilidad\u201d, afirma AMLO Por Redacci\u00f3n QP","og_url":"https:\/\/quehacerpolitico.mx\/?p=6753","article_published_time":"2018-10-12T03:46:06+00:00","author":"Redacci\u00f3n QP","twitter_card":"summary_large_image","twitter_misc":{"Escrito por":"Redacci\u00f3n QP","Tiempo de lectura":"6 minutos"},"schema":{"@context":"https:\/\/schema.org","@graph":[{"@type":"Article","@id":"https:\/\/quehacerpolitico.mx\/?p=6753#article","isPartOf":{"@id":"https:\/\/quehacerpolitico.mx\/?p=6753"},"author":{"name":"Redacci\u00f3n QP","@id":"https:\/\/quehacerpolitico.mx\/#\/schema\/person\/496d8ad2d1d3f8036101dca7ee39e585"},"headline":"\u201cSe equivocaron los que dijeron que si gan\u00e1bamos iba a haber inestabilidad\u201d, afirma AMLO","datePublished":"2018-10-12T03:46:06+00:00","mainEntityOfPage":{"@id":"https:\/\/quehacerpolitico.mx\/?p=6753"},"wordCount":1204,"commentCount":0,"image":{"@id":"https:\/\/quehacerpolitico.mx\/?p=6753#primaryimage"},"thumbnailUrl":"","articleSection":["Noticias"],"inLanguage":"es","potentialAction":[{"@type":"CommentAction","name":"Comment","target":["https:\/\/quehacerpolitico.mx\/?p=6753#respond"]}]},{"@type":"WebPage","@id":"https:\/\/quehacerpolitico.mx\/?p=6753","url":"https:\/\/quehacerpolitico.mx\/?p=6753","name":"\u201cSe equivocaron los que dijeron que si gan\u00e1bamos iba a haber inestabilidad\u201d, afirma AMLO -","isPartOf":{"@id":"https:\/\/quehacerpolitico.mx\/#website"},"primaryImageOfPage":{"@id":"https:\/\/quehacerpolitico.mx\/?p=6753#primaryimage"},"image":{"@id":"https:\/\/quehacerpolitico.mx\/?p=6753#primaryimage"},"thumbnailUrl":"","datePublished":"2018-10-12T03:46:06+00:00","author":{"@id":"https:\/\/quehacerpolitico.mx\/#\/schema\/person\/496d8ad2d1d3f8036101dca7ee39e585"},"breadcrumb":{"@id":"https:\/\/quehacerpolitico.mx\/?p=6753#breadcrumb"},"inLanguage":"es","potentialAction":[{"@type":"ReadAction","target":["https:\/\/quehacerpolitico.mx\/?p=6753"]}]},{"@type":"ImageObject","inLanguage":"es","@id":"https:\/\/quehacerpolitico.mx\/?p=6753#primaryimage","url":"","contentUrl":""},{"@type":"BreadcrumbList","@id":"https:\/\/quehacerpolitico.mx\/?p=6753#breadcrumb","itemListElement":[{"@type":"ListItem","position":1,"name":"Inicio","item":"https:\/\/quehacerpolitico.mx\/"},{"@type":"ListItem","position":2,"name":"\u201cSe equivocaron los que dijeron que si gan\u00e1bamos iba a haber inestabilidad\u201d, afirma AMLO"}]},{"@type":"WebSite","@id":"https:\/\/quehacerpolitico.mx\/#website","url":"https:\/\/quehacerpolitico.mx\/","name":"","description":"","potentialAction":[{"@type":"SearchAction","target":{"@type":"EntryPoint","urlTemplate":"https:\/\/quehacerpolitico.mx\/?s={search_term_string}"},"query-input":{"@type":"PropertyValueSpecification","valueRequired":true,"valueName":"search_term_string"}}],"inLanguage":"es"},{"@type":"Person","@id":"https:\/\/quehacerpolitico.mx\/#\/schema\/person\/496d8ad2d1d3f8036101dca7ee39e585","name":"Redacci\u00f3n QP","image":{"@type":"ImageObject","inLanguage":"es","@id":"https:\/\/secure.gravatar.com\/avatar\/c7164ed6fdec453195284ad24a5ae5b6e1eed2b848477fa2a4787ba9adf39a41?s=96&d=mm&r=g","url":"https:\/\/secure.gravatar.com\/avatar\/c7164ed6fdec453195284ad24a5ae5b6e1eed2b848477fa2a4787ba9adf39a41?s=96&d=mm&r=g","contentUrl":"https:\/\/secure.gravatar.com\/avatar\/c7164ed6fdec453195284ad24a5ae5b6e1eed2b848477fa2a4787ba9adf39a41?s=96&d=mm&r=g","caption":"Redacci\u00f3n QP"},"url":"https:\/\/quehacerpolitico.mx\/?author=2"}]}},"featured_image_urls":{"full":"","thumbnail":"","medium":"","medium_large":"","large":"","1536x1536":"","2048x2048":"","covernews-featured":"","covernews-medium":""},"author_info":{"display_name":"Redacci\u00f3n QP","author_link":"https:\/\/quehacerpolitico.mx\/?author=2"},"category_info":"<a href=\"https:\/\/quehacerpolitico.mx\/?cat=2\" rel=\"category\">Noticias<\/a>","tag_info":"Noticias","comment_count":"0","_links":{"self":[{"href":"https:\/\/quehacerpolitico.mx\/index.php?rest_route=\/wp\/v2\/posts\/6753","targetHints":{"allow":["GET"]}}],"collection":[{"href":"https:\/\/quehacerpolitico.mx\/index.php?rest_route=\/wp\/v2\/posts"}],"about":[{"href":"https:\/\/quehacerpolitico.mx\/index.php?rest_route=\/wp\/v2\/types\/post"}],"author":[{"embeddable":true,"href":"https:\/\/quehacerpolitico.mx\/index.php?rest_route=\/wp\/v2\/users\/2"}],"replies":[{"embeddable":true,"href":"https:\/\/quehacerpolitico.mx\/index.php?rest_route=%2Fwp%2Fv2%2Fcomments&post=6753"}],"version-history":[{"count":0,"href":"https:\/\/quehacerpolitico.mx\/index.php?rest_route=\/wp\/v2\/posts\/6753\/revisions"}],"wp:featuredmedia":[{"embeddable":true,"href":"https:\/\/quehacerpolitico.mx\/index.php?rest_route=\/"}],"wp:attachment":[{"href":"https:\/\/quehacerpolitico.mx\/index.php?rest_route=%2Fwp%2Fv2%2Fmedia&parent=6753"}],"wp:term":[{"taxonomy":"category","embeddable":true,"href":"https:\/\/quehacerpolitico.mx\/index.php?rest_route=%2Fwp%2Fv2%2Fcategories&post=6753"},{"taxonomy":"post_tag","embeddable":true,"href":"https:\/\/quehacerpolitico.mx\/index.php?rest_route=%2Fwp%2Fv2%2Ftags&post=6753"}],"curies":[{"name":"wp","href":"https:\/\/api.w.org\/{rel}","templated":true}]}}