{"id":6749,"date":"2018-10-12T03:27:58","date_gmt":"2018-10-12T03:27:58","guid":{"rendered":"http:\/\/quehacerpolitico.mx\/la-violencia-ha-dejado-a-tlacotepec-guerrero-sin-maestros-sin-medicos-y-productos-basicos-alerta-el-alcalde\/"},"modified":"2018-10-12T03:27:58","modified_gmt":"2018-10-12T03:27:58","slug":"la-violencia-ha-dejado-a-tlacotepec-guerrero-sin-maestros-sin-medicos-y-productos-basicos-alerta-el-alcalde","status":"publish","type":"post","link":"https:\/\/quehacerpolitico.mx\/?p=6749","title":{"rendered":"La violencia ha dejado a Tlacotepec, Guerrero, sin maestros, sin m\u00e9dicos y productos b\u00e1sicos, alerta el Alcalde"},"content":{"rendered":"<ul>\n<li>Debido a la violencia, en total hacen falta 35 m\u00e9dicos y enfermeras para atender las unidades de las comunidades y el Hospital B\u00e1sico Comunitaria, de acuerdo con el <strong>Alcalde de Heliodoro Castillo (Tlacotepec) Seraf\u00edn Hern\u00e1ndez Landa<\/strong> .<\/li>\n<\/ul>\n<p>La <strong>violencia<\/strong> que se desat\u00f3 en junio pasado en el corredor de Xochipala a Filo de Caballos dificult\u00f3 la vida de los pobladores del Municipio de <strong>Heliodoro Castillo (Tlacotepec)<\/strong>, quienes padecen la<strong> falta de m\u00e9dicos, enfermeras y maestros<\/strong>, mientras que los productos b\u00e1sicos se han encarecido, declar\u00f3 el <strong>Alcalde priista Seraf\u00edn Hern\u00e1ndez Landa<\/strong>.<\/p>\n<p>Consultado ayer despu\u00e9s de que dio la bienvenida a un grupo de aproximadamente 30 maestros, quienes despu\u00e9s de casi dos meses de que inici\u00f3 el ciclo escolar llegaron al Municipio para iniciar sus labores, el Alcalde dijo que el problema de inseguridad no es en el Municipio, sino en el corredor de Xochipala a Filo de Caballos que corresponden a los municipios de Eduardo Neri (Zumpango) y Leonardo Bravo (Chichihualco), respectivamente.<\/p>\n<blockquote>\n<p>\u201cGracias a Dios tenemos la carretera El Caracol-Apaxtla y por all\u00ed estamos circulando\u201d, expres\u00f3, y a\u00f1adi\u00f3 que esa ruta se ha convertido ahora en indispensable y muy transitada, pues \u201cconstantemente y a diario hay gente por all\u00e1\u201d.<\/p>\n<\/blockquote>\n<p>Hern\u00e1ndez Landa inform\u00f3 que ante la imposibilidad de pasar por la ruta Xochipala-Filo de Caballos hay insuficientes m\u00e9dicos y enfermeras. Dijo que de 25 unidades m\u00e9dicas (entre casas y centros de salud), 13 est\u00e1n cerrados porque no tienen m\u00e9dicos ni enfermeras, mientras que en el Hospital B\u00e1sico Comunitario de la cabecera municipal se suspendi\u00f3 el servicio nocturno.<\/p>\n<p>Dijo que si alguien tiene alguna emergencia m\u00e9dica en la noche forzosamente tiene que esperar al d\u00eda siguiente, o trasladar al paciente a Apaxtla.<\/p>\n<p>Inform\u00f3 que en total hacen falta 35 m\u00e9dicos y enfermeras para atender las unidades de las comunidades y el Hospital B\u00e1sico Comunitaria.<\/p>\n<p>El Alcalde a\u00f1adi\u00f3 que en la anterior administraci\u00f3n el Ayuntamiento proporcionaba un veh\u00edculo que ven\u00eda por los m\u00e9dicos a Chilpancingo, los trasladaba los lunes y el viernes los regresaba, pero que la situaci\u00f3n de violencia se agrav\u00f3 y se suspendi\u00f3 ese servicio, \u201cy apenas estamos en pl\u00e1ticas para ver qu\u00e9 medidas podemos tomar para que se reactive el servicio\u201d, declar\u00f3.<\/p>\n<blockquote>\n<p>\u201cDesafortunadamente el hecho de que no tengamos acceso por donde com\u00fanmente lo hac\u00edamos nos dificulta mucho, viajar por Apaxtla la distancia es mayor, las condiciones de la carretera no est\u00e1n muy buenas y eso hace que los comerciantes tambi\u00e9n tengan que encarecer los productos\u201d.<\/p>\n<\/blockquote>\n<p>A\u00f1adi\u00f3 que el servicio educativo tampoco se ha normalizado, pues en la cabecera municipal solamente est\u00e1n abiertos el bachillerato, una primaria, la Secundaria T\u00e9cnica, y de 117 comunidades solamente en cinco estaban hasta ayer abiertas las escuelas.<\/p>\n<p>Insisti\u00f3 en que dentro del Municipio hay tranquilidad, \u201cno hay problemas en cuanto a inseguridad, el problema est\u00e1 en el transcurso de Xochipala a Filo de Caballos, ese camino es lo arriesgado, pero dentro del Municipio est\u00e1n garantizadas todas las medidas de seguridad\u201d.<\/p>\n<blockquote>\n<p>Declar\u00f3 que se ha ido avanzando poco apoco para resolver el problema pues se quej\u00f3 de que no ha tenido la oportunidad de reunirse con el Grupo de Coordinaci\u00f3n Guerrero para acordar una soluci\u00f3n, y que s\u00f3lo se ha comunicado con algunas autoridades por tel\u00e9fono, \u201cpero en su momento yo creo que nos pondremos de acuerdo para buscar las alternativas que podamos tener, y desde luego implementarlas\u201d.<\/p>\n<\/blockquote>\n<p>Sin embargo, acot\u00f3 que no es que los hayan dejado solos, \u201cel gobernador siempre ha estado al pendiente, siempre hemos estado en pl\u00e1ticas pero como bien saben es un problema de todo el estado, no es f\u00e1cil, pero siempre se ha mantenido el di\u00e1logo con los gobiernos estatal y federal\u201d.<\/p>\n<p>Celebr\u00f3 tambi\u00e9n que poco a poco se han ido calmando las cosas, \u201cesperemos que as\u00ed se mantengan para que se vayan normalizando los servicios\u201d.<\/p>\n<p>Con Informaci\u00f3n de El Sur<\/p>\n","protected":false},"excerpt":{"rendered":"<p>La violencia ha dejado a Tlacotepec, Guerrero, sin maestros, sin m\u00e9dicos y productos b\u00e1sicos, alerta el Alcalde<br \/>\nPor Redacci\u00f3n QP<\/p>\n","protected":false},"author":2,"featured_media":6748,"comment_status":"open","ping_status":"open","sticky":false,"template":"","format":"standard","meta":{"_monsterinsights_skip_tracking":false,"_monsterinsights_sitenote_active":false,"_monsterinsights_sitenote_note":"","_monsterinsights_sitenote_category":0,"footnotes":""},"categories":[2],"tags":[],"class_list":["post-6749","post","type-post","status-publish","format-standard","has-post-thumbnail","hentry","category-noticias"],"yoast_head":"<!-- This site is optimized with the Yoast SEO plugin v27.3 - https:\/\/yoast.com\/product\/yoast-seo-wordpress\/ -->\n<title>La violencia ha dejado a Tlacotepec, Guerrero, sin maestros, sin m\u00e9dicos y productos b\u00e1sicos, alerta el Alcalde -<\/title>\n<meta name=\"robots\" content=\"index, follow, max-snippet:-1, max-image-preview:large, max-video-preview:-1\" \/>\n<link rel=\"canonical\" href=\"https:\/\/quehacerpolitico.mx\/?p=6749\" \/>\n<meta property=\"og:locale\" content=\"es_MX\" \/>\n<meta property=\"og:type\" content=\"article\" \/>\n<meta property=\"og:title\" content=\"La violencia ha dejado a Tlacotepec, Guerrero, sin maestros, sin m\u00e9dicos y productos b\u00e1sicos, alerta el Alcalde -\" \/>\n<meta property=\"og:description\" content=\"La violencia ha dejado a Tlacotepec, Guerrero, sin maestros, sin m\u00e9dicos y productos b\u00e1sicos, alerta el Alcalde Por Redacci\u00f3n QP\" \/>\n<meta property=\"og:url\" content=\"https:\/\/quehacerpolitico.mx\/?p=6749\" \/>\n<meta property=\"article:published_time\" content=\"2018-10-12T03:27:58+00:00\" \/>\n<meta name=\"author\" content=\"Redacci\u00f3n QP\" \/>\n<meta name=\"twitter:card\" content=\"summary_large_image\" \/>\n<meta name=\"twitter:label1\" content=\"Escrito por\" \/>\n\t<meta name=\"twitter:data1\" content=\"Redacci\u00f3n QP\" \/>\n\t<meta name=\"twitter:label2\" content=\"Tiempo de lectura\" \/>\n\t<meta name=\"twitter:data2\" content=\"3 minutos\" \/>\n<script type=\"application\/ld+json\" class=\"yoast-schema-graph\">{\"@context\":\"https:\\\/\\\/schema.org\",\"@graph\":[{\"@type\":\"Article\",\"@id\":\"https:\\\/\\\/quehacerpolitico.mx\\\/?p=6749#article\",\"isPartOf\":{\"@id\":\"https:\\\/\\\/quehacerpolitico.mx\\\/?p=6749\"},\"author\":{\"name\":\"Redacci\u00f3n QP\",\"@id\":\"https:\\\/\\\/quehacerpolitico.mx\\\/#\\\/schema\\\/person\\\/496d8ad2d1d3f8036101dca7ee39e585\"},\"headline\":\"La violencia ha dejado a Tlacotepec, Guerrero, sin maestros, sin m\u00e9dicos y productos b\u00e1sicos, alerta el Alcalde\",\"datePublished\":\"2018-10-12T03:27:58+00:00\",\"mainEntityOfPage\":{\"@id\":\"https:\\\/\\\/quehacerpolitico.mx\\\/?p=6749\"},\"wordCount\":688,\"commentCount\":0,\"image\":{\"@id\":\"https:\\\/\\\/quehacerpolitico.mx\\\/?p=6749#primaryimage\"},\"thumbnailUrl\":\"\",\"articleSection\":[\"Noticias\"],\"inLanguage\":\"es\",\"potentialAction\":[{\"@type\":\"CommentAction\",\"name\":\"Comment\",\"target\":[\"https:\\\/\\\/quehacerpolitico.mx\\\/?p=6749#respond\"]}]},{\"@type\":\"WebPage\",\"@id\":\"https:\\\/\\\/quehacerpolitico.mx\\\/?p=6749\",\"url\":\"https:\\\/\\\/quehacerpolitico.mx\\\/?p=6749\",\"name\":\"La violencia ha dejado a Tlacotepec, Guerrero, sin maestros, sin m\u00e9dicos y productos b\u00e1sicos, alerta el Alcalde -\",\"isPartOf\":{\"@id\":\"https:\\\/\\\/quehacerpolitico.mx\\\/#website\"},\"primaryImageOfPage\":{\"@id\":\"https:\\\/\\\/quehacerpolitico.mx\\\/?p=6749#primaryimage\"},\"image\":{\"@id\":\"https:\\\/\\\/quehacerpolitico.mx\\\/?p=6749#primaryimage\"},\"thumbnailUrl\":\"\",\"datePublished\":\"2018-10-12T03:27:58+00:00\",\"author\":{\"@id\":\"https:\\\/\\\/quehacerpolitico.mx\\\/#\\\/schema\\\/person\\\/496d8ad2d1d3f8036101dca7ee39e585\"},\"breadcrumb\":{\"@id\":\"https:\\\/\\\/quehacerpolitico.mx\\\/?p=6749#breadcrumb\"},\"inLanguage\":\"es\",\"potentialAction\":[{\"@type\":\"ReadAction\",\"target\":[\"https:\\\/\\\/quehacerpolitico.mx\\\/?p=6749\"]}]},{\"@type\":\"ImageObject\",\"inLanguage\":\"es\",\"@id\":\"https:\\\/\\\/quehacerpolitico.mx\\\/?p=6749#primaryimage\",\"url\":\"\",\"contentUrl\":\"\"},{\"@type\":\"BreadcrumbList\",\"@id\":\"https:\\\/\\\/quehacerpolitico.mx\\\/?p=6749#breadcrumb\",\"itemListElement\":[{\"@type\":\"ListItem\",\"position\":1,\"name\":\"Inicio\",\"item\":\"https:\\\/\\\/quehacerpolitico.mx\\\/\"},{\"@type\":\"ListItem\",\"position\":2,\"name\":\"La violencia ha dejado a Tlacotepec, Guerrero, sin maestros, sin m\u00e9dicos y productos b\u00e1sicos, alerta el Alcalde\"}]},{\"@type\":\"WebSite\",\"@id\":\"https:\\\/\\\/quehacerpolitico.mx\\\/#website\",\"url\":\"https:\\\/\\\/quehacerpolitico.mx\\\/\",\"name\":\"\",\"description\":\"\",\"potentialAction\":[{\"@type\":\"SearchAction\",\"target\":{\"@type\":\"EntryPoint\",\"urlTemplate\":\"https:\\\/\\\/quehacerpolitico.mx\\\/?s={search_term_string}\"},\"query-input\":{\"@type\":\"PropertyValueSpecification\",\"valueRequired\":true,\"valueName\":\"search_term_string\"}}],\"inLanguage\":\"es\"},{\"@type\":\"Person\",\"@id\":\"https:\\\/\\\/quehacerpolitico.mx\\\/#\\\/schema\\\/person\\\/496d8ad2d1d3f8036101dca7ee39e585\",\"name\":\"Redacci\u00f3n QP\",\"image\":{\"@type\":\"ImageObject\",\"inLanguage\":\"es\",\"@id\":\"https:\\\/\\\/secure.gravatar.com\\\/avatar\\\/c7164ed6fdec453195284ad24a5ae5b6e1eed2b848477fa2a4787ba9adf39a41?s=96&d=mm&r=g\",\"url\":\"https:\\\/\\\/secure.gravatar.com\\\/avatar\\\/c7164ed6fdec453195284ad24a5ae5b6e1eed2b848477fa2a4787ba9adf39a41?s=96&d=mm&r=g\",\"contentUrl\":\"https:\\\/\\\/secure.gravatar.com\\\/avatar\\\/c7164ed6fdec453195284ad24a5ae5b6e1eed2b848477fa2a4787ba9adf39a41?s=96&d=mm&r=g\",\"caption\":\"Redacci\u00f3n QP\"},\"url\":\"https:\\\/\\\/quehacerpolitico.mx\\\/?author=2\"}]}<\/script>\n<!-- \/ Yoast SEO plugin. -->","yoast_head_json":{"title":"La violencia ha dejado a Tlacotepec, Guerrero, sin maestros, sin m\u00e9dicos y productos b\u00e1sicos, alerta el Alcalde -","robots":{"index":"index","follow":"follow","max-snippet":"max-snippet:-1","max-image-preview":"max-image-preview:large","max-video-preview":"max-video-preview:-1"},"canonical":"https:\/\/quehacerpolitico.mx\/?p=6749","og_locale":"es_MX","og_type":"article","og_title":"La violencia ha dejado a Tlacotepec, Guerrero, sin maestros, sin m\u00e9dicos y productos b\u00e1sicos, alerta el Alcalde -","og_description":"La violencia ha dejado a Tlacotepec, Guerrero, sin maestros, sin m\u00e9dicos y productos b\u00e1sicos, alerta el Alcalde Por Redacci\u00f3n QP","og_url":"https:\/\/quehacerpolitico.mx\/?p=6749","article_published_time":"2018-10-12T03:27:58+00:00","author":"Redacci\u00f3n QP","twitter_card":"summary_large_image","twitter_misc":{"Escrito por":"Redacci\u00f3n QP","Tiempo de lectura":"3 minutos"},"schema":{"@context":"https:\/\/schema.org","@graph":[{"@type":"Article","@id":"https:\/\/quehacerpolitico.mx\/?p=6749#article","isPartOf":{"@id":"https:\/\/quehacerpolitico.mx\/?p=6749"},"author":{"name":"Redacci\u00f3n QP","@id":"https:\/\/quehacerpolitico.mx\/#\/schema\/person\/496d8ad2d1d3f8036101dca7ee39e585"},"headline":"La violencia ha dejado a Tlacotepec, Guerrero, sin maestros, sin m\u00e9dicos y productos b\u00e1sicos, alerta el Alcalde","datePublished":"2018-10-12T03:27:58+00:00","mainEntityOfPage":{"@id":"https:\/\/quehacerpolitico.mx\/?p=6749"},"wordCount":688,"commentCount":0,"image":{"@id":"https:\/\/quehacerpolitico.mx\/?p=6749#primaryimage"},"thumbnailUrl":"","articleSection":["Noticias"],"inLanguage":"es","potentialAction":[{"@type":"CommentAction","name":"Comment","target":["https:\/\/quehacerpolitico.mx\/?p=6749#respond"]}]},{"@type":"WebPage","@id":"https:\/\/quehacerpolitico.mx\/?p=6749","url":"https:\/\/quehacerpolitico.mx\/?p=6749","name":"La violencia ha dejado a Tlacotepec, Guerrero, sin maestros, sin m\u00e9dicos y productos b\u00e1sicos, alerta el Alcalde -","isPartOf":{"@id":"https:\/\/quehacerpolitico.mx\/#website"},"primaryImageOfPage":{"@id":"https:\/\/quehacerpolitico.mx\/?p=6749#primaryimage"},"image":{"@id":"https:\/\/quehacerpolitico.mx\/?p=6749#primaryimage"},"thumbnailUrl":"","datePublished":"2018-10-12T03:27:58+00:00","author":{"@id":"https:\/\/quehacerpolitico.mx\/#\/schema\/person\/496d8ad2d1d3f8036101dca7ee39e585"},"breadcrumb":{"@id":"https:\/\/quehacerpolitico.mx\/?p=6749#breadcrumb"},"inLanguage":"es","potentialAction":[{"@type":"ReadAction","target":["https:\/\/quehacerpolitico.mx\/?p=6749"]}]},{"@type":"ImageObject","inLanguage":"es","@id":"https:\/\/quehacerpolitico.mx\/?p=6749#primaryimage","url":"","contentUrl":""},{"@type":"BreadcrumbList","@id":"https:\/\/quehacerpolitico.mx\/?p=6749#breadcrumb","itemListElement":[{"@type":"ListItem","position":1,"name":"Inicio","item":"https:\/\/quehacerpolitico.mx\/"},{"@type":"ListItem","position":2,"name":"La violencia ha dejado a Tlacotepec, Guerrero, sin maestros, sin m\u00e9dicos y productos b\u00e1sicos, alerta el Alcalde"}]},{"@type":"WebSite","@id":"https:\/\/quehacerpolitico.mx\/#website","url":"https:\/\/quehacerpolitico.mx\/","name":"","description":"","potentialAction":[{"@type":"SearchAction","target":{"@type":"EntryPoint","urlTemplate":"https:\/\/quehacerpolitico.mx\/?s={search_term_string}"},"query-input":{"@type":"PropertyValueSpecification","valueRequired":true,"valueName":"search_term_string"}}],"inLanguage":"es"},{"@type":"Person","@id":"https:\/\/quehacerpolitico.mx\/#\/schema\/person\/496d8ad2d1d3f8036101dca7ee39e585","name":"Redacci\u00f3n QP","image":{"@type":"ImageObject","inLanguage":"es","@id":"https:\/\/secure.gravatar.com\/avatar\/c7164ed6fdec453195284ad24a5ae5b6e1eed2b848477fa2a4787ba9adf39a41?s=96&d=mm&r=g","url":"https:\/\/secure.gravatar.com\/avatar\/c7164ed6fdec453195284ad24a5ae5b6e1eed2b848477fa2a4787ba9adf39a41?s=96&d=mm&r=g","contentUrl":"https:\/\/secure.gravatar.com\/avatar\/c7164ed6fdec453195284ad24a5ae5b6e1eed2b848477fa2a4787ba9adf39a41?s=96&d=mm&r=g","caption":"Redacci\u00f3n QP"},"url":"https:\/\/quehacerpolitico.mx\/?author=2"}]}},"featured_image_urls":{"full":"","thumbnail":"","medium":"","medium_large":"","large":"","1536x1536":"","2048x2048":"","covernews-featured":"","covernews-medium":""},"author_info":{"display_name":"Redacci\u00f3n QP","author_link":"https:\/\/quehacerpolitico.mx\/?author=2"},"category_info":"<a href=\"https:\/\/quehacerpolitico.mx\/?cat=2\" rel=\"category\">Noticias<\/a>","tag_info":"Noticias","comment_count":"0","_links":{"self":[{"href":"https:\/\/quehacerpolitico.mx\/index.php?rest_route=\/wp\/v2\/posts\/6749","targetHints":{"allow":["GET"]}}],"collection":[{"href":"https:\/\/quehacerpolitico.mx\/index.php?rest_route=\/wp\/v2\/posts"}],"about":[{"href":"https:\/\/quehacerpolitico.mx\/index.php?rest_route=\/wp\/v2\/types\/post"}],"author":[{"embeddable":true,"href":"https:\/\/quehacerpolitico.mx\/index.php?rest_route=\/wp\/v2\/users\/2"}],"replies":[{"embeddable":true,"href":"https:\/\/quehacerpolitico.mx\/index.php?rest_route=%2Fwp%2Fv2%2Fcomments&post=6749"}],"version-history":[{"count":0,"href":"https:\/\/quehacerpolitico.mx\/index.php?rest_route=\/wp\/v2\/posts\/6749\/revisions"}],"wp:featuredmedia":[{"embeddable":true,"href":"https:\/\/quehacerpolitico.mx\/index.php?rest_route=\/"}],"wp:attachment":[{"href":"https:\/\/quehacerpolitico.mx\/index.php?rest_route=%2Fwp%2Fv2%2Fmedia&parent=6749"}],"wp:term":[{"taxonomy":"category","embeddable":true,"href":"https:\/\/quehacerpolitico.mx\/index.php?rest_route=%2Fwp%2Fv2%2Fcategories&post=6749"},{"taxonomy":"post_tag","embeddable":true,"href":"https:\/\/quehacerpolitico.mx\/index.php?rest_route=%2Fwp%2Fv2%2Ftags&post=6749"}],"curies":[{"name":"wp","href":"https:\/\/api.w.org\/{rel}","templated":true}]}}